{"id":5654,"date":"2010-07-01T11:55:00","date_gmt":"2010-07-01T09:55:00","guid":{"rendered":"http:\/\/www.article-marketing.eu\/comunicati\/senza-categoria\/intervista-al-ceo-rossella-lucangelo-10-anni-di-marketing-e-comunicazione\/"},"modified":"2010-07-01T11:55:00","modified_gmt":"2010-07-01T09:55:00","slug":"intervista-al-ceo-rossella-lucangelo-10-anni-di-marketing-e-comunicazione","status":"publish","type":"post","link":"https:\/\/www.article-marketing.eu\/comunicati\/economia-e-lavoro\/marketing\/intervista-al-ceo-rossella-lucangelo-10-anni-di-marketing-e-comunicazione\/","title":{"rendered":"Intervista al CEO Rossella Lucangelo: 10 anni di marketing e comunicazione"},"content":{"rendered":"<p style=\"margin-bottom: 0cm;\">Marketing WebTV ha intervistato questa<br \/>\nsettimana il <strong>CEO<\/strong> <strong>Rossella Lucangelo, <\/strong>che<br \/>\n ha raccontato quali sono le attivit\u00e0 imprescindibili che<br \/>\nun&#8217;agenzia di comunicazione deve portare avanti per i propri clienti.<br \/>\nTra queste, <strong>fondamentali <\/strong>sono le <strong>media relations<\/strong>. \u00c8<br \/>\nnecessario infatti, avere un contatto diretto con la stampa: il<br \/>\nposizionamento del brand e dei prodotti passano attraverso il<br \/>\nsostegno dei giornalisti.\n<\/p>\n<p style=\"margin-bottom: 0cm;\">Nella sua esperienza ha avuto modo di<br \/>\nlavorare per clienti che operavano su un mercato internazionale. Le<br \/>\nprincipali differenze nel modo di fare marketing in Italia e<br \/>\nall&#8217;estero riguardano il modo di recepire la comunicazione da parte<br \/>\ndei mercati stessi. L&#8217;errore maggiore che spesso le agenzie fanno<br \/>\nrispetto a clienti che operano in un settore internazionale, \u00e8<br \/>\nquello di sottovalutare questa diversit\u00e0, applicando lo stesso stile<br \/>\ncomunicativo in Italia e all&#8217;estero.\n<\/p>\n<p style=\"margin-bottom: 0cm;\">Lucangelo, durante la sua esperienza,<br \/>\nha assistito ai cambiamenti che l&#8217;affascinante materia ha avuto nel<br \/>\ncorso degli anni. Se prima le aziende partivano dal presupposto che<br \/>\nil proprio prodotto\/servizio fosse il migliore in assoluto, l&#8217;attuale<br \/>\nforte trazione del mercato ha spinto le imprese ad una autoanalisi,<br \/>\ndando alle agenzie di marketing e comunicazione la facolt\u00e0 di<br \/>\nanalizzare il posizionamento del brand aziendale e la reale<br \/>\npenetrazione sul mercato rispetto ai competitor.\n<\/p>\n<p style=\"margin-bottom: 0cm;\">\n<\/p>\n<p style=\"margin-bottom: 0cm;\">Secondo Rossella Lucangelo, diversi<br \/>\nsono i servizi che concorrono al successo dell&#8217;attivit\u00e0: oltre a PR,<br \/>\nmedia relation e prodotti editoriali, c&#8217;\u00e8 la<strong> consulenza<\/strong><br \/>\nmarketing. Prima ancora di capire, dunque, quali sono le strategie e<br \/>\ni canali da seguire, \u00e8 importante proporsi come consulente per<br \/>\n<strong>analizzare  i valori<\/strong>, i plus che concorrono al successo<br \/>\ndell&#8217;azienda.\n<\/p>\n<p style=\"margin-bottom: 0cm;\">Da qualche anno accanto ai tradizionali<br \/>\nstrumenti di marketing \u00e8 sempre pi\u00f9 diffuso l&#8217;uso dei social<br \/>\nnetwork.\n<\/p>\n<p style=\"margin-bottom: 0cm;\">Attorno a questi ultimi, come racconta<br \/>\nRossella Lucangelo, c&#8217;\u00e8 la stessa attenzione che circa 10 anni fa<br \/>\nc&#8217;era intorno ad internet: ci si chiedeva se questo strumento avesse<br \/>\neffettivamente un futuro e in che misura poteva entrare nelle<br \/>\ndinamiche aziendali quotidiane. Oggi \u00e8 il <strong>social media<\/strong> ad<br \/>\nattirare dubbi e perplessit\u00e0. Tuttavia \u00e8 uno strumento che le<br \/>\nagenzie di comunicazione, cos\u00ec come i loro clienti, devono<br \/>\nconoscere. \u00c8 un mezzo fortemente diretto, ma \u00e8 <strong>fondamentale<br \/>\naffidarsi a professionisti<\/strong>, perch\u00e9 a differenza di altri<br \/>\nstrumenti di comunicazione, i social media possono essere governati<br \/>\nsolo in parte. I social media rappresentano uno strumento che<br \/>\npermette di ridurre i tempi di affermazione di un&#8217;azienda sul mercato<br \/>\nma \u00e8 importante saperne governare le conseguenze con<br \/>\nprofessionalit\u00e0, dato che anche i risultati negativi si affermano<br \/>\ncon la stessa velocit\u00e0 di quelli positivi.\n<\/p>\n<p style=\"margin-bottom: 0cm;\">Oggi ci sono un numero maggiore di<br \/>\nstakeholders con cui l&#8217;azienda deve interfacciarsi, e diversi<br \/>\npubblici da cui pu\u00f2 in qualsiasi momento partire uno stimolo<br \/>\nnegativo che vada a minare l&#8217;autorevolezza del brand. Fondamentale \u00e8<br \/>\ndunque che l&#8217;<strong>etica dell&#8217;azienda<\/strong> sia tanto <strong>solida<\/strong> da<br \/>\navere la forza di confutare attacchi del genere.<\/p>\n<p style=\"margin-bottom: 0cm;\">Potrete seguire l&#8217;interessante<br \/>\nintervista Luned\u00ec prossimo sulla <a href=\"http:\/\/www.marketingwebtv.it\/\">Marketing<br \/>\nWebTV<\/a><\/p>\n","protected":false},"excerpt":{"rendered":"<p>Marketing WebTV ha intervistato Rossella Lucangelo, CEO della societ\u00e0 di comunicazione integrata Pragmatika che da 10 anni opera nel settore. Si \u00e8 parlato di posizionamento, di sviluppo della riconoscibilit\u00e0 e consolidamento della reputazione di imprese e brand.<\/p>\n","protected":false},"author":10,"featured_media":0,"comment_status":"open","ping_status":"open","sticky":false,"template":"","format":"standard","meta":{"cybocfi_hide_featured_image":"","footnotes":""},"categories":[103],"tags":[9013,14956,12242,15676,14287,245,14954,1343,15677,12241,426,14955],"class_list":["post-5654","post","type-post","status-publish","format-standard","hentry","category-marketing","tag-agenzia-di-marketing-e-comunicazione","tag-agenzia-di-web-marketing","tag-alessandro-mazzu","tag-intervista-rossella-lucangelo","tag-interviste-marketing","tag-marketing","tag-marketing-e-comunicazione","tag-milano","tag-pragmatika","tag-qadra-net","tag-web-marketing","tag-web-marketing-agency"],"yoast_head":"<!-- This site is optimized with the Yoast SEO plugin v27.0 - https:\/\/yoast.com\/product\/yoast-seo-wordpress\/ -->\n<title>Intervista al CEO Rossella Lucangelo: 10 anni di marketing e comunicazione - Article Marketing<\/title>\n<meta name=\"robots\" content=\"index, follow, max-snippet:-1, max-image-preview:large, max-video-preview:-1\" \/>\n<link rel=\"canonical\" href=\"https:\/\/www.article-marketing.eu\/comunicati\/economia-e-lavoro\/marketing\/intervista-al-ceo-rossella-lucangelo-10-anni-di-marketing-e-comunicazione\/\" \/>\n<meta property=\"og:locale\" content=\"it_IT\" \/>\n<meta property=\"og:type\" content=\"article\" \/>\n<meta property=\"og:title\" content=\"Intervista al CEO Rossella Lucangelo: 10 anni di marketing e comunicazione - Article Marketing\" \/>\n<meta property=\"og:description\" content=\"Marketing WebTV ha intervistato Rossella Lucangelo, CEO della societ\u00e0 di comunicazione integrata Pragmatika che da 10 anni opera nel settore. Si \u00e8 parlato di posizionamento, di sviluppo della riconoscibilit\u00e0 e consolidamento della reputazione di imprese e brand.\" \/>\n<meta property=\"og:url\" content=\"https:\/\/www.article-marketing.eu\/comunicati\/economia-e-lavoro\/marketing\/intervista-al-ceo-rossella-lucangelo-10-anni-di-marketing-e-comunicazione\/\" \/>\n<meta property=\"og:site_name\" content=\"Article Marketing\" \/>\n<meta property=\"article:published_time\" content=\"2010-07-01T09:55:00+00:00\" \/>\n<meta name=\"author\" content=\"Redazione Comunicati Stampa\" \/>\n<meta name=\"twitter:card\" content=\"summary_large_image\" \/>\n<meta name=\"twitter:label1\" content=\"Scritto da\" \/>\n\t<meta name=\"twitter:data1\" content=\"Redazione Comunicati Stampa\" \/>\n\t<meta name=\"twitter:label2\" content=\"Tempo di lettura stimato\" \/>\n\t<meta name=\"twitter:data2\" content=\"2 minuti\" \/>\n<script type=\"application\/ld+json\" class=\"yoast-schema-graph\">{\"@context\":\"https:\/\/schema.org\",\"@graph\":[{\"@type\":\"Article\",\"@id\":\"https:\/\/www.article-marketing.eu\/comunicati\/economia-e-lavoro\/marketing\/intervista-al-ceo-rossella-lucangelo-10-anni-di-marketing-e-comunicazione\/#article\",\"isPartOf\":{\"@id\":\"https:\/\/www.article-marketing.eu\/comunicati\/economia-e-lavoro\/marketing\/intervista-al-ceo-rossella-lucangelo-10-anni-di-marketing-e-comunicazione\/\"},\"author\":{\"name\":\"Redazione Comunicati Stampa\",\"@id\":\"https:\/\/www.article-marketing.eu\/comunicati\/#\/schema\/person\/44372e4d4d0fa797b18e03ed1ace9017\"},\"headline\":\"Intervista al CEO Rossella Lucangelo: 10 anni di marketing e comunicazione\",\"datePublished\":\"2010-07-01T09:55:00+00:00\",\"mainEntityOfPage\":{\"@id\":\"https:\/\/www.article-marketing.eu\/comunicati\/economia-e-lavoro\/marketing\/intervista-al-ceo-rossella-lucangelo-10-anni-di-marketing-e-comunicazione\/\"},\"wordCount\":469,\"commentCount\":0,\"keywords\":[\"agenzia di marketing e comunicazione\",\"agenzia di web marketing\",\"Alessandro Mazz\u00f9\",\"intervista rossella lucangelo\",\"interviste marketing\",\"marketing\",\"marketing e comunicazione\",\"milano\",\"pragmatika\",\"qadra.net\",\"web marketing\",\"web marketing agency\"],\"articleSection\":[\"Marketing\"],\"inLanguage\":\"it-IT\",\"potentialAction\":[{\"@type\":\"CommentAction\",\"name\":\"Comment\",\"target\":[\"https:\/\/www.article-marketing.eu\/comunicati\/economia-e-lavoro\/marketing\/intervista-al-ceo-rossella-lucangelo-10-anni-di-marketing-e-comunicazione\/#respond\"]}]},{\"@type\":\"WebPage\",\"@id\":\"https:\/\/www.article-marketing.eu\/comunicati\/economia-e-lavoro\/marketing\/intervista-al-ceo-rossella-lucangelo-10-anni-di-marketing-e-comunicazione\/\",\"url\":\"https:\/\/www.article-marketing.eu\/comunicati\/economia-e-lavoro\/marketing\/intervista-al-ceo-rossella-lucangelo-10-anni-di-marketing-e-comunicazione\/\",\"name\":\"Intervista al CEO Rossella Lucangelo: 10 anni di marketing e comunicazione - Article Marketing\",\"isPartOf\":{\"@id\":\"https:\/\/www.article-marketing.eu\/comunicati\/#website\"},\"datePublished\":\"2010-07-01T09:55:00+00:00\",\"author\":{\"@id\":\"https:\/\/www.article-marketing.eu\/comunicati\/#\/schema\/person\/44372e4d4d0fa797b18e03ed1ace9017\"},\"breadcrumb\":{\"@id\":\"https:\/\/www.article-marketing.eu\/comunicati\/economia-e-lavoro\/marketing\/intervista-al-ceo-rossella-lucangelo-10-anni-di-marketing-e-comunicazione\/#breadcrumb\"},\"inLanguage\":\"it-IT\",\"potentialAction\":[{\"@type\":\"ReadAction\",\"target\":[\"https:\/\/www.article-marketing.eu\/comunicati\/economia-e-lavoro\/marketing\/intervista-al-ceo-rossella-lucangelo-10-anni-di-marketing-e-comunicazione\/\"]}]},{\"@type\":\"BreadcrumbList\",\"@id\":\"https:\/\/www.article-marketing.eu\/comunicati\/economia-e-lavoro\/marketing\/intervista-al-ceo-rossella-lucangelo-10-anni-di-marketing-e-comunicazione\/#breadcrumb\",\"itemListElement\":[{\"@type\":\"ListItem\",\"position\":1,\"name\":\"Home\",\"item\":\"https:\/\/www.article-marketing.eu\/comunicati\/\"},{\"@type\":\"ListItem\",\"position\":2,\"name\":\"Intervista al CEO Rossella Lucangelo: 10 anni di marketing e comunicazione\"}]},{\"@type\":\"WebSite\",\"@id\":\"https:\/\/www.article-marketing.eu\/comunicati\/#website\",\"url\":\"https:\/\/www.article-marketing.eu\/comunicati\/\",\"name\":\"Article Marketing\",\"description\":\"article marketing &amp; press release\",\"potentialAction\":[{\"@type\":\"SearchAction\",\"target\":{\"@type\":\"EntryPoint\",\"urlTemplate\":\"https:\/\/www.article-marketing.eu\/comunicati\/?s={search_term_string}\"},\"query-input\":{\"@type\":\"PropertyValueSpecification\",\"valueRequired\":true,\"valueName\":\"search_term_string\"}}],\"inLanguage\":\"it-IT\"},{\"@type\":\"Person\",\"@id\":\"https:\/\/www.article-marketing.eu\/comunicati\/#\/schema\/person\/44372e4d4d0fa797b18e03ed1ace9017\",\"name\":\"Redazione Comunicati Stampa\",\"image\":{\"@type\":\"ImageObject\",\"inLanguage\":\"it-IT\",\"@id\":\"https:\/\/www.article-marketing.eu\/comunicati\/#\/schema\/person\/image\/\",\"url\":\"https:\/\/secure.gravatar.com\/avatar\/50e5c6421d3072f42e7ace803501602c60d75233d34e29fd05feb91c8760b792?s=96&d=mm&r=g\",\"contentUrl\":\"https:\/\/secure.gravatar.com\/avatar\/50e5c6421d3072f42e7ace803501602c60d75233d34e29fd05feb91c8760b792?s=96&d=mm&r=g\",\"caption\":\"Redazione Comunicati Stampa\"},\"url\":\"https:\/\/www.article-marketing.eu\/comunicati\/author\/redazione-comunicati-stampa\/\"}]}<\/script>\n<!-- \/ Yoast SEO plugin. -->","yoast_head_json":{"title":"Intervista al CEO Rossella Lucangelo: 10 anni di marketing e comunicazione - Article Marketing","robots":{"index":"index","follow":"follow","max-snippet":"max-snippet:-1","max-image-preview":"max-image-preview:large","max-video-preview":"max-video-preview:-1"},"canonical":"https:\/\/www.article-marketing.eu\/comunicati\/economia-e-lavoro\/marketing\/intervista-al-ceo-rossella-lucangelo-10-anni-di-marketing-e-comunicazione\/","og_locale":"it_IT","og_type":"article","og_title":"Intervista al CEO Rossella Lucangelo: 10 anni di marketing e comunicazione - Article Marketing","og_description":"Marketing WebTV ha intervistato Rossella Lucangelo, CEO della societ\u00e0 di comunicazione integrata Pragmatika che da 10 anni opera nel settore. Si \u00e8 parlato di posizionamento, di sviluppo della riconoscibilit\u00e0 e consolidamento della reputazione di imprese e brand.","og_url":"https:\/\/www.article-marketing.eu\/comunicati\/economia-e-lavoro\/marketing\/intervista-al-ceo-rossella-lucangelo-10-anni-di-marketing-e-comunicazione\/","og_site_name":"Article Marketing","article_published_time":"2010-07-01T09:55:00+00:00","author":"Redazione Comunicati Stampa","twitter_card":"summary_large_image","twitter_misc":{"Scritto da":"Redazione Comunicati Stampa","Tempo di lettura stimato":"2 minuti"},"schema":{"@context":"https:\/\/schema.org","@graph":[{"@type":"Article","@id":"https:\/\/www.article-marketing.eu\/comunicati\/economia-e-lavoro\/marketing\/intervista-al-ceo-rossella-lucangelo-10-anni-di-marketing-e-comunicazione\/#article","isPartOf":{"@id":"https:\/\/www.article-marketing.eu\/comunicati\/economia-e-lavoro\/marketing\/intervista-al-ceo-rossella-lucangelo-10-anni-di-marketing-e-comunicazione\/"},"author":{"name":"Redazione Comunicati Stampa","@id":"https:\/\/www.article-marketing.eu\/comunicati\/#\/schema\/person\/44372e4d4d0fa797b18e03ed1ace9017"},"headline":"Intervista al CEO Rossella Lucangelo: 10 anni di marketing e comunicazione","datePublished":"2010-07-01T09:55:00+00:00","mainEntityOfPage":{"@id":"https:\/\/www.article-marketing.eu\/comunicati\/economia-e-lavoro\/marketing\/intervista-al-ceo-rossella-lucangelo-10-anni-di-marketing-e-comunicazione\/"},"wordCount":469,"commentCount":0,"keywords":["agenzia di marketing e comunicazione","agenzia di web marketing","Alessandro Mazz\u00f9","intervista rossella lucangelo","interviste marketing","marketing","marketing e comunicazione","milano","pragmatika","qadra.net","web marketing","web marketing agency"],"articleSection":["Marketing"],"inLanguage":"it-IT","potentialAction":[{"@type":"CommentAction","name":"Comment","target":["https:\/\/www.article-marketing.eu\/comunicati\/economia-e-lavoro\/marketing\/intervista-al-ceo-rossella-lucangelo-10-anni-di-marketing-e-comunicazione\/#respond"]}]},{"@type":"WebPage","@id":"https:\/\/www.article-marketing.eu\/comunicati\/economia-e-lavoro\/marketing\/intervista-al-ceo-rossella-lucangelo-10-anni-di-marketing-e-comunicazione\/","url":"https:\/\/www.article-marketing.eu\/comunicati\/economia-e-lavoro\/marketing\/intervista-al-ceo-rossella-lucangelo-10-anni-di-marketing-e-comunicazione\/","name":"Intervista al CEO Rossella Lucangelo: 10 anni di marketing e comunicazione - Article Marketing","isPartOf":{"@id":"https:\/\/www.article-marketing.eu\/comunicati\/#website"},"datePublished":"2010-07-01T09:55:00+00:00","author":{"@id":"https:\/\/www.article-marketing.eu\/comunicati\/#\/schema\/person\/44372e4d4d0fa797b18e03ed1ace9017"},"breadcrumb":{"@id":"https:\/\/www.article-marketing.eu\/comunicati\/economia-e-lavoro\/marketing\/intervista-al-ceo-rossella-lucangelo-10-anni-di-marketing-e-comunicazione\/#breadcrumb"},"inLanguage":"it-IT","potentialAction":[{"@type":"ReadAction","target":["https:\/\/www.article-marketing.eu\/comunicati\/economia-e-lavoro\/marketing\/intervista-al-ceo-rossella-lucangelo-10-anni-di-marketing-e-comunicazione\/"]}]},{"@type":"BreadcrumbList","@id":"https:\/\/www.article-marketing.eu\/comunicati\/economia-e-lavoro\/marketing\/intervista-al-ceo-rossella-lucangelo-10-anni-di-marketing-e-comunicazione\/#breadcrumb","itemListElement":[{"@type":"ListItem","position":1,"name":"Home","item":"https:\/\/www.article-marketing.eu\/comunicati\/"},{"@type":"ListItem","position":2,"name":"Intervista al CEO Rossella Lucangelo: 10 anni di marketing e comunicazione"}]},{"@type":"WebSite","@id":"https:\/\/www.article-marketing.eu\/comunicati\/#website","url":"https:\/\/www.article-marketing.eu\/comunicati\/","name":"Article Marketing","description":"article marketing &amp; press release","potentialAction":[{"@type":"SearchAction","target":{"@type":"EntryPoint","urlTemplate":"https:\/\/www.article-marketing.eu\/comunicati\/?s={search_term_string}"},"query-input":{"@type":"PropertyValueSpecification","valueRequired":true,"valueName":"search_term_string"}}],"inLanguage":"it-IT"},{"@type":"Person","@id":"https:\/\/www.article-marketing.eu\/comunicati\/#\/schema\/person\/44372e4d4d0fa797b18e03ed1ace9017","name":"Redazione Comunicati Stampa","image":{"@type":"ImageObject","inLanguage":"it-IT","@id":"https:\/\/www.article-marketing.eu\/comunicati\/#\/schema\/person\/image\/","url":"https:\/\/secure.gravatar.com\/avatar\/50e5c6421d3072f42e7ace803501602c60d75233d34e29fd05feb91c8760b792?s=96&d=mm&r=g","contentUrl":"https:\/\/secure.gravatar.com\/avatar\/50e5c6421d3072f42e7ace803501602c60d75233d34e29fd05feb91c8760b792?s=96&d=mm&r=g","caption":"Redazione Comunicati Stampa"},"url":"https:\/\/www.article-marketing.eu\/comunicati\/author\/redazione-comunicati-stampa\/"}]}},"_links":{"self":[{"href":"https:\/\/www.article-marketing.eu\/comunicati\/wp-json\/wp\/v2\/posts\/5654","targetHints":{"allow":["GET"]}}],"collection":[{"href":"https:\/\/www.article-marketing.eu\/comunicati\/wp-json\/wp\/v2\/posts"}],"about":[{"href":"https:\/\/www.article-marketing.eu\/comunicati\/wp-json\/wp\/v2\/types\/post"}],"author":[{"embeddable":true,"href":"https:\/\/www.article-marketing.eu\/comunicati\/wp-json\/wp\/v2\/users\/10"}],"replies":[{"embeddable":true,"href":"https:\/\/www.article-marketing.eu\/comunicati\/wp-json\/wp\/v2\/comments?post=5654"}],"version-history":[{"count":0,"href":"https:\/\/www.article-marketing.eu\/comunicati\/wp-json\/wp\/v2\/posts\/5654\/revisions"}],"wp:attachment":[{"href":"https:\/\/www.article-marketing.eu\/comunicati\/wp-json\/wp\/v2\/media?parent=5654"}],"wp:term":[{"taxonomy":"category","embeddable":true,"href":"https:\/\/www.article-marketing.eu\/comunicati\/wp-json\/wp\/v2\/categories?post=5654"},{"taxonomy":"post_tag","embeddable":true,"href":"https:\/\/www.article-marketing.eu\/comunicati\/wp-json\/wp\/v2\/tags?post=5654"}],"curies":[{"name":"wp","href":"https:\/\/api.w.org\/{rel}","templated":true}]}}