{"id":5666,"date":"2010-07-01T16:43:25","date_gmt":"2010-07-01T14:43:25","guid":{"rendered":"http:\/\/www.article-marketing.eu\/comunicati\/senza-categoria\/facebook-e-privacy-come-proteggere-i-nostri-dati-sul-noto-social-network\/"},"modified":"2018-07-10T05:36:15","modified_gmt":"2018-07-10T03:36:15","slug":"facebook-e-privacy-come-proteggere-i-nostri-dati-sul-noto-social-network","status":"publish","type":"post","link":"https:\/\/www.article-marketing.eu\/comunicati\/internet\/facebook-e-privacy-come-proteggere-i-nostri-dati-sul-noto-social-network\/","title":{"rendered":"Facebook e Privacy: come proteggere i nostri dati sul noto social network"},"content":{"rendered":"<p>Nelle ultime settimane si \u00e8 parlato molto della gestione della privacy da parte di Facebook. Il dibattito \u00e8 nato dopo che il famoso social network ha allentato alcune regole sulla privacy permettendo a qualsiasi utente di accedere ad informazioni pubblicate nel profilo di altre persone, anche se quest\u2019ultime non rientravano nella cerchia di amicizie. Sulla scia delle polemiche, due giovani canadesi hanno lanciato il \u201cQuit Facebook Day\u201d, un\u2019iniziativa che invitava a chiudere il proprio account facebook come forma di protesta verso il social network. Solo poche decine di migliaia di iscritti hanno accettato di rimuovere ogni traccia personale da Facebook, ma l\u2019iniziativa \u00e8 comunque servita per rianimare il dibattito sulla riservatezza online. Tant\u2019\u00e8 vero che pochi giorni dopo Mark Zuckerberg (l\u2019ideatore di Facebook) annunciava alcuni cambiamenti nella gestione della privacy. <\/p>\n<p>Allo stato attuale gli strumenti per proteggere i propri dati su Facebook sono diversi. Accedendo alla pagina delle impostazioni nel profilo personale si ha la possibilit\u00e0 di indicare se i dati (quali ad esempio la biografia, le foto, i video, i messaggi in bacheca e cos\u00ec via) debbano essere accessibili a tutti o solo agli amici. C\u2019\u00e8 anche l\u2019opzione intermedia che consente di rendere disponibili i dati anche agli \u201camici degli amici\u201d.&nbsp; Questi tre livelli di protezione possono essere associati a qualsiasi tipo di informazione disponibile nel nostro profilo. Ad esempio possiamo decidere che le foto e i video della nostra bacheca possano essere consultabili da tutti (quindi anche da chi non \u00e8 accreditato come amico), mentre le informazioni personali (come ad esempio l\u2019indirizzo email, il cellulare o l\u2019orientamento politico e religioso) siano consultabili solo dagli amici. Un articolo che spiega in dettaglio come configurare le impostazioni sulla privacy \u00e8 disponibile sul blog fesbook.<\/p>\n<p>Ma c\u2019\u00e8 di pi\u00f9: se vogliamo il massimo della riservatezza possiamo anche decidere di essere rimossi dai risultati di ricerca, sia del motore interno di Facebook, sia dei motori di ricerca esterni (come ad esempio Google). Attivando queste restrizioni, anche chi conosce il nostro nome e cognome e lo digita nel modulo di ricerca di Facebook, non riuscir\u00e0 a trovare il nostro profilo che sar\u00e0 quindi visibile solo alla cerchia di amici gi\u00e0 acquisita. <\/p>\n<p>Ma il quesito in questi casi sorge spontaneo: chi si iscrive a Facebook \u00e8 consapevole di utilizzare uno strumento che permette di condividere e rendere pubbliche le informazioni personali e \u2013 si presume \u2013 decide di utilizzarlo proprio per rendere gli altri partecipi della propria vita. Che senso ha lamentarsi se Facebook fa proprio ci\u00f2 per cui \u00e8 stato inventato e cio\u00e8 consentire di condividere con altri ci\u00f2 che viene pubblicato nel profilo personale? Alla luce di ci\u00f2 non sorprende pi\u00f9 di tanto l\u2019affermazione di Zuckerberg che in un\u2019intervista ha dichiarato che \u201cla privacy non \u00e8 il tema pi\u00f9 importante da affrontare in Facebook\u201d. In effetti se si vuole che la privacy personale non venga violata \u00e8 sufficiente un gesto molto semplice: disiscriversi dal social network e smettere di utilizzarlo&#8230;<\/p>\n","protected":false},"excerpt":{"rendered":"<p>Si \u00e8 parlato molto della politica di gestione della privacy da parte di Facebook: ecco cosa \u00e8 cambiato e come proteggere i nostri dati sul social network.<\/p>\n","protected":false},"author":10,"featured_media":0,"comment_status":"open","ping_status":"open","sticky":false,"template":"","format":"standard","meta":{"cybocfi_hide_featured_image":"","footnotes":""},"categories":[466],"tags":[2952,15712,841,2577],"class_list":["post-5666","post","type-post","status-publish","format-standard","hentry","category-internet","tag-facebook","tag-fesbook","tag-privacy","tag-social-network"],"yoast_head":"<!-- This site is optimized with the Yoast SEO plugin v27.0 - https:\/\/yoast.com\/product\/yoast-seo-wordpress\/ -->\n<title>Facebook e Privacy: come proteggere i nostri dati sul noto social network - Article Marketing<\/title>\n<meta name=\"robots\" content=\"index, follow, max-snippet:-1, max-image-preview:large, max-video-preview:-1\" \/>\n<link rel=\"canonical\" href=\"https:\/\/www.article-marketing.eu\/comunicati\/internet\/facebook-e-privacy-come-proteggere-i-nostri-dati-sul-noto-social-network\/\" \/>\n<meta property=\"og:locale\" content=\"it_IT\" \/>\n<meta property=\"og:type\" content=\"article\" \/>\n<meta property=\"og:title\" content=\"Facebook e Privacy: come proteggere i nostri dati sul noto social network - Article Marketing\" \/>\n<meta property=\"og:description\" content=\"Si \u00e8 parlato molto della politica di gestione della privacy da parte di Facebook: ecco cosa \u00e8 cambiato e come proteggere i nostri dati sul social network.\" \/>\n<meta property=\"og:url\" content=\"https:\/\/www.article-marketing.eu\/comunicati\/internet\/facebook-e-privacy-come-proteggere-i-nostri-dati-sul-noto-social-network\/\" \/>\n<meta property=\"og:site_name\" content=\"Article Marketing\" \/>\n<meta property=\"article:published_time\" content=\"2010-07-01T14:43:25+00:00\" \/>\n<meta property=\"article:modified_time\" content=\"2018-07-10T03:36:15+00:00\" \/>\n<meta name=\"author\" content=\"Redazione Comunicati Stampa\" \/>\n<meta name=\"twitter:card\" content=\"summary_large_image\" \/>\n<meta name=\"twitter:label1\" content=\"Scritto da\" \/>\n\t<meta name=\"twitter:data1\" content=\"Redazione Comunicati Stampa\" \/>\n\t<meta name=\"twitter:label2\" content=\"Tempo di lettura stimato\" \/>\n\t<meta name=\"twitter:data2\" content=\"2 minuti\" \/>\n<script type=\"application\/ld+json\" class=\"yoast-schema-graph\">{\"@context\":\"https:\/\/schema.org\",\"@graph\":[{\"@type\":\"Article\",\"@id\":\"https:\/\/www.article-marketing.eu\/comunicati\/internet\/facebook-e-privacy-come-proteggere-i-nostri-dati-sul-noto-social-network\/#article\",\"isPartOf\":{\"@id\":\"https:\/\/www.article-marketing.eu\/comunicati\/internet\/facebook-e-privacy-come-proteggere-i-nostri-dati-sul-noto-social-network\/\"},\"author\":{\"name\":\"Redazione Comunicati Stampa\",\"@id\":\"https:\/\/www.article-marketing.eu\/comunicati\/#\/schema\/person\/44372e4d4d0fa797b18e03ed1ace9017\"},\"headline\":\"Facebook e Privacy: come proteggere i nostri dati sul noto social network\",\"datePublished\":\"2010-07-01T14:43:25+00:00\",\"dateModified\":\"2018-07-10T03:36:15+00:00\",\"mainEntityOfPage\":{\"@id\":\"https:\/\/www.article-marketing.eu\/comunicati\/internet\/facebook-e-privacy-come-proteggere-i-nostri-dati-sul-noto-social-network\/\"},\"wordCount\":499,\"commentCount\":0,\"keywords\":[\"facebook\",\"fesbook\",\"privacy\",\"social network\"],\"articleSection\":[\"Internet\"],\"inLanguage\":\"it-IT\",\"potentialAction\":[{\"@type\":\"CommentAction\",\"name\":\"Comment\",\"target\":[\"https:\/\/www.article-marketing.eu\/comunicati\/internet\/facebook-e-privacy-come-proteggere-i-nostri-dati-sul-noto-social-network\/#respond\"]}]},{\"@type\":\"WebPage\",\"@id\":\"https:\/\/www.article-marketing.eu\/comunicati\/internet\/facebook-e-privacy-come-proteggere-i-nostri-dati-sul-noto-social-network\/\",\"url\":\"https:\/\/www.article-marketing.eu\/comunicati\/internet\/facebook-e-privacy-come-proteggere-i-nostri-dati-sul-noto-social-network\/\",\"name\":\"Facebook e Privacy: come proteggere i nostri dati sul noto social network - Article Marketing\",\"isPartOf\":{\"@id\":\"https:\/\/www.article-marketing.eu\/comunicati\/#website\"},\"datePublished\":\"2010-07-01T14:43:25+00:00\",\"dateModified\":\"2018-07-10T03:36:15+00:00\",\"author\":{\"@id\":\"https:\/\/www.article-marketing.eu\/comunicati\/#\/schema\/person\/44372e4d4d0fa797b18e03ed1ace9017\"},\"breadcrumb\":{\"@id\":\"https:\/\/www.article-marketing.eu\/comunicati\/internet\/facebook-e-privacy-come-proteggere-i-nostri-dati-sul-noto-social-network\/#breadcrumb\"},\"inLanguage\":\"it-IT\",\"potentialAction\":[{\"@type\":\"ReadAction\",\"target\":[\"https:\/\/www.article-marketing.eu\/comunicati\/internet\/facebook-e-privacy-come-proteggere-i-nostri-dati-sul-noto-social-network\/\"]}]},{\"@type\":\"BreadcrumbList\",\"@id\":\"https:\/\/www.article-marketing.eu\/comunicati\/internet\/facebook-e-privacy-come-proteggere-i-nostri-dati-sul-noto-social-network\/#breadcrumb\",\"itemListElement\":[{\"@type\":\"ListItem\",\"position\":1,\"name\":\"Home\",\"item\":\"https:\/\/www.article-marketing.eu\/comunicati\/\"},{\"@type\":\"ListItem\",\"position\":2,\"name\":\"Facebook e Privacy: come proteggere i nostri dati sul noto social network\"}]},{\"@type\":\"WebSite\",\"@id\":\"https:\/\/www.article-marketing.eu\/comunicati\/#website\",\"url\":\"https:\/\/www.article-marketing.eu\/comunicati\/\",\"name\":\"Article Marketing\",\"description\":\"article marketing &amp; press release\",\"potentialAction\":[{\"@type\":\"SearchAction\",\"target\":{\"@type\":\"EntryPoint\",\"urlTemplate\":\"https:\/\/www.article-marketing.eu\/comunicati\/?s={search_term_string}\"},\"query-input\":{\"@type\":\"PropertyValueSpecification\",\"valueRequired\":true,\"valueName\":\"search_term_string\"}}],\"inLanguage\":\"it-IT\"},{\"@type\":\"Person\",\"@id\":\"https:\/\/www.article-marketing.eu\/comunicati\/#\/schema\/person\/44372e4d4d0fa797b18e03ed1ace9017\",\"name\":\"Redazione Comunicati Stampa\",\"image\":{\"@type\":\"ImageObject\",\"inLanguage\":\"it-IT\",\"@id\":\"https:\/\/www.article-marketing.eu\/comunicati\/#\/schema\/person\/image\/\",\"url\":\"https:\/\/secure.gravatar.com\/avatar\/50e5c6421d3072f42e7ace803501602c60d75233d34e29fd05feb91c8760b792?s=96&d=mm&r=g\",\"contentUrl\":\"https:\/\/secure.gravatar.com\/avatar\/50e5c6421d3072f42e7ace803501602c60d75233d34e29fd05feb91c8760b792?s=96&d=mm&r=g\",\"caption\":\"Redazione Comunicati Stampa\"},\"url\":\"https:\/\/www.article-marketing.eu\/comunicati\/author\/redazione-comunicati-stampa\/\"}]}<\/script>\n<!-- \/ Yoast SEO plugin. -->","yoast_head_json":{"title":"Facebook e Privacy: come proteggere i nostri dati sul noto social network - Article Marketing","robots":{"index":"index","follow":"follow","max-snippet":"max-snippet:-1","max-image-preview":"max-image-preview:large","max-video-preview":"max-video-preview:-1"},"canonical":"https:\/\/www.article-marketing.eu\/comunicati\/internet\/facebook-e-privacy-come-proteggere-i-nostri-dati-sul-noto-social-network\/","og_locale":"it_IT","og_type":"article","og_title":"Facebook e Privacy: come proteggere i nostri dati sul noto social network - Article Marketing","og_description":"Si \u00e8 parlato molto della politica di gestione della privacy da parte di Facebook: ecco cosa \u00e8 cambiato e come proteggere i nostri dati sul social network.","og_url":"https:\/\/www.article-marketing.eu\/comunicati\/internet\/facebook-e-privacy-come-proteggere-i-nostri-dati-sul-noto-social-network\/","og_site_name":"Article Marketing","article_published_time":"2010-07-01T14:43:25+00:00","article_modified_time":"2018-07-10T03:36:15+00:00","author":"Redazione Comunicati Stampa","twitter_card":"summary_large_image","twitter_misc":{"Scritto da":"Redazione Comunicati Stampa","Tempo di lettura stimato":"2 minuti"},"schema":{"@context":"https:\/\/schema.org","@graph":[{"@type":"Article","@id":"https:\/\/www.article-marketing.eu\/comunicati\/internet\/facebook-e-privacy-come-proteggere-i-nostri-dati-sul-noto-social-network\/#article","isPartOf":{"@id":"https:\/\/www.article-marketing.eu\/comunicati\/internet\/facebook-e-privacy-come-proteggere-i-nostri-dati-sul-noto-social-network\/"},"author":{"name":"Redazione Comunicati Stampa","@id":"https:\/\/www.article-marketing.eu\/comunicati\/#\/schema\/person\/44372e4d4d0fa797b18e03ed1ace9017"},"headline":"Facebook e Privacy: come proteggere i nostri dati sul noto social network","datePublished":"2010-07-01T14:43:25+00:00","dateModified":"2018-07-10T03:36:15+00:00","mainEntityOfPage":{"@id":"https:\/\/www.article-marketing.eu\/comunicati\/internet\/facebook-e-privacy-come-proteggere-i-nostri-dati-sul-noto-social-network\/"},"wordCount":499,"commentCount":0,"keywords":["facebook","fesbook","privacy","social network"],"articleSection":["Internet"],"inLanguage":"it-IT","potentialAction":[{"@type":"CommentAction","name":"Comment","target":["https:\/\/www.article-marketing.eu\/comunicati\/internet\/facebook-e-privacy-come-proteggere-i-nostri-dati-sul-noto-social-network\/#respond"]}]},{"@type":"WebPage","@id":"https:\/\/www.article-marketing.eu\/comunicati\/internet\/facebook-e-privacy-come-proteggere-i-nostri-dati-sul-noto-social-network\/","url":"https:\/\/www.article-marketing.eu\/comunicati\/internet\/facebook-e-privacy-come-proteggere-i-nostri-dati-sul-noto-social-network\/","name":"Facebook e Privacy: come proteggere i nostri dati sul noto social network - Article Marketing","isPartOf":{"@id":"https:\/\/www.article-marketing.eu\/comunicati\/#website"},"datePublished":"2010-07-01T14:43:25+00:00","dateModified":"2018-07-10T03:36:15+00:00","author":{"@id":"https:\/\/www.article-marketing.eu\/comunicati\/#\/schema\/person\/44372e4d4d0fa797b18e03ed1ace9017"},"breadcrumb":{"@id":"https:\/\/www.article-marketing.eu\/comunicati\/internet\/facebook-e-privacy-come-proteggere-i-nostri-dati-sul-noto-social-network\/#breadcrumb"},"inLanguage":"it-IT","potentialAction":[{"@type":"ReadAction","target":["https:\/\/www.article-marketing.eu\/comunicati\/internet\/facebook-e-privacy-come-proteggere-i-nostri-dati-sul-noto-social-network\/"]}]},{"@type":"BreadcrumbList","@id":"https:\/\/www.article-marketing.eu\/comunicati\/internet\/facebook-e-privacy-come-proteggere-i-nostri-dati-sul-noto-social-network\/#breadcrumb","itemListElement":[{"@type":"ListItem","position":1,"name":"Home","item":"https:\/\/www.article-marketing.eu\/comunicati\/"},{"@type":"ListItem","position":2,"name":"Facebook e Privacy: come proteggere i nostri dati sul noto social network"}]},{"@type":"WebSite","@id":"https:\/\/www.article-marketing.eu\/comunicati\/#website","url":"https:\/\/www.article-marketing.eu\/comunicati\/","name":"Article Marketing","description":"article marketing &amp; press release","potentialAction":[{"@type":"SearchAction","target":{"@type":"EntryPoint","urlTemplate":"https:\/\/www.article-marketing.eu\/comunicati\/?s={search_term_string}"},"query-input":{"@type":"PropertyValueSpecification","valueRequired":true,"valueName":"search_term_string"}}],"inLanguage":"it-IT"},{"@type":"Person","@id":"https:\/\/www.article-marketing.eu\/comunicati\/#\/schema\/person\/44372e4d4d0fa797b18e03ed1ace9017","name":"Redazione Comunicati Stampa","image":{"@type":"ImageObject","inLanguage":"it-IT","@id":"https:\/\/www.article-marketing.eu\/comunicati\/#\/schema\/person\/image\/","url":"https:\/\/secure.gravatar.com\/avatar\/50e5c6421d3072f42e7ace803501602c60d75233d34e29fd05feb91c8760b792?s=96&d=mm&r=g","contentUrl":"https:\/\/secure.gravatar.com\/avatar\/50e5c6421d3072f42e7ace803501602c60d75233d34e29fd05feb91c8760b792?s=96&d=mm&r=g","caption":"Redazione Comunicati Stampa"},"url":"https:\/\/www.article-marketing.eu\/comunicati\/author\/redazione-comunicati-stampa\/"}]}},"_links":{"self":[{"href":"https:\/\/www.article-marketing.eu\/comunicati\/wp-json\/wp\/v2\/posts\/5666","targetHints":{"allow":["GET"]}}],"collection":[{"href":"https:\/\/www.article-marketing.eu\/comunicati\/wp-json\/wp\/v2\/posts"}],"about":[{"href":"https:\/\/www.article-marketing.eu\/comunicati\/wp-json\/wp\/v2\/types\/post"}],"author":[{"embeddable":true,"href":"https:\/\/www.article-marketing.eu\/comunicati\/wp-json\/wp\/v2\/users\/10"}],"replies":[{"embeddable":true,"href":"https:\/\/www.article-marketing.eu\/comunicati\/wp-json\/wp\/v2\/comments?post=5666"}],"version-history":[{"count":2,"href":"https:\/\/www.article-marketing.eu\/comunicati\/wp-json\/wp\/v2\/posts\/5666\/revisions"}],"predecessor-version":[{"id":61901,"href":"https:\/\/www.article-marketing.eu\/comunicati\/wp-json\/wp\/v2\/posts\/5666\/revisions\/61901"}],"wp:attachment":[{"href":"https:\/\/www.article-marketing.eu\/comunicati\/wp-json\/wp\/v2\/media?parent=5666"}],"wp:term":[{"taxonomy":"category","embeddable":true,"href":"https:\/\/www.article-marketing.eu\/comunicati\/wp-json\/wp\/v2\/categories?post=5666"},{"taxonomy":"post_tag","embeddable":true,"href":"https:\/\/www.article-marketing.eu\/comunicati\/wp-json\/wp\/v2\/tags?post=5666"}],"curies":[{"name":"wp","href":"https:\/\/api.w.org\/{rel}","templated":true}]}}