{"id":5669,"date":"2010-07-01T17:23:55","date_gmt":"2010-07-01T15:23:55","guid":{"rendered":"http:\/\/www.article-marketing.eu\/comunicati\/senza-categoria\/la-calvizie-come-muta-abnorme-dei-capelli\/"},"modified":"2010-07-01T17:23:55","modified_gmt":"2010-07-01T15:23:55","slug":"la-calvizie-come-muta-abnorme-dei-capelli","status":"publish","type":"post","link":"https:\/\/www.article-marketing.eu\/comunicati\/salute-e-benessere\/la-calvizie-come-muta-abnorme-dei-capelli\/","title":{"rendered":"La Calvizie come muta abnorme dei capelli."},"content":{"rendered":"<p>La fase catabolica del capello, che conclude il suo ciclo vitale \u00e8 caratterizzata da una involuzione della papilla germinativa del bulbo, che riducendo l&#8217;apporto di ossigeno e di nutrienti al bulbo, ne provoca la regressione e quindi l&#8217;atrofia. Dopo di che il capello cade. <\/p>\n<p>Quando l&#8217;involuzione della papilla vascolare germinativa \u00e8 provocata da fattori tossici esogeni o endogeni, o da vasocostrizione correlata a stress con la conseguenza che il capello vive poco pi\u00f9 di un anno o pochi mesi, si tratta chiaramente di un evento patologico. Deve per\u00f2 essere fatto notare, che l&#8217;azione tossica distrofizzante, che ha provocato la caduta del capello, eserciter\u00e0 la stessa azione dannosa sul nuovo bulbo e la nuova papilla germinativa, cosicch\u00e9 i nuovi capelli, che cresceranno saranno sempre pi\u00f9 fini e sempre pi\u00f9 deboli, cio\u00e8 con vitalit\u00e0 sempre pi\u00f9 ridotta. E cos\u00ec insorger\u00e0 pi\u00f9 o meno rapidamente la calvizie. <\/p>\n<p>Nel caso della calvizie androgenetica, la caduta dei capelli, pur essendo dovuta a una involuzione della papilla germinativa, \u00e8 per\u00f2 da ricondurre a un meccanismo diverso. Infatti il capello invece di morire perch\u00e9 giunge alla fine del suo ciclo vitale, o per evento normale, o a causa di agenti patogeni esterni, muore secondo un processo, che si potrebbe definire un &quot;suicidio&quot;, per certi aspetti analogo a quello, che si verifica nella patologia autoimmune. <\/p>\n<p>Il meccanismo biologico, che regola la caduta dei capelli stagionale e ancor pi\u00f9 nella calvizie androgenetica dell&#8217;uomo, \u00e8 probabilmente sempre lo stesso e cio\u00e8 una forma tanatologica di &quot;amputazione&quot;. E&#8217; un meccanismo analogo a quello del distacco dell&#8217;endometrio, a ritmi mensili, secondo un gioco ormonale. Questa caduta dei capelli \u00e8 sempre correlata a una riduzione della circolazione ematica, con conseguente minor apporto di ossigeno e di nutrienti alla matrice, che distrofizzandosi, finiscono col cadere. <\/p>\n<p>In questo processo di &quot;distaccocaduta&quot; ha sicuramente una parte di rilievo il fattore ormonale, che \u00e8 dimostrato in modo eclatante nella <strong><a title=\"Con il termine calvizie, si indica specificatamente una condizione ormai instaurata e irreversibile di grave mancanza di capelli.\" class=\"linkverdi\" href=\"http:\/\/www.chirurgiaesteticacapelli.it\/articoli\/trapianto_di_capelli\/10\/Calvizie.html\">calvizie<\/a><\/strong> androgenetica, ove avviene una trasformazione nel bulbo dei capelli e, in particolare, nelle ghiandole sebacee, del testosterone in diidrotestosterone, che esercita una azione &quot;tossica&quot; sul bulbo pilifero, anche attraverso una vasocostrizione, che si accentra sulla matrice del bulbo e sulla papilla germinativa. <\/p>\n<p>La trasformazione del testosterone in diidrotestosterone avviene ad opera di un enzima, la 5 &#8211; alfa &#8211; reduttasi. <\/p>\n<p>Nell&#8217;uomo, che va incontro a calvizie androgenetica si verifica un disordine di tutto il processo metabolico del ciclo vitale del capello. L&#8217;azione abnorme dell&#8217;enzima 5 &#8211; alfa &#8211; reduttasi avviene infatti nell&#8217;ambito di un turbamento degli altri enzimi a carattere ossidativo e fosforilativo, che agiscono in senso trofico sul bulbo (citocromoossidasi, succinodeidrogenasi, esterasi, fosforilasi). Si tratta quindi di una enzimopatia, correlata a una deviazione abnorme afinalistica del processo di muta dei capelli, che diventa antiorganismica, si potrebbe dire &quot;suicida&quot;, poich\u00e9 si sottrae ad ogni controllo, cos\u00ec da essere non pi\u00f9 limitato, ma prolungato nel tempo. <\/p>\n<p>Poich\u00e9 il testosterone ha come sede di accumulo i capelli e le ghiandole sebacee, la sua trasformazione in diidrotestosterone, ne fa abbassare il livello di concentrazione in queste sedi. Per ripristinare il normale accumulo di testosterone i capelli fanno fronte con un aumento dei recettori per il testosterone, che in alcune zone (vertice o fronte-temporale) pu\u00f2 arrivare fino a 100 volte. Ne deriva un aumento dell&#8217;accumulo di testosterone e di conseguenza un aumento della produzione dell&#8217;enzima 5 &#8211; alfa &#8211; reduttasi, che indurr\u00e0 una formazione sempre pi\u00f9 elevata di diidrotestosterone, con conseguente caduta dei capelli. <\/p>\n<p>Questo meccanismo perverso cesser\u00e0 soltanto quando tutti i capelli, che dovevano cadere saranno caduti e si sar\u00e0 instaurata una calvizie totale fronte &#8211; occipitale, salvandosi soltanto i capelli in sede temporale e nucale.<\/p>\n","protected":false},"excerpt":{"rendered":"<p>La fase catabolica del capello, che conclude il suo ciclo vitale \u00e8 caratterizzata da una involuzione della papilla germinativa del bulbo, che riducendo l&#8217;apporto di ossigeno e di nutrienti al bulbo, ne provoca la regressione e quindi l&#8217;atrofia. Dopo di che il capello cade.<\/p>\n","protected":false},"author":10,"featured_media":0,"comment_status":"open","ping_status":"open","sticky":false,"template":"","format":"standard","meta":{"cybocfi_hide_featured_image":"","footnotes":""},"categories":[265],"tags":[12163,3321],"class_list":["post-5669","post","type-post","status-publish","format-standard","hentry","category-salute-e-benessere","tag-caduta-dei-capelli","tag-calvizie"],"yoast_head":"<!-- This site is optimized with the Yoast SEO plugin v27.0 - https:\/\/yoast.com\/product\/yoast-seo-wordpress\/ -->\n<title>La Calvizie come muta abnorme dei capelli. - Article Marketing<\/title>\n<meta name=\"robots\" content=\"index, follow, max-snippet:-1, max-image-preview:large, max-video-preview:-1\" \/>\n<link rel=\"canonical\" href=\"https:\/\/www.article-marketing.eu\/comunicati\/salute-e-benessere\/la-calvizie-come-muta-abnorme-dei-capelli\/\" \/>\n<meta property=\"og:locale\" content=\"it_IT\" \/>\n<meta property=\"og:type\" content=\"article\" \/>\n<meta property=\"og:title\" content=\"La Calvizie come muta abnorme dei capelli. - Article Marketing\" \/>\n<meta property=\"og:description\" content=\"La fase catabolica del capello, che conclude il suo ciclo vitale \u00e8 caratterizzata da una involuzione della papilla germinativa del bulbo, che riducendo l&#039;apporto di ossigeno e di nutrienti al bulbo, ne provoca la regressione e quindi l&#039;atrofia. Dopo di che il capello cade.\" \/>\n<meta property=\"og:url\" content=\"https:\/\/www.article-marketing.eu\/comunicati\/salute-e-benessere\/la-calvizie-come-muta-abnorme-dei-capelli\/\" \/>\n<meta property=\"og:site_name\" content=\"Article Marketing\" \/>\n<meta property=\"article:published_time\" content=\"2010-07-01T15:23:55+00:00\" \/>\n<meta name=\"author\" content=\"Redazione Comunicati Stampa\" \/>\n<meta name=\"twitter:card\" content=\"summary_large_image\" \/>\n<meta name=\"twitter:label1\" content=\"Scritto da\" \/>\n\t<meta name=\"twitter:data1\" content=\"Redazione Comunicati Stampa\" \/>\n\t<meta name=\"twitter:label2\" content=\"Tempo di lettura stimato\" \/>\n\t<meta name=\"twitter:data2\" content=\"3 minuti\" \/>\n<script type=\"application\/ld+json\" class=\"yoast-schema-graph\">{\"@context\":\"https:\/\/schema.org\",\"@graph\":[{\"@type\":\"Article\",\"@id\":\"https:\/\/www.article-marketing.eu\/comunicati\/salute-e-benessere\/la-calvizie-come-muta-abnorme-dei-capelli\/#article\",\"isPartOf\":{\"@id\":\"https:\/\/www.article-marketing.eu\/comunicati\/salute-e-benessere\/la-calvizie-come-muta-abnorme-dei-capelli\/\"},\"author\":{\"name\":\"Redazione Comunicati Stampa\",\"@id\":\"https:\/\/www.article-marketing.eu\/comunicati\/#\/schema\/person\/44372e4d4d0fa797b18e03ed1ace9017\"},\"headline\":\"La Calvizie come muta abnorme dei capelli.\",\"datePublished\":\"2010-07-01T15:23:55+00:00\",\"mainEntityOfPage\":{\"@id\":\"https:\/\/www.article-marketing.eu\/comunicati\/salute-e-benessere\/la-calvizie-come-muta-abnorme-dei-capelli\/\"},\"wordCount\":603,\"commentCount\":0,\"keywords\":[\"Caduta dei Capelli\",\"calvizie\"],\"articleSection\":[\"Salute e benessere\"],\"inLanguage\":\"it-IT\",\"potentialAction\":[{\"@type\":\"CommentAction\",\"name\":\"Comment\",\"target\":[\"https:\/\/www.article-marketing.eu\/comunicati\/salute-e-benessere\/la-calvizie-come-muta-abnorme-dei-capelli\/#respond\"]}]},{\"@type\":\"WebPage\",\"@id\":\"https:\/\/www.article-marketing.eu\/comunicati\/salute-e-benessere\/la-calvizie-come-muta-abnorme-dei-capelli\/\",\"url\":\"https:\/\/www.article-marketing.eu\/comunicati\/salute-e-benessere\/la-calvizie-come-muta-abnorme-dei-capelli\/\",\"name\":\"La Calvizie come muta abnorme dei capelli. - Article Marketing\",\"isPartOf\":{\"@id\":\"https:\/\/www.article-marketing.eu\/comunicati\/#website\"},\"datePublished\":\"2010-07-01T15:23:55+00:00\",\"author\":{\"@id\":\"https:\/\/www.article-marketing.eu\/comunicati\/#\/schema\/person\/44372e4d4d0fa797b18e03ed1ace9017\"},\"breadcrumb\":{\"@id\":\"https:\/\/www.article-marketing.eu\/comunicati\/salute-e-benessere\/la-calvizie-come-muta-abnorme-dei-capelli\/#breadcrumb\"},\"inLanguage\":\"it-IT\",\"potentialAction\":[{\"@type\":\"ReadAction\",\"target\":[\"https:\/\/www.article-marketing.eu\/comunicati\/salute-e-benessere\/la-calvizie-come-muta-abnorme-dei-capelli\/\"]}]},{\"@type\":\"BreadcrumbList\",\"@id\":\"https:\/\/www.article-marketing.eu\/comunicati\/salute-e-benessere\/la-calvizie-come-muta-abnorme-dei-capelli\/#breadcrumb\",\"itemListElement\":[{\"@type\":\"ListItem\",\"position\":1,\"name\":\"Home\",\"item\":\"https:\/\/www.article-marketing.eu\/comunicati\/\"},{\"@type\":\"ListItem\",\"position\":2,\"name\":\"La Calvizie come muta abnorme dei capelli.\"}]},{\"@type\":\"WebSite\",\"@id\":\"https:\/\/www.article-marketing.eu\/comunicati\/#website\",\"url\":\"https:\/\/www.article-marketing.eu\/comunicati\/\",\"name\":\"Article Marketing\",\"description\":\"article marketing &amp; press release\",\"potentialAction\":[{\"@type\":\"SearchAction\",\"target\":{\"@type\":\"EntryPoint\",\"urlTemplate\":\"https:\/\/www.article-marketing.eu\/comunicati\/?s={search_term_string}\"},\"query-input\":{\"@type\":\"PropertyValueSpecification\",\"valueRequired\":true,\"valueName\":\"search_term_string\"}}],\"inLanguage\":\"it-IT\"},{\"@type\":\"Person\",\"@id\":\"https:\/\/www.article-marketing.eu\/comunicati\/#\/schema\/person\/44372e4d4d0fa797b18e03ed1ace9017\",\"name\":\"Redazione Comunicati Stampa\",\"image\":{\"@type\":\"ImageObject\",\"inLanguage\":\"it-IT\",\"@id\":\"https:\/\/www.article-marketing.eu\/comunicati\/#\/schema\/person\/image\/\",\"url\":\"https:\/\/secure.gravatar.com\/avatar\/50e5c6421d3072f42e7ace803501602c60d75233d34e29fd05feb91c8760b792?s=96&d=mm&r=g\",\"contentUrl\":\"https:\/\/secure.gravatar.com\/avatar\/50e5c6421d3072f42e7ace803501602c60d75233d34e29fd05feb91c8760b792?s=96&d=mm&r=g\",\"caption\":\"Redazione Comunicati Stampa\"},\"url\":\"https:\/\/www.article-marketing.eu\/comunicati\/author\/redazione-comunicati-stampa\/\"}]}<\/script>\n<!-- \/ Yoast SEO plugin. -->","yoast_head_json":{"title":"La Calvizie come muta abnorme dei capelli. - Article Marketing","robots":{"index":"index","follow":"follow","max-snippet":"max-snippet:-1","max-image-preview":"max-image-preview:large","max-video-preview":"max-video-preview:-1"},"canonical":"https:\/\/www.article-marketing.eu\/comunicati\/salute-e-benessere\/la-calvizie-come-muta-abnorme-dei-capelli\/","og_locale":"it_IT","og_type":"article","og_title":"La Calvizie come muta abnorme dei capelli. - Article Marketing","og_description":"La fase catabolica del capello, che conclude il suo ciclo vitale \u00e8 caratterizzata da una involuzione della papilla germinativa del bulbo, che riducendo l'apporto di ossigeno e di nutrienti al bulbo, ne provoca la regressione e quindi l'atrofia. Dopo di che il capello cade.","og_url":"https:\/\/www.article-marketing.eu\/comunicati\/salute-e-benessere\/la-calvizie-come-muta-abnorme-dei-capelli\/","og_site_name":"Article Marketing","article_published_time":"2010-07-01T15:23:55+00:00","author":"Redazione Comunicati Stampa","twitter_card":"summary_large_image","twitter_misc":{"Scritto da":"Redazione Comunicati Stampa","Tempo di lettura stimato":"3 minuti"},"schema":{"@context":"https:\/\/schema.org","@graph":[{"@type":"Article","@id":"https:\/\/www.article-marketing.eu\/comunicati\/salute-e-benessere\/la-calvizie-come-muta-abnorme-dei-capelli\/#article","isPartOf":{"@id":"https:\/\/www.article-marketing.eu\/comunicati\/salute-e-benessere\/la-calvizie-come-muta-abnorme-dei-capelli\/"},"author":{"name":"Redazione Comunicati Stampa","@id":"https:\/\/www.article-marketing.eu\/comunicati\/#\/schema\/person\/44372e4d4d0fa797b18e03ed1ace9017"},"headline":"La Calvizie come muta abnorme dei capelli.","datePublished":"2010-07-01T15:23:55+00:00","mainEntityOfPage":{"@id":"https:\/\/www.article-marketing.eu\/comunicati\/salute-e-benessere\/la-calvizie-come-muta-abnorme-dei-capelli\/"},"wordCount":603,"commentCount":0,"keywords":["Caduta dei Capelli","calvizie"],"articleSection":["Salute e benessere"],"inLanguage":"it-IT","potentialAction":[{"@type":"CommentAction","name":"Comment","target":["https:\/\/www.article-marketing.eu\/comunicati\/salute-e-benessere\/la-calvizie-come-muta-abnorme-dei-capelli\/#respond"]}]},{"@type":"WebPage","@id":"https:\/\/www.article-marketing.eu\/comunicati\/salute-e-benessere\/la-calvizie-come-muta-abnorme-dei-capelli\/","url":"https:\/\/www.article-marketing.eu\/comunicati\/salute-e-benessere\/la-calvizie-come-muta-abnorme-dei-capelli\/","name":"La Calvizie come muta abnorme dei capelli. - Article Marketing","isPartOf":{"@id":"https:\/\/www.article-marketing.eu\/comunicati\/#website"},"datePublished":"2010-07-01T15:23:55+00:00","author":{"@id":"https:\/\/www.article-marketing.eu\/comunicati\/#\/schema\/person\/44372e4d4d0fa797b18e03ed1ace9017"},"breadcrumb":{"@id":"https:\/\/www.article-marketing.eu\/comunicati\/salute-e-benessere\/la-calvizie-come-muta-abnorme-dei-capelli\/#breadcrumb"},"inLanguage":"it-IT","potentialAction":[{"@type":"ReadAction","target":["https:\/\/www.article-marketing.eu\/comunicati\/salute-e-benessere\/la-calvizie-come-muta-abnorme-dei-capelli\/"]}]},{"@type":"BreadcrumbList","@id":"https:\/\/www.article-marketing.eu\/comunicati\/salute-e-benessere\/la-calvizie-come-muta-abnorme-dei-capelli\/#breadcrumb","itemListElement":[{"@type":"ListItem","position":1,"name":"Home","item":"https:\/\/www.article-marketing.eu\/comunicati\/"},{"@type":"ListItem","position":2,"name":"La Calvizie come muta abnorme dei capelli."}]},{"@type":"WebSite","@id":"https:\/\/www.article-marketing.eu\/comunicati\/#website","url":"https:\/\/www.article-marketing.eu\/comunicati\/","name":"Article Marketing","description":"article marketing &amp; press release","potentialAction":[{"@type":"SearchAction","target":{"@type":"EntryPoint","urlTemplate":"https:\/\/www.article-marketing.eu\/comunicati\/?s={search_term_string}"},"query-input":{"@type":"PropertyValueSpecification","valueRequired":true,"valueName":"search_term_string"}}],"inLanguage":"it-IT"},{"@type":"Person","@id":"https:\/\/www.article-marketing.eu\/comunicati\/#\/schema\/person\/44372e4d4d0fa797b18e03ed1ace9017","name":"Redazione Comunicati Stampa","image":{"@type":"ImageObject","inLanguage":"it-IT","@id":"https:\/\/www.article-marketing.eu\/comunicati\/#\/schema\/person\/image\/","url":"https:\/\/secure.gravatar.com\/avatar\/50e5c6421d3072f42e7ace803501602c60d75233d34e29fd05feb91c8760b792?s=96&d=mm&r=g","contentUrl":"https:\/\/secure.gravatar.com\/avatar\/50e5c6421d3072f42e7ace803501602c60d75233d34e29fd05feb91c8760b792?s=96&d=mm&r=g","caption":"Redazione Comunicati Stampa"},"url":"https:\/\/www.article-marketing.eu\/comunicati\/author\/redazione-comunicati-stampa\/"}]}},"_links":{"self":[{"href":"https:\/\/www.article-marketing.eu\/comunicati\/wp-json\/wp\/v2\/posts\/5669","targetHints":{"allow":["GET"]}}],"collection":[{"href":"https:\/\/www.article-marketing.eu\/comunicati\/wp-json\/wp\/v2\/posts"}],"about":[{"href":"https:\/\/www.article-marketing.eu\/comunicati\/wp-json\/wp\/v2\/types\/post"}],"author":[{"embeddable":true,"href":"https:\/\/www.article-marketing.eu\/comunicati\/wp-json\/wp\/v2\/users\/10"}],"replies":[{"embeddable":true,"href":"https:\/\/www.article-marketing.eu\/comunicati\/wp-json\/wp\/v2\/comments?post=5669"}],"version-history":[{"count":0,"href":"https:\/\/www.article-marketing.eu\/comunicati\/wp-json\/wp\/v2\/posts\/5669\/revisions"}],"wp:attachment":[{"href":"https:\/\/www.article-marketing.eu\/comunicati\/wp-json\/wp\/v2\/media?parent=5669"}],"wp:term":[{"taxonomy":"category","embeddable":true,"href":"https:\/\/www.article-marketing.eu\/comunicati\/wp-json\/wp\/v2\/categories?post=5669"},{"taxonomy":"post_tag","embeddable":true,"href":"https:\/\/www.article-marketing.eu\/comunicati\/wp-json\/wp\/v2\/tags?post=5669"}],"curies":[{"name":"wp","href":"https:\/\/api.w.org\/{rel}","templated":true}]}}