{"id":5688,"date":"2010-07-04T11:58:00","date_gmt":"2010-07-04T09:58:00","guid":{"rendered":"http:\/\/www.article-marketing.eu\/comunicati\/senza-categoria\/movimenti-cromatici-di-elio-scuderi\/"},"modified":"2010-07-04T11:58:00","modified_gmt":"2010-07-04T09:58:00","slug":"movimenti-cromatici-di-elio-scuderi","status":"publish","type":"post","link":"https:\/\/www.article-marketing.eu\/comunicati\/comunicati-stampa\/movimenti-cromatici-di-elio-scuderi\/","title":{"rendered":"Movimenti Cromatici di Elio Scuderi"},"content":{"rendered":"<p class=\"western\" style=\"LINE-HEIGHT: 100%\">&nbsp; <\/p>\n<p align=\"justify\" class=\"western\" style=\"LINE-HEIGHT: 100%\">Sabato 10 luglio alle ore 18,00 presso l\u2019incantevole Sala delle Esposizioni di Palazzo Aragona Cut\u00f2 via Consolare a Bagheria (PA) verr\u00e0 presentata dal Sindaco Dr. Biagio Sciortino, l\u2019Assessore Filippo Maria Tripoli e dal Prof Giovanni Battista Maria Falcone la personale del Maestro Elio Scuderi intitolata \u201cMovimenti Cromatici\u201d. <\/p>\n<p align=\"justify\" class=\"western\" style=\"LINE-HEIGHT: 100%\">La Mostra promossa dall\u2019Associazione Artistica Culturale Maestri D\u2019Arte, curata dai Critici e storici dell\u2019Arte Prof. Joan Abell\u00f2 Juanpere e dal Dr. Louis Lagan\u00e0 \u00e8 patrocinata dal Comune di Bagheria (PA) Assessorato Cultura P.I. e Legalit\u00e0 e da Cittadella Center \u2013 The Citadel Victoria Gozo Malta.<\/p>\n<p align=\"justify\" class=\"western\" style=\"LINE-HEIGHT: 100%\">La rassegna, ripercorre attraverso una trentina di opere selezionate il percorso creativo dell\u2019ultima produzione, frutto della continua ricerca dell&#8217;Artista<\/p>\n<p class=\"western\" style=\"LINE-HEIGHT: 100%\">Nel corso della storia gli artisti si sono sempre preoccupati di cosa esiste aldil\u00e0 del nostro pianeta. Alcuni di questi hanno usato l\u2019astrazione come veicolo per esprimere la loro visione sulle origini della \u201cmateria prima\u201d e come il cosmo viene percepito dagli umani. Il giovane artista siciliano, Elio Scuderi, \u00e8 uno dei pochi artisti che ha sviluppato questo tema con opere intriganti cariche di codici simbolici ad alto contenuto poetico. La sua arte \u00e8 una sintesi di memorie, sentimenti, immaginazione e l\u2019inconscio trasmessi attraverso un impulso della libert\u00e0 emotiva e sensoriale.<\/p>\n<p class=\"western\" style=\"LINE-HEIGHT: 100%\">Elio Scuderi nasce nella citt\u00e0 di Palermo, in Sicilia, nel 1973. Il suo interesse per l\u2019arte e la creativit\u00e0 cominciarono molto presto. Sebbene l\u2019artista non abbia un\u2019istruzione artistica formale la sua grande passione per la pittura lo hanno portato a sviluppare uno stile caratteristico. Il lavoro di Elio Scuderi \u00e8 prevalentemente astratto ed \u00e9 un\u2019espressione del suo essere interiore che viene fatta spontaneamente senza alcuna premeditazione. <\/p>\n<p align=\"justify\" class=\"western\" style=\"LINE-HEIGHT: 100%\">Recentemente Elio Scuderi ha continuato la sua investigazione delle dinamiche cromatiche del colore in contrasto con il materiale in uso. Egli utilizza strati monocromatici di colore su tessuti a rilievo per illustrare le dimensioni estetiche della struttura e dello spazio.<\/p>\n<p align=\"justify\" class=\"western\" style=\"LINE-HEIGHT: 100%\">Con i suoi lampi espressionisti del suo inconscio Elio Scuderi cerca di rappresentare lo schermo cinematografico mitico e metafisico della mente.<\/p>\n<p align=\"justify\" class=\"western\" style=\"LINE-HEIGHT: 100%\">L\u2019Artista Palermitano &nbsp;ancora una volta ci stupisce, le sue opere risultano essere profondamente suggestive e fortemente evocative.<br \/>Una mostra decisamente piacevole che appaga lo sguardo e arricchisce l\u2019animo dell\u2019uomo attento, attraverso la presa in considerazione del paesaggio quotidiano per coloro che sono in grado non soltanto di guardare, ma soprattutto di osservare.<\/p>\n<p align=\"justify\" class=\"western\" style=\"LINE-HEIGHT: 100%\">L\u2019evento oltre che in terra natia verr\u00e0 presentato oltremare a Settembre a Victoria Gozo Malta .<\/p>\n<p align=\"justify\" class=\"western\" style=\"LINE-HEIGHT: 100%\"><\/p>\n<p align=\"justify\" class=\"western\" style=\"LINE-HEIGHT: 100%\">Si ringrazia:<\/p>\n<p align=\"justify\" class=\"western\" style=\"LINE-HEIGHT: 100%\">Comune di Bagheria \u2013 Assessorato Cultura P.I. e Legalit\u00e0;<\/p>\n<p align=\"justify\" class=\"western\" style=\"LINE-HEIGHT: 100%\">Cittadella Centre \u2013 Victoria Gozo Malta;<\/p>\n<p align=\"justify\" class=\"western\" style=\"LINE-HEIGHT: 100%\">Augusta Assicurazioni;<\/p>\n<p align=\"justify\" class=\"western\" style=\"LINE-HEIGHT: 100%\">Maratona di Palermo;<\/p>\n<p align=\"justify\" class=\"western\" style=\"LINE-HEIGHT: 100%\">Olomedia.-<\/p>\n<p align=\"justify\" class=\"western\" style=\"LINE-HEIGHT: 100%\"><strong>Per informazioni contattare:<\/strong><\/p>\n<p align=\"justify\" class=\"western\" style=\"LINE-HEIGHT: 100%\"><strong>Associazione Artistica Culturale Maestri D&#8217;Arte<\/strong><\/p>\n<p align=\"justify\" class=\"western\" style=\"LINE-HEIGHT: 100%\"><strong>Info : <a href=\"mailto:maestridarte@gmail.com\">maestridarte@gmail.com<\/a><\/strong><\/p>\n<p align=\"justify\" class=\"western\" style=\"LINE-HEIGHT: 100%\"><strong>Tel. +39 349 3744896<\/strong><\/p>\n<p align=\"justify\" class=\"western\" style=\"LINE-HEIGHT: 100%\">&nbsp;<\/p>\n","protected":false},"excerpt":{"rendered":"<p>Sabato 10 luglio  alle ore 18,00 presso l\u2019incantevole Sala delle Esposizioni di Palazzo Aragona Cut\u00f2 via Consolare a Bagheria (PA) verr\u00e0 presentata dal Sindaco Dr. Biagio Sciortino, l\u2019Assessore  Filippo Maria Tripoli e dal Prof Giovanni Battista Maria Falcone  la personale del Maestro Elio Scuderi  intitolata \u201cMovimenti Cromatici\u201d.<br \/>\nLa Mostra promossa dall\u2019Associazione Artistica Culturale Maestri D\u2019Arte, curata dai Critici e storici dell\u2019Arte Prof. Joan Abell\u00f2 Juanpere e dal Dr. Louis Lagan\u00e0 \u00e8 patrocinata dal Comune di Bagheria (PA) Assessorato Cultura P.I. e Legalit\u00e0 e da Cittadella Center \u2013 The Citadel Victoria Gozo Malta.<br \/>\nLa rassegna, ripercorre attraverso una trentina di opere selezionate il percorso creativo dell\u2019ultima produzione,  frutto della continua ricerca dell&#8217;Artista<br \/>\nNel corso della storia gli artisti si sono sempre preoccupati di cosa esiste aldil\u00e0 del nostro pianeta. Alcuni di questi hanno usato l\u2019astrazione come veicolo per esprimere la loro visione sulle origini della \u201cmateria prima\u201d e come il cosmo viene percepito dagli umani. Il giovane artista siciliano, Elio Scuderi, \u00e8 uno dei pochi artisti che ha sviluppato questo tema con opere intriganti cariche di codici simbolici ad alto contenuto poetico. La sua arte \u00e8 una sintesi di memorie, sentimenti, immaginazione e l\u2019inconscio trasmessi attraverso un impulso della libert\u00e0 emotiva e sensoriale.<br \/>\nElio Scuderi nasce nella citt\u00e0 di Palermo, in Sicilia, nel 1973. Il suo interesse per l\u2019arte e la creativit\u00e0 cominciarono molto presto. Sebbene l\u2019artista non abbia un\u2019istruzione artistica formale la sua grande passione per la pittura lo hanno portato a sviluppare uno stile caratteristico. Il lavoro di Elio Scuderi \u00e8 prevalentemente astratto ed \u00e9 un\u2019espressione del suo essere interiore che viene fatta spontaneamente senza alcuna premeditazione.<br \/>\nRecentemente Elio Scuderi ha continuato la sua investigazione delle dinamiche cromatiche del colore in contrasto con il materiale in uso. Egli utilizza strati monocromatici di colore su tessuti a rilievo per illustrare le dimensioni estetiche della struttura e dello spazio.<br \/>\nCon i suoi lampi espressionisti del suo inconscio Elio Scuderi cerca di rappresentare lo schermo cinematografico mitico e metafisico della mente.<br \/>\nL\u2019Artista Palermitano \u00a0ancora una volta ci stupisce, le sue opere risultano essere profondamente suggestive e fortemente evocative.<br \/>\nUna mostra decisamente piacevole che appaga lo sguardo e arricchisce l\u2019animo dell\u2019uomo attento, attraverso la presa in considerazione del paesaggio quotidiano per coloro che sono in grado non soltanto di guardare, ma soprattutto di osservare.<br \/>\nL\u2019evento oltre che in terra natia verr\u00e0 presentato oltremare a Settembre a Victoria Gozo Malta .<\/p>\n<p>Si ringrazia:<br \/>\nComune di Bagheria \u2013 Assessorato Cultura P.I. e Legalit\u00e0;<br \/>\nCittadella Centre \u2013 Victoria Gozo Malta;<br \/>\nAugusta Assicurazioni;<br \/>\nMaratona di Palermo;<br \/>\nOlomedia.-<br \/>\nPer informazioni contattare:<br \/>\nAssociazione Artistica Culturale Maestri D&#8217;Arte<br \/>\nInfo : maestridarte@gmail.com<br \/>\nTel. +39 349 3744896<\/p>\n","protected":false},"author":10,"featured_media":0,"comment_status":"open","ping_status":"open","sticky":false,"template":"","format":"standard","meta":{"cybocfi_hide_featured_image":"","footnotes":""},"categories":[190],"tags":[15745,705,15744,456,15743,1001],"class_list":["post-5688","post","type-post","status-publish","format-standard","hentry","category-comunicati-stampa","tag-associazione-artistica-culturale-maestri-darte","tag-dipinti","tag-elio-scuderi","tag-eventi","tag-movimenti-cromatici","tag-pittura"],"yoast_head":"<!-- This site is optimized with the Yoast SEO plugin v27.0 - https:\/\/yoast.com\/product\/yoast-seo-wordpress\/ -->\n<title>Movimenti Cromatici di Elio Scuderi - Article Marketing<\/title>\n<meta name=\"robots\" content=\"index, follow, max-snippet:-1, max-image-preview:large, max-video-preview:-1\" \/>\n<link rel=\"canonical\" href=\"https:\/\/www.article-marketing.eu\/comunicati\/comunicati-stampa\/movimenti-cromatici-di-elio-scuderi\/\" \/>\n<meta property=\"og:locale\" content=\"it_IT\" \/>\n<meta property=\"og:type\" content=\"article\" \/>\n<meta property=\"og:title\" content=\"Movimenti Cromatici di Elio Scuderi - Article Marketing\" \/>\n<meta property=\"og:description\" content=\"Sabato 10 luglio alle ore 18,00 presso l\u2019incantevole Sala delle Esposizioni di Palazzo Aragona Cut\u00f2 via Consolare a Bagheria (PA) verr\u00e0 presentata dal Sindaco Dr. Biagio Sciortino, l\u2019Assessore Filippo Maria Tripoli e dal Prof Giovanni Battista Maria Falcone la personale del Maestro Elio Scuderi intitolata \u201cMovimenti Cromatici\u201d. La Mostra promossa dall\u2019Associazione Artistica Culturale Maestri D\u2019Arte, curata dai Critici e storici dell\u2019Arte Prof. Joan Abell\u00f2 Juanpere e dal Dr. Louis Lagan\u00e0 \u00e8 patrocinata dal Comune di Bagheria (PA) Assessorato Cultura P.I. e Legalit\u00e0 e da Cittadella Center \u2013 The Citadel Victoria Gozo Malta. La rassegna, ripercorre attraverso una trentina di opere selezionate il percorso creativo dell\u2019ultima produzione, frutto della continua ricerca dell&#039;Artista Nel corso della storia gli artisti si sono sempre preoccupati di cosa esiste aldil\u00e0 del nostro pianeta. Alcuni di questi hanno usato l\u2019astrazione come veicolo per esprimere la loro visione sulle origini della \u201cmateria prima\u201d e come il cosmo viene percepito dagli umani. Il giovane artista siciliano, Elio Scuderi, \u00e8 uno dei pochi artisti che ha sviluppato questo tema con opere intriganti cariche di codici simbolici ad alto contenuto poetico. La sua arte \u00e8 una sintesi di memorie, sentimenti, immaginazione e l\u2019inconscio trasmessi attraverso un impulso della libert\u00e0 emotiva e sensoriale. Elio Scuderi nasce nella citt\u00e0 di Palermo, in Sicilia, nel 1973. Il suo interesse per l\u2019arte e la creativit\u00e0 cominciarono molto presto. Sebbene l\u2019artista non abbia un\u2019istruzione artistica formale la sua grande passione per la pittura lo hanno portato a sviluppare uno stile caratteristico. Il lavoro di Elio Scuderi \u00e8 prevalentemente astratto ed \u00e9 un\u2019espressione del suo essere interiore che viene fatta spontaneamente senza alcuna premeditazione. Recentemente Elio Scuderi ha continuato la sua investigazione delle dinamiche cromatiche del colore in contrasto con il materiale in uso. Egli utilizza strati monocromatici di colore su tessuti a rilievo per illustrare le dimensioni estetiche della struttura e dello spazio. Con i suoi lampi espressionisti del suo inconscio Elio Scuderi cerca di rappresentare lo schermo cinematografico mitico e metafisico della mente. L\u2019Artista Palermitano \u00a0ancora una volta ci stupisce, le sue opere risultano essere profondamente suggestive e fortemente evocative. Una mostra decisamente piacevole che appaga lo sguardo e arricchisce l\u2019animo dell\u2019uomo attento, attraverso la presa in considerazione del paesaggio quotidiano per coloro che sono in grado non soltanto di guardare, ma soprattutto di osservare. L\u2019evento oltre che in terra natia verr\u00e0 presentato oltremare a Settembre a Victoria Gozo Malta . Si ringrazia: Comune di Bagheria \u2013 Assessorato Cultura P.I. e Legalit\u00e0; Cittadella Centre \u2013 Victoria Gozo Malta; Augusta Assicurazioni; Maratona di Palermo; Olomedia.- Per informazioni contattare: Associazione Artistica Culturale Maestri D&#039;Arte Info : maestridarte@gmail.com Tel. +39 349 3744896\" \/>\n<meta property=\"og:url\" content=\"https:\/\/www.article-marketing.eu\/comunicati\/comunicati-stampa\/movimenti-cromatici-di-elio-scuderi\/\" \/>\n<meta property=\"og:site_name\" content=\"Article Marketing\" \/>\n<meta property=\"article:published_time\" content=\"2010-07-04T09:58:00+00:00\" \/>\n<meta name=\"author\" content=\"Redazione Comunicati Stampa\" \/>\n<meta name=\"twitter:card\" content=\"summary_large_image\" \/>\n<meta name=\"twitter:label1\" content=\"Scritto da\" \/>\n\t<meta name=\"twitter:data1\" content=\"Redazione Comunicati Stampa\" \/>\n\t<meta name=\"twitter:label2\" content=\"Tempo di lettura stimato\" \/>\n\t<meta name=\"twitter:data2\" content=\"2 minuti\" \/>\n<script type=\"application\/ld+json\" class=\"yoast-schema-graph\">{\"@context\":\"https:\/\/schema.org\",\"@graph\":[{\"@type\":\"Article\",\"@id\":\"https:\/\/www.article-marketing.eu\/comunicati\/comunicati-stampa\/movimenti-cromatici-di-elio-scuderi\/#article\",\"isPartOf\":{\"@id\":\"https:\/\/www.article-marketing.eu\/comunicati\/comunicati-stampa\/movimenti-cromatici-di-elio-scuderi\/\"},\"author\":{\"name\":\"Redazione Comunicati Stampa\",\"@id\":\"https:\/\/www.article-marketing.eu\/comunicati\/#\/schema\/person\/44372e4d4d0fa797b18e03ed1ace9017\"},\"headline\":\"Movimenti Cromatici di Elio Scuderi\",\"datePublished\":\"2010-07-04T09:58:00+00:00\",\"mainEntityOfPage\":{\"@id\":\"https:\/\/www.article-marketing.eu\/comunicati\/comunicati-stampa\/movimenti-cromatici-di-elio-scuderi\/\"},\"wordCount\":448,\"commentCount\":0,\"keywords\":[\"Associazione artistica culturale maestri d'arte\",\"dipinti\",\"Elio Scuderi\",\"eventi\",\"Movimenti Cromatici\",\"pittura\"],\"articleSection\":[\"Comunicati stampa\"],\"inLanguage\":\"it-IT\",\"potentialAction\":[{\"@type\":\"CommentAction\",\"name\":\"Comment\",\"target\":[\"https:\/\/www.article-marketing.eu\/comunicati\/comunicati-stampa\/movimenti-cromatici-di-elio-scuderi\/#respond\"]}]},{\"@type\":\"WebPage\",\"@id\":\"https:\/\/www.article-marketing.eu\/comunicati\/comunicati-stampa\/movimenti-cromatici-di-elio-scuderi\/\",\"url\":\"https:\/\/www.article-marketing.eu\/comunicati\/comunicati-stampa\/movimenti-cromatici-di-elio-scuderi\/\",\"name\":\"Movimenti Cromatici di Elio Scuderi - Article Marketing\",\"isPartOf\":{\"@id\":\"https:\/\/www.article-marketing.eu\/comunicati\/#website\"},\"datePublished\":\"2010-07-04T09:58:00+00:00\",\"author\":{\"@id\":\"https:\/\/www.article-marketing.eu\/comunicati\/#\/schema\/person\/44372e4d4d0fa797b18e03ed1ace9017\"},\"breadcrumb\":{\"@id\":\"https:\/\/www.article-marketing.eu\/comunicati\/comunicati-stampa\/movimenti-cromatici-di-elio-scuderi\/#breadcrumb\"},\"inLanguage\":\"it-IT\",\"potentialAction\":[{\"@type\":\"ReadAction\",\"target\":[\"https:\/\/www.article-marketing.eu\/comunicati\/comunicati-stampa\/movimenti-cromatici-di-elio-scuderi\/\"]}]},{\"@type\":\"BreadcrumbList\",\"@id\":\"https:\/\/www.article-marketing.eu\/comunicati\/comunicati-stampa\/movimenti-cromatici-di-elio-scuderi\/#breadcrumb\",\"itemListElement\":[{\"@type\":\"ListItem\",\"position\":1,\"name\":\"Home\",\"item\":\"https:\/\/www.article-marketing.eu\/comunicati\/\"},{\"@type\":\"ListItem\",\"position\":2,\"name\":\"Movimenti Cromatici di Elio Scuderi\"}]},{\"@type\":\"WebSite\",\"@id\":\"https:\/\/www.article-marketing.eu\/comunicati\/#website\",\"url\":\"https:\/\/www.article-marketing.eu\/comunicati\/\",\"name\":\"Article Marketing\",\"description\":\"article marketing &amp; press release\",\"potentialAction\":[{\"@type\":\"SearchAction\",\"target\":{\"@type\":\"EntryPoint\",\"urlTemplate\":\"https:\/\/www.article-marketing.eu\/comunicati\/?s={search_term_string}\"},\"query-input\":{\"@type\":\"PropertyValueSpecification\",\"valueRequired\":true,\"valueName\":\"search_term_string\"}}],\"inLanguage\":\"it-IT\"},{\"@type\":\"Person\",\"@id\":\"https:\/\/www.article-marketing.eu\/comunicati\/#\/schema\/person\/44372e4d4d0fa797b18e03ed1ace9017\",\"name\":\"Redazione Comunicati Stampa\",\"image\":{\"@type\":\"ImageObject\",\"inLanguage\":\"it-IT\",\"@id\":\"https:\/\/www.article-marketing.eu\/comunicati\/#\/schema\/person\/image\/\",\"url\":\"https:\/\/secure.gravatar.com\/avatar\/50e5c6421d3072f42e7ace803501602c60d75233d34e29fd05feb91c8760b792?s=96&d=mm&r=g\",\"contentUrl\":\"https:\/\/secure.gravatar.com\/avatar\/50e5c6421d3072f42e7ace803501602c60d75233d34e29fd05feb91c8760b792?s=96&d=mm&r=g\",\"caption\":\"Redazione Comunicati Stampa\"},\"url\":\"https:\/\/www.article-marketing.eu\/comunicati\/author\/redazione-comunicati-stampa\/\"}]}<\/script>\n<!-- \/ Yoast SEO plugin. -->","yoast_head_json":{"title":"Movimenti Cromatici di Elio Scuderi - Article Marketing","robots":{"index":"index","follow":"follow","max-snippet":"max-snippet:-1","max-image-preview":"max-image-preview:large","max-video-preview":"max-video-preview:-1"},"canonical":"https:\/\/www.article-marketing.eu\/comunicati\/comunicati-stampa\/movimenti-cromatici-di-elio-scuderi\/","og_locale":"it_IT","og_type":"article","og_title":"Movimenti Cromatici di Elio Scuderi - Article Marketing","og_description":"Sabato 10 luglio alle ore 18,00 presso l\u2019incantevole Sala delle Esposizioni di Palazzo Aragona Cut\u00f2 via Consolare a Bagheria (PA) verr\u00e0 presentata dal Sindaco Dr. Biagio Sciortino, l\u2019Assessore Filippo Maria Tripoli e dal Prof Giovanni Battista Maria Falcone la personale del Maestro Elio Scuderi intitolata \u201cMovimenti Cromatici\u201d. La Mostra promossa dall\u2019Associazione Artistica Culturale Maestri D\u2019Arte, curata dai Critici e storici dell\u2019Arte Prof. Joan Abell\u00f2 Juanpere e dal Dr. Louis Lagan\u00e0 \u00e8 patrocinata dal Comune di Bagheria (PA) Assessorato Cultura P.I. e Legalit\u00e0 e da Cittadella Center \u2013 The Citadel Victoria Gozo Malta. La rassegna, ripercorre attraverso una trentina di opere selezionate il percorso creativo dell\u2019ultima produzione, frutto della continua ricerca dell'Artista Nel corso della storia gli artisti si sono sempre preoccupati di cosa esiste aldil\u00e0 del nostro pianeta. Alcuni di questi hanno usato l\u2019astrazione come veicolo per esprimere la loro visione sulle origini della \u201cmateria prima\u201d e come il cosmo viene percepito dagli umani. Il giovane artista siciliano, Elio Scuderi, \u00e8 uno dei pochi artisti che ha sviluppato questo tema con opere intriganti cariche di codici simbolici ad alto contenuto poetico. La sua arte \u00e8 una sintesi di memorie, sentimenti, immaginazione e l\u2019inconscio trasmessi attraverso un impulso della libert\u00e0 emotiva e sensoriale. Elio Scuderi nasce nella citt\u00e0 di Palermo, in Sicilia, nel 1973. Il suo interesse per l\u2019arte e la creativit\u00e0 cominciarono molto presto. Sebbene l\u2019artista non abbia un\u2019istruzione artistica formale la sua grande passione per la pittura lo hanno portato a sviluppare uno stile caratteristico. Il lavoro di Elio Scuderi \u00e8 prevalentemente astratto ed \u00e9 un\u2019espressione del suo essere interiore che viene fatta spontaneamente senza alcuna premeditazione. Recentemente Elio Scuderi ha continuato la sua investigazione delle dinamiche cromatiche del colore in contrasto con il materiale in uso. Egli utilizza strati monocromatici di colore su tessuti a rilievo per illustrare le dimensioni estetiche della struttura e dello spazio. Con i suoi lampi espressionisti del suo inconscio Elio Scuderi cerca di rappresentare lo schermo cinematografico mitico e metafisico della mente. L\u2019Artista Palermitano \u00a0ancora una volta ci stupisce, le sue opere risultano essere profondamente suggestive e fortemente evocative. Una mostra decisamente piacevole che appaga lo sguardo e arricchisce l\u2019animo dell\u2019uomo attento, attraverso la presa in considerazione del paesaggio quotidiano per coloro che sono in grado non soltanto di guardare, ma soprattutto di osservare. L\u2019evento oltre che in terra natia verr\u00e0 presentato oltremare a Settembre a Victoria Gozo Malta . Si ringrazia: Comune di Bagheria \u2013 Assessorato Cultura P.I. e Legalit\u00e0; Cittadella Centre \u2013 Victoria Gozo Malta; Augusta Assicurazioni; Maratona di Palermo; Olomedia.- Per informazioni contattare: Associazione Artistica Culturale Maestri D'Arte Info : maestridarte@gmail.com Tel. +39 349 3744896","og_url":"https:\/\/www.article-marketing.eu\/comunicati\/comunicati-stampa\/movimenti-cromatici-di-elio-scuderi\/","og_site_name":"Article Marketing","article_published_time":"2010-07-04T09:58:00+00:00","author":"Redazione Comunicati Stampa","twitter_card":"summary_large_image","twitter_misc":{"Scritto da":"Redazione Comunicati Stampa","Tempo di lettura stimato":"2 minuti"},"schema":{"@context":"https:\/\/schema.org","@graph":[{"@type":"Article","@id":"https:\/\/www.article-marketing.eu\/comunicati\/comunicati-stampa\/movimenti-cromatici-di-elio-scuderi\/#article","isPartOf":{"@id":"https:\/\/www.article-marketing.eu\/comunicati\/comunicati-stampa\/movimenti-cromatici-di-elio-scuderi\/"},"author":{"name":"Redazione Comunicati Stampa","@id":"https:\/\/www.article-marketing.eu\/comunicati\/#\/schema\/person\/44372e4d4d0fa797b18e03ed1ace9017"},"headline":"Movimenti Cromatici di Elio Scuderi","datePublished":"2010-07-04T09:58:00+00:00","mainEntityOfPage":{"@id":"https:\/\/www.article-marketing.eu\/comunicati\/comunicati-stampa\/movimenti-cromatici-di-elio-scuderi\/"},"wordCount":448,"commentCount":0,"keywords":["Associazione artistica culturale maestri d'arte","dipinti","Elio Scuderi","eventi","Movimenti Cromatici","pittura"],"articleSection":["Comunicati stampa"],"inLanguage":"it-IT","potentialAction":[{"@type":"CommentAction","name":"Comment","target":["https:\/\/www.article-marketing.eu\/comunicati\/comunicati-stampa\/movimenti-cromatici-di-elio-scuderi\/#respond"]}]},{"@type":"WebPage","@id":"https:\/\/www.article-marketing.eu\/comunicati\/comunicati-stampa\/movimenti-cromatici-di-elio-scuderi\/","url":"https:\/\/www.article-marketing.eu\/comunicati\/comunicati-stampa\/movimenti-cromatici-di-elio-scuderi\/","name":"Movimenti Cromatici di Elio Scuderi - Article Marketing","isPartOf":{"@id":"https:\/\/www.article-marketing.eu\/comunicati\/#website"},"datePublished":"2010-07-04T09:58:00+00:00","author":{"@id":"https:\/\/www.article-marketing.eu\/comunicati\/#\/schema\/person\/44372e4d4d0fa797b18e03ed1ace9017"},"breadcrumb":{"@id":"https:\/\/www.article-marketing.eu\/comunicati\/comunicati-stampa\/movimenti-cromatici-di-elio-scuderi\/#breadcrumb"},"inLanguage":"it-IT","potentialAction":[{"@type":"ReadAction","target":["https:\/\/www.article-marketing.eu\/comunicati\/comunicati-stampa\/movimenti-cromatici-di-elio-scuderi\/"]}]},{"@type":"BreadcrumbList","@id":"https:\/\/www.article-marketing.eu\/comunicati\/comunicati-stampa\/movimenti-cromatici-di-elio-scuderi\/#breadcrumb","itemListElement":[{"@type":"ListItem","position":1,"name":"Home","item":"https:\/\/www.article-marketing.eu\/comunicati\/"},{"@type":"ListItem","position":2,"name":"Movimenti Cromatici di Elio Scuderi"}]},{"@type":"WebSite","@id":"https:\/\/www.article-marketing.eu\/comunicati\/#website","url":"https:\/\/www.article-marketing.eu\/comunicati\/","name":"Article Marketing","description":"article marketing &amp; press release","potentialAction":[{"@type":"SearchAction","target":{"@type":"EntryPoint","urlTemplate":"https:\/\/www.article-marketing.eu\/comunicati\/?s={search_term_string}"},"query-input":{"@type":"PropertyValueSpecification","valueRequired":true,"valueName":"search_term_string"}}],"inLanguage":"it-IT"},{"@type":"Person","@id":"https:\/\/www.article-marketing.eu\/comunicati\/#\/schema\/person\/44372e4d4d0fa797b18e03ed1ace9017","name":"Redazione Comunicati Stampa","image":{"@type":"ImageObject","inLanguage":"it-IT","@id":"https:\/\/www.article-marketing.eu\/comunicati\/#\/schema\/person\/image\/","url":"https:\/\/secure.gravatar.com\/avatar\/50e5c6421d3072f42e7ace803501602c60d75233d34e29fd05feb91c8760b792?s=96&d=mm&r=g","contentUrl":"https:\/\/secure.gravatar.com\/avatar\/50e5c6421d3072f42e7ace803501602c60d75233d34e29fd05feb91c8760b792?s=96&d=mm&r=g","caption":"Redazione Comunicati Stampa"},"url":"https:\/\/www.article-marketing.eu\/comunicati\/author\/redazione-comunicati-stampa\/"}]}},"_links":{"self":[{"href":"https:\/\/www.article-marketing.eu\/comunicati\/wp-json\/wp\/v2\/posts\/5688","targetHints":{"allow":["GET"]}}],"collection":[{"href":"https:\/\/www.article-marketing.eu\/comunicati\/wp-json\/wp\/v2\/posts"}],"about":[{"href":"https:\/\/www.article-marketing.eu\/comunicati\/wp-json\/wp\/v2\/types\/post"}],"author":[{"embeddable":true,"href":"https:\/\/www.article-marketing.eu\/comunicati\/wp-json\/wp\/v2\/users\/10"}],"replies":[{"embeddable":true,"href":"https:\/\/www.article-marketing.eu\/comunicati\/wp-json\/wp\/v2\/comments?post=5688"}],"version-history":[{"count":0,"href":"https:\/\/www.article-marketing.eu\/comunicati\/wp-json\/wp\/v2\/posts\/5688\/revisions"}],"wp:attachment":[{"href":"https:\/\/www.article-marketing.eu\/comunicati\/wp-json\/wp\/v2\/media?parent=5688"}],"wp:term":[{"taxonomy":"category","embeddable":true,"href":"https:\/\/www.article-marketing.eu\/comunicati\/wp-json\/wp\/v2\/categories?post=5688"},{"taxonomy":"post_tag","embeddable":true,"href":"https:\/\/www.article-marketing.eu\/comunicati\/wp-json\/wp\/v2\/tags?post=5688"}],"curies":[{"name":"wp","href":"https:\/\/api.w.org\/{rel}","templated":true}]}}