{"id":5697,"date":"2010-07-05T16:08:12","date_gmt":"2010-07-05T14:08:12","guid":{"rendered":"http:\/\/www.article-marketing.eu\/comunicati\/senza-categoria\/offerta-vacanze-a-fano-al-siri-hotel\/"},"modified":"2010-07-05T16:08:12","modified_gmt":"2010-07-05T14:08:12","slug":"offerta-vacanze-a-fano-al-siri-hotel","status":"publish","type":"post","link":"https:\/\/www.article-marketing.eu\/comunicati\/viaggi-e-vacanze\/hotels-ed-alberghi\/offerta-vacanze-a-fano-al-siri-hotel\/","title":{"rendered":"Offerta Vacanze a Fano al Siri Hotel"},"content":{"rendered":"<p>Siri Hotel \u00e8 un albergo che gode di una posizione favorevole nella citt\u00e0 di Fano ,vicinissimo al mare ma anche facilmente raggiungibile per chi \u00e8 in viaggio perch\u00e8 situato nei pressi della <br \/>Statale Adriatica.<br \/>Siri \u00e8 un albergo 4 stelle ,elegante e moderno, all&#8217;avangurdia dal punto di vista architettonico, che offre servizi impeccabili per un soggiorno di classe. <br \/>Si va da una prima colazione concepita in camera o a buffet a seconda della scelta, per passare al pomeriggio alle proposte del lounge bar e con a disposizione un salottino,una libreria e una sala riunioni.&nbsp;&nbsp;<\/p>\n<p>Inoltre a soli 5 minuti a piedi dal Siri Hotel, nel cuore del centro storico di Fano, si trova Palazzo Alavolini: <br \/>la location ideale per convention, meeting aziendali, riunioni, cerimonie. <br \/>Nella splendida cornice di un palazzo settecentesco completamente restaurato, i clienti del Siri Hotel hanno la possibilit\u00e0 di organizzare qualsiasi tipo di evento. <br \/>All\u2019interno del palazzo, a disposizione degli ospiti, vi \u00e8 un grande salone con soffitto ligneo a cassettoni (sec. XVI) e raffinate composizioni plastiche <br \/>lungo le pareti con soggetti mitologici risalenti alla seconda met\u00e0 del sec. XVIII. <br \/>Il salone, situato al piano nobile, pu\u00f2 arrivare ad ospitare fino a 60 persone e pu\u00f2 essere allestito in diversi modi in base alle esigenze e alle richieste del cliente. <br \/>Al suo interno \u00e8 inoltre possibile organizzare buffet, aperitivi, colazioni di lavoro o cene di gala con servizio catering altamente professionale e qualificato. <br \/>Dal Siri Hotel \u00e8 possibile raggiungere Palazzo Alavolini a piedi o con una comoda navetta messa a disposizione dalla direzione. A soli 5 minuti a piedi dal Siri Hotel, nel cuore del centro storico di Fano, si trova Palazzo Alavolini: <br \/>la location ideale per convention, meeting aziendali, riunioni, cerimonie. <br \/>Nella splendida cornice di un palazzo settecentesco completamente restaurato, i clienti del Siri Hotel hanno la possibilit\u00e0 di organizzare qualsiasi tipo di evento. <br \/>All\u2019interno del palazzo, a disposizione degli ospiti, vi \u00e8 un grande salone con soffitto ligneo a cassettoni (sec. XVI) e raffinate composizioni plastiche <br \/>lungo le pareti con soggetti mitologici risalenti alla seconda met\u00e0 del sec. XVIII. <br \/>Il salone, situato al piano nobile, pu\u00f2 arrivare ad ospitare fino a 60 persone e pu\u00f2 essere allestito in diversi modi in base alle esigenze e alle richieste del cliente. <br \/>Al suo interno \u00e8 inoltre possibile organizzare buffet, aperitivi, colazioni di lavoro o cene di gala con servizio catering altamente professionale e qualificato. <br \/>Dal Siri Hotel \u00e8 possibile raggiungere Palazzo Alavolini a piedi o con una comoda navetta messa a disposizione dalla direzione.&nbsp; <\/p>\n<p>Un\u2019offerta da non perdere per trascorrere un\u2019estate indimenticabile sulla riviera Adriatica nel lussuoso <a href=\"http:\/\/www.sirihotelfano.it\" target=\"_blank\" title=\"Siri Hotel\">Hote Fano<\/a> Siri Hotel<\/p>\n<p>Scopri la speciale offerta per l\u2019estate 2010 delle tue vacanze a Fano!<\/p>\n<p>Iprincipali servizi compresi saranno perci\u00f2:<\/p>\n<p>&nbsp;<\/p>\n<ul>\n<li>room service<\/li>\n<li>lounge bar<\/li>\n<li>sala lettura<\/li>\n<li>spazio meeting<\/li>\n<li>servizio lavanderia<\/li>\n<li>bike service<\/li>\n<\/ul>\n<ul>\n<li>navetta<\/li>\n<li>spiaggia convenzionata<\/li>\n<li>garage privato<\/li>\n<li>parcheggio pubblico<\/li>\n<li>baby sitting<\/li>\n<li>personal shopper<\/li>\n<\/ul>\n<p>&nbsp;<\/p>\n<p>DAL 1 LUGLIO AL 31 AGOSTO 2010<\/p>\n<p>2 NOTTI: \u20ac 170,00<\/p>\n<p>3 NOTTI: \u20ac 250,00&nbsp;<\/p>\n<p>5 NOTTI: \u20ac 385,00<\/p>\n<p>7 NOTTI: \u20ac 520,00<\/p>\n<p>Le quotazioni si intendono&nbsp;<strong>a persona<\/strong>&nbsp;in camera doppia o matrimoniale tipologia \u201cEasy Suite\u201dper l\u2019intero soggiorno e comprendono:<\/p>\n<ul>\n<li>pernottamento e prima colazione<\/li>\n<li>welcome drink<\/li>\n<li>servizio spiaggia nella vicina spiaggia convenzionata (5 min. a piedi dall\u2019hotel) noleggio in prima fila di un ombrellone, due lettini e cabina, per le giornate come sotto riportato*;<\/li>\n<li>noleggio biciclette;<\/li>\n<li>*Il servizio spiaggia \u00e8 da considerarsi valido per l\u2019offerta<\/li>\n<li>2 notti per&nbsp;1 giornata nell\u2019offerta<\/li>\n<li>3 notti per 2 giornate nell\u2019offerta<\/li>\n<li>5 notti per 3 giornate nell&#8217;offerta<\/li>\n<li>7 notti, le giornate saranno invece 5<\/li>\n<p>Supplemento 3\u00b0 letto: riduzione del 30% sul costo a persona in camera doppia\/matrimoniale.Possibilit\u00e0 di usufruire del servizio baby sitting dell\u2019hotel alla tariffa oraria di \u20ac 10,00.<\/p>\n<p>&nbsp;<\/p>\n<\/ul>\n","protected":false},"excerpt":{"rendered":"<p>Una vacanza all\u2019insegna del mare e del divertimento, Siri Hotel ,a Fano!<\/p>\n","protected":false},"author":10,"featured_media":0,"comment_status":"open","ping_status":"open","sticky":false,"template":"","format":"standard","meta":{"cybocfi_hide_featured_image":"","footnotes":""},"categories":[151],"tags":[12113,15756,15757],"class_list":["post-5697","post","type-post","status-publish","format-standard","hentry","category-hotels-ed-alberghi","tag-hotel-fano","tag-hotel-fano-mare","tag-vacanze-fano"],"yoast_head":"<!-- This site is optimized with the Yoast SEO plugin v27.0 - https:\/\/yoast.com\/product\/yoast-seo-wordpress\/ -->\n<title>Offerta Vacanze a Fano al Siri Hotel - Article Marketing<\/title>\n<meta name=\"robots\" content=\"index, follow, max-snippet:-1, max-image-preview:large, max-video-preview:-1\" \/>\n<link rel=\"canonical\" href=\"https:\/\/www.article-marketing.eu\/comunicati\/viaggi-e-vacanze\/hotels-ed-alberghi\/offerta-vacanze-a-fano-al-siri-hotel\/\" \/>\n<meta property=\"og:locale\" content=\"it_IT\" \/>\n<meta property=\"og:type\" content=\"article\" \/>\n<meta property=\"og:title\" content=\"Offerta Vacanze a Fano al Siri Hotel - Article Marketing\" \/>\n<meta property=\"og:description\" content=\"Una vacanza all\u2019insegna del mare e del divertimento, Siri Hotel ,a Fano!\" \/>\n<meta property=\"og:url\" content=\"https:\/\/www.article-marketing.eu\/comunicati\/viaggi-e-vacanze\/hotels-ed-alberghi\/offerta-vacanze-a-fano-al-siri-hotel\/\" \/>\n<meta property=\"og:site_name\" content=\"Article Marketing\" \/>\n<meta property=\"article:published_time\" content=\"2010-07-05T14:08:12+00:00\" \/>\n<meta name=\"author\" content=\"Redazione Comunicati Stampa\" \/>\n<meta name=\"twitter:card\" content=\"summary_large_image\" \/>\n<meta name=\"twitter:label1\" content=\"Scritto da\" \/>\n\t<meta name=\"twitter:data1\" content=\"Redazione Comunicati Stampa\" \/>\n\t<meta name=\"twitter:label2\" content=\"Tempo di lettura stimato\" \/>\n\t<meta name=\"twitter:data2\" content=\"3 minuti\" \/>\n<script type=\"application\/ld+json\" class=\"yoast-schema-graph\">{\"@context\":\"https:\/\/schema.org\",\"@graph\":[{\"@type\":\"Article\",\"@id\":\"https:\/\/www.article-marketing.eu\/comunicati\/viaggi-e-vacanze\/hotels-ed-alberghi\/offerta-vacanze-a-fano-al-siri-hotel\/#article\",\"isPartOf\":{\"@id\":\"https:\/\/www.article-marketing.eu\/comunicati\/viaggi-e-vacanze\/hotels-ed-alberghi\/offerta-vacanze-a-fano-al-siri-hotel\/\"},\"author\":{\"name\":\"Redazione Comunicati Stampa\",\"@id\":\"https:\/\/www.article-marketing.eu\/comunicati\/#\/schema\/person\/44372e4d4d0fa797b18e03ed1ace9017\"},\"headline\":\"Offerta Vacanze a Fano al Siri Hotel\",\"datePublished\":\"2010-07-05T14:08:12+00:00\",\"mainEntityOfPage\":{\"@id\":\"https:\/\/www.article-marketing.eu\/comunicati\/viaggi-e-vacanze\/hotels-ed-alberghi\/offerta-vacanze-a-fano-al-siri-hotel\/\"},\"wordCount\":599,\"commentCount\":0,\"keywords\":[\"hotel fano\",\"Hotel Fano Mare\",\"Vacanze Fano\"],\"articleSection\":[\"Hotels ed alberghi\"],\"inLanguage\":\"it-IT\",\"potentialAction\":[{\"@type\":\"CommentAction\",\"name\":\"Comment\",\"target\":[\"https:\/\/www.article-marketing.eu\/comunicati\/viaggi-e-vacanze\/hotels-ed-alberghi\/offerta-vacanze-a-fano-al-siri-hotel\/#respond\"]}]},{\"@type\":\"WebPage\",\"@id\":\"https:\/\/www.article-marketing.eu\/comunicati\/viaggi-e-vacanze\/hotels-ed-alberghi\/offerta-vacanze-a-fano-al-siri-hotel\/\",\"url\":\"https:\/\/www.article-marketing.eu\/comunicati\/viaggi-e-vacanze\/hotels-ed-alberghi\/offerta-vacanze-a-fano-al-siri-hotel\/\",\"name\":\"Offerta Vacanze a Fano al Siri Hotel - Article Marketing\",\"isPartOf\":{\"@id\":\"https:\/\/www.article-marketing.eu\/comunicati\/#website\"},\"datePublished\":\"2010-07-05T14:08:12+00:00\",\"author\":{\"@id\":\"https:\/\/www.article-marketing.eu\/comunicati\/#\/schema\/person\/44372e4d4d0fa797b18e03ed1ace9017\"},\"breadcrumb\":{\"@id\":\"https:\/\/www.article-marketing.eu\/comunicati\/viaggi-e-vacanze\/hotels-ed-alberghi\/offerta-vacanze-a-fano-al-siri-hotel\/#breadcrumb\"},\"inLanguage\":\"it-IT\",\"potentialAction\":[{\"@type\":\"ReadAction\",\"target\":[\"https:\/\/www.article-marketing.eu\/comunicati\/viaggi-e-vacanze\/hotels-ed-alberghi\/offerta-vacanze-a-fano-al-siri-hotel\/\"]}]},{\"@type\":\"BreadcrumbList\",\"@id\":\"https:\/\/www.article-marketing.eu\/comunicati\/viaggi-e-vacanze\/hotels-ed-alberghi\/offerta-vacanze-a-fano-al-siri-hotel\/#breadcrumb\",\"itemListElement\":[{\"@type\":\"ListItem\",\"position\":1,\"name\":\"Home\",\"item\":\"https:\/\/www.article-marketing.eu\/comunicati\/\"},{\"@type\":\"ListItem\",\"position\":2,\"name\":\"Offerta Vacanze a Fano al Siri Hotel\"}]},{\"@type\":\"WebSite\",\"@id\":\"https:\/\/www.article-marketing.eu\/comunicati\/#website\",\"url\":\"https:\/\/www.article-marketing.eu\/comunicati\/\",\"name\":\"Article Marketing\",\"description\":\"article marketing &amp; press release\",\"potentialAction\":[{\"@type\":\"SearchAction\",\"target\":{\"@type\":\"EntryPoint\",\"urlTemplate\":\"https:\/\/www.article-marketing.eu\/comunicati\/?s={search_term_string}\"},\"query-input\":{\"@type\":\"PropertyValueSpecification\",\"valueRequired\":true,\"valueName\":\"search_term_string\"}}],\"inLanguage\":\"it-IT\"},{\"@type\":\"Person\",\"@id\":\"https:\/\/www.article-marketing.eu\/comunicati\/#\/schema\/person\/44372e4d4d0fa797b18e03ed1ace9017\",\"name\":\"Redazione Comunicati Stampa\",\"image\":{\"@type\":\"ImageObject\",\"inLanguage\":\"it-IT\",\"@id\":\"https:\/\/www.article-marketing.eu\/comunicati\/#\/schema\/person\/image\/\",\"url\":\"https:\/\/secure.gravatar.com\/avatar\/50e5c6421d3072f42e7ace803501602c60d75233d34e29fd05feb91c8760b792?s=96&d=mm&r=g\",\"contentUrl\":\"https:\/\/secure.gravatar.com\/avatar\/50e5c6421d3072f42e7ace803501602c60d75233d34e29fd05feb91c8760b792?s=96&d=mm&r=g\",\"caption\":\"Redazione Comunicati Stampa\"},\"url\":\"https:\/\/www.article-marketing.eu\/comunicati\/author\/redazione-comunicati-stampa\/\"}]}<\/script>\n<!-- \/ Yoast SEO plugin. -->","yoast_head_json":{"title":"Offerta Vacanze a Fano al Siri Hotel - Article Marketing","robots":{"index":"index","follow":"follow","max-snippet":"max-snippet:-1","max-image-preview":"max-image-preview:large","max-video-preview":"max-video-preview:-1"},"canonical":"https:\/\/www.article-marketing.eu\/comunicati\/viaggi-e-vacanze\/hotels-ed-alberghi\/offerta-vacanze-a-fano-al-siri-hotel\/","og_locale":"it_IT","og_type":"article","og_title":"Offerta Vacanze a Fano al Siri Hotel - Article Marketing","og_description":"Una vacanza all\u2019insegna del mare e del divertimento, Siri Hotel ,a Fano!","og_url":"https:\/\/www.article-marketing.eu\/comunicati\/viaggi-e-vacanze\/hotels-ed-alberghi\/offerta-vacanze-a-fano-al-siri-hotel\/","og_site_name":"Article Marketing","article_published_time":"2010-07-05T14:08:12+00:00","author":"Redazione Comunicati Stampa","twitter_card":"summary_large_image","twitter_misc":{"Scritto da":"Redazione Comunicati Stampa","Tempo di lettura stimato":"3 minuti"},"schema":{"@context":"https:\/\/schema.org","@graph":[{"@type":"Article","@id":"https:\/\/www.article-marketing.eu\/comunicati\/viaggi-e-vacanze\/hotels-ed-alberghi\/offerta-vacanze-a-fano-al-siri-hotel\/#article","isPartOf":{"@id":"https:\/\/www.article-marketing.eu\/comunicati\/viaggi-e-vacanze\/hotels-ed-alberghi\/offerta-vacanze-a-fano-al-siri-hotel\/"},"author":{"name":"Redazione Comunicati Stampa","@id":"https:\/\/www.article-marketing.eu\/comunicati\/#\/schema\/person\/44372e4d4d0fa797b18e03ed1ace9017"},"headline":"Offerta Vacanze a Fano al Siri Hotel","datePublished":"2010-07-05T14:08:12+00:00","mainEntityOfPage":{"@id":"https:\/\/www.article-marketing.eu\/comunicati\/viaggi-e-vacanze\/hotels-ed-alberghi\/offerta-vacanze-a-fano-al-siri-hotel\/"},"wordCount":599,"commentCount":0,"keywords":["hotel fano","Hotel Fano Mare","Vacanze Fano"],"articleSection":["Hotels ed alberghi"],"inLanguage":"it-IT","potentialAction":[{"@type":"CommentAction","name":"Comment","target":["https:\/\/www.article-marketing.eu\/comunicati\/viaggi-e-vacanze\/hotels-ed-alberghi\/offerta-vacanze-a-fano-al-siri-hotel\/#respond"]}]},{"@type":"WebPage","@id":"https:\/\/www.article-marketing.eu\/comunicati\/viaggi-e-vacanze\/hotels-ed-alberghi\/offerta-vacanze-a-fano-al-siri-hotel\/","url":"https:\/\/www.article-marketing.eu\/comunicati\/viaggi-e-vacanze\/hotels-ed-alberghi\/offerta-vacanze-a-fano-al-siri-hotel\/","name":"Offerta Vacanze a Fano al Siri Hotel - Article Marketing","isPartOf":{"@id":"https:\/\/www.article-marketing.eu\/comunicati\/#website"},"datePublished":"2010-07-05T14:08:12+00:00","author":{"@id":"https:\/\/www.article-marketing.eu\/comunicati\/#\/schema\/person\/44372e4d4d0fa797b18e03ed1ace9017"},"breadcrumb":{"@id":"https:\/\/www.article-marketing.eu\/comunicati\/viaggi-e-vacanze\/hotels-ed-alberghi\/offerta-vacanze-a-fano-al-siri-hotel\/#breadcrumb"},"inLanguage":"it-IT","potentialAction":[{"@type":"ReadAction","target":["https:\/\/www.article-marketing.eu\/comunicati\/viaggi-e-vacanze\/hotels-ed-alberghi\/offerta-vacanze-a-fano-al-siri-hotel\/"]}]},{"@type":"BreadcrumbList","@id":"https:\/\/www.article-marketing.eu\/comunicati\/viaggi-e-vacanze\/hotels-ed-alberghi\/offerta-vacanze-a-fano-al-siri-hotel\/#breadcrumb","itemListElement":[{"@type":"ListItem","position":1,"name":"Home","item":"https:\/\/www.article-marketing.eu\/comunicati\/"},{"@type":"ListItem","position":2,"name":"Offerta Vacanze a Fano al Siri Hotel"}]},{"@type":"WebSite","@id":"https:\/\/www.article-marketing.eu\/comunicati\/#website","url":"https:\/\/www.article-marketing.eu\/comunicati\/","name":"Article Marketing","description":"article marketing &amp; press release","potentialAction":[{"@type":"SearchAction","target":{"@type":"EntryPoint","urlTemplate":"https:\/\/www.article-marketing.eu\/comunicati\/?s={search_term_string}"},"query-input":{"@type":"PropertyValueSpecification","valueRequired":true,"valueName":"search_term_string"}}],"inLanguage":"it-IT"},{"@type":"Person","@id":"https:\/\/www.article-marketing.eu\/comunicati\/#\/schema\/person\/44372e4d4d0fa797b18e03ed1ace9017","name":"Redazione Comunicati Stampa","image":{"@type":"ImageObject","inLanguage":"it-IT","@id":"https:\/\/www.article-marketing.eu\/comunicati\/#\/schema\/person\/image\/","url":"https:\/\/secure.gravatar.com\/avatar\/50e5c6421d3072f42e7ace803501602c60d75233d34e29fd05feb91c8760b792?s=96&d=mm&r=g","contentUrl":"https:\/\/secure.gravatar.com\/avatar\/50e5c6421d3072f42e7ace803501602c60d75233d34e29fd05feb91c8760b792?s=96&d=mm&r=g","caption":"Redazione Comunicati Stampa"},"url":"https:\/\/www.article-marketing.eu\/comunicati\/author\/redazione-comunicati-stampa\/"}]}},"_links":{"self":[{"href":"https:\/\/www.article-marketing.eu\/comunicati\/wp-json\/wp\/v2\/posts\/5697","targetHints":{"allow":["GET"]}}],"collection":[{"href":"https:\/\/www.article-marketing.eu\/comunicati\/wp-json\/wp\/v2\/posts"}],"about":[{"href":"https:\/\/www.article-marketing.eu\/comunicati\/wp-json\/wp\/v2\/types\/post"}],"author":[{"embeddable":true,"href":"https:\/\/www.article-marketing.eu\/comunicati\/wp-json\/wp\/v2\/users\/10"}],"replies":[{"embeddable":true,"href":"https:\/\/www.article-marketing.eu\/comunicati\/wp-json\/wp\/v2\/comments?post=5697"}],"version-history":[{"count":0,"href":"https:\/\/www.article-marketing.eu\/comunicati\/wp-json\/wp\/v2\/posts\/5697\/revisions"}],"wp:attachment":[{"href":"https:\/\/www.article-marketing.eu\/comunicati\/wp-json\/wp\/v2\/media?parent=5697"}],"wp:term":[{"taxonomy":"category","embeddable":true,"href":"https:\/\/www.article-marketing.eu\/comunicati\/wp-json\/wp\/v2\/categories?post=5697"},{"taxonomy":"post_tag","embeddable":true,"href":"https:\/\/www.article-marketing.eu\/comunicati\/wp-json\/wp\/v2\/tags?post=5697"}],"curies":[{"name":"wp","href":"https:\/\/api.w.org\/{rel}","templated":true}]}}