{"id":5699,"date":"2010-07-05T17:00:59","date_gmt":"2010-07-05T15:00:59","guid":{"rendered":"http:\/\/www.article-marketing.eu\/comunicati\/senza-categoria\/vacanze-in-sicilia-marina-di-ragusa\/"},"modified":"2018-07-10T04:55:04","modified_gmt":"2018-07-10T02:55:04","slug":"vacanze-in-sicilia-marina-di-ragusa","status":"publish","type":"post","link":"https:\/\/www.article-marketing.eu\/comunicati\/viaggi-e-vacanze\/vacanze-in-sicilia-marina-di-ragusa\/","title":{"rendered":"Vacanze in Sicilia: Marina di Ragusa"},"content":{"rendered":"<p>Grazie ai colori<br \/>\n dei suoi paesaggi, alla ricchezza del patrimonio artistico e culturale<br \/>\ncustodito in tutte le sue citt\u00e0, ad un mare cristallino, e ultimo, ma<br \/>\nnon meno importante, ai suoi vini e prodotti locali, la Sicilia \u00e8 una<br \/>\nfonte inesauribile di cultura, divertimento e relax. Ogni angolo di<br \/>\nSicilia merita una visita, e sia che decidiate di visitare la valle dei<br \/>\nTempi di Agrigento, di dormire<br \/>\n Ragusa o di stendervi sulla spiaggia di Mondello, potete stare<br \/>\ncerti di passare una vacanza indimenticabile.<\/p>\n<p>La Sicilia \u00e8 molto<br \/>\napprezzata sia dai turisti che dalle proprie vacanze si aspettano solo<br \/>\ndi passare qualche giorno di completo relax, rimanendo comodamente<br \/>\nsdraiati sulla battigia per abbronzarsi sotto il sole e facendo dei<br \/>\nrinfrescanti bagni in un mare che pi\u00f9 trasparente non si pu\u00f2 , sia da<br \/>\ncoloro che approfittano delle proprie ferie per andare alla scoperta<br \/>\ndelle meraviglie artistiche che in Italia non mancano di certo.<br \/>\nL\u2019ideale, quando si decide di visitare la Sicilia, sarebbe mischiare<br \/>\nquesti due ideali di vacanze, alternando una visita ai monumenti e ai<br \/>\nluoghi simbolo delle bellissime citt\u00e0 siciliane ad una rilassante<br \/>\ngiornata al mare. Per quanto riguarda le citt\u00e0 da visitare, in Sicilia<br \/>\nc\u2019\u00e8 solo l\u2019imbarazzo della scelta: dal centro storico di Palermo, con<br \/>\nPiazza Pretoria e la Cattedrale, per citare solo due delle attrazioni<br \/>\npi\u00f9 celebri del capoluogo siciliano, a Catania, con i suoi monumenti<br \/>\nbarocchi, la Sicilia \u00e8 veramente una regione da scoprire. E non sono<br \/>\nsolo i grandi centri ad essere apprezzati dai turisti italiani e<br \/>\nstranieri: anche le citt\u00e0 e i centri pi\u00f9 piccoli hanno molto da offrire.<br \/>\n Se volete passare delle vacanze indimenticabili in Sicilia, per<br \/>\nesempio, prenotate un hotel<br \/>\n Marina Ragusa.<\/p>\n<p>Marina di Ragusa \u00e8 un piccolo centro (circa<br \/>\n2.500 abitanti) in provincia di Ragusa, ma nonostante le sue piccole<br \/>\ndimensioni \u00e8 molto conosciuta e apprezzata dai vacanzieri. Nata come un<br \/>\nborgo di pescatori, col passare del tempo Marina di Ragusa \u00e8 diventata<br \/>\ninfatti un importante centro balneare, capace di vedersi assegnare<br \/>\nimportanti riconoscimenti quali la bandiera blu della Fee. E non \u00e8<br \/>\ntutto: secondo yahoo.it e Tripadvisor la spiaggia di Marina di Ragusa si<br \/>\n \u00e8 guadagnata il primo posto nella classifica delle spiagge pi\u00f9 belle<br \/>\nd\u2019Italia, con grande soddisfazione del sindaco della citt\u00e0, Nello<br \/>\nDipasquale, che con questo riconoscimento vede premiati gli sforzi fatti<br \/>\n negli ultimi anni per rendere Marina di Ragusa sempre pi\u00f9 bella ed<br \/>\naccogliente. E a premiare tali sforzi ci sono anche i circa 600.000<br \/>\nturisti che ogni estate decidono di passare le vacanze nella cittadina,<br \/>\nattirati dalle sue spiagge dorate, dai divertimenti che sa offrire e<br \/>\ndalla sua vicinanza a luoghi di grande interesse storico e culturale. E<br \/>\nse decidete di effettuare la vostra prenotazione<br \/>\nhotel Ragusa per Ferragosto avrete anche la fortuna di partecipare<br \/>\nad una serie di eventi particolarmente sentiti da queste parti: fino a<br \/>\nqualche decennio fa il 14 agosto era il giorno dedicato ai<br \/>\nfesteggiamenti per la conclusione dei lavori agricoli, e ancora oggi si<br \/>\nfesteggia, nel giorno di Ferragosto, con un gioco chiamato \u201clegno a<br \/>\nmare\u201d, una lunga processione sul mare, cui partecipano diverse<br \/>\nimbarcazioni, spettacoli teatrali e musicali e gli immancabili fuochi<br \/>\nd\u2019artificio.\n <\/p>\n","protected":false},"excerpt":{"rendered":"<p>Tra le venti regioni del Belpaese, la Sicilia \u00e8 una delle preferite dagli italiani, e non \u00e8 difficile capire perch\u00e9.<\/p>\n","protected":false},"author":10,"featured_media":0,"comment_status":"open","ping_status":"open","sticky":false,"template":"","format":"standard","meta":{"cybocfi_hide_featured_image":"","footnotes":""},"categories":[280],"tags":[15759,15758,15760,2681],"class_list":["post-5699","post","type-post","status-publish","format-standard","hentry","category-viaggi-e-vacanze","tag-hotel-marina-di-ragusa","tag-marina-di-ragusa","tag-prenotazione-ragusa","tag-vacanze-sicilia"],"yoast_head":"<!-- This site is optimized with the Yoast SEO plugin v27.0 - https:\/\/yoast.com\/product\/yoast-seo-wordpress\/ -->\n<title>Vacanze in Sicilia: Marina di Ragusa - Article Marketing<\/title>\n<meta name=\"robots\" content=\"index, follow, max-snippet:-1, max-image-preview:large, max-video-preview:-1\" \/>\n<link rel=\"canonical\" href=\"https:\/\/www.article-marketing.eu\/comunicati\/viaggi-e-vacanze\/vacanze-in-sicilia-marina-di-ragusa\/\" \/>\n<meta property=\"og:locale\" content=\"it_IT\" \/>\n<meta property=\"og:type\" content=\"article\" \/>\n<meta property=\"og:title\" content=\"Vacanze in Sicilia: Marina di Ragusa - Article Marketing\" \/>\n<meta property=\"og:description\" content=\"Tra le venti regioni del Belpaese, la Sicilia \u00e8 una delle preferite dagli italiani, e non \u00e8 difficile capire perch\u00e9.\" \/>\n<meta property=\"og:url\" content=\"https:\/\/www.article-marketing.eu\/comunicati\/viaggi-e-vacanze\/vacanze-in-sicilia-marina-di-ragusa\/\" \/>\n<meta property=\"og:site_name\" content=\"Article Marketing\" \/>\n<meta property=\"article:published_time\" content=\"2010-07-05T15:00:59+00:00\" \/>\n<meta property=\"article:modified_time\" content=\"2018-07-10T02:55:04+00:00\" \/>\n<meta name=\"author\" content=\"Redazione Comunicati Stampa\" \/>\n<meta name=\"twitter:card\" content=\"summary_large_image\" \/>\n<meta name=\"twitter:label1\" content=\"Scritto da\" \/>\n\t<meta name=\"twitter:data1\" content=\"Redazione Comunicati Stampa\" \/>\n\t<meta name=\"twitter:label2\" content=\"Tempo di lettura stimato\" \/>\n\t<meta name=\"twitter:data2\" content=\"3 minuti\" \/>\n<script type=\"application\/ld+json\" class=\"yoast-schema-graph\">{\"@context\":\"https:\/\/schema.org\",\"@graph\":[{\"@type\":\"Article\",\"@id\":\"https:\/\/www.article-marketing.eu\/comunicati\/viaggi-e-vacanze\/vacanze-in-sicilia-marina-di-ragusa\/#article\",\"isPartOf\":{\"@id\":\"https:\/\/www.article-marketing.eu\/comunicati\/viaggi-e-vacanze\/vacanze-in-sicilia-marina-di-ragusa\/\"},\"author\":{\"name\":\"Redazione Comunicati Stampa\",\"@id\":\"https:\/\/www.article-marketing.eu\/comunicati\/#\/schema\/person\/44372e4d4d0fa797b18e03ed1ace9017\"},\"headline\":\"Vacanze in Sicilia: Marina di Ragusa\",\"datePublished\":\"2010-07-05T15:00:59+00:00\",\"dateModified\":\"2018-07-10T02:55:04+00:00\",\"mainEntityOfPage\":{\"@id\":\"https:\/\/www.article-marketing.eu\/comunicati\/viaggi-e-vacanze\/vacanze-in-sicilia-marina-di-ragusa\/\"},\"wordCount\":521,\"commentCount\":0,\"keywords\":[\"hotel Marina di Ragusa\",\"Marina di Ragusa\",\"prenotazione Ragusa\",\"vacanze sicilia\"],\"articleSection\":[\"Viaggi e vacanze\"],\"inLanguage\":\"it-IT\",\"potentialAction\":[{\"@type\":\"CommentAction\",\"name\":\"Comment\",\"target\":[\"https:\/\/www.article-marketing.eu\/comunicati\/viaggi-e-vacanze\/vacanze-in-sicilia-marina-di-ragusa\/#respond\"]}]},{\"@type\":\"WebPage\",\"@id\":\"https:\/\/www.article-marketing.eu\/comunicati\/viaggi-e-vacanze\/vacanze-in-sicilia-marina-di-ragusa\/\",\"url\":\"https:\/\/www.article-marketing.eu\/comunicati\/viaggi-e-vacanze\/vacanze-in-sicilia-marina-di-ragusa\/\",\"name\":\"Vacanze in Sicilia: Marina di Ragusa - Article Marketing\",\"isPartOf\":{\"@id\":\"https:\/\/www.article-marketing.eu\/comunicati\/#website\"},\"datePublished\":\"2010-07-05T15:00:59+00:00\",\"dateModified\":\"2018-07-10T02:55:04+00:00\",\"author\":{\"@id\":\"https:\/\/www.article-marketing.eu\/comunicati\/#\/schema\/person\/44372e4d4d0fa797b18e03ed1ace9017\"},\"breadcrumb\":{\"@id\":\"https:\/\/www.article-marketing.eu\/comunicati\/viaggi-e-vacanze\/vacanze-in-sicilia-marina-di-ragusa\/#breadcrumb\"},\"inLanguage\":\"it-IT\",\"potentialAction\":[{\"@type\":\"ReadAction\",\"target\":[\"https:\/\/www.article-marketing.eu\/comunicati\/viaggi-e-vacanze\/vacanze-in-sicilia-marina-di-ragusa\/\"]}]},{\"@type\":\"BreadcrumbList\",\"@id\":\"https:\/\/www.article-marketing.eu\/comunicati\/viaggi-e-vacanze\/vacanze-in-sicilia-marina-di-ragusa\/#breadcrumb\",\"itemListElement\":[{\"@type\":\"ListItem\",\"position\":1,\"name\":\"Home\",\"item\":\"https:\/\/www.article-marketing.eu\/comunicati\/\"},{\"@type\":\"ListItem\",\"position\":2,\"name\":\"Vacanze in Sicilia: Marina di Ragusa\"}]},{\"@type\":\"WebSite\",\"@id\":\"https:\/\/www.article-marketing.eu\/comunicati\/#website\",\"url\":\"https:\/\/www.article-marketing.eu\/comunicati\/\",\"name\":\"Article Marketing\",\"description\":\"article marketing &amp; press release\",\"potentialAction\":[{\"@type\":\"SearchAction\",\"target\":{\"@type\":\"EntryPoint\",\"urlTemplate\":\"https:\/\/www.article-marketing.eu\/comunicati\/?s={search_term_string}\"},\"query-input\":{\"@type\":\"PropertyValueSpecification\",\"valueRequired\":true,\"valueName\":\"search_term_string\"}}],\"inLanguage\":\"it-IT\"},{\"@type\":\"Person\",\"@id\":\"https:\/\/www.article-marketing.eu\/comunicati\/#\/schema\/person\/44372e4d4d0fa797b18e03ed1ace9017\",\"name\":\"Redazione Comunicati Stampa\",\"image\":{\"@type\":\"ImageObject\",\"inLanguage\":\"it-IT\",\"@id\":\"https:\/\/www.article-marketing.eu\/comunicati\/#\/schema\/person\/image\/\",\"url\":\"https:\/\/secure.gravatar.com\/avatar\/50e5c6421d3072f42e7ace803501602c60d75233d34e29fd05feb91c8760b792?s=96&d=mm&r=g\",\"contentUrl\":\"https:\/\/secure.gravatar.com\/avatar\/50e5c6421d3072f42e7ace803501602c60d75233d34e29fd05feb91c8760b792?s=96&d=mm&r=g\",\"caption\":\"Redazione Comunicati Stampa\"},\"url\":\"https:\/\/www.article-marketing.eu\/comunicati\/author\/redazione-comunicati-stampa\/\"}]}<\/script>\n<!-- \/ Yoast SEO plugin. -->","yoast_head_json":{"title":"Vacanze in Sicilia: Marina di Ragusa - Article Marketing","robots":{"index":"index","follow":"follow","max-snippet":"max-snippet:-1","max-image-preview":"max-image-preview:large","max-video-preview":"max-video-preview:-1"},"canonical":"https:\/\/www.article-marketing.eu\/comunicati\/viaggi-e-vacanze\/vacanze-in-sicilia-marina-di-ragusa\/","og_locale":"it_IT","og_type":"article","og_title":"Vacanze in Sicilia: Marina di Ragusa - Article Marketing","og_description":"Tra le venti regioni del Belpaese, la Sicilia \u00e8 una delle preferite dagli italiani, e non \u00e8 difficile capire perch\u00e9.","og_url":"https:\/\/www.article-marketing.eu\/comunicati\/viaggi-e-vacanze\/vacanze-in-sicilia-marina-di-ragusa\/","og_site_name":"Article Marketing","article_published_time":"2010-07-05T15:00:59+00:00","article_modified_time":"2018-07-10T02:55:04+00:00","author":"Redazione Comunicati Stampa","twitter_card":"summary_large_image","twitter_misc":{"Scritto da":"Redazione Comunicati Stampa","Tempo di lettura stimato":"3 minuti"},"schema":{"@context":"https:\/\/schema.org","@graph":[{"@type":"Article","@id":"https:\/\/www.article-marketing.eu\/comunicati\/viaggi-e-vacanze\/vacanze-in-sicilia-marina-di-ragusa\/#article","isPartOf":{"@id":"https:\/\/www.article-marketing.eu\/comunicati\/viaggi-e-vacanze\/vacanze-in-sicilia-marina-di-ragusa\/"},"author":{"name":"Redazione Comunicati Stampa","@id":"https:\/\/www.article-marketing.eu\/comunicati\/#\/schema\/person\/44372e4d4d0fa797b18e03ed1ace9017"},"headline":"Vacanze in Sicilia: Marina di Ragusa","datePublished":"2010-07-05T15:00:59+00:00","dateModified":"2018-07-10T02:55:04+00:00","mainEntityOfPage":{"@id":"https:\/\/www.article-marketing.eu\/comunicati\/viaggi-e-vacanze\/vacanze-in-sicilia-marina-di-ragusa\/"},"wordCount":521,"commentCount":0,"keywords":["hotel Marina di Ragusa","Marina di Ragusa","prenotazione Ragusa","vacanze sicilia"],"articleSection":["Viaggi e vacanze"],"inLanguage":"it-IT","potentialAction":[{"@type":"CommentAction","name":"Comment","target":["https:\/\/www.article-marketing.eu\/comunicati\/viaggi-e-vacanze\/vacanze-in-sicilia-marina-di-ragusa\/#respond"]}]},{"@type":"WebPage","@id":"https:\/\/www.article-marketing.eu\/comunicati\/viaggi-e-vacanze\/vacanze-in-sicilia-marina-di-ragusa\/","url":"https:\/\/www.article-marketing.eu\/comunicati\/viaggi-e-vacanze\/vacanze-in-sicilia-marina-di-ragusa\/","name":"Vacanze in Sicilia: Marina di Ragusa - Article Marketing","isPartOf":{"@id":"https:\/\/www.article-marketing.eu\/comunicati\/#website"},"datePublished":"2010-07-05T15:00:59+00:00","dateModified":"2018-07-10T02:55:04+00:00","author":{"@id":"https:\/\/www.article-marketing.eu\/comunicati\/#\/schema\/person\/44372e4d4d0fa797b18e03ed1ace9017"},"breadcrumb":{"@id":"https:\/\/www.article-marketing.eu\/comunicati\/viaggi-e-vacanze\/vacanze-in-sicilia-marina-di-ragusa\/#breadcrumb"},"inLanguage":"it-IT","potentialAction":[{"@type":"ReadAction","target":["https:\/\/www.article-marketing.eu\/comunicati\/viaggi-e-vacanze\/vacanze-in-sicilia-marina-di-ragusa\/"]}]},{"@type":"BreadcrumbList","@id":"https:\/\/www.article-marketing.eu\/comunicati\/viaggi-e-vacanze\/vacanze-in-sicilia-marina-di-ragusa\/#breadcrumb","itemListElement":[{"@type":"ListItem","position":1,"name":"Home","item":"https:\/\/www.article-marketing.eu\/comunicati\/"},{"@type":"ListItem","position":2,"name":"Vacanze in Sicilia: Marina di Ragusa"}]},{"@type":"WebSite","@id":"https:\/\/www.article-marketing.eu\/comunicati\/#website","url":"https:\/\/www.article-marketing.eu\/comunicati\/","name":"Article Marketing","description":"article marketing &amp; press release","potentialAction":[{"@type":"SearchAction","target":{"@type":"EntryPoint","urlTemplate":"https:\/\/www.article-marketing.eu\/comunicati\/?s={search_term_string}"},"query-input":{"@type":"PropertyValueSpecification","valueRequired":true,"valueName":"search_term_string"}}],"inLanguage":"it-IT"},{"@type":"Person","@id":"https:\/\/www.article-marketing.eu\/comunicati\/#\/schema\/person\/44372e4d4d0fa797b18e03ed1ace9017","name":"Redazione Comunicati Stampa","image":{"@type":"ImageObject","inLanguage":"it-IT","@id":"https:\/\/www.article-marketing.eu\/comunicati\/#\/schema\/person\/image\/","url":"https:\/\/secure.gravatar.com\/avatar\/50e5c6421d3072f42e7ace803501602c60d75233d34e29fd05feb91c8760b792?s=96&d=mm&r=g","contentUrl":"https:\/\/secure.gravatar.com\/avatar\/50e5c6421d3072f42e7ace803501602c60d75233d34e29fd05feb91c8760b792?s=96&d=mm&r=g","caption":"Redazione Comunicati Stampa"},"url":"https:\/\/www.article-marketing.eu\/comunicati\/author\/redazione-comunicati-stampa\/"}]}},"_links":{"self":[{"href":"https:\/\/www.article-marketing.eu\/comunicati\/wp-json\/wp\/v2\/posts\/5699","targetHints":{"allow":["GET"]}}],"collection":[{"href":"https:\/\/www.article-marketing.eu\/comunicati\/wp-json\/wp\/v2\/posts"}],"about":[{"href":"https:\/\/www.article-marketing.eu\/comunicati\/wp-json\/wp\/v2\/types\/post"}],"author":[{"embeddable":true,"href":"https:\/\/www.article-marketing.eu\/comunicati\/wp-json\/wp\/v2\/users\/10"}],"replies":[{"embeddable":true,"href":"https:\/\/www.article-marketing.eu\/comunicati\/wp-json\/wp\/v2\/comments?post=5699"}],"version-history":[{"count":2,"href":"https:\/\/www.article-marketing.eu\/comunicati\/wp-json\/wp\/v2\/posts\/5699\/revisions"}],"predecessor-version":[{"id":60232,"href":"https:\/\/www.article-marketing.eu\/comunicati\/wp-json\/wp\/v2\/posts\/5699\/revisions\/60232"}],"wp:attachment":[{"href":"https:\/\/www.article-marketing.eu\/comunicati\/wp-json\/wp\/v2\/media?parent=5699"}],"wp:term":[{"taxonomy":"category","embeddable":true,"href":"https:\/\/www.article-marketing.eu\/comunicati\/wp-json\/wp\/v2\/categories?post=5699"},{"taxonomy":"post_tag","embeddable":true,"href":"https:\/\/www.article-marketing.eu\/comunicati\/wp-json\/wp\/v2\/tags?post=5699"}],"curies":[{"name":"wp","href":"https:\/\/api.w.org\/{rel}","templated":true}]}}