{"id":570,"date":"2008-08-04T16:18:12","date_gmt":"2008-08-04T14:18:12","guid":{"rendered":"http:\/\/www.article-marketing.eu\/comunicati\/senza-categoria\/quale-sar%e0-il-tormentone-dellestate-2008\/"},"modified":"2008-08-04T16:18:12","modified_gmt":"2008-08-04T14:18:12","slug":"quale-sar%e0-il-tormentone-dellestate-2008","status":"publish","type":"post","link":"https:\/\/www.article-marketing.eu\/comunicati\/telecomunicazioni\/telefonia-mobile\/quale-sar%e0-il-tormentone-dellestate-2008\/","title":{"rendered":"Quale sar\u00e0 il tormentone dell&#8217;estate 2008"},"content":{"rendered":"<p>In questa calda estate 2008 quale sar\u00e0 il brano che vincer\u00e0 la palma di tormentone??<\/p>\n<p>Ma prima di tutto cos&#8217;\u00e8 un tormentone estivo? Prendo la definizione che da Wikipedia<br \/>\n&#8220;Prende il nome di tormentone estivo quella canzone commerciale che ha pi\u00f9 impatto mediatico nella societ\u00e0 durante i mesi estivi. Si tratta di canzoni con ritornelli orecchiabili, facilmente ballabili, e che sono le pi\u00f9 ascoltate attraverso tutti i mezzi di comunicazione, come la radio e la televisione, i bar e le discoteche. Non esiste nessun organismo che le definisce ufficialmente; i tormentoni estivi sono denominati tali dai mezzi di comunicazione.&#8221;<\/p>\n<p>Ebbene quali sono le canzoni che rispettano questa definizione che mi sembra abbastanza azzeccatta?<\/p>\n<p>Canticchiare <a href=\"http:\/\/blog.suonerie-free.com\/70\/suoneria-non-ti-scordar-mai-di-me-di-giusy-ferreri-da-x-factor\/\">\u201cNon ti scordar mai di me\u201d<\/a> e ballare sulle note di \u201cBadabum Cha Cha\u201d. Sembra essere questa la tendenza musicale dell\u2019estate 2008. Il toto-tormentone \u00e8 partito ormai da settimane ma ora che \u00e8 iniziato il mese delle vacanze per antonomasia, si comincia a delineare un primo dato incontrovertibile: i due candidati principali al ruolo di \u201ccanzone dell\u2019estate\u201d sono i brani di Giusy Ferreri e Marracash.<\/p>\n<p>I dati del music control (il numero dei passaggi radiofonici di una canzone) come quelli delle vendite lasciano poco spazio all\u2019interpretazione: l\u2019ex cassiera di supermercato Giusy Ferreri, novella Amy Winehouse d\u2019Italia, non ha rivali. \u00c8 il suo \u201cNon ti scordar mai di me\u201d a candidarsi dal punto di vista commerciale al primo posto tra i tormentoni estivi, visto che \u00e8 il pi\u00f9 scaricato da internet e il pi\u00f9 trasmesso delle radio, che in questo periodo tengono compagnia ai vacanzieri tanto nelle auto quanto dagli altoparlanti degli stabilimenti balneari.<\/p>\n<p>Ma quando la battaglia si sposta nelle tante discoteche all\u2019aperto sparse nella penisola, allora il ritmo di \u201cBadabum Cha Cha\u201d di Marracash ha naturalmente la meglio sulla pi\u00f9 lenta melodia di \u201cNon ti scordar mai di me\u201d, brano scritto per la Ferreri da Tiziano Ferro. Ferreri e Marracash, accomunati da un improvviso quanto inaspettato exploit, per\u00f2 non sono affatto soli, ma circondati da colleghi ben pi\u00f9 celebri. Nei passaggi radiofonici, la vincitrice morale di \u201cX Factor\u2019\u201d, \u00e8 seguita negli ultimi rilevamenti da \u201cIl centro del mondo\u201d di Ligabue, \u201cViva la vida\u201d dei Coldplay, \u201cAmerican boy\u201d di Estelle e Kanye West e \u201cSweet about me\u201d di Gabriella Cilmi.<\/p>\n<p>Vanno forte in radio anche \u201cA te\u201d di Jovanotti, \u201cGive it 2 me\u201d di Madonna, \u201cShut up and let me go\u201d dei The Ting Tings, \u201cDicono di me\u201d di Cesare Cremonini, \u201cUnderneath\u201d di Alanis Morissette, \u201cI\u2019ll be lovin\u2019 U long time\u201d di Mariah Carey. Sondaggi pi\u00f9 o meno artigianali che tastano il polso del consumo di musica \u201con the beach\u201d e del \u201cdance floor\u201d mettono per\u00f2 in lizza anche altri brani. Qui, dietro a \u2019Badabum Cha Ch\u00e0, ed alle pi\u00f9 ritmate tra le canzoni gi\u00e0 citate, si fanno largo anche \u2019\u00ccm yours\u2019 di Jason Mraz, \u201cMezzo pieno e mezzo vuoto\u201d di Max Pezzali, \u201cNo stress\u201d di Laurent Wolf e \u201cFascination\u201d di Alphabeat.<\/p>\n<p>Ma resistono anche alcune delle canzoni uscite ben prima dell\u2019estate come \u201cBetter in time\u201d di Leona Lewis, \u201cIn Italia\u201d di Fabri Fibra (che duetta con Gianna Nannini), \u201cTutti i colori della mia vita\u201d di Zucchero, \u201cGioca con me\u201d di Vasco Rossi, \u201cLove is noise\u201d dei Verve, \u201cMercy\u201d di Duffy,\u201dStop and Stare\u201d dei One Republic e \u201cVia le mani dagli occhi\u201d dei Negramaro.<\/p>\n<p>\u00c8 invece di pochi giorni fa l\u2019arrivo dell\u2019outsider che potrebbe contendersi con i due favoriti il ruolo di tormentone. \u00c8 \u201cAll summer long\u201d ed \u00e8 opera di Kid Rock, rocker statunitense che vanta un matrimonio con Pamela Anderson, un arresto per rissa in un ristorante di Atlanta e numerose provocazioni (\u00abScaricate senza problemi dalla rete, rubate pure la musica, anzi rubate tutto quello che potete, tanto chi subisce i furti \u00e8 gi\u00e0 ricco e non ne patir\u00e0\u00bb, \u00e8 una delle sue recenti uscite). Il brano \u00e8 una rivisitazione, neanche troppo velata, del famosissimo \u201cSweet Home Alabama\u201d dei Lynyrd Skynyrd. Il pezzo, orecchiabile e rock, potrebbe insidiare il primato di \u201cBadabum Cha Cha\u201d.<\/p>\n<p>Ma l\u2019estate del 2008 potrebbe passare alla storia anche per il successo che sta riscuotendo su You Tube dal 2 giugno, giorno della Festa della Repubblica, un genere di tormentone musicale finora poco battuto, quello militare.<\/p>\n<p>Accade dal giorno della parata ai Fori Imperiali, infatti, che i video di \u201cDimonios\u201d, l\u2019inno della Brigata Sassari, riversato su internet in pi\u00f9 versioni, sia cliccatissimo. I militari marciano e cantano, naturalmente in sardo e accompagnati dalla fanfara, l\u2019inno che ricorda le gesta eroica dei \u00abDiavoli Rossi\u00bb e dei loro nemici sconfitti, dal Piave alla Croazia: \u00abChina su fronte, si ses sezzidu pesa\/Ch\u2019es passende sa Brigada tattaresa\/Semus istiga de cudd\u2019antica zente ch\u2019\u00e0 s\u2019innimigu frimmaiat su coro\u00bb per concludersi con \u00abForza Paris\u00bb.<\/p>\n","protected":false},"excerpt":{"rendered":"<p>Quale sar\u00e0 il tormentone estivo del 2008? Tra Marracash, Fabri Fibra, Giusy Ferreri e gli altri?<\/p>\n","protected":false},"author":10,"featured_media":0,"comment_status":"open","ping_status":"open","sticky":false,"template":"","format":"standard","meta":{"cybocfi_hide_featured_image":"","footnotes":""},"categories":[256],"tags":[2007,2008],"class_list":["post-570","post","type-post","status-publish","format-standard","hentry","category-telefonia-mobile","tag-suonerie","tag-tormenone-estate"],"yoast_head":"<!-- This site is optimized with the Yoast SEO plugin v27.0 - https:\/\/yoast.com\/product\/yoast-seo-wordpress\/ -->\n<title>Quale sar\u00e0 il tormentone dell&#039;estate 2008 - Article Marketing<\/title>\n<meta name=\"robots\" content=\"index, follow, max-snippet:-1, max-image-preview:large, max-video-preview:-1\" \/>\n<link rel=\"canonical\" href=\"https:\/\/www.article-marketing.eu\/comunicati\/telecomunicazioni\/telefonia-mobile\/quale-sar?-il-tormentone-dellestate-2008\/\" \/>\n<meta property=\"og:locale\" content=\"it_IT\" \/>\n<meta property=\"og:type\" content=\"article\" \/>\n<meta property=\"og:title\" content=\"Quale sar\u00e0 il tormentone dell&#039;estate 2008 - Article Marketing\" \/>\n<meta property=\"og:description\" content=\"Quale sar\u00e0 il tormentone estivo del 2008? Tra Marracash, Fabri Fibra, Giusy Ferreri e gli altri?\" \/>\n<meta property=\"og:url\" content=\"\" \/>\n<meta property=\"og:site_name\" content=\"Article Marketing\" \/>\n<meta property=\"article:published_time\" content=\"2008-08-04T14:18:12+00:00\" \/>\n<meta name=\"author\" content=\"Redazione Comunicati Stampa\" \/>\n<meta name=\"twitter:card\" content=\"summary_large_image\" \/>\n<meta name=\"twitter:label1\" content=\"Scritto da\" \/>\n\t<meta name=\"twitter:data1\" content=\"Redazione Comunicati Stampa\" \/>\n\t<meta name=\"twitter:label2\" content=\"Tempo di lettura stimato\" \/>\n\t<meta name=\"twitter:data2\" content=\"4 minuti\" \/>\n<script type=\"application\/ld+json\" class=\"yoast-schema-graph\">{\"@context\":\"https:\/\/schema.org\",\"@graph\":[{\"@type\":\"Article\",\"@id\":\"https:\/\/www.article-marketing.eu\/comunicati\/telecomunicazioni\/telefonia-mobile\/quale-sar%e0-il-tormentone-dellestate-2008\/#article\",\"isPartOf\":{\"@id\":\"https:\/\/www.article-marketing.eu\/comunicati\/telecomunicazioni\/telefonia-mobile\/quale-sar%e0-il-tormentone-dellestate-2008\/\"},\"author\":{\"name\":\"Redazione Comunicati Stampa\",\"@id\":\"https:\/\/www.article-marketing.eu\/comunicati\/#\/schema\/person\/44372e4d4d0fa797b18e03ed1ace9017\"},\"headline\":\"Quale sar\u00e0 il tormentone dell&#8217;estate 2008\",\"datePublished\":\"2008-08-04T14:18:12+00:00\",\"mainEntityOfPage\":{\"@id\":\"https:\/\/www.article-marketing.eu\/comunicati\/telecomunicazioni\/telefonia-mobile\/quale-sar%e0-il-tormentone-dellestate-2008\/\"},\"wordCount\":785,\"commentCount\":0,\"keywords\":[\"suonerie\",\"tormenone estate\"],\"articleSection\":[\"Telefonia Mobile\"],\"inLanguage\":\"it-IT\",\"potentialAction\":[{\"@type\":\"CommentAction\",\"name\":\"Comment\",\"target\":[\"https:\/\/www.article-marketing.eu\/comunicati\/telecomunicazioni\/telefonia-mobile\/quale-sar%e0-il-tormentone-dellestate-2008\/#respond\"]}]},{\"@type\":\"WebPage\",\"@id\":\"https:\/\/www.article-marketing.eu\/comunicati\/telecomunicazioni\/telefonia-mobile\/quale-sar%e0-il-tormentone-dellestate-2008\/\",\"url\":\"https:\/\/www.article-marketing.eu\/comunicati\/telecomunicazioni\/telefonia-mobile\/quale-sar%e0-il-tormentone-dellestate-2008\/\",\"name\":\"Quale sar\u00e0 il tormentone dell'estate 2008 - Article Marketing\",\"isPartOf\":{\"@id\":\"https:\/\/www.article-marketing.eu\/comunicati\/#website\"},\"datePublished\":\"2008-08-04T14:18:12+00:00\",\"author\":{\"@id\":\"https:\/\/www.article-marketing.eu\/comunicati\/#\/schema\/person\/44372e4d4d0fa797b18e03ed1ace9017\"},\"breadcrumb\":{\"@id\":\"https:\/\/www.article-marketing.eu\/comunicati\/telecomunicazioni\/telefonia-mobile\/quale-sar%e0-il-tormentone-dellestate-2008\/#breadcrumb\"},\"inLanguage\":\"it-IT\",\"potentialAction\":[{\"@type\":\"ReadAction\",\"target\":[\"https:\/\/www.article-marketing.eu\/comunicati\/telecomunicazioni\/telefonia-mobile\/quale-sar%e0-il-tormentone-dellestate-2008\/\"]}]},{\"@type\":\"BreadcrumbList\",\"@id\":\"https:\/\/www.article-marketing.eu\/comunicati\/telecomunicazioni\/telefonia-mobile\/quale-sar%e0-il-tormentone-dellestate-2008\/#breadcrumb\",\"itemListElement\":[{\"@type\":\"ListItem\",\"position\":1,\"name\":\"Home\",\"item\":\"https:\/\/www.article-marketing.eu\/comunicati\/\"},{\"@type\":\"ListItem\",\"position\":2,\"name\":\"Quale sar\u00e0 il tormentone dell&#8217;estate 2008\"}]},{\"@type\":\"WebSite\",\"@id\":\"https:\/\/www.article-marketing.eu\/comunicati\/#website\",\"url\":\"https:\/\/www.article-marketing.eu\/comunicati\/\",\"name\":\"Article Marketing\",\"description\":\"article marketing &amp; press release\",\"potentialAction\":[{\"@type\":\"SearchAction\",\"target\":{\"@type\":\"EntryPoint\",\"urlTemplate\":\"https:\/\/www.article-marketing.eu\/comunicati\/?s={search_term_string}\"},\"query-input\":{\"@type\":\"PropertyValueSpecification\",\"valueRequired\":true,\"valueName\":\"search_term_string\"}}],\"inLanguage\":\"it-IT\"},{\"@type\":\"Person\",\"@id\":\"https:\/\/www.article-marketing.eu\/comunicati\/#\/schema\/person\/44372e4d4d0fa797b18e03ed1ace9017\",\"name\":\"Redazione Comunicati Stampa\",\"image\":{\"@type\":\"ImageObject\",\"inLanguage\":\"it-IT\",\"@id\":\"https:\/\/www.article-marketing.eu\/comunicati\/#\/schema\/person\/image\/\",\"url\":\"https:\/\/secure.gravatar.com\/avatar\/50e5c6421d3072f42e7ace803501602c60d75233d34e29fd05feb91c8760b792?s=96&d=mm&r=g\",\"contentUrl\":\"https:\/\/secure.gravatar.com\/avatar\/50e5c6421d3072f42e7ace803501602c60d75233d34e29fd05feb91c8760b792?s=96&d=mm&r=g\",\"caption\":\"Redazione Comunicati Stampa\"},\"url\":\"https:\/\/www.article-marketing.eu\/comunicati\/author\/redazione-comunicati-stampa\/\"}]}<\/script>\n<!-- \/ Yoast SEO plugin. -->","yoast_head_json":{"title":"Quale sar\u00e0 il tormentone dell'estate 2008 - Article Marketing","robots":{"index":"index","follow":"follow","max-snippet":"max-snippet:-1","max-image-preview":"max-image-preview:large","max-video-preview":"max-video-preview:-1"},"canonical":"https:\/\/www.article-marketing.eu\/comunicati\/telecomunicazioni\/telefonia-mobile\/quale-sar?-il-tormentone-dellestate-2008\/","og_locale":"it_IT","og_type":"article","og_title":"Quale sar\u00e0 il tormentone dell'estate 2008 - Article Marketing","og_description":"Quale sar\u00e0 il tormentone estivo del 2008? Tra Marracash, Fabri Fibra, Giusy Ferreri e gli altri?","og_url":"https:\/\/www.article-marketing.eu\/comunicati\/telecomunicazioni\/telefonia-mobile\/quale-sar?-il-tormentone-dellestate-2008\/","og_site_name":"Article Marketing","article_published_time":"2008-08-04T14:18:12+00:00","author":"Redazione Comunicati Stampa","twitter_card":"summary_large_image","twitter_misc":{"Scritto da":"Redazione Comunicati Stampa","Tempo di lettura stimato":"4 minuti"},"schema":{"@context":"https:\/\/schema.org","@graph":[{"@type":"Article","@id":"https:\/\/www.article-marketing.eu\/comunicati\/telecomunicazioni\/telefonia-mobile\/quale-sar%e0-il-tormentone-dellestate-2008\/#article","isPartOf":{"@id":"https:\/\/www.article-marketing.eu\/comunicati\/telecomunicazioni\/telefonia-mobile\/quale-sar%e0-il-tormentone-dellestate-2008\/"},"author":{"name":"Redazione Comunicati Stampa","@id":"https:\/\/www.article-marketing.eu\/comunicati\/#\/schema\/person\/44372e4d4d0fa797b18e03ed1ace9017"},"headline":"Quale sar\u00e0 il tormentone dell&#8217;estate 2008","datePublished":"2008-08-04T14:18:12+00:00","mainEntityOfPage":{"@id":"https:\/\/www.article-marketing.eu\/comunicati\/telecomunicazioni\/telefonia-mobile\/quale-sar%e0-il-tormentone-dellestate-2008\/"},"wordCount":785,"commentCount":0,"keywords":["suonerie","tormenone estate"],"articleSection":["Telefonia Mobile"],"inLanguage":"it-IT","potentialAction":[{"@type":"CommentAction","name":"Comment","target":["https:\/\/www.article-marketing.eu\/comunicati\/telecomunicazioni\/telefonia-mobile\/quale-sar%e0-il-tormentone-dellestate-2008\/#respond"]}]},{"@type":"WebPage","@id":"https:\/\/www.article-marketing.eu\/comunicati\/telecomunicazioni\/telefonia-mobile\/quale-sar%e0-il-tormentone-dellestate-2008\/","url":"https:\/\/www.article-marketing.eu\/comunicati\/telecomunicazioni\/telefonia-mobile\/quale-sar%e0-il-tormentone-dellestate-2008\/","name":"Quale sar\u00e0 il tormentone dell'estate 2008 - Article Marketing","isPartOf":{"@id":"https:\/\/www.article-marketing.eu\/comunicati\/#website"},"datePublished":"2008-08-04T14:18:12+00:00","author":{"@id":"https:\/\/www.article-marketing.eu\/comunicati\/#\/schema\/person\/44372e4d4d0fa797b18e03ed1ace9017"},"breadcrumb":{"@id":"https:\/\/www.article-marketing.eu\/comunicati\/telecomunicazioni\/telefonia-mobile\/quale-sar%e0-il-tormentone-dellestate-2008\/#breadcrumb"},"inLanguage":"it-IT","potentialAction":[{"@type":"ReadAction","target":["https:\/\/www.article-marketing.eu\/comunicati\/telecomunicazioni\/telefonia-mobile\/quale-sar%e0-il-tormentone-dellestate-2008\/"]}]},{"@type":"BreadcrumbList","@id":"https:\/\/www.article-marketing.eu\/comunicati\/telecomunicazioni\/telefonia-mobile\/quale-sar%e0-il-tormentone-dellestate-2008\/#breadcrumb","itemListElement":[{"@type":"ListItem","position":1,"name":"Home","item":"https:\/\/www.article-marketing.eu\/comunicati\/"},{"@type":"ListItem","position":2,"name":"Quale sar\u00e0 il tormentone dell&#8217;estate 2008"}]},{"@type":"WebSite","@id":"https:\/\/www.article-marketing.eu\/comunicati\/#website","url":"https:\/\/www.article-marketing.eu\/comunicati\/","name":"Article Marketing","description":"article marketing &amp; press release","potentialAction":[{"@type":"SearchAction","target":{"@type":"EntryPoint","urlTemplate":"https:\/\/www.article-marketing.eu\/comunicati\/?s={search_term_string}"},"query-input":{"@type":"PropertyValueSpecification","valueRequired":true,"valueName":"search_term_string"}}],"inLanguage":"it-IT"},{"@type":"Person","@id":"https:\/\/www.article-marketing.eu\/comunicati\/#\/schema\/person\/44372e4d4d0fa797b18e03ed1ace9017","name":"Redazione Comunicati Stampa","image":{"@type":"ImageObject","inLanguage":"it-IT","@id":"https:\/\/www.article-marketing.eu\/comunicati\/#\/schema\/person\/image\/","url":"https:\/\/secure.gravatar.com\/avatar\/50e5c6421d3072f42e7ace803501602c60d75233d34e29fd05feb91c8760b792?s=96&d=mm&r=g","contentUrl":"https:\/\/secure.gravatar.com\/avatar\/50e5c6421d3072f42e7ace803501602c60d75233d34e29fd05feb91c8760b792?s=96&d=mm&r=g","caption":"Redazione Comunicati Stampa"},"url":"https:\/\/www.article-marketing.eu\/comunicati\/author\/redazione-comunicati-stampa\/"}]}},"_links":{"self":[{"href":"https:\/\/www.article-marketing.eu\/comunicati\/wp-json\/wp\/v2\/posts\/570","targetHints":{"allow":["GET"]}}],"collection":[{"href":"https:\/\/www.article-marketing.eu\/comunicati\/wp-json\/wp\/v2\/posts"}],"about":[{"href":"https:\/\/www.article-marketing.eu\/comunicati\/wp-json\/wp\/v2\/types\/post"}],"author":[{"embeddable":true,"href":"https:\/\/www.article-marketing.eu\/comunicati\/wp-json\/wp\/v2\/users\/10"}],"replies":[{"embeddable":true,"href":"https:\/\/www.article-marketing.eu\/comunicati\/wp-json\/wp\/v2\/comments?post=570"}],"version-history":[{"count":0,"href":"https:\/\/www.article-marketing.eu\/comunicati\/wp-json\/wp\/v2\/posts\/570\/revisions"}],"wp:attachment":[{"href":"https:\/\/www.article-marketing.eu\/comunicati\/wp-json\/wp\/v2\/media?parent=570"}],"wp:term":[{"taxonomy":"category","embeddable":true,"href":"https:\/\/www.article-marketing.eu\/comunicati\/wp-json\/wp\/v2\/categories?post=570"},{"taxonomy":"post_tag","embeddable":true,"href":"https:\/\/www.article-marketing.eu\/comunicati\/wp-json\/wp\/v2\/tags?post=570"}],"curies":[{"name":"wp","href":"https:\/\/api.w.org\/{rel}","templated":true}]}}