{"id":572,"date":"2008-08-05T13:47:16","date_gmt":"2008-08-05T11:47:16","guid":{"rendered":"http:\/\/www.article-marketing.eu\/comunicati\/senza-categoria\/meningite-contagiato-un-bambino-a-bologna\/"},"modified":"2008-08-05T13:47:16","modified_gmt":"2008-08-05T11:47:16","slug":"meningite-contagiato-un-bambino-a-bologna","status":"publish","type":"post","link":"https:\/\/www.article-marketing.eu\/comunicati\/salute-e-benessere\/medicina\/meningite-contagiato-un-bambino-a-bologna\/","title":{"rendered":"Meningite, contagiato un bambino a Bologna"},"content":{"rendered":"<p>Trieste, 4 agosto 2008 &#8211; E\u2019 del 1\u00b0 agosto scorso la segnalazione di un altro caso di infezione da <a href=\u201dhttp:\/\/www.eurospital.it\/diagnostici\/index.php?id=251\u201d>meningite<\/a> batterica in Italia, questa volta ai danni di un bimbo di appena cinque mesi ora ricoverato in rianimazione pediatrica all\u2019ospedale Sant\u2019Orsola di Bologna. Il caso del capoluogo emiliano va ad aggiungersi agli altri tre segnalati di recente in Lombardia, che hanno portato al decesso di due dei pazienti coinvolti. Un\u2019estate di particolare virulenza dunque per questa terribile malattia che si manifesta con sintomi comuni quali sepsi, mal di testa, rigidit\u00e0 nucale, febbre alta e pu\u00f2 provocare schock settico, setticemia e ascesso cerebrale. Stando a quanto riportato dall&#8217;Istituto Superiore di Sanit\u00e0, la meningite colpisce ogni anno nel nostro paese circa 200 persone, pari a 3 casi ogni milione di abitanti rispetto ad una media europea di 14, e registra i maggiori picchi di contagio fra l\u2019inverno e la primavera.<br \/>\nMa se la mortalit\u00e0 da meningite \u00e8 del 13 per cento circa dei casi, buone notizie per\u00f2 arrivano dal fronte della diagnosi precoce della meningite, che se condotta in modo tempestivo pu\u00f2 salvare molti pazienti.<br \/>\nE\u2019 infatti in fase di attuazione un nuovo test rapido in grado di individuare in sole tre ore la presenza nel corpo umano di alcuni batteri particolarmente infettivi, fra i quali appunto anche il meningococco, responsabile della meningite fulminante.<br \/>\nGrazie al nuovo test si accorcer\u00e0 drasticamente il tempo necessario per esprimere la diagnosi della malattia, attualmente stabilito in circa tre giorni e si potr\u00e0 procedere in modo pi\u00f9 tempestivo e mirato sia nella cura dei pazienti colpiti dalla malattia che nella profilassi per meningite dei possibili contagiati.<br \/>\nDiversamente dai precedenti, basati sul metodo colturale con esito solo dopo 36 ore e a volte falsamente negativo, il nuovo test rapido \u00e8 basato sulla biologia molecolare ed \u00e8 di rapida esecuzione, alta specificit\u00e0 e sensibilit\u00e0.<br \/>\nIl nuovo test \u00e8 stato messo a punto dall\u2019ospedale Meyer di Firenze in collaborazione con l\u2019universit\u00e0 del capoluogo toscano e, una volta completata la fase progettuale, verr\u00e0 distribuito negli ospedali italiani dalla Eurospital di Trieste,una delle poche realt\u00e0 nazionali impegnate nella diagnostica con una propria ricerca e sviluppo e produttrice, fra l\u2019altro, del  primo test rapido per la celiachia. \u201cSiamo molto onorati della collaborazione con l\u2019ospedale pediatrico Meyer di Firenze, importante centro riconosciuto e stimato in tutto il mondo \u2013 dice Marco Ferrari, direttore della Divisione Diagnostici di Eurospital \u2013 ma anche fiduciosi di essere in grado, entro un breve lasso di tempo, di mettere a disposizione di tutti gli ospedali del nostro Paese un importante risultato frutto esclusivo della ricerca italiana\u201d.<br \/>\nOltre al meningococco responsabile della meningite, il test individua la presenza di altri batteri particolarmente pericolosi per l\u2019uomo come lo pneumococco \u2013 causa di varie patologie come polmonite, pericardite e osteomielite\u2013 e l\u2019haemophilus influenzae (HI), che porta all\u2019uomo gravi infezioni delle vie aeree superiori e inferiori.<\/p>\n","protected":false},"excerpt":{"rendered":"<p>Colpito un bambino di 5 mesi dopo i tre casi segnalati in Lombardia. Buone notizie arrivano per\u00f2 sul fronte della diagnosi precoce di meningite, malattia molto contagiosa e spesso letale: \u00e8 infatti in via di definizione il nuovo test rapido che consentir\u00e0 di individuare la malattia in poche ore dalla comparsa dei primi sintomi di meningite ed avviare cos\u00ec una profilassi tempestiva sui possibili contagiati.<\/p>\n","protected":false},"author":10,"featured_media":0,"comment_status":"open","ping_status":"open","sticky":false,"template":"","format":"standard","meta":{"cybocfi_hide_featured_image":"","footnotes":""},"categories":[70],"tags":[1963,1967,1966,1960,1961,1965,1962,1964],"class_list":["post-572","post","type-post","status-publish","format-standard","hentry","category-medicina","tag-diagnosi-precoce-meningite","tag-febbre-alta","tag-mal-di-testa","tag-meningite","tag-meningite-fulminante","tag-profilassi-meningite","tag-sintomi-meningite","tag-test-rapido-meningite"],"yoast_head":"<!-- This site is optimized with the Yoast SEO plugin v27.0 - https:\/\/yoast.com\/product\/yoast-seo-wordpress\/ -->\n<title>Meningite, contagiato un bambino a Bologna - Article Marketing<\/title>\n<meta name=\"robots\" content=\"index, follow, max-snippet:-1, max-image-preview:large, max-video-preview:-1\" \/>\n<link rel=\"canonical\" href=\"https:\/\/www.article-marketing.eu\/comunicati\/salute-e-benessere\/medicina\/meningite-contagiato-un-bambino-a-bologna\/\" \/>\n<meta property=\"og:locale\" content=\"it_IT\" \/>\n<meta property=\"og:type\" content=\"article\" \/>\n<meta property=\"og:title\" content=\"Meningite, contagiato un bambino a Bologna - Article Marketing\" \/>\n<meta property=\"og:description\" content=\"Colpito un bambino di 5 mesi dopo i tre casi segnalati in Lombardia. Buone notizie arrivano per\u00f2 sul fronte della diagnosi precoce di meningite, malattia molto contagiosa e spesso letale: \u00e8 infatti in via di definizione il nuovo test rapido che consentir\u00e0 di individuare la malattia in poche ore dalla comparsa dei primi sintomi di meningite ed avviare cos\u00ec una profilassi tempestiva sui possibili contagiati.\" \/>\n<meta property=\"og:url\" content=\"https:\/\/www.article-marketing.eu\/comunicati\/salute-e-benessere\/medicina\/meningite-contagiato-un-bambino-a-bologna\/\" \/>\n<meta property=\"og:site_name\" content=\"Article Marketing\" \/>\n<meta property=\"article:published_time\" content=\"2008-08-05T11:47:16+00:00\" \/>\n<meta name=\"author\" content=\"Redazione Comunicati Stampa\" \/>\n<meta name=\"twitter:card\" content=\"summary_large_image\" \/>\n<meta name=\"twitter:label1\" content=\"Scritto da\" \/>\n\t<meta name=\"twitter:data1\" content=\"Redazione Comunicati Stampa\" \/>\n\t<meta name=\"twitter:label2\" content=\"Tempo di lettura stimato\" \/>\n\t<meta name=\"twitter:data2\" content=\"2 minuti\" \/>\n<script type=\"application\/ld+json\" class=\"yoast-schema-graph\">{\"@context\":\"https:\/\/schema.org\",\"@graph\":[{\"@type\":\"Article\",\"@id\":\"https:\/\/www.article-marketing.eu\/comunicati\/salute-e-benessere\/medicina\/meningite-contagiato-un-bambino-a-bologna\/#article\",\"isPartOf\":{\"@id\":\"https:\/\/www.article-marketing.eu\/comunicati\/salute-e-benessere\/medicina\/meningite-contagiato-un-bambino-a-bologna\/\"},\"author\":{\"name\":\"Redazione Comunicati Stampa\",\"@id\":\"https:\/\/www.article-marketing.eu\/comunicati\/#\/schema\/person\/44372e4d4d0fa797b18e03ed1ace9017\"},\"headline\":\"Meningite, contagiato un bambino a Bologna\",\"datePublished\":\"2008-08-05T11:47:16+00:00\",\"mainEntityOfPage\":{\"@id\":\"https:\/\/www.article-marketing.eu\/comunicati\/salute-e-benessere\/medicina\/meningite-contagiato-un-bambino-a-bologna\/\"},\"wordCount\":477,\"commentCount\":0,\"keywords\":[\"diagnosi precoce meningite\",\"febbre alta\",\"mal di testa\",\"meningite\",\"meningite fulminante\",\"profilassi meningite\",\"sintomi meningite\",\"test rapido meningite\"],\"articleSection\":[\"Medicina\"],\"inLanguage\":\"it-IT\",\"potentialAction\":[{\"@type\":\"CommentAction\",\"name\":\"Comment\",\"target\":[\"https:\/\/www.article-marketing.eu\/comunicati\/salute-e-benessere\/medicina\/meningite-contagiato-un-bambino-a-bologna\/#respond\"]}]},{\"@type\":\"WebPage\",\"@id\":\"https:\/\/www.article-marketing.eu\/comunicati\/salute-e-benessere\/medicina\/meningite-contagiato-un-bambino-a-bologna\/\",\"url\":\"https:\/\/www.article-marketing.eu\/comunicati\/salute-e-benessere\/medicina\/meningite-contagiato-un-bambino-a-bologna\/\",\"name\":\"Meningite, contagiato un bambino a Bologna - Article Marketing\",\"isPartOf\":{\"@id\":\"https:\/\/www.article-marketing.eu\/comunicati\/#website\"},\"datePublished\":\"2008-08-05T11:47:16+00:00\",\"author\":{\"@id\":\"https:\/\/www.article-marketing.eu\/comunicati\/#\/schema\/person\/44372e4d4d0fa797b18e03ed1ace9017\"},\"breadcrumb\":{\"@id\":\"https:\/\/www.article-marketing.eu\/comunicati\/salute-e-benessere\/medicina\/meningite-contagiato-un-bambino-a-bologna\/#breadcrumb\"},\"inLanguage\":\"it-IT\",\"potentialAction\":[{\"@type\":\"ReadAction\",\"target\":[\"https:\/\/www.article-marketing.eu\/comunicati\/salute-e-benessere\/medicina\/meningite-contagiato-un-bambino-a-bologna\/\"]}]},{\"@type\":\"BreadcrumbList\",\"@id\":\"https:\/\/www.article-marketing.eu\/comunicati\/salute-e-benessere\/medicina\/meningite-contagiato-un-bambino-a-bologna\/#breadcrumb\",\"itemListElement\":[{\"@type\":\"ListItem\",\"position\":1,\"name\":\"Home\",\"item\":\"https:\/\/www.article-marketing.eu\/comunicati\/\"},{\"@type\":\"ListItem\",\"position\":2,\"name\":\"Meningite, contagiato un bambino a Bologna\"}]},{\"@type\":\"WebSite\",\"@id\":\"https:\/\/www.article-marketing.eu\/comunicati\/#website\",\"url\":\"https:\/\/www.article-marketing.eu\/comunicati\/\",\"name\":\"Article Marketing\",\"description\":\"article marketing &amp; press release\",\"potentialAction\":[{\"@type\":\"SearchAction\",\"target\":{\"@type\":\"EntryPoint\",\"urlTemplate\":\"https:\/\/www.article-marketing.eu\/comunicati\/?s={search_term_string}\"},\"query-input\":{\"@type\":\"PropertyValueSpecification\",\"valueRequired\":true,\"valueName\":\"search_term_string\"}}],\"inLanguage\":\"it-IT\"},{\"@type\":\"Person\",\"@id\":\"https:\/\/www.article-marketing.eu\/comunicati\/#\/schema\/person\/44372e4d4d0fa797b18e03ed1ace9017\",\"name\":\"Redazione Comunicati Stampa\",\"image\":{\"@type\":\"ImageObject\",\"inLanguage\":\"it-IT\",\"@id\":\"https:\/\/www.article-marketing.eu\/comunicati\/#\/schema\/person\/image\/\",\"url\":\"https:\/\/secure.gravatar.com\/avatar\/50e5c6421d3072f42e7ace803501602c60d75233d34e29fd05feb91c8760b792?s=96&d=mm&r=g\",\"contentUrl\":\"https:\/\/secure.gravatar.com\/avatar\/50e5c6421d3072f42e7ace803501602c60d75233d34e29fd05feb91c8760b792?s=96&d=mm&r=g\",\"caption\":\"Redazione Comunicati Stampa\"},\"url\":\"https:\/\/www.article-marketing.eu\/comunicati\/author\/redazione-comunicati-stampa\/\"}]}<\/script>\n<!-- \/ Yoast SEO plugin. -->","yoast_head_json":{"title":"Meningite, contagiato un bambino a Bologna - Article Marketing","robots":{"index":"index","follow":"follow","max-snippet":"max-snippet:-1","max-image-preview":"max-image-preview:large","max-video-preview":"max-video-preview:-1"},"canonical":"https:\/\/www.article-marketing.eu\/comunicati\/salute-e-benessere\/medicina\/meningite-contagiato-un-bambino-a-bologna\/","og_locale":"it_IT","og_type":"article","og_title":"Meningite, contagiato un bambino a Bologna - Article Marketing","og_description":"Colpito un bambino di 5 mesi dopo i tre casi segnalati in Lombardia. Buone notizie arrivano per\u00f2 sul fronte della diagnosi precoce di meningite, malattia molto contagiosa e spesso letale: \u00e8 infatti in via di definizione il nuovo test rapido che consentir\u00e0 di individuare la malattia in poche ore dalla comparsa dei primi sintomi di meningite ed avviare cos\u00ec una profilassi tempestiva sui possibili contagiati.","og_url":"https:\/\/www.article-marketing.eu\/comunicati\/salute-e-benessere\/medicina\/meningite-contagiato-un-bambino-a-bologna\/","og_site_name":"Article Marketing","article_published_time":"2008-08-05T11:47:16+00:00","author":"Redazione Comunicati Stampa","twitter_card":"summary_large_image","twitter_misc":{"Scritto da":"Redazione Comunicati Stampa","Tempo di lettura stimato":"2 minuti"},"schema":{"@context":"https:\/\/schema.org","@graph":[{"@type":"Article","@id":"https:\/\/www.article-marketing.eu\/comunicati\/salute-e-benessere\/medicina\/meningite-contagiato-un-bambino-a-bologna\/#article","isPartOf":{"@id":"https:\/\/www.article-marketing.eu\/comunicati\/salute-e-benessere\/medicina\/meningite-contagiato-un-bambino-a-bologna\/"},"author":{"name":"Redazione Comunicati Stampa","@id":"https:\/\/www.article-marketing.eu\/comunicati\/#\/schema\/person\/44372e4d4d0fa797b18e03ed1ace9017"},"headline":"Meningite, contagiato un bambino a Bologna","datePublished":"2008-08-05T11:47:16+00:00","mainEntityOfPage":{"@id":"https:\/\/www.article-marketing.eu\/comunicati\/salute-e-benessere\/medicina\/meningite-contagiato-un-bambino-a-bologna\/"},"wordCount":477,"commentCount":0,"keywords":["diagnosi precoce meningite","febbre alta","mal di testa","meningite","meningite fulminante","profilassi meningite","sintomi meningite","test rapido meningite"],"articleSection":["Medicina"],"inLanguage":"it-IT","potentialAction":[{"@type":"CommentAction","name":"Comment","target":["https:\/\/www.article-marketing.eu\/comunicati\/salute-e-benessere\/medicina\/meningite-contagiato-un-bambino-a-bologna\/#respond"]}]},{"@type":"WebPage","@id":"https:\/\/www.article-marketing.eu\/comunicati\/salute-e-benessere\/medicina\/meningite-contagiato-un-bambino-a-bologna\/","url":"https:\/\/www.article-marketing.eu\/comunicati\/salute-e-benessere\/medicina\/meningite-contagiato-un-bambino-a-bologna\/","name":"Meningite, contagiato un bambino a Bologna - Article Marketing","isPartOf":{"@id":"https:\/\/www.article-marketing.eu\/comunicati\/#website"},"datePublished":"2008-08-05T11:47:16+00:00","author":{"@id":"https:\/\/www.article-marketing.eu\/comunicati\/#\/schema\/person\/44372e4d4d0fa797b18e03ed1ace9017"},"breadcrumb":{"@id":"https:\/\/www.article-marketing.eu\/comunicati\/salute-e-benessere\/medicina\/meningite-contagiato-un-bambino-a-bologna\/#breadcrumb"},"inLanguage":"it-IT","potentialAction":[{"@type":"ReadAction","target":["https:\/\/www.article-marketing.eu\/comunicati\/salute-e-benessere\/medicina\/meningite-contagiato-un-bambino-a-bologna\/"]}]},{"@type":"BreadcrumbList","@id":"https:\/\/www.article-marketing.eu\/comunicati\/salute-e-benessere\/medicina\/meningite-contagiato-un-bambino-a-bologna\/#breadcrumb","itemListElement":[{"@type":"ListItem","position":1,"name":"Home","item":"https:\/\/www.article-marketing.eu\/comunicati\/"},{"@type":"ListItem","position":2,"name":"Meningite, contagiato un bambino a Bologna"}]},{"@type":"WebSite","@id":"https:\/\/www.article-marketing.eu\/comunicati\/#website","url":"https:\/\/www.article-marketing.eu\/comunicati\/","name":"Article Marketing","description":"article marketing &amp; press release","potentialAction":[{"@type":"SearchAction","target":{"@type":"EntryPoint","urlTemplate":"https:\/\/www.article-marketing.eu\/comunicati\/?s={search_term_string}"},"query-input":{"@type":"PropertyValueSpecification","valueRequired":true,"valueName":"search_term_string"}}],"inLanguage":"it-IT"},{"@type":"Person","@id":"https:\/\/www.article-marketing.eu\/comunicati\/#\/schema\/person\/44372e4d4d0fa797b18e03ed1ace9017","name":"Redazione Comunicati Stampa","image":{"@type":"ImageObject","inLanguage":"it-IT","@id":"https:\/\/www.article-marketing.eu\/comunicati\/#\/schema\/person\/image\/","url":"https:\/\/secure.gravatar.com\/avatar\/50e5c6421d3072f42e7ace803501602c60d75233d34e29fd05feb91c8760b792?s=96&d=mm&r=g","contentUrl":"https:\/\/secure.gravatar.com\/avatar\/50e5c6421d3072f42e7ace803501602c60d75233d34e29fd05feb91c8760b792?s=96&d=mm&r=g","caption":"Redazione Comunicati Stampa"},"url":"https:\/\/www.article-marketing.eu\/comunicati\/author\/redazione-comunicati-stampa\/"}]}},"_links":{"self":[{"href":"https:\/\/www.article-marketing.eu\/comunicati\/wp-json\/wp\/v2\/posts\/572","targetHints":{"allow":["GET"]}}],"collection":[{"href":"https:\/\/www.article-marketing.eu\/comunicati\/wp-json\/wp\/v2\/posts"}],"about":[{"href":"https:\/\/www.article-marketing.eu\/comunicati\/wp-json\/wp\/v2\/types\/post"}],"author":[{"embeddable":true,"href":"https:\/\/www.article-marketing.eu\/comunicati\/wp-json\/wp\/v2\/users\/10"}],"replies":[{"embeddable":true,"href":"https:\/\/www.article-marketing.eu\/comunicati\/wp-json\/wp\/v2\/comments?post=572"}],"version-history":[{"count":0,"href":"https:\/\/www.article-marketing.eu\/comunicati\/wp-json\/wp\/v2\/posts\/572\/revisions"}],"wp:attachment":[{"href":"https:\/\/www.article-marketing.eu\/comunicati\/wp-json\/wp\/v2\/media?parent=572"}],"wp:term":[{"taxonomy":"category","embeddable":true,"href":"https:\/\/www.article-marketing.eu\/comunicati\/wp-json\/wp\/v2\/categories?post=572"},{"taxonomy":"post_tag","embeddable":true,"href":"https:\/\/www.article-marketing.eu\/comunicati\/wp-json\/wp\/v2\/tags?post=572"}],"curies":[{"name":"wp","href":"https:\/\/api.w.org\/{rel}","templated":true}]}}