{"id":5722,"date":"2010-07-06T16:26:50","date_gmt":"2010-07-06T14:26:50","guid":{"rendered":"http:\/\/www.article-marketing.eu\/comunicati\/senza-categoria\/leuganea-film-festival-2010-ospita-marco-paolini\/"},"modified":"2010-07-06T16:26:50","modified_gmt":"2010-07-06T14:26:50","slug":"leuganea-film-festival-2010-ospita-marco-paolini","status":"publish","type":"post","link":"https:\/\/www.article-marketing.eu\/comunicati\/comunicati-stampa\/eventi\/leuganea-film-festival-2010-ospita-marco-paolini\/","title":{"rendered":"L\u2019Euganea Film Festival 2010 ospita Marco Paolini"},"content":{"rendered":"<p><strong>Euganea Film Festival 2010 &nbsp;&nbsp;&nbsp;<br \/>\n<\/strong><strong>IX edizione &nbsp;dall\u20198 al 25 luglio &nbsp;&nbsp;<br \/>\n<\/strong><strong>ESTE | &nbsp;MONSELICE | &nbsp;COLLI EUGANEI<\/p>\n<p>\n<\/strong><strong>L\u2019Euganea Film Festival 2010 ospita Marco Paolini <br \/>\nVenerd\u00ec 9 luglio a Este (PD), l\u2019attore veneto si esibisce in occasione della nona edizione del festival euganeo con il recital intitolato Bisogna (la pellagra via sms)<\/p>\n<p>\n<\/strong>Per &nbsp;&nbsp;informazioni e immagini &nbsp;&nbsp;&nbsp;www.euganeafilmfestival.it<br \/>\n<strong><br \/>\n<\/strong>COMUNICATO &nbsp;&nbsp;&nbsp;STAMPA<br \/>\n<strong><br \/>\n<\/strong><br \/>\nArriva Marco Paolini all\u2019Euganea Film Festival 2010, nona edizione della manifestazione internazionale dedicata al cortometraggio e al documentario, che dall\u20198 al 25 luglio attraverser\u00e0 il territorio dei Colli Euganei, tra Este, Monselice e Battaglia Terme. Venerd\u00ec 9 luglio 2010 alle ore 21.30, presso il Chiostro di S. Francesco a Este (PD), Marco Paolini porter\u00e0 in scena il recital Bisogna (la pellagra via sms). Il Veneto odierno, tra crisi economica e crisi d\u2019identit\u00e0: di questo parler\u00e0 l\u2019attore nel suo nuovo lavoro. \u201cLa cultura non \u00e8 buon tempo, non sta in una laurea in un cassetto, n\u00e9 su uno scaffale di libri chiusi, non \u00e8 merce per turisti, digestiva o esotica. Non \u00e8 un settore dell\u2019economia, non \u00e8 nemmeno una una tantum come un condono. Allora cos\u2019\u00e8? In Veneto \u00e8 come la campagna, qualcosa di cui ogni tanto ci si sgionfa di ciacole e poi ci si dimentica per fare finanza con i terreni. A curare l\u2019orto, il proprio orto, son bravi tutti, certo, bisogna! Ma non basta mica. Voglio parlare di futuro, di paesaggio e di servit\u00f9 di passaggio.\u201d Lo spettacolo, prodotto da Jolefilm, \u00e8 realizzato dall\u2019associazione culturale Euganea Movie Movement con il contributo del Comune di Este, Assessorato alla Cultura. Marco Paolini, attore, autore e regista, \u00e8 nato a Belluno nel 1956. Dagli anni Settanta al 1994 ha fatto parte di vari gruppi teatrali. \u00c8 in uno di questi, il Teatro Settimo di Torino, che inizia a raccontare storie, nascono gli \u201cAlbum\u201d, i primi episodi di una lunga biografia collettiva che attraversa la storia italiana dagli anni \u201960 ai giorni nostri. Noto al grande pubblico per \u201cIl racconto del Vajont\u201d si distingue quale autore e interprete di narrazioni di forte impatto civile (\u201cI-TIGI racconto per Ustica\u201d, \u201cParlamento chimico\u201d, \u201cIl Sergente\u201d, \u201cBhopal 2 dicembre \u201984\u201d, \u201cU 238\u201d, \u201cMiserabili\u201d) e per la capacit\u00e0 di raccontare il cambiamento della societ\u00e0 attraverso i dialetti e la poesia sviluppata con il ciclo dei \u201cBestiari\u201d. Appassionato di mappe, di treni e di viaggio, traccia i suoi racconti con un\u2019attenzione speciale al paesaggio, al suo mutarsi e alla storia (come nel \u201cMilione\u201d). Artigiano e manutentore del mestiere di raccontare storie, sa portare quest\u2019arte antica al grande pubblico con memorabili dirette televisive. Nel \u201999 fonda Jolefilm, la societ\u00e0 con cui produce tutti i suoi spettacoli e con cui sviluppa la passione per il cinema e il documentario. L&#8217;associazione culturale Euganea Movie Movement (EMM) \u00e8 nata a Monselice nel 2004 allo scopo di valorizzare il territorio dei Colli Euganei attraverso la produzione audiovisiva e l&#8217;organizzazione di manifestazioni a carattere cinematografico.<\/p>\n<p>Biglietto d\u2019ingresso 12 euro In caso di pioggia lo spettacolo verr\u00e0 spostato al PalEste, via Baden Powell, 13<br \/>\nPrevendite: Disco Magazine \u2013 Piazza Maggiore, 3 \u2013 Este Futurama \u2013 Via Garibaldi, 81 \u2013 Monselice \/ Ivan 333 2597409<\/p>\n<p>Per informazioni: Marco 347 2935535 \u2013 www.euganeafilmfestival.it<\/p>\n<p>Ufficio stampa: Studio P.R.P. Alessandra Canella tel. 049.8753166 <u>canella@studiopierrepi.it<br \/>\n<\/u><\/p>\n","protected":false},"excerpt":{"rendered":"<p>L\u2019Euganea Film Festival 2010 ospita Marco Paolini<br \/>\nVenerd\u00ec 9 luglio a Este (PD), l\u2019attore veneto si esibisce in occasione della nona edizione del festival euganeo con il recital intitolato Bisogna (la pellagra via sms)<\/p>\n","protected":false},"author":10,"featured_media":0,"comment_status":"open","ping_status":"open","sticky":false,"template":"","format":"standard","meta":{"cybocfi_hide_featured_image":"","footnotes":""},"categories":[388],"tags":[],"class_list":["post-5722","post","type-post","status-publish","format-standard","hentry","category-eventi"],"yoast_head":"<!-- This site is optimized with the Yoast SEO plugin v27.0 - https:\/\/yoast.com\/product\/yoast-seo-wordpress\/ -->\n<title>L\u2019Euganea Film Festival 2010 ospita Marco Paolini - Article Marketing<\/title>\n<meta name=\"robots\" content=\"index, follow, max-snippet:-1, max-image-preview:large, max-video-preview:-1\" \/>\n<link rel=\"canonical\" href=\"https:\/\/www.article-marketing.eu\/comunicati\/comunicati-stampa\/eventi\/leuganea-film-festival-2010-ospita-marco-paolini\/\" \/>\n<meta property=\"og:locale\" content=\"it_IT\" \/>\n<meta property=\"og:type\" content=\"article\" \/>\n<meta property=\"og:title\" content=\"L\u2019Euganea Film Festival 2010 ospita Marco Paolini - Article Marketing\" \/>\n<meta property=\"og:description\" content=\"L\u2019Euganea Film Festival 2010 ospita Marco Paolini Venerd\u00ec 9 luglio a Este (PD), l\u2019attore veneto si esibisce in occasione della nona edizione del festival euganeo con il recital intitolato Bisogna (la pellagra via sms)\" \/>\n<meta property=\"og:url\" content=\"https:\/\/www.article-marketing.eu\/comunicati\/comunicati-stampa\/eventi\/leuganea-film-festival-2010-ospita-marco-paolini\/\" \/>\n<meta property=\"og:site_name\" content=\"Article Marketing\" \/>\n<meta property=\"article:published_time\" content=\"2010-07-06T14:26:50+00:00\" \/>\n<meta name=\"author\" content=\"Redazione Comunicati Stampa\" \/>\n<meta name=\"twitter:card\" content=\"summary_large_image\" \/>\n<meta name=\"twitter:label1\" content=\"Scritto da\" \/>\n\t<meta name=\"twitter:data1\" content=\"Redazione Comunicati Stampa\" \/>\n\t<meta name=\"twitter:label2\" content=\"Tempo di lettura stimato\" \/>\n\t<meta name=\"twitter:data2\" content=\"3 minuti\" \/>\n<script type=\"application\/ld+json\" class=\"yoast-schema-graph\">{\"@context\":\"https:\/\/schema.org\",\"@graph\":[{\"@type\":\"Article\",\"@id\":\"https:\/\/www.article-marketing.eu\/comunicati\/comunicati-stampa\/eventi\/leuganea-film-festival-2010-ospita-marco-paolini\/#article\",\"isPartOf\":{\"@id\":\"https:\/\/www.article-marketing.eu\/comunicati\/comunicati-stampa\/eventi\/leuganea-film-festival-2010-ospita-marco-paolini\/\"},\"author\":{\"name\":\"Redazione Comunicati Stampa\",\"@id\":\"https:\/\/www.article-marketing.eu\/comunicati\/#\/schema\/person\/44372e4d4d0fa797b18e03ed1ace9017\"},\"headline\":\"L\u2019Euganea Film Festival 2010 ospita Marco Paolini\",\"datePublished\":\"2010-07-06T14:26:50+00:00\",\"mainEntityOfPage\":{\"@id\":\"https:\/\/www.article-marketing.eu\/comunicati\/comunicati-stampa\/eventi\/leuganea-film-festival-2010-ospita-marco-paolini\/\"},\"wordCount\":531,\"commentCount\":0,\"articleSection\":[\"Eventi\"],\"inLanguage\":\"it-IT\",\"potentialAction\":[{\"@type\":\"CommentAction\",\"name\":\"Comment\",\"target\":[\"https:\/\/www.article-marketing.eu\/comunicati\/comunicati-stampa\/eventi\/leuganea-film-festival-2010-ospita-marco-paolini\/#respond\"]}]},{\"@type\":\"WebPage\",\"@id\":\"https:\/\/www.article-marketing.eu\/comunicati\/comunicati-stampa\/eventi\/leuganea-film-festival-2010-ospita-marco-paolini\/\",\"url\":\"https:\/\/www.article-marketing.eu\/comunicati\/comunicati-stampa\/eventi\/leuganea-film-festival-2010-ospita-marco-paolini\/\",\"name\":\"L\u2019Euganea Film Festival 2010 ospita Marco Paolini - Article Marketing\",\"isPartOf\":{\"@id\":\"https:\/\/www.article-marketing.eu\/comunicati\/#website\"},\"datePublished\":\"2010-07-06T14:26:50+00:00\",\"author\":{\"@id\":\"https:\/\/www.article-marketing.eu\/comunicati\/#\/schema\/person\/44372e4d4d0fa797b18e03ed1ace9017\"},\"breadcrumb\":{\"@id\":\"https:\/\/www.article-marketing.eu\/comunicati\/comunicati-stampa\/eventi\/leuganea-film-festival-2010-ospita-marco-paolini\/#breadcrumb\"},\"inLanguage\":\"it-IT\",\"potentialAction\":[{\"@type\":\"ReadAction\",\"target\":[\"https:\/\/www.article-marketing.eu\/comunicati\/comunicati-stampa\/eventi\/leuganea-film-festival-2010-ospita-marco-paolini\/\"]}]},{\"@type\":\"BreadcrumbList\",\"@id\":\"https:\/\/www.article-marketing.eu\/comunicati\/comunicati-stampa\/eventi\/leuganea-film-festival-2010-ospita-marco-paolini\/#breadcrumb\",\"itemListElement\":[{\"@type\":\"ListItem\",\"position\":1,\"name\":\"Home\",\"item\":\"https:\/\/www.article-marketing.eu\/comunicati\/\"},{\"@type\":\"ListItem\",\"position\":2,\"name\":\"L\u2019Euganea Film Festival 2010 ospita Marco Paolini\"}]},{\"@type\":\"WebSite\",\"@id\":\"https:\/\/www.article-marketing.eu\/comunicati\/#website\",\"url\":\"https:\/\/www.article-marketing.eu\/comunicati\/\",\"name\":\"Article Marketing\",\"description\":\"article marketing &amp; press release\",\"potentialAction\":[{\"@type\":\"SearchAction\",\"target\":{\"@type\":\"EntryPoint\",\"urlTemplate\":\"https:\/\/www.article-marketing.eu\/comunicati\/?s={search_term_string}\"},\"query-input\":{\"@type\":\"PropertyValueSpecification\",\"valueRequired\":true,\"valueName\":\"search_term_string\"}}],\"inLanguage\":\"it-IT\"},{\"@type\":\"Person\",\"@id\":\"https:\/\/www.article-marketing.eu\/comunicati\/#\/schema\/person\/44372e4d4d0fa797b18e03ed1ace9017\",\"name\":\"Redazione Comunicati Stampa\",\"image\":{\"@type\":\"ImageObject\",\"inLanguage\":\"it-IT\",\"@id\":\"https:\/\/www.article-marketing.eu\/comunicati\/#\/schema\/person\/image\/\",\"url\":\"https:\/\/secure.gravatar.com\/avatar\/50e5c6421d3072f42e7ace803501602c60d75233d34e29fd05feb91c8760b792?s=96&d=mm&r=g\",\"contentUrl\":\"https:\/\/secure.gravatar.com\/avatar\/50e5c6421d3072f42e7ace803501602c60d75233d34e29fd05feb91c8760b792?s=96&d=mm&r=g\",\"caption\":\"Redazione Comunicati Stampa\"},\"url\":\"https:\/\/www.article-marketing.eu\/comunicati\/author\/redazione-comunicati-stampa\/\"}]}<\/script>\n<!-- \/ Yoast SEO plugin. -->","yoast_head_json":{"title":"L\u2019Euganea Film Festival 2010 ospita Marco Paolini - Article Marketing","robots":{"index":"index","follow":"follow","max-snippet":"max-snippet:-1","max-image-preview":"max-image-preview:large","max-video-preview":"max-video-preview:-1"},"canonical":"https:\/\/www.article-marketing.eu\/comunicati\/comunicati-stampa\/eventi\/leuganea-film-festival-2010-ospita-marco-paolini\/","og_locale":"it_IT","og_type":"article","og_title":"L\u2019Euganea Film Festival 2010 ospita Marco Paolini - Article Marketing","og_description":"L\u2019Euganea Film Festival 2010 ospita Marco Paolini Venerd\u00ec 9 luglio a Este (PD), l\u2019attore veneto si esibisce in occasione della nona edizione del festival euganeo con il recital intitolato Bisogna (la pellagra via sms)","og_url":"https:\/\/www.article-marketing.eu\/comunicati\/comunicati-stampa\/eventi\/leuganea-film-festival-2010-ospita-marco-paolini\/","og_site_name":"Article Marketing","article_published_time":"2010-07-06T14:26:50+00:00","author":"Redazione Comunicati Stampa","twitter_card":"summary_large_image","twitter_misc":{"Scritto da":"Redazione Comunicati Stampa","Tempo di lettura stimato":"3 minuti"},"schema":{"@context":"https:\/\/schema.org","@graph":[{"@type":"Article","@id":"https:\/\/www.article-marketing.eu\/comunicati\/comunicati-stampa\/eventi\/leuganea-film-festival-2010-ospita-marco-paolini\/#article","isPartOf":{"@id":"https:\/\/www.article-marketing.eu\/comunicati\/comunicati-stampa\/eventi\/leuganea-film-festival-2010-ospita-marco-paolini\/"},"author":{"name":"Redazione Comunicati Stampa","@id":"https:\/\/www.article-marketing.eu\/comunicati\/#\/schema\/person\/44372e4d4d0fa797b18e03ed1ace9017"},"headline":"L\u2019Euganea Film Festival 2010 ospita Marco Paolini","datePublished":"2010-07-06T14:26:50+00:00","mainEntityOfPage":{"@id":"https:\/\/www.article-marketing.eu\/comunicati\/comunicati-stampa\/eventi\/leuganea-film-festival-2010-ospita-marco-paolini\/"},"wordCount":531,"commentCount":0,"articleSection":["Eventi"],"inLanguage":"it-IT","potentialAction":[{"@type":"CommentAction","name":"Comment","target":["https:\/\/www.article-marketing.eu\/comunicati\/comunicati-stampa\/eventi\/leuganea-film-festival-2010-ospita-marco-paolini\/#respond"]}]},{"@type":"WebPage","@id":"https:\/\/www.article-marketing.eu\/comunicati\/comunicati-stampa\/eventi\/leuganea-film-festival-2010-ospita-marco-paolini\/","url":"https:\/\/www.article-marketing.eu\/comunicati\/comunicati-stampa\/eventi\/leuganea-film-festival-2010-ospita-marco-paolini\/","name":"L\u2019Euganea Film Festival 2010 ospita Marco Paolini - Article Marketing","isPartOf":{"@id":"https:\/\/www.article-marketing.eu\/comunicati\/#website"},"datePublished":"2010-07-06T14:26:50+00:00","author":{"@id":"https:\/\/www.article-marketing.eu\/comunicati\/#\/schema\/person\/44372e4d4d0fa797b18e03ed1ace9017"},"breadcrumb":{"@id":"https:\/\/www.article-marketing.eu\/comunicati\/comunicati-stampa\/eventi\/leuganea-film-festival-2010-ospita-marco-paolini\/#breadcrumb"},"inLanguage":"it-IT","potentialAction":[{"@type":"ReadAction","target":["https:\/\/www.article-marketing.eu\/comunicati\/comunicati-stampa\/eventi\/leuganea-film-festival-2010-ospita-marco-paolini\/"]}]},{"@type":"BreadcrumbList","@id":"https:\/\/www.article-marketing.eu\/comunicati\/comunicati-stampa\/eventi\/leuganea-film-festival-2010-ospita-marco-paolini\/#breadcrumb","itemListElement":[{"@type":"ListItem","position":1,"name":"Home","item":"https:\/\/www.article-marketing.eu\/comunicati\/"},{"@type":"ListItem","position":2,"name":"L\u2019Euganea Film Festival 2010 ospita Marco Paolini"}]},{"@type":"WebSite","@id":"https:\/\/www.article-marketing.eu\/comunicati\/#website","url":"https:\/\/www.article-marketing.eu\/comunicati\/","name":"Article Marketing","description":"article marketing &amp; press release","potentialAction":[{"@type":"SearchAction","target":{"@type":"EntryPoint","urlTemplate":"https:\/\/www.article-marketing.eu\/comunicati\/?s={search_term_string}"},"query-input":{"@type":"PropertyValueSpecification","valueRequired":true,"valueName":"search_term_string"}}],"inLanguage":"it-IT"},{"@type":"Person","@id":"https:\/\/www.article-marketing.eu\/comunicati\/#\/schema\/person\/44372e4d4d0fa797b18e03ed1ace9017","name":"Redazione Comunicati Stampa","image":{"@type":"ImageObject","inLanguage":"it-IT","@id":"https:\/\/www.article-marketing.eu\/comunicati\/#\/schema\/person\/image\/","url":"https:\/\/secure.gravatar.com\/avatar\/50e5c6421d3072f42e7ace803501602c60d75233d34e29fd05feb91c8760b792?s=96&d=mm&r=g","contentUrl":"https:\/\/secure.gravatar.com\/avatar\/50e5c6421d3072f42e7ace803501602c60d75233d34e29fd05feb91c8760b792?s=96&d=mm&r=g","caption":"Redazione Comunicati Stampa"},"url":"https:\/\/www.article-marketing.eu\/comunicati\/author\/redazione-comunicati-stampa\/"}]}},"_links":{"self":[{"href":"https:\/\/www.article-marketing.eu\/comunicati\/wp-json\/wp\/v2\/posts\/5722","targetHints":{"allow":["GET"]}}],"collection":[{"href":"https:\/\/www.article-marketing.eu\/comunicati\/wp-json\/wp\/v2\/posts"}],"about":[{"href":"https:\/\/www.article-marketing.eu\/comunicati\/wp-json\/wp\/v2\/types\/post"}],"author":[{"embeddable":true,"href":"https:\/\/www.article-marketing.eu\/comunicati\/wp-json\/wp\/v2\/users\/10"}],"replies":[{"embeddable":true,"href":"https:\/\/www.article-marketing.eu\/comunicati\/wp-json\/wp\/v2\/comments?post=5722"}],"version-history":[{"count":0,"href":"https:\/\/www.article-marketing.eu\/comunicati\/wp-json\/wp\/v2\/posts\/5722\/revisions"}],"wp:attachment":[{"href":"https:\/\/www.article-marketing.eu\/comunicati\/wp-json\/wp\/v2\/media?parent=5722"}],"wp:term":[{"taxonomy":"category","embeddable":true,"href":"https:\/\/www.article-marketing.eu\/comunicati\/wp-json\/wp\/v2\/categories?post=5722"},{"taxonomy":"post_tag","embeddable":true,"href":"https:\/\/www.article-marketing.eu\/comunicati\/wp-json\/wp\/v2\/tags?post=5722"}],"curies":[{"name":"wp","href":"https:\/\/api.w.org\/{rel}","templated":true}]}}