{"id":575,"date":"2008-08-07T16:43:36","date_gmt":"2008-08-07T14:43:36","guid":{"rendered":"http:\/\/www.article-marketing.eu\/comunicati\/senza-categoria\/citt%e0-della-pieve-e-il-palio-dei-terzieri-un-viaggio-per-scoprire-le-tradizioni-e-i-sapori\/"},"modified":"2008-08-07T16:43:36","modified_gmt":"2008-08-07T14:43:36","slug":"citt%e0-della-pieve-e-il-palio-dei-terzieri-un-viaggio-per-scoprire-le-tradizioni-e-i-sapori","status":"publish","type":"post","link":"https:\/\/www.article-marketing.eu\/comunicati\/viaggi-e-vacanze\/viaggi-e-turismo\/citt%e0-della-pieve-e-il-palio-dei-terzieri-un-viaggio-per-scoprire-le-tradizioni-e-i-sapori\/","title":{"rendered":"Citt\u00e0 della Pieve e il Palio dei Terzieri: un viaggio per scoprire le tradizioni e i sapori."},"content":{"rendered":"<p>Dove oggi sorge <strong>Citt\u00e0 della Pieve<\/strong>, si suppone che gi\u00e0 Etruschi e Romani avessero stabilito i loro rispettivi insediamenti.<\/p>\n<p>Questo caratteristico borgo non fu immune dalle vicissitudini della storia medioevale, e difatti, vide alternarsi alla sua guida numerosi signori fino a che Clemente VII lo pose sotto il diretto controllo della Chiesa.<\/p>\n<p>Al centro dell&#8217; abitato, cinto ancora oggi per buona parte da mura trecentesche e di aspetto tanto medioevale da poter vantare il vicolo pi\u00f9 stretto di Italia: la via Baciadonne, sorge il Duomo dedicato ai SS.Gervasio e e Protasio; la sua struttura originaria \u00e8 da far risalire al XII secolo ma interventi dei secoli XVI e XVII ne hanno modificato le forme pi\u00f9 remote, tuttavia la costruzione pi\u00f9 antica affiora ancora nei particolari decorativi della zona inferiore della facciata, nell&#8217; abside e nel campanile romanico gotico. All&#8217;interno opere di Domenico Alfani e di due grandi pittori entrambi nati proprio a Citt\u00e0 della Pieve, Pietro Vannucci (Il Perugino, 1450 ca-1523): &quot;Madonna e i SS.Giovanni Evangelista, Giovanni Battista, Pietro Martire e il beato Giacomo Villa&quot;, &quot;Madonna col Bambino e SS. Pietro, Paolo, Gervasio e Protasio&quot;, &quot;Battesimo di Ges&quot;, e il Pomarancio: &quot;Eterno Angeli\u201d.<\/p>\n<p>Oltre alla bella torre del Pubblico, alta 38 metri e costruita a partire dal mille e alle chiese di Santa Maria della Mercede e di Sant&#8217;Agostino, che conservano rispettivamente un affresco del Perugino e una tavola di Pomarancio, non possiamo dimenticare di visitare la Rocca e la chiesa di S.Francesco, oggi santuario della Madonna di Fatima. La prima \u00e8 una solida struttura difensiva con torri e maschio, la seconda, del XIII secolo, ospita opere di scuola locale e una &quot;Pentecoste&quot; del solito Pomarancio. Per concludere altre opere del pi\u00f9 famoso pittore cittadino, Pietro Vannucci sono conservate nelle chiese di S.Maria dei Servi e in quella di S.Antonio Abate.<\/p>\n<p>Fra le manifestazioni pi\u00f9 importanti organizzate nella citt\u00e0 merita senza dubbio una nota particolare il Palio dei Terzieri, rievocazione storica che trae origine da un\u2019antica festa rinascimentale.<\/p>\n<p>I Terzieri di Borgo Dentro, Casalino e Castellano sfilano in corteo per le vie della citt\u00e0 in costumi quattrocenteschi ispirati ai capolavori del Perugino.<\/p>\n<p>Il corteo, circa 1000 figuranti, si compone di saltimbanchi, giocolieri, mangiafuoco, cannoni e catapulte che raggiungono il \u201cCampo de li Giochi\u201d dove ha luogo la <em>Caccia del Toro<\/em>, rievocazione di antiche competizioni con il <em>toro chianino<\/em>.<\/p>\n<p>Oggi le <em>Cacce<\/em> vengono rappresentate con il tiro dell\u2019arco su sagome di toro girevoli.<\/p>\n<p>&nbsp;<\/p>\n<p>Una vacanza a Citt\u00e0 della Pieve significa anche poter visitare una delle zone pi\u00f9 belle d\u2019Italia, ai confini fra Umbria e Toscana e a due passi dal Lago Trasimeno, e riscoprire cos\u00ec le tradizioni pi\u00f9 antiche e i luoghi pi\u00f9 nascosti come il piccolo Borgo di Piegaro dove la Residenza d\u2019Epoca <a href=\"http:\/\/www.dimorastorica.it\/\">C\u00e0 D\u00e8 Principi<\/a> attende il viaggiatore per offrirgli la sua tradizionale ospitalit\u00e0 e permettergli di assaporare nel suo ristorante i piatti pi\u00f9 tipici della tradizione umbra.<\/p>\n","protected":false},"excerpt":{"rendered":"<p>un viaggio per conoscere le eccellenze della cultura, della enogastronomia e delle tradizioni che, ,.all&#8217;insegna della semplicit\u00e0 e dell&#8217;ospitalit\u00e0 solo l&#8217;Umbria sa offrire<\/p>\n","protected":false},"author":10,"featured_media":0,"comment_status":"open","ping_status":"open","sticky":false,"template":"","format":"standard","meta":{"cybocfi_hide_featured_image":"","footnotes":""},"categories":[2],"tags":[2017,2016,253,889,4],"class_list":["post-575","post","type-post","status-publish","format-standard","hentry","category-viaggi-e-turismo","tag-manifestazioni","tag-residenza-depoca","tag-turismo","tag-umbria","tag-viaggi"],"yoast_head":"<!-- This site is optimized with the Yoast SEO plugin v27.0 - https:\/\/yoast.com\/product\/yoast-seo-wordpress\/ -->\n<title>Citt\u00e0 della Pieve e il Palio dei Terzieri: un viaggio per scoprire le tradizioni e i sapori. - Article Marketing<\/title>\n<meta name=\"robots\" content=\"index, follow, max-snippet:-1, max-image-preview:large, max-video-preview:-1\" \/>\n<link rel=\"canonical\" href=\"https:\/\/www.article-marketing.eu\/comunicati\/viaggi-e-vacanze\/viaggi-e-turismo\/citt?-della-pieve-e-il-palio-dei-terzieri-un-viaggio-per-scoprire-le-tradizioni-e-i-sapori\/\" \/>\n<meta property=\"og:locale\" content=\"it_IT\" \/>\n<meta property=\"og:type\" content=\"article\" \/>\n<meta property=\"og:title\" content=\"Citt\u00e0 della Pieve e il Palio dei Terzieri: un viaggio per scoprire le tradizioni e i sapori. - Article Marketing\" \/>\n<meta property=\"og:description\" content=\"un viaggio per conoscere le eccellenze della cultura, della enogastronomia e delle tradizioni che, ,.all&#039;insegna della semplicit\u00e0 e dell&#039;ospitalit\u00e0 solo l&#039;Umbria sa offrire\" \/>\n<meta property=\"og:url\" content=\"\" \/>\n<meta property=\"og:site_name\" content=\"Article Marketing\" \/>\n<meta property=\"article:published_time\" content=\"2008-08-07T14:43:36+00:00\" \/>\n<meta name=\"author\" content=\"Redazione Comunicati Stampa\" \/>\n<meta name=\"twitter:card\" content=\"summary_large_image\" \/>\n<meta name=\"twitter:label1\" content=\"Scritto da\" \/>\n\t<meta name=\"twitter:data1\" content=\"Redazione Comunicati Stampa\" \/>\n\t<meta name=\"twitter:label2\" content=\"Tempo di lettura stimato\" \/>\n\t<meta name=\"twitter:data2\" content=\"2 minuti\" \/>\n<script type=\"application\/ld+json\" class=\"yoast-schema-graph\">{\"@context\":\"https:\/\/schema.org\",\"@graph\":[{\"@type\":\"Article\",\"@id\":\"https:\/\/www.article-marketing.eu\/comunicati\/viaggi-e-vacanze\/viaggi-e-turismo\/citt%e0-della-pieve-e-il-palio-dei-terzieri-un-viaggio-per-scoprire-le-tradizioni-e-i-sapori\/#article\",\"isPartOf\":{\"@id\":\"https:\/\/www.article-marketing.eu\/comunicati\/viaggi-e-vacanze\/viaggi-e-turismo\/citt%e0-della-pieve-e-il-palio-dei-terzieri-un-viaggio-per-scoprire-le-tradizioni-e-i-sapori\/\"},\"author\":{\"name\":\"Redazione Comunicati Stampa\",\"@id\":\"https:\/\/www.article-marketing.eu\/comunicati\/#\/schema\/person\/44372e4d4d0fa797b18e03ed1ace9017\"},\"headline\":\"Citt\u00e0 della Pieve e il Palio dei Terzieri: un viaggio per scoprire le tradizioni e i sapori.\",\"datePublished\":\"2008-08-07T14:43:36+00:00\",\"mainEntityOfPage\":{\"@id\":\"https:\/\/www.article-marketing.eu\/comunicati\/viaggi-e-vacanze\/viaggi-e-turismo\/citt%e0-della-pieve-e-il-palio-dei-terzieri-un-viaggio-per-scoprire-le-tradizioni-e-i-sapori\/\"},\"wordCount\":510,\"commentCount\":0,\"keywords\":[\"manifestazioni\",\"residenza d'epoca\",\"turismo\",\"Umbria\",\"viaggi\"],\"articleSection\":[\"Viaggi e Turismo\"],\"inLanguage\":\"it-IT\",\"potentialAction\":[{\"@type\":\"CommentAction\",\"name\":\"Comment\",\"target\":[\"https:\/\/www.article-marketing.eu\/comunicati\/viaggi-e-vacanze\/viaggi-e-turismo\/citt%e0-della-pieve-e-il-palio-dei-terzieri-un-viaggio-per-scoprire-le-tradizioni-e-i-sapori\/#respond\"]}]},{\"@type\":\"WebPage\",\"@id\":\"https:\/\/www.article-marketing.eu\/comunicati\/viaggi-e-vacanze\/viaggi-e-turismo\/citt%e0-della-pieve-e-il-palio-dei-terzieri-un-viaggio-per-scoprire-le-tradizioni-e-i-sapori\/\",\"url\":\"https:\/\/www.article-marketing.eu\/comunicati\/viaggi-e-vacanze\/viaggi-e-turismo\/citt%e0-della-pieve-e-il-palio-dei-terzieri-un-viaggio-per-scoprire-le-tradizioni-e-i-sapori\/\",\"name\":\"Citt\u00e0 della Pieve e il Palio dei Terzieri: un viaggio per scoprire le tradizioni e i sapori. - Article Marketing\",\"isPartOf\":{\"@id\":\"https:\/\/www.article-marketing.eu\/comunicati\/#website\"},\"datePublished\":\"2008-08-07T14:43:36+00:00\",\"author\":{\"@id\":\"https:\/\/www.article-marketing.eu\/comunicati\/#\/schema\/person\/44372e4d4d0fa797b18e03ed1ace9017\"},\"breadcrumb\":{\"@id\":\"https:\/\/www.article-marketing.eu\/comunicati\/viaggi-e-vacanze\/viaggi-e-turismo\/citt%e0-della-pieve-e-il-palio-dei-terzieri-un-viaggio-per-scoprire-le-tradizioni-e-i-sapori\/#breadcrumb\"},\"inLanguage\":\"it-IT\",\"potentialAction\":[{\"@type\":\"ReadAction\",\"target\":[\"https:\/\/www.article-marketing.eu\/comunicati\/viaggi-e-vacanze\/viaggi-e-turismo\/citt%e0-della-pieve-e-il-palio-dei-terzieri-un-viaggio-per-scoprire-le-tradizioni-e-i-sapori\/\"]}]},{\"@type\":\"BreadcrumbList\",\"@id\":\"https:\/\/www.article-marketing.eu\/comunicati\/viaggi-e-vacanze\/viaggi-e-turismo\/citt%e0-della-pieve-e-il-palio-dei-terzieri-un-viaggio-per-scoprire-le-tradizioni-e-i-sapori\/#breadcrumb\",\"itemListElement\":[{\"@type\":\"ListItem\",\"position\":1,\"name\":\"Home\",\"item\":\"https:\/\/www.article-marketing.eu\/comunicati\/\"},{\"@type\":\"ListItem\",\"position\":2,\"name\":\"Citt\u00e0 della Pieve e il Palio dei Terzieri: un viaggio per scoprire le tradizioni e i sapori.\"}]},{\"@type\":\"WebSite\",\"@id\":\"https:\/\/www.article-marketing.eu\/comunicati\/#website\",\"url\":\"https:\/\/www.article-marketing.eu\/comunicati\/\",\"name\":\"Article Marketing\",\"description\":\"article marketing &amp; press release\",\"potentialAction\":[{\"@type\":\"SearchAction\",\"target\":{\"@type\":\"EntryPoint\",\"urlTemplate\":\"https:\/\/www.article-marketing.eu\/comunicati\/?s={search_term_string}\"},\"query-input\":{\"@type\":\"PropertyValueSpecification\",\"valueRequired\":true,\"valueName\":\"search_term_string\"}}],\"inLanguage\":\"it-IT\"},{\"@type\":\"Person\",\"@id\":\"https:\/\/www.article-marketing.eu\/comunicati\/#\/schema\/person\/44372e4d4d0fa797b18e03ed1ace9017\",\"name\":\"Redazione Comunicati Stampa\",\"image\":{\"@type\":\"ImageObject\",\"inLanguage\":\"it-IT\",\"@id\":\"https:\/\/www.article-marketing.eu\/comunicati\/#\/schema\/person\/image\/\",\"url\":\"https:\/\/secure.gravatar.com\/avatar\/50e5c6421d3072f42e7ace803501602c60d75233d34e29fd05feb91c8760b792?s=96&d=mm&r=g\",\"contentUrl\":\"https:\/\/secure.gravatar.com\/avatar\/50e5c6421d3072f42e7ace803501602c60d75233d34e29fd05feb91c8760b792?s=96&d=mm&r=g\",\"caption\":\"Redazione Comunicati Stampa\"},\"url\":\"https:\/\/www.article-marketing.eu\/comunicati\/author\/redazione-comunicati-stampa\/\"}]}<\/script>\n<!-- \/ Yoast SEO plugin. -->","yoast_head_json":{"title":"Citt\u00e0 della Pieve e il Palio dei Terzieri: un viaggio per scoprire le tradizioni e i sapori. - Article Marketing","robots":{"index":"index","follow":"follow","max-snippet":"max-snippet:-1","max-image-preview":"max-image-preview:large","max-video-preview":"max-video-preview:-1"},"canonical":"https:\/\/www.article-marketing.eu\/comunicati\/viaggi-e-vacanze\/viaggi-e-turismo\/citt?-della-pieve-e-il-palio-dei-terzieri-un-viaggio-per-scoprire-le-tradizioni-e-i-sapori\/","og_locale":"it_IT","og_type":"article","og_title":"Citt\u00e0 della Pieve e il Palio dei Terzieri: un viaggio per scoprire le tradizioni e i sapori. - Article Marketing","og_description":"un viaggio per conoscere le eccellenze della cultura, della enogastronomia e delle tradizioni che, ,.all'insegna della semplicit\u00e0 e dell'ospitalit\u00e0 solo l'Umbria sa offrire","og_url":"https:\/\/www.article-marketing.eu\/comunicati\/viaggi-e-vacanze\/viaggi-e-turismo\/citt?-della-pieve-e-il-palio-dei-terzieri-un-viaggio-per-scoprire-le-tradizioni-e-i-sapori\/","og_site_name":"Article Marketing","article_published_time":"2008-08-07T14:43:36+00:00","author":"Redazione Comunicati Stampa","twitter_card":"summary_large_image","twitter_misc":{"Scritto da":"Redazione Comunicati Stampa","Tempo di lettura stimato":"2 minuti"},"schema":{"@context":"https:\/\/schema.org","@graph":[{"@type":"Article","@id":"https:\/\/www.article-marketing.eu\/comunicati\/viaggi-e-vacanze\/viaggi-e-turismo\/citt%e0-della-pieve-e-il-palio-dei-terzieri-un-viaggio-per-scoprire-le-tradizioni-e-i-sapori\/#article","isPartOf":{"@id":"https:\/\/www.article-marketing.eu\/comunicati\/viaggi-e-vacanze\/viaggi-e-turismo\/citt%e0-della-pieve-e-il-palio-dei-terzieri-un-viaggio-per-scoprire-le-tradizioni-e-i-sapori\/"},"author":{"name":"Redazione Comunicati Stampa","@id":"https:\/\/www.article-marketing.eu\/comunicati\/#\/schema\/person\/44372e4d4d0fa797b18e03ed1ace9017"},"headline":"Citt\u00e0 della Pieve e il Palio dei Terzieri: un viaggio per scoprire le tradizioni e i sapori.","datePublished":"2008-08-07T14:43:36+00:00","mainEntityOfPage":{"@id":"https:\/\/www.article-marketing.eu\/comunicati\/viaggi-e-vacanze\/viaggi-e-turismo\/citt%e0-della-pieve-e-il-palio-dei-terzieri-un-viaggio-per-scoprire-le-tradizioni-e-i-sapori\/"},"wordCount":510,"commentCount":0,"keywords":["manifestazioni","residenza d'epoca","turismo","Umbria","viaggi"],"articleSection":["Viaggi e Turismo"],"inLanguage":"it-IT","potentialAction":[{"@type":"CommentAction","name":"Comment","target":["https:\/\/www.article-marketing.eu\/comunicati\/viaggi-e-vacanze\/viaggi-e-turismo\/citt%e0-della-pieve-e-il-palio-dei-terzieri-un-viaggio-per-scoprire-le-tradizioni-e-i-sapori\/#respond"]}]},{"@type":"WebPage","@id":"https:\/\/www.article-marketing.eu\/comunicati\/viaggi-e-vacanze\/viaggi-e-turismo\/citt%e0-della-pieve-e-il-palio-dei-terzieri-un-viaggio-per-scoprire-le-tradizioni-e-i-sapori\/","url":"https:\/\/www.article-marketing.eu\/comunicati\/viaggi-e-vacanze\/viaggi-e-turismo\/citt%e0-della-pieve-e-il-palio-dei-terzieri-un-viaggio-per-scoprire-le-tradizioni-e-i-sapori\/","name":"Citt\u00e0 della Pieve e il Palio dei Terzieri: un viaggio per scoprire le tradizioni e i sapori. - Article Marketing","isPartOf":{"@id":"https:\/\/www.article-marketing.eu\/comunicati\/#website"},"datePublished":"2008-08-07T14:43:36+00:00","author":{"@id":"https:\/\/www.article-marketing.eu\/comunicati\/#\/schema\/person\/44372e4d4d0fa797b18e03ed1ace9017"},"breadcrumb":{"@id":"https:\/\/www.article-marketing.eu\/comunicati\/viaggi-e-vacanze\/viaggi-e-turismo\/citt%e0-della-pieve-e-il-palio-dei-terzieri-un-viaggio-per-scoprire-le-tradizioni-e-i-sapori\/#breadcrumb"},"inLanguage":"it-IT","potentialAction":[{"@type":"ReadAction","target":["https:\/\/www.article-marketing.eu\/comunicati\/viaggi-e-vacanze\/viaggi-e-turismo\/citt%e0-della-pieve-e-il-palio-dei-terzieri-un-viaggio-per-scoprire-le-tradizioni-e-i-sapori\/"]}]},{"@type":"BreadcrumbList","@id":"https:\/\/www.article-marketing.eu\/comunicati\/viaggi-e-vacanze\/viaggi-e-turismo\/citt%e0-della-pieve-e-il-palio-dei-terzieri-un-viaggio-per-scoprire-le-tradizioni-e-i-sapori\/#breadcrumb","itemListElement":[{"@type":"ListItem","position":1,"name":"Home","item":"https:\/\/www.article-marketing.eu\/comunicati\/"},{"@type":"ListItem","position":2,"name":"Citt\u00e0 della Pieve e il Palio dei Terzieri: un viaggio per scoprire le tradizioni e i sapori."}]},{"@type":"WebSite","@id":"https:\/\/www.article-marketing.eu\/comunicati\/#website","url":"https:\/\/www.article-marketing.eu\/comunicati\/","name":"Article Marketing","description":"article marketing &amp; press release","potentialAction":[{"@type":"SearchAction","target":{"@type":"EntryPoint","urlTemplate":"https:\/\/www.article-marketing.eu\/comunicati\/?s={search_term_string}"},"query-input":{"@type":"PropertyValueSpecification","valueRequired":true,"valueName":"search_term_string"}}],"inLanguage":"it-IT"},{"@type":"Person","@id":"https:\/\/www.article-marketing.eu\/comunicati\/#\/schema\/person\/44372e4d4d0fa797b18e03ed1ace9017","name":"Redazione Comunicati Stampa","image":{"@type":"ImageObject","inLanguage":"it-IT","@id":"https:\/\/www.article-marketing.eu\/comunicati\/#\/schema\/person\/image\/","url":"https:\/\/secure.gravatar.com\/avatar\/50e5c6421d3072f42e7ace803501602c60d75233d34e29fd05feb91c8760b792?s=96&d=mm&r=g","contentUrl":"https:\/\/secure.gravatar.com\/avatar\/50e5c6421d3072f42e7ace803501602c60d75233d34e29fd05feb91c8760b792?s=96&d=mm&r=g","caption":"Redazione Comunicati Stampa"},"url":"https:\/\/www.article-marketing.eu\/comunicati\/author\/redazione-comunicati-stampa\/"}]}},"_links":{"self":[{"href":"https:\/\/www.article-marketing.eu\/comunicati\/wp-json\/wp\/v2\/posts\/575","targetHints":{"allow":["GET"]}}],"collection":[{"href":"https:\/\/www.article-marketing.eu\/comunicati\/wp-json\/wp\/v2\/posts"}],"about":[{"href":"https:\/\/www.article-marketing.eu\/comunicati\/wp-json\/wp\/v2\/types\/post"}],"author":[{"embeddable":true,"href":"https:\/\/www.article-marketing.eu\/comunicati\/wp-json\/wp\/v2\/users\/10"}],"replies":[{"embeddable":true,"href":"https:\/\/www.article-marketing.eu\/comunicati\/wp-json\/wp\/v2\/comments?post=575"}],"version-history":[{"count":0,"href":"https:\/\/www.article-marketing.eu\/comunicati\/wp-json\/wp\/v2\/posts\/575\/revisions"}],"wp:attachment":[{"href":"https:\/\/www.article-marketing.eu\/comunicati\/wp-json\/wp\/v2\/media?parent=575"}],"wp:term":[{"taxonomy":"category","embeddable":true,"href":"https:\/\/www.article-marketing.eu\/comunicati\/wp-json\/wp\/v2\/categories?post=575"},{"taxonomy":"post_tag","embeddable":true,"href":"https:\/\/www.article-marketing.eu\/comunicati\/wp-json\/wp\/v2\/tags?post=575"}],"curies":[{"name":"wp","href":"https:\/\/api.w.org\/{rel}","templated":true}]}}