{"id":577,"date":"2008-08-08T14:17:41","date_gmt":"2008-08-08T12:17:41","guid":{"rendered":"http:\/\/www.article-marketing.eu\/comunicati\/senza-categoria\/%91open-your-mountains-day-innovazione-ambiente-immagine-e-creativit%e0\/"},"modified":"2008-08-08T14:17:41","modified_gmt":"2008-08-08T12:17:41","slug":"%91open-your-mountains-day-innovazione-ambiente-immagine-e-creativit%e0","status":"publish","type":"post","link":"https:\/\/www.article-marketing.eu\/comunicati\/comunicati-stampa\/eventi\/%91open-your-mountains-day-innovazione-ambiente-immagine-e-creativit%e0\/","title":{"rendered":"\u2018Open Your Mountains Day: innovazione, ambiente, immagine e creativit\u00e0\u2019"},"content":{"rendered":"<p><em>&#8216;Open Your Mountains Day&#8217;, un appuntamento il prossimo 20 settembre ad Aosta dedicato al connubio innovazione, creativit\u00e0, ambiente e fotografia di montagna.<\/em><\/p>\n<p>All\u2019interno del <strong>Mountain Photo Festival<\/strong> <strong>di Aosta<\/strong>, evento fotografico dedicato alle montagne del mondo, alle loro genti e alle loro culture (Aosta 22 agosto\/ 21 settembre 2008) prender\u00e0 il via l\u2019 <strong>\u2018Open Your Mountains Day\u2019<\/strong>. La giornata, che si terr\u00e0 il 20 settembre presso la P\u00e9pini\u00e8re d\u2019Entreprise (l\u2019incubatore delle nuove realt\u00e0 della regione) sar\u00e0 interamente dedicata ad una visione protesa al futuro, ove la parola innovazione si sposa con creativit\u00e0, ambiente e comunicazione in un programma in cui la \u2018contaminazione\u2019 rappresenta la chiave di lettura pi\u00f9 idonea. Particolare attenzione \u00e8 stata data all\u2019implementazione di vari strumenti web 2.0 che sottolineassero, nella time-line dell\u2019evento, l\u2019importanza dell\u2019interazione attraverso Wiki, Social Network, portali di video e photo sharing e blogs in una visione di \u2018new relations\u2019 attenta ad un concetto di ecosistema digitale. <\/p>\n<p>Diversi temi centrali per l\u2019odierno eco-sviluppo di una regione sono ampiamente rappresentati nel programma ufficiale della giornata, che nella prima parte (sino alle ore 14.30) \u00e8 strettamente ad inviti, per poi aprirsi alla condivisione del grande pubblico durante tutto il pomeriggio, che vedr\u00e0 nella presentazione dei risultati del workshop \u2018Desertificazione e montagna\u2019 il suo punto centrale.<\/p>\n<p>Il programma di \u2018Open Your Mountains Day\u2019 <\/p>\n<p>Ore 10.00. Photocamp, una non-conferenza sul tema \u2018Lo sharing pixel produce condivisione\u2019 (Sala E-learning e Sala Colonna). Solo su iscrizione.<\/p>\n<p>Ore 10.30. Workshop \u2018Una montagna di idee\u2019 con un laboratorio su creativit\u00e0, immagine e innovazione che utilizza il \u2018Pensiero Laterale\u2019 (Sala Ansaldo). Solo su iscrizione.<\/p>\n<p>Ore 13.00. \u2018Lunch km 0\u2019 con degustazione di prodotti del territorio valdostano e indicazione dei km percorsi da ciascun alimento. Solo su invito.<\/p>\n<p>Ore 15.00. Presentazione al pubblico dei risultati del workshop fotografico \u2018Montagna e desertificazione\u2019 (Sala Cogne). Aperto al pubblico.<\/p>\n<p>Dalle 14:30, all\u2019esterno della P\u00e9pini\u00e8re d\u2019Entreprise, un\u2019installazione denominata \u2018Montagna di Rifiuti\u2019 realizzata con imballaggi alimentari potr\u00e0 essere arricchita da \u2018contributi\u2019 aperti a tutti; una mostra di imballaggi alimentari con la loro \u2018storia\u2019 illustrer\u00e0 l\u2019importanza della filiera ed identit\u00e0 alimentare; una postazione per il calcolo delle emissioni personali di Co2 potr\u00e0 dare un contributo alla propria auto-consapevolezza ecologica. In contemporanea, all&#8217;interno della struttura, saranno proiettati in loop una serie di foto-video documenti intitolati \u2018La scalata all\u2019incontrario\u2019. Aperto al pubblico.<\/p>\n<p>Una giornata dedicata quindi al FUTURO che fa interagire un approccio eco-sostenibile con il digital world, dove una visione di marketing territoriale avanzato si coniuga con approfondimenti su \u2018cultura e tradizione locale\u2019 e dove un uso appropriato degli strumenti del web 2.0 interagisce con un approccio \u2019creativity oriented\u2019, il propulsore principale della spinta innovativa della giornata.<\/p>\n<p>Il sito ufficiale: <a href=\"http:\/\/www.mountainphotofestival.com\/\">http:\/\/www.mountainphotofestival.com<\/a><\/p>\n<p>Il social network: http:\/\/mountainphoto.ning.com<\/p>\n<p>Il wiki: http:\/\/openyourmountainsday.wikidot.com<\/p>\n","protected":false},"excerpt":{"rendered":"<p>&#8216;Open Your Mountains Day&#8217;, un appuntamento il prossimo 20 settembre ad Aosta dedicato al connubio innovazione, creativit\u00e0, ambiente e fotografia di montagna.<\/p>\n","protected":false},"author":10,"featured_media":0,"comment_status":"open","ping_status":"open","sticky":false,"template":"","format":"standard","meta":{"cybocfi_hide_featured_image":"","footnotes":""},"categories":[388],"tags":[96,2021,1341,2024,1379,2022,318,2023,1826,334,2020,2019],"class_list":["post-577","post","type-post","status-publish","format-standard","hentry","category-eventi","tag-ambiente","tag-aosta","tag-creativita","tag-digital-world","tag-festival","tag-fotografi","tag-fotografia","tag-immagine","tag-innovazione","tag-montagna","tag-mountain-photo-festival","tag-open-your-mountains-day"],"yoast_head":"<!-- This site is optimized with the Yoast SEO plugin v27.0 - https:\/\/yoast.com\/product\/yoast-seo-wordpress\/ -->\n<title>\u2018Open Your Mountains Day: innovazione, ambiente, immagine e creativit\u00e0\u2019 - Article Marketing<\/title>\n<meta name=\"robots\" content=\"index, follow, max-snippet:-1, max-image-preview:large, max-video-preview:-1\" \/>\n<link rel=\"canonical\" href=\"https:\/\/www.article-marketing.eu\/comunicati\/comunicati-stampa\/eventi\/?open-your-mountains-day-innovazione-ambiente-immagine-e-creativit?\/\" \/>\n<meta property=\"og:locale\" content=\"it_IT\" \/>\n<meta property=\"og:type\" content=\"article\" \/>\n<meta property=\"og:title\" content=\"\u2018Open Your Mountains Day: innovazione, ambiente, immagine e creativit\u00e0\u2019 - Article Marketing\" \/>\n<meta property=\"og:description\" content=\"&#039;Open Your Mountains Day&#039;, un appuntamento il prossimo 20 settembre ad Aosta dedicato al connubio innovazione, creativit\u00e0, ambiente e fotografia di montagna.\" \/>\n<meta property=\"og:url\" content=\"\" \/>\n<meta property=\"og:site_name\" content=\"Article Marketing\" \/>\n<meta property=\"article:published_time\" content=\"2008-08-08T12:17:41+00:00\" \/>\n<meta name=\"author\" content=\"Redazione Comunicati Stampa\" \/>\n<meta name=\"twitter:card\" content=\"summary_large_image\" \/>\n<meta name=\"twitter:label1\" content=\"Scritto da\" \/>\n\t<meta name=\"twitter:data1\" content=\"Redazione Comunicati Stampa\" \/>\n\t<meta name=\"twitter:label2\" content=\"Tempo di lettura stimato\" \/>\n\t<meta name=\"twitter:data2\" content=\"2 minuti\" \/>\n<script type=\"application\/ld+json\" class=\"yoast-schema-graph\">{\"@context\":\"https:\/\/schema.org\",\"@graph\":[{\"@type\":\"Article\",\"@id\":\"https:\/\/www.article-marketing.eu\/comunicati\/comunicati-stampa\/eventi\/%91open-your-mountains-day-innovazione-ambiente-immagine-e-creativit%e0\/#article\",\"isPartOf\":{\"@id\":\"https:\/\/www.article-marketing.eu\/comunicati\/comunicati-stampa\/eventi\/%91open-your-mountains-day-innovazione-ambiente-immagine-e-creativit%e0\/\"},\"author\":{\"name\":\"Redazione Comunicati Stampa\",\"@id\":\"https:\/\/www.article-marketing.eu\/comunicati\/#\/schema\/person\/44372e4d4d0fa797b18e03ed1ace9017\"},\"headline\":\"\u2018Open Your Mountains Day: innovazione, ambiente, immagine e creativit\u00e0\u2019\",\"datePublished\":\"2008-08-08T12:17:41+00:00\",\"mainEntityOfPage\":{\"@id\":\"https:\/\/www.article-marketing.eu\/comunicati\/comunicati-stampa\/eventi\/%91open-your-mountains-day-innovazione-ambiente-immagine-e-creativit%e0\/\"},\"wordCount\":465,\"commentCount\":0,\"keywords\":[\"ambiente\",\"aosta\",\"creativit\u00e0\",\"digital world\",\"festival\",\"fotografi\",\"fotografia\",\"immagine\",\"innovazione\",\"montagna\",\"mountain photo festival\",\"open your mountains day\"],\"articleSection\":[\"Eventi\"],\"inLanguage\":\"it-IT\",\"potentialAction\":[{\"@type\":\"CommentAction\",\"name\":\"Comment\",\"target\":[\"https:\/\/www.article-marketing.eu\/comunicati\/comunicati-stampa\/eventi\/%91open-your-mountains-day-innovazione-ambiente-immagine-e-creativit%e0\/#respond\"]}]},{\"@type\":\"WebPage\",\"@id\":\"https:\/\/www.article-marketing.eu\/comunicati\/comunicati-stampa\/eventi\/%91open-your-mountains-day-innovazione-ambiente-immagine-e-creativit%e0\/\",\"url\":\"https:\/\/www.article-marketing.eu\/comunicati\/comunicati-stampa\/eventi\/%91open-your-mountains-day-innovazione-ambiente-immagine-e-creativit%e0\/\",\"name\":\"\u2018Open Your Mountains Day: innovazione, ambiente, immagine e creativit\u00e0\u2019 - Article Marketing\",\"isPartOf\":{\"@id\":\"https:\/\/www.article-marketing.eu\/comunicati\/#website\"},\"datePublished\":\"2008-08-08T12:17:41+00:00\",\"author\":{\"@id\":\"https:\/\/www.article-marketing.eu\/comunicati\/#\/schema\/person\/44372e4d4d0fa797b18e03ed1ace9017\"},\"breadcrumb\":{\"@id\":\"https:\/\/www.article-marketing.eu\/comunicati\/comunicati-stampa\/eventi\/%91open-your-mountains-day-innovazione-ambiente-immagine-e-creativit%e0\/#breadcrumb\"},\"inLanguage\":\"it-IT\",\"potentialAction\":[{\"@type\":\"ReadAction\",\"target\":[\"https:\/\/www.article-marketing.eu\/comunicati\/comunicati-stampa\/eventi\/%91open-your-mountains-day-innovazione-ambiente-immagine-e-creativit%e0\/\"]}]},{\"@type\":\"BreadcrumbList\",\"@id\":\"https:\/\/www.article-marketing.eu\/comunicati\/comunicati-stampa\/eventi\/%91open-your-mountains-day-innovazione-ambiente-immagine-e-creativit%e0\/#breadcrumb\",\"itemListElement\":[{\"@type\":\"ListItem\",\"position\":1,\"name\":\"Home\",\"item\":\"https:\/\/www.article-marketing.eu\/comunicati\/\"},{\"@type\":\"ListItem\",\"position\":2,\"name\":\"\u2018Open Your Mountains Day: innovazione, ambiente, immagine e creativit\u00e0\u2019\"}]},{\"@type\":\"WebSite\",\"@id\":\"https:\/\/www.article-marketing.eu\/comunicati\/#website\",\"url\":\"https:\/\/www.article-marketing.eu\/comunicati\/\",\"name\":\"Article Marketing\",\"description\":\"article marketing &amp; press release\",\"potentialAction\":[{\"@type\":\"SearchAction\",\"target\":{\"@type\":\"EntryPoint\",\"urlTemplate\":\"https:\/\/www.article-marketing.eu\/comunicati\/?s={search_term_string}\"},\"query-input\":{\"@type\":\"PropertyValueSpecification\",\"valueRequired\":true,\"valueName\":\"search_term_string\"}}],\"inLanguage\":\"it-IT\"},{\"@type\":\"Person\",\"@id\":\"https:\/\/www.article-marketing.eu\/comunicati\/#\/schema\/person\/44372e4d4d0fa797b18e03ed1ace9017\",\"name\":\"Redazione Comunicati Stampa\",\"image\":{\"@type\":\"ImageObject\",\"inLanguage\":\"it-IT\",\"@id\":\"https:\/\/www.article-marketing.eu\/comunicati\/#\/schema\/person\/image\/\",\"url\":\"https:\/\/secure.gravatar.com\/avatar\/50e5c6421d3072f42e7ace803501602c60d75233d34e29fd05feb91c8760b792?s=96&d=mm&r=g\",\"contentUrl\":\"https:\/\/secure.gravatar.com\/avatar\/50e5c6421d3072f42e7ace803501602c60d75233d34e29fd05feb91c8760b792?s=96&d=mm&r=g\",\"caption\":\"Redazione Comunicati Stampa\"},\"url\":\"https:\/\/www.article-marketing.eu\/comunicati\/author\/redazione-comunicati-stampa\/\"}]}<\/script>\n<!-- \/ Yoast SEO plugin. -->","yoast_head_json":{"title":"\u2018Open Your Mountains Day: innovazione, ambiente, immagine e creativit\u00e0\u2019 - Article Marketing","robots":{"index":"index","follow":"follow","max-snippet":"max-snippet:-1","max-image-preview":"max-image-preview:large","max-video-preview":"max-video-preview:-1"},"canonical":"https:\/\/www.article-marketing.eu\/comunicati\/comunicati-stampa\/eventi\/?open-your-mountains-day-innovazione-ambiente-immagine-e-creativit?\/","og_locale":"it_IT","og_type":"article","og_title":"\u2018Open Your Mountains Day: innovazione, ambiente, immagine e creativit\u00e0\u2019 - Article Marketing","og_description":"'Open Your Mountains Day', un appuntamento il prossimo 20 settembre ad Aosta dedicato al connubio innovazione, creativit\u00e0, ambiente e fotografia di montagna.","og_url":"https:\/\/www.article-marketing.eu\/comunicati\/comunicati-stampa\/eventi\/?open-your-mountains-day-innovazione-ambiente-immagine-e-creativit?\/","og_site_name":"Article Marketing","article_published_time":"2008-08-08T12:17:41+00:00","author":"Redazione Comunicati Stampa","twitter_card":"summary_large_image","twitter_misc":{"Scritto da":"Redazione Comunicati Stampa","Tempo di lettura stimato":"2 minuti"},"schema":{"@context":"https:\/\/schema.org","@graph":[{"@type":"Article","@id":"https:\/\/www.article-marketing.eu\/comunicati\/comunicati-stampa\/eventi\/%91open-your-mountains-day-innovazione-ambiente-immagine-e-creativit%e0\/#article","isPartOf":{"@id":"https:\/\/www.article-marketing.eu\/comunicati\/comunicati-stampa\/eventi\/%91open-your-mountains-day-innovazione-ambiente-immagine-e-creativit%e0\/"},"author":{"name":"Redazione Comunicati Stampa","@id":"https:\/\/www.article-marketing.eu\/comunicati\/#\/schema\/person\/44372e4d4d0fa797b18e03ed1ace9017"},"headline":"\u2018Open Your Mountains Day: innovazione, ambiente, immagine e creativit\u00e0\u2019","datePublished":"2008-08-08T12:17:41+00:00","mainEntityOfPage":{"@id":"https:\/\/www.article-marketing.eu\/comunicati\/comunicati-stampa\/eventi\/%91open-your-mountains-day-innovazione-ambiente-immagine-e-creativit%e0\/"},"wordCount":465,"commentCount":0,"keywords":["ambiente","aosta","creativit\u00e0","digital world","festival","fotografi","fotografia","immagine","innovazione","montagna","mountain photo festival","open your mountains day"],"articleSection":["Eventi"],"inLanguage":"it-IT","potentialAction":[{"@type":"CommentAction","name":"Comment","target":["https:\/\/www.article-marketing.eu\/comunicati\/comunicati-stampa\/eventi\/%91open-your-mountains-day-innovazione-ambiente-immagine-e-creativit%e0\/#respond"]}]},{"@type":"WebPage","@id":"https:\/\/www.article-marketing.eu\/comunicati\/comunicati-stampa\/eventi\/%91open-your-mountains-day-innovazione-ambiente-immagine-e-creativit%e0\/","url":"https:\/\/www.article-marketing.eu\/comunicati\/comunicati-stampa\/eventi\/%91open-your-mountains-day-innovazione-ambiente-immagine-e-creativit%e0\/","name":"\u2018Open Your Mountains Day: innovazione, ambiente, immagine e creativit\u00e0\u2019 - Article Marketing","isPartOf":{"@id":"https:\/\/www.article-marketing.eu\/comunicati\/#website"},"datePublished":"2008-08-08T12:17:41+00:00","author":{"@id":"https:\/\/www.article-marketing.eu\/comunicati\/#\/schema\/person\/44372e4d4d0fa797b18e03ed1ace9017"},"breadcrumb":{"@id":"https:\/\/www.article-marketing.eu\/comunicati\/comunicati-stampa\/eventi\/%91open-your-mountains-day-innovazione-ambiente-immagine-e-creativit%e0\/#breadcrumb"},"inLanguage":"it-IT","potentialAction":[{"@type":"ReadAction","target":["https:\/\/www.article-marketing.eu\/comunicati\/comunicati-stampa\/eventi\/%91open-your-mountains-day-innovazione-ambiente-immagine-e-creativit%e0\/"]}]},{"@type":"BreadcrumbList","@id":"https:\/\/www.article-marketing.eu\/comunicati\/comunicati-stampa\/eventi\/%91open-your-mountains-day-innovazione-ambiente-immagine-e-creativit%e0\/#breadcrumb","itemListElement":[{"@type":"ListItem","position":1,"name":"Home","item":"https:\/\/www.article-marketing.eu\/comunicati\/"},{"@type":"ListItem","position":2,"name":"\u2018Open Your Mountains Day: innovazione, ambiente, immagine e creativit\u00e0\u2019"}]},{"@type":"WebSite","@id":"https:\/\/www.article-marketing.eu\/comunicati\/#website","url":"https:\/\/www.article-marketing.eu\/comunicati\/","name":"Article Marketing","description":"article marketing &amp; press release","potentialAction":[{"@type":"SearchAction","target":{"@type":"EntryPoint","urlTemplate":"https:\/\/www.article-marketing.eu\/comunicati\/?s={search_term_string}"},"query-input":{"@type":"PropertyValueSpecification","valueRequired":true,"valueName":"search_term_string"}}],"inLanguage":"it-IT"},{"@type":"Person","@id":"https:\/\/www.article-marketing.eu\/comunicati\/#\/schema\/person\/44372e4d4d0fa797b18e03ed1ace9017","name":"Redazione Comunicati Stampa","image":{"@type":"ImageObject","inLanguage":"it-IT","@id":"https:\/\/www.article-marketing.eu\/comunicati\/#\/schema\/person\/image\/","url":"https:\/\/secure.gravatar.com\/avatar\/50e5c6421d3072f42e7ace803501602c60d75233d34e29fd05feb91c8760b792?s=96&d=mm&r=g","contentUrl":"https:\/\/secure.gravatar.com\/avatar\/50e5c6421d3072f42e7ace803501602c60d75233d34e29fd05feb91c8760b792?s=96&d=mm&r=g","caption":"Redazione Comunicati Stampa"},"url":"https:\/\/www.article-marketing.eu\/comunicati\/author\/redazione-comunicati-stampa\/"}]}},"_links":{"self":[{"href":"https:\/\/www.article-marketing.eu\/comunicati\/wp-json\/wp\/v2\/posts\/577","targetHints":{"allow":["GET"]}}],"collection":[{"href":"https:\/\/www.article-marketing.eu\/comunicati\/wp-json\/wp\/v2\/posts"}],"about":[{"href":"https:\/\/www.article-marketing.eu\/comunicati\/wp-json\/wp\/v2\/types\/post"}],"author":[{"embeddable":true,"href":"https:\/\/www.article-marketing.eu\/comunicati\/wp-json\/wp\/v2\/users\/10"}],"replies":[{"embeddable":true,"href":"https:\/\/www.article-marketing.eu\/comunicati\/wp-json\/wp\/v2\/comments?post=577"}],"version-history":[{"count":0,"href":"https:\/\/www.article-marketing.eu\/comunicati\/wp-json\/wp\/v2\/posts\/577\/revisions"}],"wp:attachment":[{"href":"https:\/\/www.article-marketing.eu\/comunicati\/wp-json\/wp\/v2\/media?parent=577"}],"wp:term":[{"taxonomy":"category","embeddable":true,"href":"https:\/\/www.article-marketing.eu\/comunicati\/wp-json\/wp\/v2\/categories?post=577"},{"taxonomy":"post_tag","embeddable":true,"href":"https:\/\/www.article-marketing.eu\/comunicati\/wp-json\/wp\/v2\/tags?post=577"}],"curies":[{"name":"wp","href":"https:\/\/api.w.org\/{rel}","templated":true}]}}