{"id":5792,"date":"2010-07-13T11:31:35","date_gmt":"2010-07-13T09:31:35","guid":{"rendered":"http:\/\/www.article-marketing.eu\/comunicati\/senza-categoria\/la-comunicazione-il-marketing-e-la-pubblicit%e0-nel-panorama-bresciano\/"},"modified":"2010-07-13T11:31:35","modified_gmt":"2010-07-13T09:31:35","slug":"la-comunicazione-il-marketing-e-la-pubblicit%e0-nel-panorama-bresciano","status":"publish","type":"post","link":"https:\/\/www.article-marketing.eu\/comunicati\/economia-e-lavoro\/marketing\/la-comunicazione-il-marketing-e-la-pubblicit%e0-nel-panorama-bresciano\/","title":{"rendered":"La comunicazione, il marketing e la pubblicit\u00e0  nel panorama bresciano."},"content":{"rendered":"<p><\/p>\n<p class=\"western\"><strong>Brescia<\/strong>&nbsp;\u00e8 da sempre uno dei poli economici pi\u00f9 importanti d\u2019Italia.<\/p>\n<p class=\"western\" mce_style=\"font-weight: normal;\" style=\"font-weight: normal; \">Il business bresciano, scoppiato nel secondo dopoguerra, ha un mercato decisamente orientato alla produzione.<\/p>\n<p class=\"western\" mce_style=\"font-weight: normal;\" style=\"font-weight: normal; \">Ora, i&nbsp;<strong>rapidi cambiamenti<\/strong>&nbsp;delle modalit\u00e0 di&nbsp;<strong>consumo<\/strong>, i cambiamenti&nbsp;<strong>socio-economici<\/strong>&nbsp;e&nbsp;<strong>demografici<\/strong>, le<strong>tendenze culturali e sociali<\/strong>&nbsp;hanno messo in discussione tutto questo modo di fare mercato.<\/p>\n<p class=\"western\" mce_style=\"font-weight: normal;\" style=\"font-weight: normal; \">Tante piccole e medie aziende hanno avuto e hanno tuttora grosse difficolt\u00e0 a capire che ora&nbsp;<strong>la comunicazione gioca un ruolo chiave nell\u2019economia<\/strong>&nbsp;e quanto sia&nbsp;<strong>fondamentale&nbsp;<a href=\"http:\/\/www.mawitalia.it\" mce_href=\"http:\/\/www.mawitalia.it\" title=\"MAW Italia - Comunicare fa crescere\">investire in progetti e strategie studiati<\/a>&nbsp;<\/strong>attentamente da professionisti.<\/p>\n<p class=\"western\" mce_style=\"font-weight: normal;\" style=\"font-weight: normal; \"><\/p>\n<p class=\"western\" mce_style=\"font-weight: normal;\" style=\"font-weight: normal; \"><\/p>\n<p class=\"western\" mce_style=\"font-weight: normal;\" style=\"font-weight: normal; \">Il nuovo mercato richiede un nuovo sistema per funzionare, orientato alla comunicazione e alle vendite.<\/p>\n<p class=\"western\" mce_style=\"font-weight: normal;\" style=\"font-weight: normal; \"><em>Che senso ha continuare a produrre se il mercato non assorbe tale produzione?<\/em><\/p>\n<p class=\"western\" mce_style=\"font-weight: normal;\" style=\"font-weight: normal; \">A Brescia si fatica ancora a concepire la nuova tecnologia (web, software di gestione, ecc) e si pensa soltanto a \u201cLaur\u00e0\u201d.<\/p>\n<p class=\"western\" mce_style=\"font-weight: normal;\" style=\"font-weight: normal; \"><strong>Il sito web<\/strong>, ad esempio, non dovrebbe essere facoltativo, \u00e8&nbsp;<strong>indispensabile<\/strong>&nbsp;per un&#8217;attivit\u00e0 essere presenti sul web, ma fare un sito internet solo \u201cper esserci\u201d spesso pu\u00f2 essere fortemente deleterio, come in questo caso:&nbsp;<em>Mio nipote me lo fa gratis!<\/em><\/p>\n<p class=\"western\" mce_style=\"font-weight: normal;\" style=\"font-weight: normal; \"><strong>Un sito web<\/strong>&nbsp;non basta che contenga testi e fotografie, dev&#8217;essere&nbsp;<strong>studiato<\/strong>&nbsp;nell&#8217;aspetto estetico, cromatico, pratico, nell&#8217;organizzazione dei contenuti, nella struttura vera e propria, dev&#8217;essere usabile, completo, deve \u201cpiacere\u201d ai motori di ricerca, deve rispecchiare l&#8217;identit\u00e0 dell&#8217;azienda altrimenti il rischio \u00e8 di comunicare messaggi diversi contemporaneamente con una forte sensazione di incoerenza. Pericolosissima incoerenza!<\/p>\n<p class=\"western\" mce_style=\"font-weight: normal;\" style=\"font-weight: normal; \">Chiunque con 4 nozioni di informatica pu\u00f2 fare un sito, semplicemente acquistando un template ed inserendo qualche foto con un testo. Ecco un sito in puro stile bresciano!<\/p>\n<p class=\"western\" mce_style=\"font-weight: normal;\" style=\"font-weight: normal; \"><em><strong>V<\/strong><\/em><strong><em>i fareste prescrivere un farmaco da vostro nipote di 17 anni, magari appena finir\u00e0 di leggere quel bel libro di medicina che gli ha regalato la mamma!?<\/em><\/strong><\/p>\n<p class=\"western\" mce_style=\"font-weight: normal;\" style=\"font-weight: normal; \"><em>Perch\u00e8 nella comunicazione invece lo facciamo?<\/em><\/p>\n<p class=\"western\" mce_style=\"font-weight: normal;\" style=\"font-weight: normal; \"><em><\/em><em>Perch\u00e8 (almeno qui a Brescia) si pensa che le vendite e la propria attivit\u00e0 non dipendano dal modo di comunicare della propria azienda?<\/em><\/p>\n<p class=\"western\" mce_style=\"font-weight: normal;\" style=\"font-weight: normal; \"><em><\/em>Quello che gli imprenditori bresciani ancora non hanno capito \u00e8 che, nonostante ci\u00f2 di cui sono convinti, la loro&nbsp;<strong>impresa comunica in ogni momento<\/strong>: con l&#8217;insegna, i biglietti da visita, i venditori, le fatture, le telefoniste, il titolare, gli imballi, i camion, gli operai, la struttura opertiva, le fiere, i cataloghi, il sito internet, le e-mail, i documenti di trasporto, l&#8217;abbigliamento dei dipendenti, il video aziendale, ecc.<\/p>\n<p class=\"western\" mce_style=\"font-weight: normal;\" style=\"font-weight: normal; \"><\/p>\n<p class=\"western\" mce_style=\"font-weight: normal;\" style=\"font-weight: normal; \"><\/p>\n<p class=\"western\" mce_style=\"font-weight: normal;\" style=\"font-weight: normal; \">Capita di vedere&nbsp;<strong>aziende che comunicano<\/strong>&nbsp;ai propri clienti, prospect, collaboratori e fornitori&nbsp;<strong>il massimo dell&#8217;incoerenza<\/strong>&nbsp;e della disorganizzazione.<\/p>\n<p class=\"western\" mce_style=\"font-weight: normal;\" style=\"font-weight: normal; \"><strong><em>Ma che fiducia avreste di una persona mal vestita che si contraddice mentre parla?<\/em><\/strong>&nbsp;Siamo sinceri! Non sappiamo se in tutto il bel paese la situazione sia simile, ma a Brescia si possono vedere situazioni vergognose di aziende con il sito internet in costruzione dal 2003, biglietti da visita di un colore, brochure con un logo nuovo e cartellette di un terzo colore.<\/p>\n<p class=\"western\"><strong><em>Che idea vi fareste se doveste comprare da un&#8217;azienda simile!?<\/em><\/strong><\/p>\n<p class=\"western\" mce_style=\"font-weight: normal;\" style=\"font-weight: normal; \">Pensereste subito a qualcosa di poco organizzato, di confusionario.<\/p>\n<p class=\"western\" mce_style=\"font-weight: normal;\" style=\"font-weight: normal; \">Avere un\u2019<strong>immagine organizzata e coordinata<\/strong>&nbsp;aiuta a creare&nbsp;<strong>senso di ordine<\/strong>, di&nbsp;<strong>organizzazione<\/strong>&nbsp;e di<strong>fiducia<\/strong>&nbsp;a chi guarda dall\u2019esterno, permette di distinguersi dalla concorrenza e di imporsi sul mercato.<strong>&nbsp;Aiuta<\/strong>, in sostanza,&nbsp;<strong>il proprio business<\/strong>.<\/p>\n<p class=\"western\" mce_style=\"font-weight: normal;\" style=\"font-weight: normal; \">Certo, come in tutto,&nbsp;<em>sono necessari dei sacrifici<\/em>, del tempo, ma avete mai visto una donna perdere 20 Kg solo perch\u00e8 ha conosciuto un dietologo? Non pu\u00f2 succedere, ma questa persona sa che quel dottore, studiando la sua situazione, potr\u00e0 offrirle l&#8217;<strong>opportunit\u00e0 di migliorare la sua condizione<\/strong>, certo dovr\u00e0 spendere denaro, impiegare tempo, impegnarsi assiduamente, ma&nbsp;<strong>otterr\u00e0 dei risultati, dei grandi risultati<\/strong>.<\/p>\n<p class=\"western\" mce_style=\"font-weight: normal;\" style=\"font-weight: normal; \">MAW Italia \u2013 comunicare fa crescere<\/p>\n<p class=\"western\" mce_style=\"font-weight: normal;\" style=\"font-weight: normal; \"><\/p>\n","protected":false},"excerpt":{"rendered":"<p>Quando le aziende capiranno VERAMENTE il valore della comunicazione per il proprio business, in quel momento, cominceranno ad avere successo! Questa la situazione a Brescia, ma probabilmente non solo.<\/p>\n","protected":false},"author":10,"featured_media":0,"comment_status":"open","ping_status":"open","sticky":false,"template":"","format":"standard","meta":{"cybocfi_hide_featured_image":"","footnotes":""},"categories":[103],"tags":[213,8887,4573,4572,199,448,245,104,3148,2649,15684,569],"class_list":["post-5792","post","type-post","status-publish","format-standard","hentry","category-marketing","tag-biglietti-da-visita","tag-brescia","tag-brochure","tag-cataloghi","tag-comunicazione","tag-fiere","tag-marketing","tag-pubblicita","tag-siti-internet","tag-stand","tag-striscioni","tag-web"],"yoast_head":"<!-- This site is optimized with the Yoast SEO plugin v27.0 - https:\/\/yoast.com\/product\/yoast-seo-wordpress\/ -->\n<title>La comunicazione, il marketing e la pubblicit\u00e0 nel panorama bresciano. - Article Marketing<\/title>\n<meta name=\"robots\" content=\"index, follow, max-snippet:-1, max-image-preview:large, max-video-preview:-1\" \/>\n<link rel=\"canonical\" href=\"https:\/\/www.article-marketing.eu\/comunicati\/economia-e-lavoro\/marketing\/la-comunicazione-il-marketing-e-la-pubblicit?-nel-panorama-bresciano\/\" \/>\n<meta property=\"og:locale\" content=\"it_IT\" \/>\n<meta property=\"og:type\" content=\"article\" \/>\n<meta property=\"og:title\" content=\"La comunicazione, il marketing e la pubblicit\u00e0 nel panorama bresciano. - Article Marketing\" \/>\n<meta property=\"og:description\" content=\"Quando le aziende capiranno VERAMENTE il valore della comunicazione per il proprio business, in quel momento, cominceranno ad avere successo! Questa la situazione a Brescia, ma probabilmente non solo.\" \/>\n<meta property=\"og:url\" content=\"\" \/>\n<meta property=\"og:site_name\" content=\"Article Marketing\" \/>\n<meta property=\"article:published_time\" content=\"2010-07-13T09:31:35+00:00\" \/>\n<meta name=\"author\" content=\"Redazione Comunicati Stampa\" \/>\n<meta name=\"twitter:card\" content=\"summary_large_image\" \/>\n<meta name=\"twitter:label1\" content=\"Scritto da\" \/>\n\t<meta name=\"twitter:data1\" content=\"Redazione Comunicati Stampa\" \/>\n\t<meta name=\"twitter:label2\" content=\"Tempo di lettura stimato\" \/>\n\t<meta name=\"twitter:data2\" content=\"3 minuti\" \/>\n<script type=\"application\/ld+json\" class=\"yoast-schema-graph\">{\"@context\":\"https:\/\/schema.org\",\"@graph\":[{\"@type\":\"Article\",\"@id\":\"https:\/\/www.article-marketing.eu\/comunicati\/economia-e-lavoro\/marketing\/la-comunicazione-il-marketing-e-la-pubblicit%e0-nel-panorama-bresciano\/#article\",\"isPartOf\":{\"@id\":\"https:\/\/www.article-marketing.eu\/comunicati\/economia-e-lavoro\/marketing\/la-comunicazione-il-marketing-e-la-pubblicit%e0-nel-panorama-bresciano\/\"},\"author\":{\"name\":\"Redazione Comunicati Stampa\",\"@id\":\"https:\/\/www.article-marketing.eu\/comunicati\/#\/schema\/person\/44372e4d4d0fa797b18e03ed1ace9017\"},\"headline\":\"La comunicazione, il marketing e la pubblicit\u00e0 nel panorama bresciano.\",\"datePublished\":\"2010-07-13T09:31:35+00:00\",\"mainEntityOfPage\":{\"@id\":\"https:\/\/www.article-marketing.eu\/comunicati\/economia-e-lavoro\/marketing\/la-comunicazione-il-marketing-e-la-pubblicit%e0-nel-panorama-bresciano\/\"},\"wordCount\":626,\"commentCount\":0,\"keywords\":[\"Biglietti da visita\",\"brescia\",\"brochure\",\"cataloghi\",\"comunicazione\",\"fiere\",\"marketing\",\"pubblicit\u00e0\",\"siti internet\",\"stand\",\"striscioni\",\"web\"],\"articleSection\":[\"Marketing\"],\"inLanguage\":\"it-IT\",\"potentialAction\":[{\"@type\":\"CommentAction\",\"name\":\"Comment\",\"target\":[\"https:\/\/www.article-marketing.eu\/comunicati\/economia-e-lavoro\/marketing\/la-comunicazione-il-marketing-e-la-pubblicit%e0-nel-panorama-bresciano\/#respond\"]}]},{\"@type\":\"WebPage\",\"@id\":\"https:\/\/www.article-marketing.eu\/comunicati\/economia-e-lavoro\/marketing\/la-comunicazione-il-marketing-e-la-pubblicit%e0-nel-panorama-bresciano\/\",\"url\":\"https:\/\/www.article-marketing.eu\/comunicati\/economia-e-lavoro\/marketing\/la-comunicazione-il-marketing-e-la-pubblicit%e0-nel-panorama-bresciano\/\",\"name\":\"La comunicazione, il marketing e la pubblicit\u00e0 nel panorama bresciano. - Article Marketing\",\"isPartOf\":{\"@id\":\"https:\/\/www.article-marketing.eu\/comunicati\/#website\"},\"datePublished\":\"2010-07-13T09:31:35+00:00\",\"author\":{\"@id\":\"https:\/\/www.article-marketing.eu\/comunicati\/#\/schema\/person\/44372e4d4d0fa797b18e03ed1ace9017\"},\"breadcrumb\":{\"@id\":\"https:\/\/www.article-marketing.eu\/comunicati\/economia-e-lavoro\/marketing\/la-comunicazione-il-marketing-e-la-pubblicit%e0-nel-panorama-bresciano\/#breadcrumb\"},\"inLanguage\":\"it-IT\",\"potentialAction\":[{\"@type\":\"ReadAction\",\"target\":[\"https:\/\/www.article-marketing.eu\/comunicati\/economia-e-lavoro\/marketing\/la-comunicazione-il-marketing-e-la-pubblicit%e0-nel-panorama-bresciano\/\"]}]},{\"@type\":\"BreadcrumbList\",\"@id\":\"https:\/\/www.article-marketing.eu\/comunicati\/economia-e-lavoro\/marketing\/la-comunicazione-il-marketing-e-la-pubblicit%e0-nel-panorama-bresciano\/#breadcrumb\",\"itemListElement\":[{\"@type\":\"ListItem\",\"position\":1,\"name\":\"Home\",\"item\":\"https:\/\/www.article-marketing.eu\/comunicati\/\"},{\"@type\":\"ListItem\",\"position\":2,\"name\":\"La comunicazione, il marketing e la pubblicit\u00e0 nel panorama bresciano.\"}]},{\"@type\":\"WebSite\",\"@id\":\"https:\/\/www.article-marketing.eu\/comunicati\/#website\",\"url\":\"https:\/\/www.article-marketing.eu\/comunicati\/\",\"name\":\"Article Marketing\",\"description\":\"article marketing &amp; press release\",\"potentialAction\":[{\"@type\":\"SearchAction\",\"target\":{\"@type\":\"EntryPoint\",\"urlTemplate\":\"https:\/\/www.article-marketing.eu\/comunicati\/?s={search_term_string}\"},\"query-input\":{\"@type\":\"PropertyValueSpecification\",\"valueRequired\":true,\"valueName\":\"search_term_string\"}}],\"inLanguage\":\"it-IT\"},{\"@type\":\"Person\",\"@id\":\"https:\/\/www.article-marketing.eu\/comunicati\/#\/schema\/person\/44372e4d4d0fa797b18e03ed1ace9017\",\"name\":\"Redazione Comunicati Stampa\",\"image\":{\"@type\":\"ImageObject\",\"inLanguage\":\"it-IT\",\"@id\":\"https:\/\/www.article-marketing.eu\/comunicati\/#\/schema\/person\/image\/\",\"url\":\"https:\/\/secure.gravatar.com\/avatar\/50e5c6421d3072f42e7ace803501602c60d75233d34e29fd05feb91c8760b792?s=96&d=mm&r=g\",\"contentUrl\":\"https:\/\/secure.gravatar.com\/avatar\/50e5c6421d3072f42e7ace803501602c60d75233d34e29fd05feb91c8760b792?s=96&d=mm&r=g\",\"caption\":\"Redazione Comunicati Stampa\"},\"url\":\"https:\/\/www.article-marketing.eu\/comunicati\/author\/redazione-comunicati-stampa\/\"}]}<\/script>\n<!-- \/ Yoast SEO plugin. -->","yoast_head_json":{"title":"La comunicazione, il marketing e la pubblicit\u00e0 nel panorama bresciano. - Article Marketing","robots":{"index":"index","follow":"follow","max-snippet":"max-snippet:-1","max-image-preview":"max-image-preview:large","max-video-preview":"max-video-preview:-1"},"canonical":"https:\/\/www.article-marketing.eu\/comunicati\/economia-e-lavoro\/marketing\/la-comunicazione-il-marketing-e-la-pubblicit?-nel-panorama-bresciano\/","og_locale":"it_IT","og_type":"article","og_title":"La comunicazione, il marketing e la pubblicit\u00e0 nel panorama bresciano. - Article Marketing","og_description":"Quando le aziende capiranno VERAMENTE il valore della comunicazione per il proprio business, in quel momento, cominceranno ad avere successo! Questa la situazione a Brescia, ma probabilmente non solo.","og_url":"https:\/\/www.article-marketing.eu\/comunicati\/economia-e-lavoro\/marketing\/la-comunicazione-il-marketing-e-la-pubblicit?-nel-panorama-bresciano\/","og_site_name":"Article Marketing","article_published_time":"2010-07-13T09:31:35+00:00","author":"Redazione Comunicati Stampa","twitter_card":"summary_large_image","twitter_misc":{"Scritto da":"Redazione Comunicati Stampa","Tempo di lettura stimato":"3 minuti"},"schema":{"@context":"https:\/\/schema.org","@graph":[{"@type":"Article","@id":"https:\/\/www.article-marketing.eu\/comunicati\/economia-e-lavoro\/marketing\/la-comunicazione-il-marketing-e-la-pubblicit%e0-nel-panorama-bresciano\/#article","isPartOf":{"@id":"https:\/\/www.article-marketing.eu\/comunicati\/economia-e-lavoro\/marketing\/la-comunicazione-il-marketing-e-la-pubblicit%e0-nel-panorama-bresciano\/"},"author":{"name":"Redazione Comunicati Stampa","@id":"https:\/\/www.article-marketing.eu\/comunicati\/#\/schema\/person\/44372e4d4d0fa797b18e03ed1ace9017"},"headline":"La comunicazione, il marketing e la pubblicit\u00e0 nel panorama bresciano.","datePublished":"2010-07-13T09:31:35+00:00","mainEntityOfPage":{"@id":"https:\/\/www.article-marketing.eu\/comunicati\/economia-e-lavoro\/marketing\/la-comunicazione-il-marketing-e-la-pubblicit%e0-nel-panorama-bresciano\/"},"wordCount":626,"commentCount":0,"keywords":["Biglietti da visita","brescia","brochure","cataloghi","comunicazione","fiere","marketing","pubblicit\u00e0","siti internet","stand","striscioni","web"],"articleSection":["Marketing"],"inLanguage":"it-IT","potentialAction":[{"@type":"CommentAction","name":"Comment","target":["https:\/\/www.article-marketing.eu\/comunicati\/economia-e-lavoro\/marketing\/la-comunicazione-il-marketing-e-la-pubblicit%e0-nel-panorama-bresciano\/#respond"]}]},{"@type":"WebPage","@id":"https:\/\/www.article-marketing.eu\/comunicati\/economia-e-lavoro\/marketing\/la-comunicazione-il-marketing-e-la-pubblicit%e0-nel-panorama-bresciano\/","url":"https:\/\/www.article-marketing.eu\/comunicati\/economia-e-lavoro\/marketing\/la-comunicazione-il-marketing-e-la-pubblicit%e0-nel-panorama-bresciano\/","name":"La comunicazione, il marketing e la pubblicit\u00e0 nel panorama bresciano. - Article Marketing","isPartOf":{"@id":"https:\/\/www.article-marketing.eu\/comunicati\/#website"},"datePublished":"2010-07-13T09:31:35+00:00","author":{"@id":"https:\/\/www.article-marketing.eu\/comunicati\/#\/schema\/person\/44372e4d4d0fa797b18e03ed1ace9017"},"breadcrumb":{"@id":"https:\/\/www.article-marketing.eu\/comunicati\/economia-e-lavoro\/marketing\/la-comunicazione-il-marketing-e-la-pubblicit%e0-nel-panorama-bresciano\/#breadcrumb"},"inLanguage":"it-IT","potentialAction":[{"@type":"ReadAction","target":["https:\/\/www.article-marketing.eu\/comunicati\/economia-e-lavoro\/marketing\/la-comunicazione-il-marketing-e-la-pubblicit%e0-nel-panorama-bresciano\/"]}]},{"@type":"BreadcrumbList","@id":"https:\/\/www.article-marketing.eu\/comunicati\/economia-e-lavoro\/marketing\/la-comunicazione-il-marketing-e-la-pubblicit%e0-nel-panorama-bresciano\/#breadcrumb","itemListElement":[{"@type":"ListItem","position":1,"name":"Home","item":"https:\/\/www.article-marketing.eu\/comunicati\/"},{"@type":"ListItem","position":2,"name":"La comunicazione, il marketing e la pubblicit\u00e0 nel panorama bresciano."}]},{"@type":"WebSite","@id":"https:\/\/www.article-marketing.eu\/comunicati\/#website","url":"https:\/\/www.article-marketing.eu\/comunicati\/","name":"Article Marketing","description":"article marketing &amp; press release","potentialAction":[{"@type":"SearchAction","target":{"@type":"EntryPoint","urlTemplate":"https:\/\/www.article-marketing.eu\/comunicati\/?s={search_term_string}"},"query-input":{"@type":"PropertyValueSpecification","valueRequired":true,"valueName":"search_term_string"}}],"inLanguage":"it-IT"},{"@type":"Person","@id":"https:\/\/www.article-marketing.eu\/comunicati\/#\/schema\/person\/44372e4d4d0fa797b18e03ed1ace9017","name":"Redazione Comunicati Stampa","image":{"@type":"ImageObject","inLanguage":"it-IT","@id":"https:\/\/www.article-marketing.eu\/comunicati\/#\/schema\/person\/image\/","url":"https:\/\/secure.gravatar.com\/avatar\/50e5c6421d3072f42e7ace803501602c60d75233d34e29fd05feb91c8760b792?s=96&d=mm&r=g","contentUrl":"https:\/\/secure.gravatar.com\/avatar\/50e5c6421d3072f42e7ace803501602c60d75233d34e29fd05feb91c8760b792?s=96&d=mm&r=g","caption":"Redazione Comunicati Stampa"},"url":"https:\/\/www.article-marketing.eu\/comunicati\/author\/redazione-comunicati-stampa\/"}]}},"_links":{"self":[{"href":"https:\/\/www.article-marketing.eu\/comunicati\/wp-json\/wp\/v2\/posts\/5792","targetHints":{"allow":["GET"]}}],"collection":[{"href":"https:\/\/www.article-marketing.eu\/comunicati\/wp-json\/wp\/v2\/posts"}],"about":[{"href":"https:\/\/www.article-marketing.eu\/comunicati\/wp-json\/wp\/v2\/types\/post"}],"author":[{"embeddable":true,"href":"https:\/\/www.article-marketing.eu\/comunicati\/wp-json\/wp\/v2\/users\/10"}],"replies":[{"embeddable":true,"href":"https:\/\/www.article-marketing.eu\/comunicati\/wp-json\/wp\/v2\/comments?post=5792"}],"version-history":[{"count":0,"href":"https:\/\/www.article-marketing.eu\/comunicati\/wp-json\/wp\/v2\/posts\/5792\/revisions"}],"wp:attachment":[{"href":"https:\/\/www.article-marketing.eu\/comunicati\/wp-json\/wp\/v2\/media?parent=5792"}],"wp:term":[{"taxonomy":"category","embeddable":true,"href":"https:\/\/www.article-marketing.eu\/comunicati\/wp-json\/wp\/v2\/categories?post=5792"},{"taxonomy":"post_tag","embeddable":true,"href":"https:\/\/www.article-marketing.eu\/comunicati\/wp-json\/wp\/v2\/tags?post=5792"}],"curies":[{"name":"wp","href":"https:\/\/api.w.org\/{rel}","templated":true}]}}