{"id":5816,"date":"2010-07-14T14:31:43","date_gmt":"2010-07-14T12:31:43","guid":{"rendered":"http:\/\/www.article-marketing.eu\/comunicati\/senza-categoria\/le-pareti-si-vestono-doro-con-il-colorificio-di-maria\/"},"modified":"2018-07-10T04:41:28","modified_gmt":"2018-07-10T02:41:28","slug":"le-pareti-si-vestono-doro-con-il-colorificio-di-maria","status":"publish","type":"post","link":"https:\/\/www.article-marketing.eu\/comunicati\/casa\/le-pareti-si-vestono-doro-con-il-colorificio-di-maria\/","title":{"rendered":"Le pareti si vestono d&#8217;oro con il Colorificio Di Maria"},"content":{"rendered":"<p>Il Colorificio Di Maria presenta la sua nuova linea di pitture<br \/>\ndecorative ELIO COLLECTION, espressione di gusto e raffinata esclusivit\u00e0<br \/>\n in cui il passato \u00e8 in perfetto connubio con il presente ed i luoghi<br \/>\ndella vita quotidiana.<\/p>\n<p>Si chiamano Onde, Sabbie Oro, Sabbie Argento, Sabbie Natura, Metalli<br \/>\n Preziosi Platino, Metalli Preziosi Oro, Aurora Boreale e Terre di<br \/>\nSicilia.<\/p>\n<p>Molteplici sono i dettagli che caratterizzano ognuna delle 8<br \/>\nfiniture decorative, offrendo nuovi orizzonti applicativi con effetti<br \/>\nondeggianti arabescati, nuvole iridescenti che rifraggono la luce oppure<br \/>\n ancora finiture rilucenti ispirate ai pi\u00f9 famosi ambienti storici della<br \/>\n Sicilia settecentesca.<\/p>\n<p>Ogni tonalit\u00e0 \u00e8 stata appositamente studiata per ambienti<br \/>\nsofisticati e dagli accurati arredi trasmettendo all\u2019osservatore una<br \/>\ngradevole sensazione di serenit\u00e0 e bellezza.<\/p>\n<p>Le superfici si trasformano in componenti d\u2019arredo di moderna<br \/>\npreziosit\u00e0, in cui protagonista assoluta \u00e8 la creativit\u00e0<br \/>\ndell\u2019applicatore, che in modo semplice pu\u00f2 rendere unico e particolare<br \/>\nqualsiasi ambiente&amp;idutente=12451&amp;tipo=G&amp;ideditore=510&amp;pos=3&amp;action=CLICK&amp;d=http%253A%252F%252Fwww%252Earticle%252Dmarketing%252Eeu%252Fsubmit%252F&amp;timestamp=7\/14\/2010%2011:19:57%20AM&quot; class=&quot;contextual&quot;&gt;ambiente.\n<\/p>\n<p>Il Colorificio Di Maria presenta la sua nuova linea di pitture<br \/>\ndecorative ELIO COLLECTION, espressione di gusto e raffinata esclusivit\u00e0<br \/>\n in cui il passato \u00e8 in perfetto connubio con il presente ed i luoghi<br \/>\ndella vita quotidiana.<\/p>\n<p>Si chiamano Onde, Sabbie Oro, Sabbie Argento, Sabbie Natura, Metalli<br \/>\n Preziosi Platino, Metalli Preziosi Oro, Aurora Boreale e Terre di<br \/>\nSicilia.<\/p>\n<p>Molteplici sono i dettagli che caratterizzano ognuna delle 8<br \/>\nfiniture decorative, offrendo nuovi orizzonti applicativi con effetti<br \/>\nondeggianti arabescati, nuvole iridescenti che rifraggono la luce oppure<br \/>\n ancora finiture rilucenti ispirate ai pi\u00f9 famosi ambienti storici della<br \/>\n Sicilia settecentesca.<\/p>\n<p>Ogni tonalit\u00e0 \u00e8 stata appositamente studiata per ambienti<br \/>\nsofisticati e dagli accurati arredi trasmettendo all\u2019osservatore una<br \/>\ngradevole sensazione di serenit\u00e0 e bellezza.<\/p>\n<p>Le superfici si trasformano in componenti d\u2019arredo di moderna<br \/>\npreziosit\u00e0, in cui protagonista assoluta \u00e8 la creativit\u00e0<br \/>\ndell\u2019applicatore, che in modo semplice pu\u00f2 rendere unico e particolare<br \/>\nqualsiasi ambiente.&nbsp;\n<\/p>\n<p>http:\/\/www.infoarredo.it\/rubriche\/art-188-le-pareti-si-vestono-doro\/<\/p>\n","protected":false},"excerpt":{"rendered":"<p>Il Colorificio Di Maria presenta la sua nuova linea di pitture decorative ELIO COLLECTION, espressione di gusto e raffinata esclusivit\u00e0 in cui il passato \u00e8 in perfetto connubio con il presente ed i luoghi della vita quotidiana.<\/p>\n","protected":false},"author":10,"featured_media":0,"comment_status":"open","ping_status":"open","sticky":false,"template":"","format":"standard","meta":{"cybocfi_hide_featured_image":"","footnotes":""},"categories":[390],"tags":[1186,576,1430,483,15878,1423,1107,1977,575,629,104],"class_list":["post-5816","post","type-post","status-publish","format-standard","hentry","category-casa","tag-armadi","tag-arredamento","tag-arredo","tag-aziende","tag-camera-da-letto","tag-cucina","tag-design","tag-divani","tag-mobili","tag-portale","tag-pubblicita"],"yoast_head":"<!-- This site is optimized with the Yoast SEO plugin v27.0 - https:\/\/yoast.com\/product\/yoast-seo-wordpress\/ -->\n<title>Le pareti si vestono d&#039;oro con il Colorificio Di Maria - Article Marketing<\/title>\n<meta name=\"robots\" content=\"index, follow, max-snippet:-1, max-image-preview:large, max-video-preview:-1\" \/>\n<link rel=\"canonical\" href=\"https:\/\/www.article-marketing.eu\/comunicati\/casa\/le-pareti-si-vestono-doro-con-il-colorificio-di-maria\/\" \/>\n<meta property=\"og:locale\" content=\"it_IT\" \/>\n<meta property=\"og:type\" content=\"article\" \/>\n<meta property=\"og:title\" content=\"Le pareti si vestono d&#039;oro con il Colorificio Di Maria - Article Marketing\" \/>\n<meta property=\"og:description\" content=\"Il Colorificio Di Maria presenta la sua nuova linea di pitture decorative ELIO COLLECTION, espressione di gusto e raffinata esclusivit\u00e0 in cui il passato \u00e8 in perfetto connubio con il presente ed i luoghi della vita quotidiana.\" \/>\n<meta property=\"og:url\" content=\"https:\/\/www.article-marketing.eu\/comunicati\/casa\/le-pareti-si-vestono-doro-con-il-colorificio-di-maria\/\" \/>\n<meta property=\"og:site_name\" content=\"Article Marketing\" \/>\n<meta property=\"article:published_time\" content=\"2010-07-14T12:31:43+00:00\" \/>\n<meta property=\"article:modified_time\" content=\"2018-07-10T02:41:28+00:00\" \/>\n<meta name=\"author\" content=\"Redazione Comunicati Stampa\" \/>\n<meta name=\"twitter:card\" content=\"summary_large_image\" \/>\n<meta name=\"twitter:label1\" content=\"Scritto da\" \/>\n\t<meta name=\"twitter:data1\" content=\"Redazione Comunicati Stampa\" \/>\n\t<meta name=\"twitter:label2\" content=\"Tempo di lettura stimato\" \/>\n\t<meta name=\"twitter:data2\" content=\"2 minuti\" \/>\n<script type=\"application\/ld+json\" class=\"yoast-schema-graph\">{\"@context\":\"https:\/\/schema.org\",\"@graph\":[{\"@type\":\"Article\",\"@id\":\"https:\/\/www.article-marketing.eu\/comunicati\/casa\/le-pareti-si-vestono-doro-con-il-colorificio-di-maria\/#article\",\"isPartOf\":{\"@id\":\"https:\/\/www.article-marketing.eu\/comunicati\/casa\/le-pareti-si-vestono-doro-con-il-colorificio-di-maria\/\"},\"author\":{\"name\":\"Redazione Comunicati Stampa\",\"@id\":\"https:\/\/www.article-marketing.eu\/comunicati\/#\/schema\/person\/44372e4d4d0fa797b18e03ed1ace9017\"},\"headline\":\"Le pareti si vestono d&#8217;oro con il Colorificio Di Maria\",\"datePublished\":\"2010-07-14T12:31:43+00:00\",\"dateModified\":\"2018-07-10T02:41:28+00:00\",\"mainEntityOfPage\":{\"@id\":\"https:\/\/www.article-marketing.eu\/comunicati\/casa\/le-pareti-si-vestono-doro-con-il-colorificio-di-maria\/\"},\"wordCount\":343,\"commentCount\":0,\"keywords\":[\"armadi\",\"arredamento\",\"arredo\",\"aziende\",\"camera da letto\",\"cucina\",\"design\",\"divani\",\"mobili\",\"portale\",\"pubblicit\u00e0\"],\"articleSection\":[\"Casa\"],\"inLanguage\":\"it-IT\",\"potentialAction\":[{\"@type\":\"CommentAction\",\"name\":\"Comment\",\"target\":[\"https:\/\/www.article-marketing.eu\/comunicati\/casa\/le-pareti-si-vestono-doro-con-il-colorificio-di-maria\/#respond\"]}]},{\"@type\":\"WebPage\",\"@id\":\"https:\/\/www.article-marketing.eu\/comunicati\/casa\/le-pareti-si-vestono-doro-con-il-colorificio-di-maria\/\",\"url\":\"https:\/\/www.article-marketing.eu\/comunicati\/casa\/le-pareti-si-vestono-doro-con-il-colorificio-di-maria\/\",\"name\":\"Le pareti si vestono d'oro con il Colorificio Di Maria - Article Marketing\",\"isPartOf\":{\"@id\":\"https:\/\/www.article-marketing.eu\/comunicati\/#website\"},\"datePublished\":\"2010-07-14T12:31:43+00:00\",\"dateModified\":\"2018-07-10T02:41:28+00:00\",\"author\":{\"@id\":\"https:\/\/www.article-marketing.eu\/comunicati\/#\/schema\/person\/44372e4d4d0fa797b18e03ed1ace9017\"},\"breadcrumb\":{\"@id\":\"https:\/\/www.article-marketing.eu\/comunicati\/casa\/le-pareti-si-vestono-doro-con-il-colorificio-di-maria\/#breadcrumb\"},\"inLanguage\":\"it-IT\",\"potentialAction\":[{\"@type\":\"ReadAction\",\"target\":[\"https:\/\/www.article-marketing.eu\/comunicati\/casa\/le-pareti-si-vestono-doro-con-il-colorificio-di-maria\/\"]}]},{\"@type\":\"BreadcrumbList\",\"@id\":\"https:\/\/www.article-marketing.eu\/comunicati\/casa\/le-pareti-si-vestono-doro-con-il-colorificio-di-maria\/#breadcrumb\",\"itemListElement\":[{\"@type\":\"ListItem\",\"position\":1,\"name\":\"Home\",\"item\":\"https:\/\/www.article-marketing.eu\/comunicati\/\"},{\"@type\":\"ListItem\",\"position\":2,\"name\":\"Le pareti si vestono d&#8217;oro con il Colorificio Di Maria\"}]},{\"@type\":\"WebSite\",\"@id\":\"https:\/\/www.article-marketing.eu\/comunicati\/#website\",\"url\":\"https:\/\/www.article-marketing.eu\/comunicati\/\",\"name\":\"Article Marketing\",\"description\":\"article marketing &amp; press release\",\"potentialAction\":[{\"@type\":\"SearchAction\",\"target\":{\"@type\":\"EntryPoint\",\"urlTemplate\":\"https:\/\/www.article-marketing.eu\/comunicati\/?s={search_term_string}\"},\"query-input\":{\"@type\":\"PropertyValueSpecification\",\"valueRequired\":true,\"valueName\":\"search_term_string\"}}],\"inLanguage\":\"it-IT\"},{\"@type\":\"Person\",\"@id\":\"https:\/\/www.article-marketing.eu\/comunicati\/#\/schema\/person\/44372e4d4d0fa797b18e03ed1ace9017\",\"name\":\"Redazione Comunicati Stampa\",\"image\":{\"@type\":\"ImageObject\",\"inLanguage\":\"it-IT\",\"@id\":\"https:\/\/www.article-marketing.eu\/comunicati\/#\/schema\/person\/image\/\",\"url\":\"https:\/\/secure.gravatar.com\/avatar\/50e5c6421d3072f42e7ace803501602c60d75233d34e29fd05feb91c8760b792?s=96&d=mm&r=g\",\"contentUrl\":\"https:\/\/secure.gravatar.com\/avatar\/50e5c6421d3072f42e7ace803501602c60d75233d34e29fd05feb91c8760b792?s=96&d=mm&r=g\",\"caption\":\"Redazione Comunicati Stampa\"},\"url\":\"https:\/\/www.article-marketing.eu\/comunicati\/author\/redazione-comunicati-stampa\/\"}]}<\/script>\n<!-- \/ Yoast SEO plugin. -->","yoast_head_json":{"title":"Le pareti si vestono d'oro con il Colorificio Di Maria - Article Marketing","robots":{"index":"index","follow":"follow","max-snippet":"max-snippet:-1","max-image-preview":"max-image-preview:large","max-video-preview":"max-video-preview:-1"},"canonical":"https:\/\/www.article-marketing.eu\/comunicati\/casa\/le-pareti-si-vestono-doro-con-il-colorificio-di-maria\/","og_locale":"it_IT","og_type":"article","og_title":"Le pareti si vestono d'oro con il Colorificio Di Maria - Article Marketing","og_description":"Il Colorificio Di Maria presenta la sua nuova linea di pitture decorative ELIO COLLECTION, espressione di gusto e raffinata esclusivit\u00e0 in cui il passato \u00e8 in perfetto connubio con il presente ed i luoghi della vita quotidiana.","og_url":"https:\/\/www.article-marketing.eu\/comunicati\/casa\/le-pareti-si-vestono-doro-con-il-colorificio-di-maria\/","og_site_name":"Article Marketing","article_published_time":"2010-07-14T12:31:43+00:00","article_modified_time":"2018-07-10T02:41:28+00:00","author":"Redazione Comunicati Stampa","twitter_card":"summary_large_image","twitter_misc":{"Scritto da":"Redazione Comunicati Stampa","Tempo di lettura stimato":"2 minuti"},"schema":{"@context":"https:\/\/schema.org","@graph":[{"@type":"Article","@id":"https:\/\/www.article-marketing.eu\/comunicati\/casa\/le-pareti-si-vestono-doro-con-il-colorificio-di-maria\/#article","isPartOf":{"@id":"https:\/\/www.article-marketing.eu\/comunicati\/casa\/le-pareti-si-vestono-doro-con-il-colorificio-di-maria\/"},"author":{"name":"Redazione Comunicati Stampa","@id":"https:\/\/www.article-marketing.eu\/comunicati\/#\/schema\/person\/44372e4d4d0fa797b18e03ed1ace9017"},"headline":"Le pareti si vestono d&#8217;oro con il Colorificio Di Maria","datePublished":"2010-07-14T12:31:43+00:00","dateModified":"2018-07-10T02:41:28+00:00","mainEntityOfPage":{"@id":"https:\/\/www.article-marketing.eu\/comunicati\/casa\/le-pareti-si-vestono-doro-con-il-colorificio-di-maria\/"},"wordCount":343,"commentCount":0,"keywords":["armadi","arredamento","arredo","aziende","camera da letto","cucina","design","divani","mobili","portale","pubblicit\u00e0"],"articleSection":["Casa"],"inLanguage":"it-IT","potentialAction":[{"@type":"CommentAction","name":"Comment","target":["https:\/\/www.article-marketing.eu\/comunicati\/casa\/le-pareti-si-vestono-doro-con-il-colorificio-di-maria\/#respond"]}]},{"@type":"WebPage","@id":"https:\/\/www.article-marketing.eu\/comunicati\/casa\/le-pareti-si-vestono-doro-con-il-colorificio-di-maria\/","url":"https:\/\/www.article-marketing.eu\/comunicati\/casa\/le-pareti-si-vestono-doro-con-il-colorificio-di-maria\/","name":"Le pareti si vestono d'oro con il Colorificio Di Maria - Article Marketing","isPartOf":{"@id":"https:\/\/www.article-marketing.eu\/comunicati\/#website"},"datePublished":"2010-07-14T12:31:43+00:00","dateModified":"2018-07-10T02:41:28+00:00","author":{"@id":"https:\/\/www.article-marketing.eu\/comunicati\/#\/schema\/person\/44372e4d4d0fa797b18e03ed1ace9017"},"breadcrumb":{"@id":"https:\/\/www.article-marketing.eu\/comunicati\/casa\/le-pareti-si-vestono-doro-con-il-colorificio-di-maria\/#breadcrumb"},"inLanguage":"it-IT","potentialAction":[{"@type":"ReadAction","target":["https:\/\/www.article-marketing.eu\/comunicati\/casa\/le-pareti-si-vestono-doro-con-il-colorificio-di-maria\/"]}]},{"@type":"BreadcrumbList","@id":"https:\/\/www.article-marketing.eu\/comunicati\/casa\/le-pareti-si-vestono-doro-con-il-colorificio-di-maria\/#breadcrumb","itemListElement":[{"@type":"ListItem","position":1,"name":"Home","item":"https:\/\/www.article-marketing.eu\/comunicati\/"},{"@type":"ListItem","position":2,"name":"Le pareti si vestono d&#8217;oro con il Colorificio Di Maria"}]},{"@type":"WebSite","@id":"https:\/\/www.article-marketing.eu\/comunicati\/#website","url":"https:\/\/www.article-marketing.eu\/comunicati\/","name":"Article Marketing","description":"article marketing &amp; press release","potentialAction":[{"@type":"SearchAction","target":{"@type":"EntryPoint","urlTemplate":"https:\/\/www.article-marketing.eu\/comunicati\/?s={search_term_string}"},"query-input":{"@type":"PropertyValueSpecification","valueRequired":true,"valueName":"search_term_string"}}],"inLanguage":"it-IT"},{"@type":"Person","@id":"https:\/\/www.article-marketing.eu\/comunicati\/#\/schema\/person\/44372e4d4d0fa797b18e03ed1ace9017","name":"Redazione Comunicati Stampa","image":{"@type":"ImageObject","inLanguage":"it-IT","@id":"https:\/\/www.article-marketing.eu\/comunicati\/#\/schema\/person\/image\/","url":"https:\/\/secure.gravatar.com\/avatar\/50e5c6421d3072f42e7ace803501602c60d75233d34e29fd05feb91c8760b792?s=96&d=mm&r=g","contentUrl":"https:\/\/secure.gravatar.com\/avatar\/50e5c6421d3072f42e7ace803501602c60d75233d34e29fd05feb91c8760b792?s=96&d=mm&r=g","caption":"Redazione Comunicati Stampa"},"url":"https:\/\/www.article-marketing.eu\/comunicati\/author\/redazione-comunicati-stampa\/"}]}},"_links":{"self":[{"href":"https:\/\/www.article-marketing.eu\/comunicati\/wp-json\/wp\/v2\/posts\/5816","targetHints":{"allow":["GET"]}}],"collection":[{"href":"https:\/\/www.article-marketing.eu\/comunicati\/wp-json\/wp\/v2\/posts"}],"about":[{"href":"https:\/\/www.article-marketing.eu\/comunicati\/wp-json\/wp\/v2\/types\/post"}],"author":[{"embeddable":true,"href":"https:\/\/www.article-marketing.eu\/comunicati\/wp-json\/wp\/v2\/users\/10"}],"replies":[{"embeddable":true,"href":"https:\/\/www.article-marketing.eu\/comunicati\/wp-json\/wp\/v2\/comments?post=5816"}],"version-history":[{"count":2,"href":"https:\/\/www.article-marketing.eu\/comunicati\/wp-json\/wp\/v2\/posts\/5816\/revisions"}],"predecessor-version":[{"id":59668,"href":"https:\/\/www.article-marketing.eu\/comunicati\/wp-json\/wp\/v2\/posts\/5816\/revisions\/59668"}],"wp:attachment":[{"href":"https:\/\/www.article-marketing.eu\/comunicati\/wp-json\/wp\/v2\/media?parent=5816"}],"wp:term":[{"taxonomy":"category","embeddable":true,"href":"https:\/\/www.article-marketing.eu\/comunicati\/wp-json\/wp\/v2\/categories?post=5816"},{"taxonomy":"post_tag","embeddable":true,"href":"https:\/\/www.article-marketing.eu\/comunicati\/wp-json\/wp\/v2\/tags?post=5816"}],"curies":[{"name":"wp","href":"https:\/\/api.w.org\/{rel}","templated":true}]}}