{"id":5839,"date":"2010-07-15T18:05:44","date_gmt":"2010-07-15T16:05:44","guid":{"rendered":"http:\/\/www.article-marketing.eu\/comunicati\/senza-categoria\/collezione-peggy-guggenheim-mtv-e-jazz-a-venezia-sposano-larte\/"},"modified":"2018-07-10T04:48:43","modified_gmt":"2018-07-10T02:48:43","slug":"collezione-peggy-guggenheim-mtv-e-jazz-a-venezia-sposano-larte","status":"publish","type":"post","link":"https:\/\/www.article-marketing.eu\/comunicati\/arte-e-cultura\/collezione-peggy-guggenheim-mtv-e-jazz-a-venezia-sposano-larte\/","title":{"rendered":"Collezione Peggy Guggenheim: MTV e jazz a Venezia &#8220;sposano&#8221; l&#8217;arte"},"content":{"rendered":"<p>Proseguono nel mese di luglio gli eventi presso la <strong>Collezione Peggy<br \/>\nGuggenheim di Venezia<\/strong>.<br \/>In questo mese il museo propone<br \/>\ndue importanti appuntamenti musicali serali, ospitando accanto alle<br \/>\nopere d\u2019arte della collezione permanente e della mostra Utopia Matters,<br \/>\nun live dj set di MTV e il grande jazz.<\/p>\n<p>Quello veneziano \u00e8 uno<br \/>\ndei pi\u00f9 prestigiosi musei del nostro Paese ed \u00e8 anche tra i pi\u00f9 attivi<br \/>\ned aperti a forme di coinvolgimento trasversali, che si rivolgono ad un<br \/>\npubblico molto ampio, e che mescolano linguaggi differenti per rendere<br \/>\nl\u2019arte facilmente accessibile.<\/p>\n<p>Venerd\u00ec 16 luglio, alle ore 19.00,<br \/>\n <strong>MTV Brand: New Art <\/strong>presso il giardino della Collezione<br \/>\n Peggy Guggenheim. Si tratta di un live set + dj set di Jahcoozi + Borut<br \/>\n (Scuola Furaro). Museo e mostra temporanea rimarranno aperti.<br \/>\nIngresso12 euro, fino ad esaurimento posti.<\/p>\n<p>Luned\u00ec 26 luglio,<br \/>\nalle ore 20.30, \u00e8 di scena il grande jazz con Duck Baker Trio. In<br \/>\noccasione del <strong>Venezia Jazz Festival<\/strong>, il museo presenta<br \/>\nil Duck Baker Trio, trio di chitarristi acustici americani. Ingresso 12<br \/>\neuro, fino ad esaurimento posti. La collezione sar\u00e0 visitabile.<\/p>\n<p>Saranno<br \/>\n queste anche ottime occasioni per visitare la collezione permanente, la<br \/>\n mostra <strong>Utopia matters: dalle confraternite al Bauhaus <\/strong>(chiude<br \/>\n il 25 luglio: per meglio apprezzare questa mostra, visite guidate<br \/>\ngratuite organizzate tutti i giorni alle 15.30) e, fino al 27 luglio, <strong>Peggy<br \/>\n in Venice. Photographed by Nino Migliori<\/strong>, gli scatti del<br \/>\ngrande fotografo bolognese che ritrassero Peggy.<\/p>\n<p>Ma le iniziative<br \/>\ndel museo nel mese in corso sono rivolte a coinvolgere un pubblico ancora pi\u00f9 ampio, compresi i bambini e le loro famiglie. Infatti, nelle giornate di domenica, i pi\u00f9 piccoli potranno sperimentare i <strong>Kids Day<\/strong>, laboratori didattici<br \/>\ngratuiti per i bambini dai 4 ai 10 anni. I Kids Day si terranno nel pomeriggio, dalle 15 alle 16,30.<br \/>Una occasione per le famiglie di visitare il museo garantendo un intrattenimento di qualit\u00e0 anche ai propri figli pi\u00f9 piccoli.<br \/>Per<br \/>\npartecipare \u00e8 necessaria la prenotazione, chiamando i numeri 041<br \/>\n2405444\/401. I soci del museo possono prenotare dal luned\u00ec che precede<br \/>\nil laboratorio.<\/p>\n<p>Inoltre, tutte le domeniche alle 12 sulla<br \/>\nterrazza Marino Marini Aperol offrir\u00e0 il rinomato spritz.<\/p>\n<p>Dall\u2019inizio<br \/>\n di luglio \u00e8 stata attivata la biglietteria<br \/>\nonline, che permette di acquistare il biglietto d\u2019ingresso con un<br \/>\nsemplice clic.<\/p>\n<p>Peggy Guggenheim Collection<br \/>Dorsoduro 701,<br \/>\n30123 Venezia \u2013 tel. 041.2405.411<br \/>www.guggenheim-venice.it<\/p>\n","protected":false},"excerpt":{"rendered":"<p>A luglio il museo veneziano ha un ricco calendario di eventi. Ultimi giorni per la mostra Utopia Matters.<\/p>\n","protected":false},"author":10,"featured_media":0,"comment_status":"open","ping_status":"open","sticky":false,"template":"","format":"standard","meta":{"cybocfi_hide_featured_image":"","footnotes":""},"categories":[27],"tags":[16093,2350,16096,16095,16094,1358],"class_list":["post-5839","post","type-post","status-publish","format-standard","hentry","category-arte-e-cultura","tag-guggenheim-venice","tag-jazz","tag-kids-day","tag-mtv","tag-utopia-matters","tag-venezia"],"yoast_head":"<!-- This site is optimized with the Yoast SEO plugin v27.0 - https:\/\/yoast.com\/product\/yoast-seo-wordpress\/ -->\n<title>Collezione Peggy Guggenheim: MTV e jazz a Venezia &quot;sposano&quot; l&#039;arte - Article Marketing<\/title>\n<meta name=\"robots\" content=\"index, follow, max-snippet:-1, max-image-preview:large, max-video-preview:-1\" \/>\n<link rel=\"canonical\" href=\"https:\/\/www.article-marketing.eu\/comunicati\/arte-e-cultura\/collezione-peggy-guggenheim-mtv-e-jazz-a-venezia-sposano-larte\/\" \/>\n<meta property=\"og:locale\" content=\"it_IT\" \/>\n<meta property=\"og:type\" content=\"article\" \/>\n<meta property=\"og:title\" content=\"Collezione Peggy Guggenheim: MTV e jazz a Venezia &quot;sposano&quot; l&#039;arte - Article Marketing\" \/>\n<meta property=\"og:description\" content=\"A luglio il museo veneziano ha un ricco calendario di eventi. Ultimi giorni per la mostra Utopia Matters.\" \/>\n<meta property=\"og:url\" content=\"https:\/\/www.article-marketing.eu\/comunicati\/arte-e-cultura\/collezione-peggy-guggenheim-mtv-e-jazz-a-venezia-sposano-larte\/\" \/>\n<meta property=\"og:site_name\" content=\"Article Marketing\" \/>\n<meta property=\"article:published_time\" content=\"2010-07-15T16:05:44+00:00\" \/>\n<meta property=\"article:modified_time\" content=\"2018-07-10T02:48:43+00:00\" \/>\n<meta name=\"author\" content=\"Redazione Comunicati Stampa\" \/>\n<meta name=\"twitter:card\" content=\"summary_large_image\" \/>\n<meta name=\"twitter:label1\" content=\"Scritto da\" \/>\n\t<meta name=\"twitter:data1\" content=\"Redazione Comunicati Stampa\" \/>\n\t<meta name=\"twitter:label2\" content=\"Tempo di lettura stimato\" \/>\n\t<meta name=\"twitter:data2\" content=\"2 minuti\" \/>\n<script type=\"application\/ld+json\" class=\"yoast-schema-graph\">{\"@context\":\"https:\/\/schema.org\",\"@graph\":[{\"@type\":\"Article\",\"@id\":\"https:\/\/www.article-marketing.eu\/comunicati\/arte-e-cultura\/collezione-peggy-guggenheim-mtv-e-jazz-a-venezia-sposano-larte\/#article\",\"isPartOf\":{\"@id\":\"https:\/\/www.article-marketing.eu\/comunicati\/arte-e-cultura\/collezione-peggy-guggenheim-mtv-e-jazz-a-venezia-sposano-larte\/\"},\"author\":{\"name\":\"Redazione Comunicati Stampa\",\"@id\":\"https:\/\/www.article-marketing.eu\/comunicati\/#\/schema\/person\/44372e4d4d0fa797b18e03ed1ace9017\"},\"headline\":\"Collezione Peggy Guggenheim: MTV e jazz a Venezia &#8220;sposano&#8221; l&#8217;arte\",\"datePublished\":\"2010-07-15T16:05:44+00:00\",\"dateModified\":\"2018-07-10T02:48:43+00:00\",\"mainEntityOfPage\":{\"@id\":\"https:\/\/www.article-marketing.eu\/comunicati\/arte-e-cultura\/collezione-peggy-guggenheim-mtv-e-jazz-a-venezia-sposano-larte\/\"},\"wordCount\":375,\"commentCount\":0,\"keywords\":[\"guggenheim venice\",\"jazz\",\"kids day\",\"mtv\",\"utopia matters\",\"venezia\"],\"articleSection\":[\"Arte e cultura\"],\"inLanguage\":\"it-IT\",\"potentialAction\":[{\"@type\":\"CommentAction\",\"name\":\"Comment\",\"target\":[\"https:\/\/www.article-marketing.eu\/comunicati\/arte-e-cultura\/collezione-peggy-guggenheim-mtv-e-jazz-a-venezia-sposano-larte\/#respond\"]}]},{\"@type\":\"WebPage\",\"@id\":\"https:\/\/www.article-marketing.eu\/comunicati\/arte-e-cultura\/collezione-peggy-guggenheim-mtv-e-jazz-a-venezia-sposano-larte\/\",\"url\":\"https:\/\/www.article-marketing.eu\/comunicati\/arte-e-cultura\/collezione-peggy-guggenheim-mtv-e-jazz-a-venezia-sposano-larte\/\",\"name\":\"Collezione Peggy Guggenheim: MTV e jazz a Venezia \\\"sposano\\\" l'arte - Article Marketing\",\"isPartOf\":{\"@id\":\"https:\/\/www.article-marketing.eu\/comunicati\/#website\"},\"datePublished\":\"2010-07-15T16:05:44+00:00\",\"dateModified\":\"2018-07-10T02:48:43+00:00\",\"author\":{\"@id\":\"https:\/\/www.article-marketing.eu\/comunicati\/#\/schema\/person\/44372e4d4d0fa797b18e03ed1ace9017\"},\"breadcrumb\":{\"@id\":\"https:\/\/www.article-marketing.eu\/comunicati\/arte-e-cultura\/collezione-peggy-guggenheim-mtv-e-jazz-a-venezia-sposano-larte\/#breadcrumb\"},\"inLanguage\":\"it-IT\",\"potentialAction\":[{\"@type\":\"ReadAction\",\"target\":[\"https:\/\/www.article-marketing.eu\/comunicati\/arte-e-cultura\/collezione-peggy-guggenheim-mtv-e-jazz-a-venezia-sposano-larte\/\"]}]},{\"@type\":\"BreadcrumbList\",\"@id\":\"https:\/\/www.article-marketing.eu\/comunicati\/arte-e-cultura\/collezione-peggy-guggenheim-mtv-e-jazz-a-venezia-sposano-larte\/#breadcrumb\",\"itemListElement\":[{\"@type\":\"ListItem\",\"position\":1,\"name\":\"Home\",\"item\":\"https:\/\/www.article-marketing.eu\/comunicati\/\"},{\"@type\":\"ListItem\",\"position\":2,\"name\":\"Collezione Peggy Guggenheim: MTV e jazz a Venezia &#8220;sposano&#8221; l&#8217;arte\"}]},{\"@type\":\"WebSite\",\"@id\":\"https:\/\/www.article-marketing.eu\/comunicati\/#website\",\"url\":\"https:\/\/www.article-marketing.eu\/comunicati\/\",\"name\":\"Article Marketing\",\"description\":\"article marketing &amp; press release\",\"potentialAction\":[{\"@type\":\"SearchAction\",\"target\":{\"@type\":\"EntryPoint\",\"urlTemplate\":\"https:\/\/www.article-marketing.eu\/comunicati\/?s={search_term_string}\"},\"query-input\":{\"@type\":\"PropertyValueSpecification\",\"valueRequired\":true,\"valueName\":\"search_term_string\"}}],\"inLanguage\":\"it-IT\"},{\"@type\":\"Person\",\"@id\":\"https:\/\/www.article-marketing.eu\/comunicati\/#\/schema\/person\/44372e4d4d0fa797b18e03ed1ace9017\",\"name\":\"Redazione Comunicati Stampa\",\"image\":{\"@type\":\"ImageObject\",\"inLanguage\":\"it-IT\",\"@id\":\"https:\/\/www.article-marketing.eu\/comunicati\/#\/schema\/person\/image\/\",\"url\":\"https:\/\/secure.gravatar.com\/avatar\/50e5c6421d3072f42e7ace803501602c60d75233d34e29fd05feb91c8760b792?s=96&d=mm&r=g\",\"contentUrl\":\"https:\/\/secure.gravatar.com\/avatar\/50e5c6421d3072f42e7ace803501602c60d75233d34e29fd05feb91c8760b792?s=96&d=mm&r=g\",\"caption\":\"Redazione Comunicati Stampa\"},\"url\":\"https:\/\/www.article-marketing.eu\/comunicati\/author\/redazione-comunicati-stampa\/\"}]}<\/script>\n<!-- \/ Yoast SEO plugin. -->","yoast_head_json":{"title":"Collezione Peggy Guggenheim: MTV e jazz a Venezia \"sposano\" l'arte - Article Marketing","robots":{"index":"index","follow":"follow","max-snippet":"max-snippet:-1","max-image-preview":"max-image-preview:large","max-video-preview":"max-video-preview:-1"},"canonical":"https:\/\/www.article-marketing.eu\/comunicati\/arte-e-cultura\/collezione-peggy-guggenheim-mtv-e-jazz-a-venezia-sposano-larte\/","og_locale":"it_IT","og_type":"article","og_title":"Collezione Peggy Guggenheim: MTV e jazz a Venezia \"sposano\" l'arte - Article Marketing","og_description":"A luglio il museo veneziano ha un ricco calendario di eventi. Ultimi giorni per la mostra Utopia Matters.","og_url":"https:\/\/www.article-marketing.eu\/comunicati\/arte-e-cultura\/collezione-peggy-guggenheim-mtv-e-jazz-a-venezia-sposano-larte\/","og_site_name":"Article Marketing","article_published_time":"2010-07-15T16:05:44+00:00","article_modified_time":"2018-07-10T02:48:43+00:00","author":"Redazione Comunicati Stampa","twitter_card":"summary_large_image","twitter_misc":{"Scritto da":"Redazione Comunicati Stampa","Tempo di lettura stimato":"2 minuti"},"schema":{"@context":"https:\/\/schema.org","@graph":[{"@type":"Article","@id":"https:\/\/www.article-marketing.eu\/comunicati\/arte-e-cultura\/collezione-peggy-guggenheim-mtv-e-jazz-a-venezia-sposano-larte\/#article","isPartOf":{"@id":"https:\/\/www.article-marketing.eu\/comunicati\/arte-e-cultura\/collezione-peggy-guggenheim-mtv-e-jazz-a-venezia-sposano-larte\/"},"author":{"name":"Redazione Comunicati Stampa","@id":"https:\/\/www.article-marketing.eu\/comunicati\/#\/schema\/person\/44372e4d4d0fa797b18e03ed1ace9017"},"headline":"Collezione Peggy Guggenheim: MTV e jazz a Venezia &#8220;sposano&#8221; l&#8217;arte","datePublished":"2010-07-15T16:05:44+00:00","dateModified":"2018-07-10T02:48:43+00:00","mainEntityOfPage":{"@id":"https:\/\/www.article-marketing.eu\/comunicati\/arte-e-cultura\/collezione-peggy-guggenheim-mtv-e-jazz-a-venezia-sposano-larte\/"},"wordCount":375,"commentCount":0,"keywords":["guggenheim venice","jazz","kids day","mtv","utopia matters","venezia"],"articleSection":["Arte e cultura"],"inLanguage":"it-IT","potentialAction":[{"@type":"CommentAction","name":"Comment","target":["https:\/\/www.article-marketing.eu\/comunicati\/arte-e-cultura\/collezione-peggy-guggenheim-mtv-e-jazz-a-venezia-sposano-larte\/#respond"]}]},{"@type":"WebPage","@id":"https:\/\/www.article-marketing.eu\/comunicati\/arte-e-cultura\/collezione-peggy-guggenheim-mtv-e-jazz-a-venezia-sposano-larte\/","url":"https:\/\/www.article-marketing.eu\/comunicati\/arte-e-cultura\/collezione-peggy-guggenheim-mtv-e-jazz-a-venezia-sposano-larte\/","name":"Collezione Peggy Guggenheim: MTV e jazz a Venezia \"sposano\" l'arte - Article Marketing","isPartOf":{"@id":"https:\/\/www.article-marketing.eu\/comunicati\/#website"},"datePublished":"2010-07-15T16:05:44+00:00","dateModified":"2018-07-10T02:48:43+00:00","author":{"@id":"https:\/\/www.article-marketing.eu\/comunicati\/#\/schema\/person\/44372e4d4d0fa797b18e03ed1ace9017"},"breadcrumb":{"@id":"https:\/\/www.article-marketing.eu\/comunicati\/arte-e-cultura\/collezione-peggy-guggenheim-mtv-e-jazz-a-venezia-sposano-larte\/#breadcrumb"},"inLanguage":"it-IT","potentialAction":[{"@type":"ReadAction","target":["https:\/\/www.article-marketing.eu\/comunicati\/arte-e-cultura\/collezione-peggy-guggenheim-mtv-e-jazz-a-venezia-sposano-larte\/"]}]},{"@type":"BreadcrumbList","@id":"https:\/\/www.article-marketing.eu\/comunicati\/arte-e-cultura\/collezione-peggy-guggenheim-mtv-e-jazz-a-venezia-sposano-larte\/#breadcrumb","itemListElement":[{"@type":"ListItem","position":1,"name":"Home","item":"https:\/\/www.article-marketing.eu\/comunicati\/"},{"@type":"ListItem","position":2,"name":"Collezione Peggy Guggenheim: MTV e jazz a Venezia &#8220;sposano&#8221; l&#8217;arte"}]},{"@type":"WebSite","@id":"https:\/\/www.article-marketing.eu\/comunicati\/#website","url":"https:\/\/www.article-marketing.eu\/comunicati\/","name":"Article Marketing","description":"article marketing &amp; press release","potentialAction":[{"@type":"SearchAction","target":{"@type":"EntryPoint","urlTemplate":"https:\/\/www.article-marketing.eu\/comunicati\/?s={search_term_string}"},"query-input":{"@type":"PropertyValueSpecification","valueRequired":true,"valueName":"search_term_string"}}],"inLanguage":"it-IT"},{"@type":"Person","@id":"https:\/\/www.article-marketing.eu\/comunicati\/#\/schema\/person\/44372e4d4d0fa797b18e03ed1ace9017","name":"Redazione Comunicati Stampa","image":{"@type":"ImageObject","inLanguage":"it-IT","@id":"https:\/\/www.article-marketing.eu\/comunicati\/#\/schema\/person\/image\/","url":"https:\/\/secure.gravatar.com\/avatar\/50e5c6421d3072f42e7ace803501602c60d75233d34e29fd05feb91c8760b792?s=96&d=mm&r=g","contentUrl":"https:\/\/secure.gravatar.com\/avatar\/50e5c6421d3072f42e7ace803501602c60d75233d34e29fd05feb91c8760b792?s=96&d=mm&r=g","caption":"Redazione Comunicati Stampa"},"url":"https:\/\/www.article-marketing.eu\/comunicati\/author\/redazione-comunicati-stampa\/"}]}},"_links":{"self":[{"href":"https:\/\/www.article-marketing.eu\/comunicati\/wp-json\/wp\/v2\/posts\/5839","targetHints":{"allow":["GET"]}}],"collection":[{"href":"https:\/\/www.article-marketing.eu\/comunicati\/wp-json\/wp\/v2\/posts"}],"about":[{"href":"https:\/\/www.article-marketing.eu\/comunicati\/wp-json\/wp\/v2\/types\/post"}],"author":[{"embeddable":true,"href":"https:\/\/www.article-marketing.eu\/comunicati\/wp-json\/wp\/v2\/users\/10"}],"replies":[{"embeddable":true,"href":"https:\/\/www.article-marketing.eu\/comunicati\/wp-json\/wp\/v2\/comments?post=5839"}],"version-history":[{"count":2,"href":"https:\/\/www.article-marketing.eu\/comunicati\/wp-json\/wp\/v2\/posts\/5839\/revisions"}],"predecessor-version":[{"id":59907,"href":"https:\/\/www.article-marketing.eu\/comunicati\/wp-json\/wp\/v2\/posts\/5839\/revisions\/59907"}],"wp:attachment":[{"href":"https:\/\/www.article-marketing.eu\/comunicati\/wp-json\/wp\/v2\/media?parent=5839"}],"wp:term":[{"taxonomy":"category","embeddable":true,"href":"https:\/\/www.article-marketing.eu\/comunicati\/wp-json\/wp\/v2\/categories?post=5839"},{"taxonomy":"post_tag","embeddable":true,"href":"https:\/\/www.article-marketing.eu\/comunicati\/wp-json\/wp\/v2\/tags?post=5839"}],"curies":[{"name":"wp","href":"https:\/\/api.w.org\/{rel}","templated":true}]}}