{"id":5841,"date":"2010-07-15T18:43:49","date_gmt":"2010-07-15T16:43:49","guid":{"rendered":"http:\/\/www.article-marketing.eu\/comunicati\/senza-categoria\/occhiali-nuovo-accordo-fra-laura-biagiotti-e-sover\/"},"modified":"2010-07-15T18:43:49","modified_gmt":"2010-07-15T16:43:49","slug":"occhiali-nuovo-accordo-fra-laura-biagiotti-e-sover","status":"publish","type":"post","link":"https:\/\/www.article-marketing.eu\/comunicati\/economia-e-lavoro\/aziende\/occhiali-nuovo-accordo-fra-laura-biagiotti-e-sover\/","title":{"rendered":"OCCHIALI: NUOVO ACCORDO FRA LAURA BIAGIOTTI E SOVER"},"content":{"rendered":"<p><strong>Laura Biagiotti<\/strong> e <strong>Sover<\/strong> annunciano la firma di un accordo di licenza della durata di tre anni per la produzione e distribuzione mondiale di occhiali da sole e montature da vista con marchio \u201cLaura Biagiotti Eyewear\u201d.<\/p>\n<p><a title=\"sover occhiali\" target=\"_blank\" href=\"http:\/\/www.sover.it\/\">Sover<\/a>, fondata nel 1962 in provincia di Belluno e guidata dalla famiglia Cannicci, \u00e8 una delle prime occhialerie in Italia, gi\u00e0 licenziataria per <strong>1A Classe Alviero Martini, Kiton, Baldinini, Mariella Burani<\/strong> e distributore italiano per i marchi <strong>Gant, Umbro<\/strong> e <strong>Nickelodeon<\/strong>. Sover produce anche collezioni con il proprio housebrand: particolarmente riuscite quelle dedicate a <strong>Zucchero<\/strong> e <strong>Irene Fornaciari<\/strong> presentate alla fiera Mido dello scorso marzo.<\/p>\n<p>Laura Biagiotti \u00e8 stata una delle prime stiliste a lanciare una collezione di occhiali, gi\u00e0 nei primissimi anni \u201980, riscuotendo un successo eccezionale in particolare con il modello \u201ca mascherina\u201d, tuttora ricercato come pezzo vintage da collezione. Nel tempo le linee si sono evolute sino ad arrivare al lancio che avverr\u00e0 a settembre 2010: un nuovo partner e un nuovo concept, incentrato sulla percezione dell\u2019occhiale, soprattutto quello da vista, come accessorio paramedicale, e dunque dotato delle pi\u00f9 alte caratteristiche tecnologiche, coniugate ad una grande sperimentazione nell\u2019uso di materiali, decori e personalizzazioni.<br \/>&nbsp;<br \/>Le collezioni eyewear si rivolgono ad un pubblico femminile con modelli fedeli allo stile del brand e caratterizzati, come \u00e8 nella tradizione di Sover, da estrema cura del dettaglio e design ricercato. Il lancio della prima collezione \u00e8 previsto per il prossimo settembre e la distribuzione sar\u00e0 riservata in Italia a settecento punti vendita selezionati e ai mercati esteri, in particolare quelli dell\u2019est dell\u2019Europa in cui Sover vanta una presenza capillare.<\/p>\n<p>\u201cSiamo molto orgogliosi del percorso intrapreso con Sover, che rappresenta un punto di riferimento del settore e una garanzia di innovazione e qualit\u00e0, caratteristiche che riteniamo fondamentali per affrontare le nuove sfide dei mercati. Originalit\u00e0, attenzione all\u2019ambiente e ultra confort definiscono le varie linee, insieme a un\u2019assistenza personalizzata, fattore cruciale nell\u2019era della globalizzazione.\u201d dichiara Lavinia Biagiotti Cigna, Vice Presidente di Biagiotti Group e Responsabile delle Licenze.<\/p>\n<p>Il vice presidente di Sover Vittorio Cannicci ha espresso soddisfazione per l\u2019accordo siglato con il marchio Biagiotti, \u201cun esempio \u2013 ha detto &#8211; di grande imprenditorialit\u00e0 e simbolo di eccellenza della moda italiana nel mondo\u201d. Stefano Cannicci, direttore generale di Sover annuncia \u201ccollezioni originali e femminili, espressione di tecnica applicata al design\u201d.<\/p>\n<p>La campagna fotografica \u00e8 stata a scattata a giugno a Roma, in una cornice d\u2019eccezione: Palazzo delle Esposizioni, in Via Nazionale, appena riaperto al pubblico dopo lunghi restauri, e concesso in esclusiva a Biagiotti Group per lo shooting. La top model Kori Richardson interpreta il gusto romantico della griffe per l\u2019obiettivo del fotografo Toni Thorimbert. Un motivo a nodo, ispirato alle trecce tipiche della maglia Laura Biagiotti, che le \u00e8 valso il titolo di \u201cregina del Cashmere\u201d dal New York Times, caratterizza una montatura sinuosa ad effetto tartaruga.<\/p>\n","protected":false},"excerpt":{"rendered":"<p>A settembre le prime collezioni vista e sole, tutte al femminile, la distribuzione in Italia e nel mondo attraverso punti vendita selezionati. La stilista \u00e8 stata tra le prime a lanciare gli occhiali negli anni Ottanta con successo in particolare per il modello a \u201cmascherina\u201d<\/p>\n","protected":false},"author":10,"featured_media":0,"comment_status":"open","ping_status":"open","sticky":false,"template":"","format":"standard","meta":{"cybocfi_hide_featured_image":"","footnotes":""},"categories":[129],"tags":[16098,5220,16097],"class_list":["post-5841","post","type-post","status-publish","format-standard","hentry","category-aziende","tag-biagiotti","tag-occhiali","tag-sover"],"yoast_head":"<!-- This site is optimized with the Yoast SEO plugin v27.0 - https:\/\/yoast.com\/product\/yoast-seo-wordpress\/ -->\n<title>OCCHIALI: NUOVO ACCORDO FRA LAURA BIAGIOTTI E SOVER - Article Marketing<\/title>\n<meta name=\"robots\" content=\"index, follow, max-snippet:-1, max-image-preview:large, max-video-preview:-1\" \/>\n<link rel=\"canonical\" href=\"https:\/\/www.article-marketing.eu\/comunicati\/economia-e-lavoro\/aziende\/occhiali-nuovo-accordo-fra-laura-biagiotti-e-sover\/\" \/>\n<meta property=\"og:locale\" content=\"it_IT\" \/>\n<meta property=\"og:type\" content=\"article\" \/>\n<meta property=\"og:title\" content=\"OCCHIALI: NUOVO ACCORDO FRA LAURA BIAGIOTTI E SOVER - Article Marketing\" \/>\n<meta property=\"og:description\" content=\"A settembre le prime collezioni vista e sole, tutte al femminile, la distribuzione in Italia e nel mondo attraverso punti vendita selezionati. La stilista \u00e8 stata tra le prime a lanciare gli occhiali negli anni Ottanta con successo in particolare per il modello a \u201cmascherina\u201d\" \/>\n<meta property=\"og:url\" content=\"https:\/\/www.article-marketing.eu\/comunicati\/economia-e-lavoro\/aziende\/occhiali-nuovo-accordo-fra-laura-biagiotti-e-sover\/\" \/>\n<meta property=\"og:site_name\" content=\"Article Marketing\" \/>\n<meta property=\"article:published_time\" content=\"2010-07-15T16:43:49+00:00\" \/>\n<meta name=\"author\" content=\"Redazione Comunicati Stampa\" \/>\n<meta name=\"twitter:card\" content=\"summary_large_image\" \/>\n<meta name=\"twitter:label1\" content=\"Scritto da\" \/>\n\t<meta name=\"twitter:data1\" content=\"Redazione Comunicati Stampa\" \/>\n\t<meta name=\"twitter:label2\" content=\"Tempo di lettura stimato\" \/>\n\t<meta name=\"twitter:data2\" content=\"2 minuti\" \/>\n<script type=\"application\/ld+json\" class=\"yoast-schema-graph\">{\"@context\":\"https:\/\/schema.org\",\"@graph\":[{\"@type\":\"Article\",\"@id\":\"https:\/\/www.article-marketing.eu\/comunicati\/economia-e-lavoro\/aziende\/occhiali-nuovo-accordo-fra-laura-biagiotti-e-sover\/#article\",\"isPartOf\":{\"@id\":\"https:\/\/www.article-marketing.eu\/comunicati\/economia-e-lavoro\/aziende\/occhiali-nuovo-accordo-fra-laura-biagiotti-e-sover\/\"},\"author\":{\"name\":\"Redazione Comunicati Stampa\",\"@id\":\"https:\/\/www.article-marketing.eu\/comunicati\/#\/schema\/person\/44372e4d4d0fa797b18e03ed1ace9017\"},\"headline\":\"OCCHIALI: NUOVO ACCORDO FRA LAURA BIAGIOTTI E SOVER\",\"datePublished\":\"2010-07-15T16:43:49+00:00\",\"mainEntityOfPage\":{\"@id\":\"https:\/\/www.article-marketing.eu\/comunicati\/economia-e-lavoro\/aziende\/occhiali-nuovo-accordo-fra-laura-biagiotti-e-sover\/\"},\"wordCount\":478,\"commentCount\":0,\"keywords\":[\"biagiotti\",\"occhiali\",\"sover\"],\"articleSection\":[\"Aziende\"],\"inLanguage\":\"it-IT\",\"potentialAction\":[{\"@type\":\"CommentAction\",\"name\":\"Comment\",\"target\":[\"https:\/\/www.article-marketing.eu\/comunicati\/economia-e-lavoro\/aziende\/occhiali-nuovo-accordo-fra-laura-biagiotti-e-sover\/#respond\"]}]},{\"@type\":\"WebPage\",\"@id\":\"https:\/\/www.article-marketing.eu\/comunicati\/economia-e-lavoro\/aziende\/occhiali-nuovo-accordo-fra-laura-biagiotti-e-sover\/\",\"url\":\"https:\/\/www.article-marketing.eu\/comunicati\/economia-e-lavoro\/aziende\/occhiali-nuovo-accordo-fra-laura-biagiotti-e-sover\/\",\"name\":\"OCCHIALI: NUOVO ACCORDO FRA LAURA BIAGIOTTI E SOVER - Article Marketing\",\"isPartOf\":{\"@id\":\"https:\/\/www.article-marketing.eu\/comunicati\/#website\"},\"datePublished\":\"2010-07-15T16:43:49+00:00\",\"author\":{\"@id\":\"https:\/\/www.article-marketing.eu\/comunicati\/#\/schema\/person\/44372e4d4d0fa797b18e03ed1ace9017\"},\"breadcrumb\":{\"@id\":\"https:\/\/www.article-marketing.eu\/comunicati\/economia-e-lavoro\/aziende\/occhiali-nuovo-accordo-fra-laura-biagiotti-e-sover\/#breadcrumb\"},\"inLanguage\":\"it-IT\",\"potentialAction\":[{\"@type\":\"ReadAction\",\"target\":[\"https:\/\/www.article-marketing.eu\/comunicati\/economia-e-lavoro\/aziende\/occhiali-nuovo-accordo-fra-laura-biagiotti-e-sover\/\"]}]},{\"@type\":\"BreadcrumbList\",\"@id\":\"https:\/\/www.article-marketing.eu\/comunicati\/economia-e-lavoro\/aziende\/occhiali-nuovo-accordo-fra-laura-biagiotti-e-sover\/#breadcrumb\",\"itemListElement\":[{\"@type\":\"ListItem\",\"position\":1,\"name\":\"Home\",\"item\":\"https:\/\/www.article-marketing.eu\/comunicati\/\"},{\"@type\":\"ListItem\",\"position\":2,\"name\":\"OCCHIALI: NUOVO ACCORDO FRA LAURA BIAGIOTTI E SOVER\"}]},{\"@type\":\"WebSite\",\"@id\":\"https:\/\/www.article-marketing.eu\/comunicati\/#website\",\"url\":\"https:\/\/www.article-marketing.eu\/comunicati\/\",\"name\":\"Article Marketing\",\"description\":\"article marketing &amp; press release\",\"potentialAction\":[{\"@type\":\"SearchAction\",\"target\":{\"@type\":\"EntryPoint\",\"urlTemplate\":\"https:\/\/www.article-marketing.eu\/comunicati\/?s={search_term_string}\"},\"query-input\":{\"@type\":\"PropertyValueSpecification\",\"valueRequired\":true,\"valueName\":\"search_term_string\"}}],\"inLanguage\":\"it-IT\"},{\"@type\":\"Person\",\"@id\":\"https:\/\/www.article-marketing.eu\/comunicati\/#\/schema\/person\/44372e4d4d0fa797b18e03ed1ace9017\",\"name\":\"Redazione Comunicati Stampa\",\"image\":{\"@type\":\"ImageObject\",\"inLanguage\":\"it-IT\",\"@id\":\"https:\/\/www.article-marketing.eu\/comunicati\/#\/schema\/person\/image\/\",\"url\":\"https:\/\/secure.gravatar.com\/avatar\/50e5c6421d3072f42e7ace803501602c60d75233d34e29fd05feb91c8760b792?s=96&d=mm&r=g\",\"contentUrl\":\"https:\/\/secure.gravatar.com\/avatar\/50e5c6421d3072f42e7ace803501602c60d75233d34e29fd05feb91c8760b792?s=96&d=mm&r=g\",\"caption\":\"Redazione Comunicati Stampa\"},\"url\":\"https:\/\/www.article-marketing.eu\/comunicati\/author\/redazione-comunicati-stampa\/\"}]}<\/script>\n<!-- \/ Yoast SEO plugin. -->","yoast_head_json":{"title":"OCCHIALI: NUOVO ACCORDO FRA LAURA BIAGIOTTI E SOVER - Article Marketing","robots":{"index":"index","follow":"follow","max-snippet":"max-snippet:-1","max-image-preview":"max-image-preview:large","max-video-preview":"max-video-preview:-1"},"canonical":"https:\/\/www.article-marketing.eu\/comunicati\/economia-e-lavoro\/aziende\/occhiali-nuovo-accordo-fra-laura-biagiotti-e-sover\/","og_locale":"it_IT","og_type":"article","og_title":"OCCHIALI: NUOVO ACCORDO FRA LAURA BIAGIOTTI E SOVER - Article Marketing","og_description":"A settembre le prime collezioni vista e sole, tutte al femminile, la distribuzione in Italia e nel mondo attraverso punti vendita selezionati. La stilista \u00e8 stata tra le prime a lanciare gli occhiali negli anni Ottanta con successo in particolare per il modello a \u201cmascherina\u201d","og_url":"https:\/\/www.article-marketing.eu\/comunicati\/economia-e-lavoro\/aziende\/occhiali-nuovo-accordo-fra-laura-biagiotti-e-sover\/","og_site_name":"Article Marketing","article_published_time":"2010-07-15T16:43:49+00:00","author":"Redazione Comunicati Stampa","twitter_card":"summary_large_image","twitter_misc":{"Scritto da":"Redazione Comunicati Stampa","Tempo di lettura stimato":"2 minuti"},"schema":{"@context":"https:\/\/schema.org","@graph":[{"@type":"Article","@id":"https:\/\/www.article-marketing.eu\/comunicati\/economia-e-lavoro\/aziende\/occhiali-nuovo-accordo-fra-laura-biagiotti-e-sover\/#article","isPartOf":{"@id":"https:\/\/www.article-marketing.eu\/comunicati\/economia-e-lavoro\/aziende\/occhiali-nuovo-accordo-fra-laura-biagiotti-e-sover\/"},"author":{"name":"Redazione Comunicati Stampa","@id":"https:\/\/www.article-marketing.eu\/comunicati\/#\/schema\/person\/44372e4d4d0fa797b18e03ed1ace9017"},"headline":"OCCHIALI: NUOVO ACCORDO FRA LAURA BIAGIOTTI E SOVER","datePublished":"2010-07-15T16:43:49+00:00","mainEntityOfPage":{"@id":"https:\/\/www.article-marketing.eu\/comunicati\/economia-e-lavoro\/aziende\/occhiali-nuovo-accordo-fra-laura-biagiotti-e-sover\/"},"wordCount":478,"commentCount":0,"keywords":["biagiotti","occhiali","sover"],"articleSection":["Aziende"],"inLanguage":"it-IT","potentialAction":[{"@type":"CommentAction","name":"Comment","target":["https:\/\/www.article-marketing.eu\/comunicati\/economia-e-lavoro\/aziende\/occhiali-nuovo-accordo-fra-laura-biagiotti-e-sover\/#respond"]}]},{"@type":"WebPage","@id":"https:\/\/www.article-marketing.eu\/comunicati\/economia-e-lavoro\/aziende\/occhiali-nuovo-accordo-fra-laura-biagiotti-e-sover\/","url":"https:\/\/www.article-marketing.eu\/comunicati\/economia-e-lavoro\/aziende\/occhiali-nuovo-accordo-fra-laura-biagiotti-e-sover\/","name":"OCCHIALI: NUOVO ACCORDO FRA LAURA BIAGIOTTI E SOVER - Article Marketing","isPartOf":{"@id":"https:\/\/www.article-marketing.eu\/comunicati\/#website"},"datePublished":"2010-07-15T16:43:49+00:00","author":{"@id":"https:\/\/www.article-marketing.eu\/comunicati\/#\/schema\/person\/44372e4d4d0fa797b18e03ed1ace9017"},"breadcrumb":{"@id":"https:\/\/www.article-marketing.eu\/comunicati\/economia-e-lavoro\/aziende\/occhiali-nuovo-accordo-fra-laura-biagiotti-e-sover\/#breadcrumb"},"inLanguage":"it-IT","potentialAction":[{"@type":"ReadAction","target":["https:\/\/www.article-marketing.eu\/comunicati\/economia-e-lavoro\/aziende\/occhiali-nuovo-accordo-fra-laura-biagiotti-e-sover\/"]}]},{"@type":"BreadcrumbList","@id":"https:\/\/www.article-marketing.eu\/comunicati\/economia-e-lavoro\/aziende\/occhiali-nuovo-accordo-fra-laura-biagiotti-e-sover\/#breadcrumb","itemListElement":[{"@type":"ListItem","position":1,"name":"Home","item":"https:\/\/www.article-marketing.eu\/comunicati\/"},{"@type":"ListItem","position":2,"name":"OCCHIALI: NUOVO ACCORDO FRA LAURA BIAGIOTTI E SOVER"}]},{"@type":"WebSite","@id":"https:\/\/www.article-marketing.eu\/comunicati\/#website","url":"https:\/\/www.article-marketing.eu\/comunicati\/","name":"Article Marketing","description":"article marketing &amp; press release","potentialAction":[{"@type":"SearchAction","target":{"@type":"EntryPoint","urlTemplate":"https:\/\/www.article-marketing.eu\/comunicati\/?s={search_term_string}"},"query-input":{"@type":"PropertyValueSpecification","valueRequired":true,"valueName":"search_term_string"}}],"inLanguage":"it-IT"},{"@type":"Person","@id":"https:\/\/www.article-marketing.eu\/comunicati\/#\/schema\/person\/44372e4d4d0fa797b18e03ed1ace9017","name":"Redazione Comunicati Stampa","image":{"@type":"ImageObject","inLanguage":"it-IT","@id":"https:\/\/www.article-marketing.eu\/comunicati\/#\/schema\/person\/image\/","url":"https:\/\/secure.gravatar.com\/avatar\/50e5c6421d3072f42e7ace803501602c60d75233d34e29fd05feb91c8760b792?s=96&d=mm&r=g","contentUrl":"https:\/\/secure.gravatar.com\/avatar\/50e5c6421d3072f42e7ace803501602c60d75233d34e29fd05feb91c8760b792?s=96&d=mm&r=g","caption":"Redazione Comunicati Stampa"},"url":"https:\/\/www.article-marketing.eu\/comunicati\/author\/redazione-comunicati-stampa\/"}]}},"_links":{"self":[{"href":"https:\/\/www.article-marketing.eu\/comunicati\/wp-json\/wp\/v2\/posts\/5841","targetHints":{"allow":["GET"]}}],"collection":[{"href":"https:\/\/www.article-marketing.eu\/comunicati\/wp-json\/wp\/v2\/posts"}],"about":[{"href":"https:\/\/www.article-marketing.eu\/comunicati\/wp-json\/wp\/v2\/types\/post"}],"author":[{"embeddable":true,"href":"https:\/\/www.article-marketing.eu\/comunicati\/wp-json\/wp\/v2\/users\/10"}],"replies":[{"embeddable":true,"href":"https:\/\/www.article-marketing.eu\/comunicati\/wp-json\/wp\/v2\/comments?post=5841"}],"version-history":[{"count":0,"href":"https:\/\/www.article-marketing.eu\/comunicati\/wp-json\/wp\/v2\/posts\/5841\/revisions"}],"wp:attachment":[{"href":"https:\/\/www.article-marketing.eu\/comunicati\/wp-json\/wp\/v2\/media?parent=5841"}],"wp:term":[{"taxonomy":"category","embeddable":true,"href":"https:\/\/www.article-marketing.eu\/comunicati\/wp-json\/wp\/v2\/categories?post=5841"},{"taxonomy":"post_tag","embeddable":true,"href":"https:\/\/www.article-marketing.eu\/comunicati\/wp-json\/wp\/v2\/tags?post=5841"}],"curies":[{"name":"wp","href":"https:\/\/api.w.org\/{rel}","templated":true}]}}