{"id":5857,"date":"2010-07-23T16:07:27","date_gmt":"2010-07-23T14:07:27","guid":{"rendered":"http:\/\/www.article-marketing.eu\/comunicati\/senza-categoria\/realizzazione-tetti-in-legno-roma\/"},"modified":"2018-07-10T05:37:05","modified_gmt":"2018-07-10T03:37:05","slug":"realizzazione-tetti-in-legno-roma","status":"publish","type":"post","link":"https:\/\/www.article-marketing.eu\/comunicati\/casa\/esterni\/realizzazione-tetti-in-legno-roma\/","title":{"rendered":"Realizzazione tetti in legno Roma"},"content":{"rendered":"<p>E&#8217;<br \/>\normai assodato che il legno che sia<br \/>\nun eccellente materiale per la realizzazione dei tetti, essendo<br \/>\norganico e garantendo le migliori propriet\u00e0 strutturali,<br \/>\ntermoisolanti<br \/>\ne igroscopiche, abbinate ad un&#8217;ottima resistenza al fuoco,<br \/>\nrappresentano cos\u00ec un&#8217; ottima una soluzione costruttiva e<br \/>\ndecretandone, ormai da anni, il successo e l&#8217;ampio utilizzo.<br \/>Per<br \/>\nla realizzazione di tetti in legno \u00e8 in particolare usato quello<br \/>\nlamellato, che<br \/>\nprodotto dall&#8217;uomo tramite un procedimento di incollaggio di lamine,<br \/>\na loro volta classificate per uso strutturale, \u00e8 un materiale<br \/>\ncomposito, costituito sempre da legno legno naturale che coniuga i<br \/>\nvantaggi di un alta resistenza meccanica in rapporto al peso ed un<br \/>\nottimo comportamento in caso di incendio. <br \/>Sfruttando<br \/>\n per la realizzazione di tetti le sue caratteristiche meccaniche ed<br \/>\nestetiche, il legno lamellare \u00e8 capace di ricreare, a seconda della<br \/>\ntipologia di ambiente, atmosfere accoglienti e sopratutto<br \/>\necologiche.<br \/><strong>Edil<br \/>\nTecno Legno a Roma, con<\/strong><br \/>\nuna lunga esperienza nel settore dell&#8217;edilizia civile ed industriale,<strong><br \/>\n<\/strong><strong><br \/>\n\u00e8 l&#8217;<\/strong>azienda<br \/>\nspecializzata nella progettazione e realizzazione di tetti in legno<br \/>\nlamellare.<br \/>\n <strong>Edil<br \/>\nTecno Legno a Roma<\/strong><br \/>\naffianca allo sviluppo tecnologico delle tecniche di lavorazione,<br \/>\nl&#8217;alta qualit\u00e0 selezionata e certificata dei propri materiali,<br \/>\naltamente affidabili per la realizzazione di tetti in legno.<br \/>\n La scelta della<br \/>\nmateria prima, la progettazione, la lavorazione, la fornitura e la<br \/>\nrealizzazione seguono un iter aziendale che parte dal rispetto<br \/>\nambientale e passa attraverso la soddisfazione del cliente. <\/p>\n<p> <strong>Edil<br \/>\nTecno Legno<\/strong><br \/>\na Roma \u00e8 portavoce di qualit\u00e0 e professionalit\u00e0 che ha fatto della<br \/>\nrealizzazione di tetti in legno, la chiave del proprio successo.<\/p>\n<p><strong>Edil<br \/>\nTecno Legno a Roma, con<\/strong><br \/>\nuna lunga esperienza nel settore dell&#8217;edilizia civile ed industriale,<strong><br \/>\n<\/strong><strong><br \/>\n\u00e8 l&#8217;<\/strong>azienda<br \/>\nspecializzata nella progettazione e realizzazione di tetti in legno<br \/>\nlamellare.<br \/>\n <strong>Edil<br \/>\nTecno Legno a Roma<\/strong><br \/>\naffianca allo sviluppo tecnologico delle tecniche di lavorazione,<br \/>\nl&#8217;alta qualit\u00e0 selezionata e certificata dei propri materiali,<br \/>\naltamente affidabili per la realizzazione di tetti in legno.<br \/>\n La scelta della<br \/>\nmateria prima, la progettazione, la lavorazione, la fornitura e la<br \/>\nrealizzazione seguono un iter aziendale che parte dal rispetto<br \/>\nambientale e passa attraverso la soddisfazione del cliente. <\/p>\n<p> <strong>Edil<br \/>\nTecno Legno<\/strong><br \/>\na Roma \u00e8 portavoce di qualit\u00e0 e professionalit\u00e0 che ha fatto della<br \/>\nrealizzazione di tetti in legno, la chiave del proprio successo. <\/p>\n","protected":false},"excerpt":{"rendered":"<p>Edil Tecno Legno a Roma, con una lunga esperienza nel settore dell&#8217;edilizia civile ed industriale,  \u00e8 l&#8217;azienda specializzata nella progettazione e realizzazione di tetti in legno lamellare.<\/p>\n","protected":false},"author":10,"featured_media":0,"comment_status":"open","ping_status":"open","sticky":false,"template":"","format":"standard","meta":{"cybocfi_hide_featured_image":"","footnotes":""},"categories":[612],"tags":[16124,16125,16119,16120,16123,16121,16126,16127,16122],"class_list":["post-5857","post","type-post","status-publish","format-standard","hentry","category-esterni","tag-bungalow-roma","tag-bungalows-roma","tag-casette-in-legno-roma","tag-casette-roma","tag-legno-lamellare-roma","tag-legno-roma","tag-realizzazione-casette-in-legno-roma","tag-realizzazione-tetti-in-legno","tag-tetti-in-legno"],"yoast_head":"<!-- This site is optimized with the Yoast SEO plugin v27.0 - https:\/\/yoast.com\/product\/yoast-seo-wordpress\/ -->\n<title>Realizzazione tetti in legno Roma - Article Marketing<\/title>\n<meta name=\"robots\" content=\"index, follow, max-snippet:-1, max-image-preview:large, max-video-preview:-1\" \/>\n<link rel=\"canonical\" href=\"https:\/\/www.article-marketing.eu\/comunicati\/casa\/esterni\/realizzazione-tetti-in-legno-roma\/\" \/>\n<meta property=\"og:locale\" content=\"it_IT\" \/>\n<meta property=\"og:type\" content=\"article\" \/>\n<meta property=\"og:title\" content=\"Realizzazione tetti in legno Roma - Article Marketing\" \/>\n<meta property=\"og:description\" content=\"Edil Tecno Legno a Roma, con una lunga esperienza nel settore dell&#039;edilizia civile ed industriale, \u00e8 l&#039;azienda specializzata nella progettazione e realizzazione di tetti in legno lamellare.\" \/>\n<meta property=\"og:url\" content=\"https:\/\/www.article-marketing.eu\/comunicati\/casa\/esterni\/realizzazione-tetti-in-legno-roma\/\" \/>\n<meta property=\"og:site_name\" content=\"Article Marketing\" \/>\n<meta property=\"article:published_time\" content=\"2010-07-23T14:07:27+00:00\" \/>\n<meta property=\"article:modified_time\" content=\"2018-07-10T03:37:05+00:00\" \/>\n<meta name=\"author\" content=\"Redazione Comunicati Stampa\" \/>\n<meta name=\"twitter:card\" content=\"summary_large_image\" \/>\n<meta name=\"twitter:label1\" content=\"Scritto da\" \/>\n\t<meta name=\"twitter:data1\" content=\"Redazione Comunicati Stampa\" \/>\n\t<meta name=\"twitter:label2\" content=\"Tempo di lettura stimato\" \/>\n\t<meta name=\"twitter:data2\" content=\"2 minuti\" \/>\n<script type=\"application\/ld+json\" class=\"yoast-schema-graph\">{\"@context\":\"https:\/\/schema.org\",\"@graph\":[{\"@type\":\"Article\",\"@id\":\"https:\/\/www.article-marketing.eu\/comunicati\/casa\/esterni\/realizzazione-tetti-in-legno-roma\/#article\",\"isPartOf\":{\"@id\":\"https:\/\/www.article-marketing.eu\/comunicati\/casa\/esterni\/realizzazione-tetti-in-legno-roma\/\"},\"author\":{\"name\":\"Redazione Comunicati Stampa\",\"@id\":\"https:\/\/www.article-marketing.eu\/comunicati\/#\/schema\/person\/44372e4d4d0fa797b18e03ed1ace9017\"},\"headline\":\"Realizzazione tetti in legno Roma\",\"datePublished\":\"2010-07-23T14:07:27+00:00\",\"dateModified\":\"2018-07-10T03:37:05+00:00\",\"mainEntityOfPage\":{\"@id\":\"https:\/\/www.article-marketing.eu\/comunicati\/casa\/esterni\/realizzazione-tetti-in-legno-roma\/\"},\"wordCount\":363,\"commentCount\":0,\"keywords\":[\"Bungalow Roma\",\"Bungalows Roma\",\"Casette in legno Roma\",\"Casette Roma\",\"Legno Lamellare Roma\",\"Legno Roma\",\"Realizzazione Casette in Legno Roma\",\"Realizzazione tetti in legno\",\"Tetti in Legno\"],\"articleSection\":[\"Esterni\"],\"inLanguage\":\"it-IT\",\"potentialAction\":[{\"@type\":\"CommentAction\",\"name\":\"Comment\",\"target\":[\"https:\/\/www.article-marketing.eu\/comunicati\/casa\/esterni\/realizzazione-tetti-in-legno-roma\/#respond\"]}]},{\"@type\":\"WebPage\",\"@id\":\"https:\/\/www.article-marketing.eu\/comunicati\/casa\/esterni\/realizzazione-tetti-in-legno-roma\/\",\"url\":\"https:\/\/www.article-marketing.eu\/comunicati\/casa\/esterni\/realizzazione-tetti-in-legno-roma\/\",\"name\":\"Realizzazione tetti in legno Roma - Article Marketing\",\"isPartOf\":{\"@id\":\"https:\/\/www.article-marketing.eu\/comunicati\/#website\"},\"datePublished\":\"2010-07-23T14:07:27+00:00\",\"dateModified\":\"2018-07-10T03:37:05+00:00\",\"author\":{\"@id\":\"https:\/\/www.article-marketing.eu\/comunicati\/#\/schema\/person\/44372e4d4d0fa797b18e03ed1ace9017\"},\"breadcrumb\":{\"@id\":\"https:\/\/www.article-marketing.eu\/comunicati\/casa\/esterni\/realizzazione-tetti-in-legno-roma\/#breadcrumb\"},\"inLanguage\":\"it-IT\",\"potentialAction\":[{\"@type\":\"ReadAction\",\"target\":[\"https:\/\/www.article-marketing.eu\/comunicati\/casa\/esterni\/realizzazione-tetti-in-legno-roma\/\"]}]},{\"@type\":\"BreadcrumbList\",\"@id\":\"https:\/\/www.article-marketing.eu\/comunicati\/casa\/esterni\/realizzazione-tetti-in-legno-roma\/#breadcrumb\",\"itemListElement\":[{\"@type\":\"ListItem\",\"position\":1,\"name\":\"Home\",\"item\":\"https:\/\/www.article-marketing.eu\/comunicati\/\"},{\"@type\":\"ListItem\",\"position\":2,\"name\":\"Realizzazione tetti in legno Roma\"}]},{\"@type\":\"WebSite\",\"@id\":\"https:\/\/www.article-marketing.eu\/comunicati\/#website\",\"url\":\"https:\/\/www.article-marketing.eu\/comunicati\/\",\"name\":\"Article Marketing\",\"description\":\"article marketing &amp; press release\",\"potentialAction\":[{\"@type\":\"SearchAction\",\"target\":{\"@type\":\"EntryPoint\",\"urlTemplate\":\"https:\/\/www.article-marketing.eu\/comunicati\/?s={search_term_string}\"},\"query-input\":{\"@type\":\"PropertyValueSpecification\",\"valueRequired\":true,\"valueName\":\"search_term_string\"}}],\"inLanguage\":\"it-IT\"},{\"@type\":\"Person\",\"@id\":\"https:\/\/www.article-marketing.eu\/comunicati\/#\/schema\/person\/44372e4d4d0fa797b18e03ed1ace9017\",\"name\":\"Redazione Comunicati Stampa\",\"image\":{\"@type\":\"ImageObject\",\"inLanguage\":\"it-IT\",\"@id\":\"https:\/\/www.article-marketing.eu\/comunicati\/#\/schema\/person\/image\/\",\"url\":\"https:\/\/secure.gravatar.com\/avatar\/50e5c6421d3072f42e7ace803501602c60d75233d34e29fd05feb91c8760b792?s=96&d=mm&r=g\",\"contentUrl\":\"https:\/\/secure.gravatar.com\/avatar\/50e5c6421d3072f42e7ace803501602c60d75233d34e29fd05feb91c8760b792?s=96&d=mm&r=g\",\"caption\":\"Redazione Comunicati Stampa\"},\"url\":\"https:\/\/www.article-marketing.eu\/comunicati\/author\/redazione-comunicati-stampa\/\"}]}<\/script>\n<!-- \/ Yoast SEO plugin. -->","yoast_head_json":{"title":"Realizzazione tetti in legno Roma - Article Marketing","robots":{"index":"index","follow":"follow","max-snippet":"max-snippet:-1","max-image-preview":"max-image-preview:large","max-video-preview":"max-video-preview:-1"},"canonical":"https:\/\/www.article-marketing.eu\/comunicati\/casa\/esterni\/realizzazione-tetti-in-legno-roma\/","og_locale":"it_IT","og_type":"article","og_title":"Realizzazione tetti in legno Roma - Article Marketing","og_description":"Edil Tecno Legno a Roma, con una lunga esperienza nel settore dell'edilizia civile ed industriale, \u00e8 l'azienda specializzata nella progettazione e realizzazione di tetti in legno lamellare.","og_url":"https:\/\/www.article-marketing.eu\/comunicati\/casa\/esterni\/realizzazione-tetti-in-legno-roma\/","og_site_name":"Article Marketing","article_published_time":"2010-07-23T14:07:27+00:00","article_modified_time":"2018-07-10T03:37:05+00:00","author":"Redazione Comunicati Stampa","twitter_card":"summary_large_image","twitter_misc":{"Scritto da":"Redazione Comunicati Stampa","Tempo di lettura stimato":"2 minuti"},"schema":{"@context":"https:\/\/schema.org","@graph":[{"@type":"Article","@id":"https:\/\/www.article-marketing.eu\/comunicati\/casa\/esterni\/realizzazione-tetti-in-legno-roma\/#article","isPartOf":{"@id":"https:\/\/www.article-marketing.eu\/comunicati\/casa\/esterni\/realizzazione-tetti-in-legno-roma\/"},"author":{"name":"Redazione Comunicati Stampa","@id":"https:\/\/www.article-marketing.eu\/comunicati\/#\/schema\/person\/44372e4d4d0fa797b18e03ed1ace9017"},"headline":"Realizzazione tetti in legno Roma","datePublished":"2010-07-23T14:07:27+00:00","dateModified":"2018-07-10T03:37:05+00:00","mainEntityOfPage":{"@id":"https:\/\/www.article-marketing.eu\/comunicati\/casa\/esterni\/realizzazione-tetti-in-legno-roma\/"},"wordCount":363,"commentCount":0,"keywords":["Bungalow Roma","Bungalows Roma","Casette in legno Roma","Casette Roma","Legno Lamellare Roma","Legno Roma","Realizzazione Casette in Legno Roma","Realizzazione tetti in legno","Tetti in Legno"],"articleSection":["Esterni"],"inLanguage":"it-IT","potentialAction":[{"@type":"CommentAction","name":"Comment","target":["https:\/\/www.article-marketing.eu\/comunicati\/casa\/esterni\/realizzazione-tetti-in-legno-roma\/#respond"]}]},{"@type":"WebPage","@id":"https:\/\/www.article-marketing.eu\/comunicati\/casa\/esterni\/realizzazione-tetti-in-legno-roma\/","url":"https:\/\/www.article-marketing.eu\/comunicati\/casa\/esterni\/realizzazione-tetti-in-legno-roma\/","name":"Realizzazione tetti in legno Roma - Article Marketing","isPartOf":{"@id":"https:\/\/www.article-marketing.eu\/comunicati\/#website"},"datePublished":"2010-07-23T14:07:27+00:00","dateModified":"2018-07-10T03:37:05+00:00","author":{"@id":"https:\/\/www.article-marketing.eu\/comunicati\/#\/schema\/person\/44372e4d4d0fa797b18e03ed1ace9017"},"breadcrumb":{"@id":"https:\/\/www.article-marketing.eu\/comunicati\/casa\/esterni\/realizzazione-tetti-in-legno-roma\/#breadcrumb"},"inLanguage":"it-IT","potentialAction":[{"@type":"ReadAction","target":["https:\/\/www.article-marketing.eu\/comunicati\/casa\/esterni\/realizzazione-tetti-in-legno-roma\/"]}]},{"@type":"BreadcrumbList","@id":"https:\/\/www.article-marketing.eu\/comunicati\/casa\/esterni\/realizzazione-tetti-in-legno-roma\/#breadcrumb","itemListElement":[{"@type":"ListItem","position":1,"name":"Home","item":"https:\/\/www.article-marketing.eu\/comunicati\/"},{"@type":"ListItem","position":2,"name":"Realizzazione tetti in legno Roma"}]},{"@type":"WebSite","@id":"https:\/\/www.article-marketing.eu\/comunicati\/#website","url":"https:\/\/www.article-marketing.eu\/comunicati\/","name":"Article Marketing","description":"article marketing &amp; press release","potentialAction":[{"@type":"SearchAction","target":{"@type":"EntryPoint","urlTemplate":"https:\/\/www.article-marketing.eu\/comunicati\/?s={search_term_string}"},"query-input":{"@type":"PropertyValueSpecification","valueRequired":true,"valueName":"search_term_string"}}],"inLanguage":"it-IT"},{"@type":"Person","@id":"https:\/\/www.article-marketing.eu\/comunicati\/#\/schema\/person\/44372e4d4d0fa797b18e03ed1ace9017","name":"Redazione Comunicati Stampa","image":{"@type":"ImageObject","inLanguage":"it-IT","@id":"https:\/\/www.article-marketing.eu\/comunicati\/#\/schema\/person\/image\/","url":"https:\/\/secure.gravatar.com\/avatar\/50e5c6421d3072f42e7ace803501602c60d75233d34e29fd05feb91c8760b792?s=96&d=mm&r=g","contentUrl":"https:\/\/secure.gravatar.com\/avatar\/50e5c6421d3072f42e7ace803501602c60d75233d34e29fd05feb91c8760b792?s=96&d=mm&r=g","caption":"Redazione Comunicati Stampa"},"url":"https:\/\/www.article-marketing.eu\/comunicati\/author\/redazione-comunicati-stampa\/"}]}},"_links":{"self":[{"href":"https:\/\/www.article-marketing.eu\/comunicati\/wp-json\/wp\/v2\/posts\/5857","targetHints":{"allow":["GET"]}}],"collection":[{"href":"https:\/\/www.article-marketing.eu\/comunicati\/wp-json\/wp\/v2\/posts"}],"about":[{"href":"https:\/\/www.article-marketing.eu\/comunicati\/wp-json\/wp\/v2\/types\/post"}],"author":[{"embeddable":true,"href":"https:\/\/www.article-marketing.eu\/comunicati\/wp-json\/wp\/v2\/users\/10"}],"replies":[{"embeddable":true,"href":"https:\/\/www.article-marketing.eu\/comunicati\/wp-json\/wp\/v2\/comments?post=5857"}],"version-history":[{"count":2,"href":"https:\/\/www.article-marketing.eu\/comunicati\/wp-json\/wp\/v2\/posts\/5857\/revisions"}],"predecessor-version":[{"id":61936,"href":"https:\/\/www.article-marketing.eu\/comunicati\/wp-json\/wp\/v2\/posts\/5857\/revisions\/61936"}],"wp:attachment":[{"href":"https:\/\/www.article-marketing.eu\/comunicati\/wp-json\/wp\/v2\/media?parent=5857"}],"wp:term":[{"taxonomy":"category","embeddable":true,"href":"https:\/\/www.article-marketing.eu\/comunicati\/wp-json\/wp\/v2\/categories?post=5857"},{"taxonomy":"post_tag","embeddable":true,"href":"https:\/\/www.article-marketing.eu\/comunicati\/wp-json\/wp\/v2\/tags?post=5857"}],"curies":[{"name":"wp","href":"https:\/\/api.w.org\/{rel}","templated":true}]}}