{"id":5882,"date":"2010-07-20T10:46:10","date_gmt":"2010-07-20T08:46:10","guid":{"rendered":"http:\/\/www.article-marketing.eu\/comunicati\/senza-categoria\/edilizia-a-genova-cala-la-sicurezza-sul-lavoro-aumenta-la-malavita\/"},"modified":"2010-07-20T10:46:10","modified_gmt":"2010-07-20T08:46:10","slug":"edilizia-a-genova-cala-la-sicurezza-sul-lavoro-aumenta-la-malavita","status":"publish","type":"post","link":"https:\/\/www.article-marketing.eu\/comunicati\/economia-e-lavoro\/edilizia-a-genova-cala-la-sicurezza-sul-lavoro-aumenta-la-malavita\/","title":{"rendered":"Edilizia a Genova: cala la sicurezza sul lavoro, aumenta la malavita."},"content":{"rendered":"<p>La crisi certo non aiuta un comparto gi\u00e0 in crisi, dove le aziende cercano di prendere il lavoro abbassando i costi e scaricando tutto il peso sulla forza lavoro. Aumenta infatti la percentuale di lavoratori in nero, diminuisce la qualit\u00e0 del lavoro, con scarse garanzie per la tutela nei cantieri, mancanza di <a href=\"http:\/\/www.tutto626.it\/tutto626-new\/default.asp?page=IT114&amp;sec=Corsi+di+Formazione+on+line+D.lgs+81\/08\" target=\"_blank\" title=\"corsi di formazione sicurezza sul lavoro\">corsi di formazione sulla sicurezza<\/a> e, fenomeno grave, si affaccia la possibilit\u00e0 di infiltrazioni da parte delle mafie.<\/p>\n<p>La flessione degli investimenti sembra continuare oltre il 34% dello scorso anno e al livello occupazionale gi\u00e0 700 lavoratori in meno si sono iscritti alla cassa edile (quasi 1300 in due anni). La situazione si pu\u00f2 rivalutare cercando \u2013 come sta facendo Assedil \u2013 di coinvolgere le istituzioni in investimenti su &quot;piccoli&quot; appalti, in modo da interessare le piccole e medie aziende genovesi, in forte crisi. Anche per scongiurare ed evitare che le mafie riescano a coinvolgere le aziende, cos\u00ec ferme, nei giri di denaro da &quot;ripulire&quot;. Si cadrebbe, cos\u00ec, in una spirale di abbandono del settore da cui sarebbe difficile uscirne sia dal punto di vista economico che legale.<\/p>\n<p>Il piano casa varato dal governo, purtroppo, nel genovese non \u00e8 servito a molto visto che la parte riguardante l&#8217;aumento di volume non \u00e8 applicabile sul territorio (solo un 10% di casi pu\u00f2 estendere la propria abitazione). Il direttore dell&#8217;Assedil ribadisce la necessit\u00e0 di un cambio di leggi regionali in questo senso e annuncia per settembre la convocazione degli &quot;stati generali&quot; del comparto edile. Sono coinvolti tutti: aziende, artigiani, sindacati e rappresentanti dei lavoratori.<\/p>\n<p>Ognuno con le proprie esigenze, uniti per la ripresa di un settore chiave dell&#8217;economia ligure. Per i lavoratori forte sar\u00e0 la necessit\u00e0 di garantire pi\u00f9 sicurezza nei cantieri, evitare la piaga del lavoro nero e i ritmi insostenibili che aumentano la competitivit\u00e0 a discapito della qualit\u00e0 del lavoro e del rispetto della normativa in materia di sicurezza.<\/p>\n<p>Per gli imprenditori, invece, forte sar\u00e0 l&#8217;impegno a chiedere alle istituzioni un tavolo di discussione e soluzioni che riporti fuori dal tunnel o che, almeno, faccia intravedere la luce.&nbsp;<\/p>\n","protected":false},"excerpt":{"rendered":"<p>L&#8217;Assedil di Genova riporta i dati di settore del 2009 e lancia l&#8217;allarme: meno lavoro, meno sicurezza e, purtroppo, pi\u00f9 malavita organizzata.<\/p>\n","protected":false},"author":10,"featured_media":0,"comment_status":"open","ping_status":"open","sticky":false,"template":"","format":"standard","meta":{"cybocfi_hide_featured_image":"","footnotes":""},"categories":[59],"tags":[],"class_list":["post-5882","post","type-post","status-publish","format-standard","hentry","category-economia-e-lavoro"],"yoast_head":"<!-- This site is optimized with the Yoast SEO plugin v27.0 - https:\/\/yoast.com\/product\/yoast-seo-wordpress\/ -->\n<title>Edilizia a Genova: cala la sicurezza sul lavoro, aumenta la malavita. - Article Marketing<\/title>\n<meta name=\"robots\" content=\"index, follow, max-snippet:-1, max-image-preview:large, max-video-preview:-1\" \/>\n<link rel=\"canonical\" href=\"https:\/\/www.article-marketing.eu\/comunicati\/economia-e-lavoro\/edilizia-a-genova-cala-la-sicurezza-sul-lavoro-aumenta-la-malavita\/\" \/>\n<meta property=\"og:locale\" content=\"it_IT\" \/>\n<meta property=\"og:type\" content=\"article\" \/>\n<meta property=\"og:title\" content=\"Edilizia a Genova: cala la sicurezza sul lavoro, aumenta la malavita. - Article Marketing\" \/>\n<meta property=\"og:description\" content=\"L&#039;Assedil di Genova riporta i dati di settore del 2009 e lancia l&#039;allarme: meno lavoro, meno sicurezza e, purtroppo, pi\u00f9 malavita organizzata.\" \/>\n<meta property=\"og:url\" content=\"https:\/\/www.article-marketing.eu\/comunicati\/economia-e-lavoro\/edilizia-a-genova-cala-la-sicurezza-sul-lavoro-aumenta-la-malavita\/\" \/>\n<meta property=\"og:site_name\" content=\"Article Marketing\" \/>\n<meta property=\"article:published_time\" content=\"2010-07-20T08:46:10+00:00\" \/>\n<meta name=\"author\" content=\"Redazione Comunicati Stampa\" \/>\n<meta name=\"twitter:card\" content=\"summary_large_image\" \/>\n<meta name=\"twitter:label1\" content=\"Scritto da\" \/>\n\t<meta name=\"twitter:data1\" content=\"Redazione Comunicati Stampa\" \/>\n\t<meta name=\"twitter:label2\" content=\"Tempo di lettura stimato\" \/>\n\t<meta name=\"twitter:data2\" content=\"2 minuti\" \/>\n<script type=\"application\/ld+json\" class=\"yoast-schema-graph\">{\"@context\":\"https:\/\/schema.org\",\"@graph\":[{\"@type\":\"Article\",\"@id\":\"https:\/\/www.article-marketing.eu\/comunicati\/economia-e-lavoro\/edilizia-a-genova-cala-la-sicurezza-sul-lavoro-aumenta-la-malavita\/#article\",\"isPartOf\":{\"@id\":\"https:\/\/www.article-marketing.eu\/comunicati\/economia-e-lavoro\/edilizia-a-genova-cala-la-sicurezza-sul-lavoro-aumenta-la-malavita\/\"},\"author\":{\"name\":\"Redazione Comunicati Stampa\",\"@id\":\"https:\/\/www.article-marketing.eu\/comunicati\/#\/schema\/person\/44372e4d4d0fa797b18e03ed1ace9017\"},\"headline\":\"Edilizia a Genova: cala la sicurezza sul lavoro, aumenta la malavita.\",\"datePublished\":\"2010-07-20T08:46:10+00:00\",\"mainEntityOfPage\":{\"@id\":\"https:\/\/www.article-marketing.eu\/comunicati\/economia-e-lavoro\/edilizia-a-genova-cala-la-sicurezza-sul-lavoro-aumenta-la-malavita\/\"},\"wordCount\":350,\"commentCount\":0,\"articleSection\":[\"Economia e lavoro\"],\"inLanguage\":\"it-IT\",\"potentialAction\":[{\"@type\":\"CommentAction\",\"name\":\"Comment\",\"target\":[\"https:\/\/www.article-marketing.eu\/comunicati\/economia-e-lavoro\/edilizia-a-genova-cala-la-sicurezza-sul-lavoro-aumenta-la-malavita\/#respond\"]}]},{\"@type\":\"WebPage\",\"@id\":\"https:\/\/www.article-marketing.eu\/comunicati\/economia-e-lavoro\/edilizia-a-genova-cala-la-sicurezza-sul-lavoro-aumenta-la-malavita\/\",\"url\":\"https:\/\/www.article-marketing.eu\/comunicati\/economia-e-lavoro\/edilizia-a-genova-cala-la-sicurezza-sul-lavoro-aumenta-la-malavita\/\",\"name\":\"Edilizia a Genova: cala la sicurezza sul lavoro, aumenta la malavita. - Article Marketing\",\"isPartOf\":{\"@id\":\"https:\/\/www.article-marketing.eu\/comunicati\/#website\"},\"datePublished\":\"2010-07-20T08:46:10+00:00\",\"author\":{\"@id\":\"https:\/\/www.article-marketing.eu\/comunicati\/#\/schema\/person\/44372e4d4d0fa797b18e03ed1ace9017\"},\"breadcrumb\":{\"@id\":\"https:\/\/www.article-marketing.eu\/comunicati\/economia-e-lavoro\/edilizia-a-genova-cala-la-sicurezza-sul-lavoro-aumenta-la-malavita\/#breadcrumb\"},\"inLanguage\":\"it-IT\",\"potentialAction\":[{\"@type\":\"ReadAction\",\"target\":[\"https:\/\/www.article-marketing.eu\/comunicati\/economia-e-lavoro\/edilizia-a-genova-cala-la-sicurezza-sul-lavoro-aumenta-la-malavita\/\"]}]},{\"@type\":\"BreadcrumbList\",\"@id\":\"https:\/\/www.article-marketing.eu\/comunicati\/economia-e-lavoro\/edilizia-a-genova-cala-la-sicurezza-sul-lavoro-aumenta-la-malavita\/#breadcrumb\",\"itemListElement\":[{\"@type\":\"ListItem\",\"position\":1,\"name\":\"Home\",\"item\":\"https:\/\/www.article-marketing.eu\/comunicati\/\"},{\"@type\":\"ListItem\",\"position\":2,\"name\":\"Edilizia a Genova: cala la sicurezza sul lavoro, aumenta la malavita.\"}]},{\"@type\":\"WebSite\",\"@id\":\"https:\/\/www.article-marketing.eu\/comunicati\/#website\",\"url\":\"https:\/\/www.article-marketing.eu\/comunicati\/\",\"name\":\"Article Marketing\",\"description\":\"article marketing &amp; press release\",\"potentialAction\":[{\"@type\":\"SearchAction\",\"target\":{\"@type\":\"EntryPoint\",\"urlTemplate\":\"https:\/\/www.article-marketing.eu\/comunicati\/?s={search_term_string}\"},\"query-input\":{\"@type\":\"PropertyValueSpecification\",\"valueRequired\":true,\"valueName\":\"search_term_string\"}}],\"inLanguage\":\"it-IT\"},{\"@type\":\"Person\",\"@id\":\"https:\/\/www.article-marketing.eu\/comunicati\/#\/schema\/person\/44372e4d4d0fa797b18e03ed1ace9017\",\"name\":\"Redazione Comunicati Stampa\",\"image\":{\"@type\":\"ImageObject\",\"inLanguage\":\"it-IT\",\"@id\":\"https:\/\/www.article-marketing.eu\/comunicati\/#\/schema\/person\/image\/\",\"url\":\"https:\/\/secure.gravatar.com\/avatar\/50e5c6421d3072f42e7ace803501602c60d75233d34e29fd05feb91c8760b792?s=96&d=mm&r=g\",\"contentUrl\":\"https:\/\/secure.gravatar.com\/avatar\/50e5c6421d3072f42e7ace803501602c60d75233d34e29fd05feb91c8760b792?s=96&d=mm&r=g\",\"caption\":\"Redazione Comunicati Stampa\"},\"url\":\"https:\/\/www.article-marketing.eu\/comunicati\/author\/redazione-comunicati-stampa\/\"}]}<\/script>\n<!-- \/ Yoast SEO plugin. -->","yoast_head_json":{"title":"Edilizia a Genova: cala la sicurezza sul lavoro, aumenta la malavita. - Article Marketing","robots":{"index":"index","follow":"follow","max-snippet":"max-snippet:-1","max-image-preview":"max-image-preview:large","max-video-preview":"max-video-preview:-1"},"canonical":"https:\/\/www.article-marketing.eu\/comunicati\/economia-e-lavoro\/edilizia-a-genova-cala-la-sicurezza-sul-lavoro-aumenta-la-malavita\/","og_locale":"it_IT","og_type":"article","og_title":"Edilizia a Genova: cala la sicurezza sul lavoro, aumenta la malavita. - Article Marketing","og_description":"L'Assedil di Genova riporta i dati di settore del 2009 e lancia l'allarme: meno lavoro, meno sicurezza e, purtroppo, pi\u00f9 malavita organizzata.","og_url":"https:\/\/www.article-marketing.eu\/comunicati\/economia-e-lavoro\/edilizia-a-genova-cala-la-sicurezza-sul-lavoro-aumenta-la-malavita\/","og_site_name":"Article Marketing","article_published_time":"2010-07-20T08:46:10+00:00","author":"Redazione Comunicati Stampa","twitter_card":"summary_large_image","twitter_misc":{"Scritto da":"Redazione Comunicati Stampa","Tempo di lettura stimato":"2 minuti"},"schema":{"@context":"https:\/\/schema.org","@graph":[{"@type":"Article","@id":"https:\/\/www.article-marketing.eu\/comunicati\/economia-e-lavoro\/edilizia-a-genova-cala-la-sicurezza-sul-lavoro-aumenta-la-malavita\/#article","isPartOf":{"@id":"https:\/\/www.article-marketing.eu\/comunicati\/economia-e-lavoro\/edilizia-a-genova-cala-la-sicurezza-sul-lavoro-aumenta-la-malavita\/"},"author":{"name":"Redazione Comunicati Stampa","@id":"https:\/\/www.article-marketing.eu\/comunicati\/#\/schema\/person\/44372e4d4d0fa797b18e03ed1ace9017"},"headline":"Edilizia a Genova: cala la sicurezza sul lavoro, aumenta la malavita.","datePublished":"2010-07-20T08:46:10+00:00","mainEntityOfPage":{"@id":"https:\/\/www.article-marketing.eu\/comunicati\/economia-e-lavoro\/edilizia-a-genova-cala-la-sicurezza-sul-lavoro-aumenta-la-malavita\/"},"wordCount":350,"commentCount":0,"articleSection":["Economia e lavoro"],"inLanguage":"it-IT","potentialAction":[{"@type":"CommentAction","name":"Comment","target":["https:\/\/www.article-marketing.eu\/comunicati\/economia-e-lavoro\/edilizia-a-genova-cala-la-sicurezza-sul-lavoro-aumenta-la-malavita\/#respond"]}]},{"@type":"WebPage","@id":"https:\/\/www.article-marketing.eu\/comunicati\/economia-e-lavoro\/edilizia-a-genova-cala-la-sicurezza-sul-lavoro-aumenta-la-malavita\/","url":"https:\/\/www.article-marketing.eu\/comunicati\/economia-e-lavoro\/edilizia-a-genova-cala-la-sicurezza-sul-lavoro-aumenta-la-malavita\/","name":"Edilizia a Genova: cala la sicurezza sul lavoro, aumenta la malavita. - Article Marketing","isPartOf":{"@id":"https:\/\/www.article-marketing.eu\/comunicati\/#website"},"datePublished":"2010-07-20T08:46:10+00:00","author":{"@id":"https:\/\/www.article-marketing.eu\/comunicati\/#\/schema\/person\/44372e4d4d0fa797b18e03ed1ace9017"},"breadcrumb":{"@id":"https:\/\/www.article-marketing.eu\/comunicati\/economia-e-lavoro\/edilizia-a-genova-cala-la-sicurezza-sul-lavoro-aumenta-la-malavita\/#breadcrumb"},"inLanguage":"it-IT","potentialAction":[{"@type":"ReadAction","target":["https:\/\/www.article-marketing.eu\/comunicati\/economia-e-lavoro\/edilizia-a-genova-cala-la-sicurezza-sul-lavoro-aumenta-la-malavita\/"]}]},{"@type":"BreadcrumbList","@id":"https:\/\/www.article-marketing.eu\/comunicati\/economia-e-lavoro\/edilizia-a-genova-cala-la-sicurezza-sul-lavoro-aumenta-la-malavita\/#breadcrumb","itemListElement":[{"@type":"ListItem","position":1,"name":"Home","item":"https:\/\/www.article-marketing.eu\/comunicati\/"},{"@type":"ListItem","position":2,"name":"Edilizia a Genova: cala la sicurezza sul lavoro, aumenta la malavita."}]},{"@type":"WebSite","@id":"https:\/\/www.article-marketing.eu\/comunicati\/#website","url":"https:\/\/www.article-marketing.eu\/comunicati\/","name":"Article Marketing","description":"article marketing &amp; press release","potentialAction":[{"@type":"SearchAction","target":{"@type":"EntryPoint","urlTemplate":"https:\/\/www.article-marketing.eu\/comunicati\/?s={search_term_string}"},"query-input":{"@type":"PropertyValueSpecification","valueRequired":true,"valueName":"search_term_string"}}],"inLanguage":"it-IT"},{"@type":"Person","@id":"https:\/\/www.article-marketing.eu\/comunicati\/#\/schema\/person\/44372e4d4d0fa797b18e03ed1ace9017","name":"Redazione Comunicati Stampa","image":{"@type":"ImageObject","inLanguage":"it-IT","@id":"https:\/\/www.article-marketing.eu\/comunicati\/#\/schema\/person\/image\/","url":"https:\/\/secure.gravatar.com\/avatar\/50e5c6421d3072f42e7ace803501602c60d75233d34e29fd05feb91c8760b792?s=96&d=mm&r=g","contentUrl":"https:\/\/secure.gravatar.com\/avatar\/50e5c6421d3072f42e7ace803501602c60d75233d34e29fd05feb91c8760b792?s=96&d=mm&r=g","caption":"Redazione Comunicati Stampa"},"url":"https:\/\/www.article-marketing.eu\/comunicati\/author\/redazione-comunicati-stampa\/"}]}},"_links":{"self":[{"href":"https:\/\/www.article-marketing.eu\/comunicati\/wp-json\/wp\/v2\/posts\/5882","targetHints":{"allow":["GET"]}}],"collection":[{"href":"https:\/\/www.article-marketing.eu\/comunicati\/wp-json\/wp\/v2\/posts"}],"about":[{"href":"https:\/\/www.article-marketing.eu\/comunicati\/wp-json\/wp\/v2\/types\/post"}],"author":[{"embeddable":true,"href":"https:\/\/www.article-marketing.eu\/comunicati\/wp-json\/wp\/v2\/users\/10"}],"replies":[{"embeddable":true,"href":"https:\/\/www.article-marketing.eu\/comunicati\/wp-json\/wp\/v2\/comments?post=5882"}],"version-history":[{"count":0,"href":"https:\/\/www.article-marketing.eu\/comunicati\/wp-json\/wp\/v2\/posts\/5882\/revisions"}],"wp:attachment":[{"href":"https:\/\/www.article-marketing.eu\/comunicati\/wp-json\/wp\/v2\/media?parent=5882"}],"wp:term":[{"taxonomy":"category","embeddable":true,"href":"https:\/\/www.article-marketing.eu\/comunicati\/wp-json\/wp\/v2\/categories?post=5882"},{"taxonomy":"post_tag","embeddable":true,"href":"https:\/\/www.article-marketing.eu\/comunicati\/wp-json\/wp\/v2\/tags?post=5882"}],"curies":[{"name":"wp","href":"https:\/\/api.w.org\/{rel}","templated":true}]}}