{"id":5909,"date":"2010-07-21T16:36:03","date_gmt":"2010-07-21T14:36:03","guid":{"rendered":"http:\/\/www.article-marketing.eu\/comunicati\/senza-categoria\/caschi-demi-jet-junior-di-givi-per-viaggiare-in-moto-con-i-piu-piccoli-della-famiglia\/"},"modified":"2018-07-10T04:54:00","modified_gmt":"2018-07-10T02:54:00","slug":"caschi-demi-jet-junior-di-givi-per-viaggiare-in-moto-con-i-piu-piccoli-della-famiglia","status":"publish","type":"post","link":"https:\/\/www.article-marketing.eu\/comunicati\/motori\/caschi-demi-jet-junior-di-givi-per-viaggiare-in-moto-con-i-piu-piccoli-della-famiglia\/","title":{"rendered":"Caschi demi Jet Junior di Givi, per viaggiare in moto con i pi\u00f9 piccoli della famiglia"},"content":{"rendered":"<p class=\"MsoNormal\">Per i piccoli ospiti in moto, la gamma <a href=\"http:\/\/www.givi.it\/Caschi\/\"><strong><u>caschi Givi<\/u><\/strong><\/a><br \/>\noffre soluzioni a loro adatte. Givi propone i <strong><u>caschi demi Jet Junior<br \/>\n<\/u><\/strong>per le generazioni pi\u00f9 giovani con et\u00e0 compresa tra i&nbsp; 5 ed i 12 anni.\n<\/p>\n<p class=\"MsoNormal\">&nbsp;<\/p>\n<p class=\"MsoNormal\">Disponibile in <strong>tre<br \/>\ndifferenti taglie<\/strong>, JS (50), JM (52) e JL (54), il <strong>casco Junior<\/strong> \u00e8<br \/>\nadatto per il range generazionale classico, quello composto sostanzialmente dai<br \/>\nfigli che frequentano le elementari\/medie cittadine, che in numero sempre<br \/>\nmaggiore vengono <strong>accompagnati a scuola dai genitori <\/strong>a bordo di scooter o<br \/>\nmoto. <\/p>\n<p class=\"MsoNormal\">&nbsp;<\/p>\n<p class=\"MsoNormal\">Il&nbsp; <strong>casco demi jet Junior<\/strong><br \/>\n\u00e8 <strong>protettivo<\/strong>, <strong>comodo<\/strong>, <strong>leggero<\/strong> e <strong>personalizzabile<\/strong>.<\/p>\n<p class=\"MsoNormal\">&nbsp;<\/p>\n<p class=\"MsoNormal\">Il modello viene proposto in due differenti colorazioni, <strong>bianco<br \/>\nlucido <\/strong>e<strong> rosa lucido<\/strong>, che lo rendono ideale sia per bambini che per<br \/>\nbambine. Inoltre sono stati creati due <strong>kit di adesivi in PVC<\/strong>, inclusi<br \/>\nnella confezione, per rendere unico il proprio casco. <\/p>\n<p class=\"MsoNormal\">&nbsp;<\/p>\n<p class=\"MsoNormal\">Gli interni fissi <strong>anallergici<\/strong> sono morbidi, ed il <strong>cinturino<br \/>\na sgancio\/aggancio rapido<\/strong> oltre ad essere affidabile e sicuro \u00e8 facilmente <strong>utilizzabile<br \/>\nanche dai pi\u00f9 piccoli<\/strong> utenti delle due ruote.<\/p>\n<p class=\"MsoNormal\">&nbsp;<\/p>\n<p class=\"MsoNormal\">Il modello <strong>Junior<\/strong> riprende i principi fondamentali<br \/>\ndei <strong>HPS (<\/strong>Head Protection System), il sistema di ricerca e sviluppo per<br \/>\ncaschi ad elevata sicurezza.<\/p>\n","protected":false},"excerpt":{"rendered":"<p>Givi pensa ai passeggeri pi\u00f9 piccoli e propone una gamma dedicata ai motociclisti pi\u00f9 giovani. I caschi demi jet HPS Junior sono una soluzione ideale e personalizzata con colori ed adesivi per bambini e bambine.<\/p>\n","protected":false},"author":10,"featured_media":0,"comment_status":"open","ping_status":"open","sticky":false,"template":"","format":"standard","meta":{"cybocfi_hide_featured_image":"","footnotes":""},"categories":[479],"tags":[16251,16250,16252,15724,6985],"class_list":["post-5909","post","type-post","status-publish","format-standard","hentry","category-motori","tag-caschi-bimbi","tag-caschi-demi-jet","tag-caschi-demi-jet-junior","tag-caschi-givi","tag-caschi-moto"],"yoast_head":"<!-- This site is optimized with the Yoast SEO plugin v27.0 - https:\/\/yoast.com\/product\/yoast-seo-wordpress\/ -->\n<title>Caschi demi Jet Junior di Givi, per viaggiare in moto con i pi\u00f9 piccoli della famiglia - Article Marketing<\/title>\n<meta name=\"robots\" content=\"index, follow, max-snippet:-1, max-image-preview:large, max-video-preview:-1\" \/>\n<link rel=\"canonical\" href=\"https:\/\/www.article-marketing.eu\/comunicati\/motori\/caschi-demi-jet-junior-di-givi-per-viaggiare-in-moto-con-i-piu-piccoli-della-famiglia\/\" \/>\n<meta property=\"og:locale\" content=\"it_IT\" \/>\n<meta property=\"og:type\" content=\"article\" \/>\n<meta property=\"og:title\" content=\"Caschi demi Jet Junior di Givi, per viaggiare in moto con i pi\u00f9 piccoli della famiglia - Article Marketing\" \/>\n<meta property=\"og:description\" content=\"Givi pensa ai passeggeri pi\u00f9 piccoli e propone una gamma dedicata ai motociclisti pi\u00f9 giovani. I caschi demi jet HPS Junior sono una soluzione ideale e personalizzata con colori ed adesivi per bambini e bambine.\" \/>\n<meta property=\"og:url\" content=\"https:\/\/www.article-marketing.eu\/comunicati\/motori\/caschi-demi-jet-junior-di-givi-per-viaggiare-in-moto-con-i-piu-piccoli-della-famiglia\/\" \/>\n<meta property=\"og:site_name\" content=\"Article Marketing\" \/>\n<meta property=\"article:published_time\" content=\"2010-07-21T14:36:03+00:00\" \/>\n<meta property=\"article:modified_time\" content=\"2018-07-10T02:54:00+00:00\" \/>\n<meta name=\"author\" content=\"Redazione Comunicati Stampa\" \/>\n<meta name=\"twitter:card\" content=\"summary_large_image\" \/>\n<meta name=\"twitter:label1\" content=\"Scritto da\" \/>\n\t<meta name=\"twitter:data1\" content=\"Redazione Comunicati Stampa\" \/>\n\t<meta name=\"twitter:label2\" content=\"Tempo di lettura stimato\" \/>\n\t<meta name=\"twitter:data2\" content=\"1 minuto\" \/>\n<script type=\"application\/ld+json\" class=\"yoast-schema-graph\">{\"@context\":\"https:\/\/schema.org\",\"@graph\":[{\"@type\":\"Article\",\"@id\":\"https:\/\/www.article-marketing.eu\/comunicati\/motori\/caschi-demi-jet-junior-di-givi-per-viaggiare-in-moto-con-i-piu-piccoli-della-famiglia\/#article\",\"isPartOf\":{\"@id\":\"https:\/\/www.article-marketing.eu\/comunicati\/motori\/caschi-demi-jet-junior-di-givi-per-viaggiare-in-moto-con-i-piu-piccoli-della-famiglia\/\"},\"author\":{\"name\":\"Redazione Comunicati Stampa\",\"@id\":\"https:\/\/www.article-marketing.eu\/comunicati\/#\/schema\/person\/44372e4d4d0fa797b18e03ed1ace9017\"},\"headline\":\"Caschi demi Jet Junior di Givi, per viaggiare in moto con i pi\u00f9 piccoli della famiglia\",\"datePublished\":\"2010-07-21T14:36:03+00:00\",\"dateModified\":\"2018-07-10T02:54:00+00:00\",\"mainEntityOfPage\":{\"@id\":\"https:\/\/www.article-marketing.eu\/comunicati\/motori\/caschi-demi-jet-junior-di-givi-per-viaggiare-in-moto-con-i-piu-piccoli-della-famiglia\/\"},\"wordCount\":208,\"commentCount\":0,\"keywords\":[\"caschi bimbi\",\"caschi demi-jet\",\"caschi demi-jet junior\",\"caschi givi\",\"caschi moto\"],\"articleSection\":[\"Motori\"],\"inLanguage\":\"it-IT\",\"potentialAction\":[{\"@type\":\"CommentAction\",\"name\":\"Comment\",\"target\":[\"https:\/\/www.article-marketing.eu\/comunicati\/motori\/caschi-demi-jet-junior-di-givi-per-viaggiare-in-moto-con-i-piu-piccoli-della-famiglia\/#respond\"]}]},{\"@type\":\"WebPage\",\"@id\":\"https:\/\/www.article-marketing.eu\/comunicati\/motori\/caschi-demi-jet-junior-di-givi-per-viaggiare-in-moto-con-i-piu-piccoli-della-famiglia\/\",\"url\":\"https:\/\/www.article-marketing.eu\/comunicati\/motori\/caschi-demi-jet-junior-di-givi-per-viaggiare-in-moto-con-i-piu-piccoli-della-famiglia\/\",\"name\":\"Caschi demi Jet Junior di Givi, per viaggiare in moto con i pi\u00f9 piccoli della famiglia - Article Marketing\",\"isPartOf\":{\"@id\":\"https:\/\/www.article-marketing.eu\/comunicati\/#website\"},\"datePublished\":\"2010-07-21T14:36:03+00:00\",\"dateModified\":\"2018-07-10T02:54:00+00:00\",\"author\":{\"@id\":\"https:\/\/www.article-marketing.eu\/comunicati\/#\/schema\/person\/44372e4d4d0fa797b18e03ed1ace9017\"},\"breadcrumb\":{\"@id\":\"https:\/\/www.article-marketing.eu\/comunicati\/motori\/caschi-demi-jet-junior-di-givi-per-viaggiare-in-moto-con-i-piu-piccoli-della-famiglia\/#breadcrumb\"},\"inLanguage\":\"it-IT\",\"potentialAction\":[{\"@type\":\"ReadAction\",\"target\":[\"https:\/\/www.article-marketing.eu\/comunicati\/motori\/caschi-demi-jet-junior-di-givi-per-viaggiare-in-moto-con-i-piu-piccoli-della-famiglia\/\"]}]},{\"@type\":\"BreadcrumbList\",\"@id\":\"https:\/\/www.article-marketing.eu\/comunicati\/motori\/caschi-demi-jet-junior-di-givi-per-viaggiare-in-moto-con-i-piu-piccoli-della-famiglia\/#breadcrumb\",\"itemListElement\":[{\"@type\":\"ListItem\",\"position\":1,\"name\":\"Home\",\"item\":\"https:\/\/www.article-marketing.eu\/comunicati\/\"},{\"@type\":\"ListItem\",\"position\":2,\"name\":\"Caschi demi Jet Junior di Givi, per viaggiare in moto con i pi\u00f9 piccoli della famiglia\"}]},{\"@type\":\"WebSite\",\"@id\":\"https:\/\/www.article-marketing.eu\/comunicati\/#website\",\"url\":\"https:\/\/www.article-marketing.eu\/comunicati\/\",\"name\":\"Article Marketing\",\"description\":\"article marketing &amp; press release\",\"potentialAction\":[{\"@type\":\"SearchAction\",\"target\":{\"@type\":\"EntryPoint\",\"urlTemplate\":\"https:\/\/www.article-marketing.eu\/comunicati\/?s={search_term_string}\"},\"query-input\":{\"@type\":\"PropertyValueSpecification\",\"valueRequired\":true,\"valueName\":\"search_term_string\"}}],\"inLanguage\":\"it-IT\"},{\"@type\":\"Person\",\"@id\":\"https:\/\/www.article-marketing.eu\/comunicati\/#\/schema\/person\/44372e4d4d0fa797b18e03ed1ace9017\",\"name\":\"Redazione Comunicati Stampa\",\"image\":{\"@type\":\"ImageObject\",\"inLanguage\":\"it-IT\",\"@id\":\"https:\/\/www.article-marketing.eu\/comunicati\/#\/schema\/person\/image\/\",\"url\":\"https:\/\/secure.gravatar.com\/avatar\/50e5c6421d3072f42e7ace803501602c60d75233d34e29fd05feb91c8760b792?s=96&d=mm&r=g\",\"contentUrl\":\"https:\/\/secure.gravatar.com\/avatar\/50e5c6421d3072f42e7ace803501602c60d75233d34e29fd05feb91c8760b792?s=96&d=mm&r=g\",\"caption\":\"Redazione Comunicati Stampa\"},\"url\":\"https:\/\/www.article-marketing.eu\/comunicati\/author\/redazione-comunicati-stampa\/\"}]}<\/script>\n<!-- \/ Yoast SEO plugin. -->","yoast_head_json":{"title":"Caschi demi Jet Junior di Givi, per viaggiare in moto con i pi\u00f9 piccoli della famiglia - Article Marketing","robots":{"index":"index","follow":"follow","max-snippet":"max-snippet:-1","max-image-preview":"max-image-preview:large","max-video-preview":"max-video-preview:-1"},"canonical":"https:\/\/www.article-marketing.eu\/comunicati\/motori\/caschi-demi-jet-junior-di-givi-per-viaggiare-in-moto-con-i-piu-piccoli-della-famiglia\/","og_locale":"it_IT","og_type":"article","og_title":"Caschi demi Jet Junior di Givi, per viaggiare in moto con i pi\u00f9 piccoli della famiglia - Article Marketing","og_description":"Givi pensa ai passeggeri pi\u00f9 piccoli e propone una gamma dedicata ai motociclisti pi\u00f9 giovani. I caschi demi jet HPS Junior sono una soluzione ideale e personalizzata con colori ed adesivi per bambini e bambine.","og_url":"https:\/\/www.article-marketing.eu\/comunicati\/motori\/caschi-demi-jet-junior-di-givi-per-viaggiare-in-moto-con-i-piu-piccoli-della-famiglia\/","og_site_name":"Article Marketing","article_published_time":"2010-07-21T14:36:03+00:00","article_modified_time":"2018-07-10T02:54:00+00:00","author":"Redazione Comunicati Stampa","twitter_card":"summary_large_image","twitter_misc":{"Scritto da":"Redazione Comunicati Stampa","Tempo di lettura stimato":"1 minuto"},"schema":{"@context":"https:\/\/schema.org","@graph":[{"@type":"Article","@id":"https:\/\/www.article-marketing.eu\/comunicati\/motori\/caschi-demi-jet-junior-di-givi-per-viaggiare-in-moto-con-i-piu-piccoli-della-famiglia\/#article","isPartOf":{"@id":"https:\/\/www.article-marketing.eu\/comunicati\/motori\/caschi-demi-jet-junior-di-givi-per-viaggiare-in-moto-con-i-piu-piccoli-della-famiglia\/"},"author":{"name":"Redazione Comunicati Stampa","@id":"https:\/\/www.article-marketing.eu\/comunicati\/#\/schema\/person\/44372e4d4d0fa797b18e03ed1ace9017"},"headline":"Caschi demi Jet Junior di Givi, per viaggiare in moto con i pi\u00f9 piccoli della famiglia","datePublished":"2010-07-21T14:36:03+00:00","dateModified":"2018-07-10T02:54:00+00:00","mainEntityOfPage":{"@id":"https:\/\/www.article-marketing.eu\/comunicati\/motori\/caschi-demi-jet-junior-di-givi-per-viaggiare-in-moto-con-i-piu-piccoli-della-famiglia\/"},"wordCount":208,"commentCount":0,"keywords":["caschi bimbi","caschi demi-jet","caschi demi-jet junior","caschi givi","caschi moto"],"articleSection":["Motori"],"inLanguage":"it-IT","potentialAction":[{"@type":"CommentAction","name":"Comment","target":["https:\/\/www.article-marketing.eu\/comunicati\/motori\/caschi-demi-jet-junior-di-givi-per-viaggiare-in-moto-con-i-piu-piccoli-della-famiglia\/#respond"]}]},{"@type":"WebPage","@id":"https:\/\/www.article-marketing.eu\/comunicati\/motori\/caschi-demi-jet-junior-di-givi-per-viaggiare-in-moto-con-i-piu-piccoli-della-famiglia\/","url":"https:\/\/www.article-marketing.eu\/comunicati\/motori\/caschi-demi-jet-junior-di-givi-per-viaggiare-in-moto-con-i-piu-piccoli-della-famiglia\/","name":"Caschi demi Jet Junior di Givi, per viaggiare in moto con i pi\u00f9 piccoli della famiglia - Article Marketing","isPartOf":{"@id":"https:\/\/www.article-marketing.eu\/comunicati\/#website"},"datePublished":"2010-07-21T14:36:03+00:00","dateModified":"2018-07-10T02:54:00+00:00","author":{"@id":"https:\/\/www.article-marketing.eu\/comunicati\/#\/schema\/person\/44372e4d4d0fa797b18e03ed1ace9017"},"breadcrumb":{"@id":"https:\/\/www.article-marketing.eu\/comunicati\/motori\/caschi-demi-jet-junior-di-givi-per-viaggiare-in-moto-con-i-piu-piccoli-della-famiglia\/#breadcrumb"},"inLanguage":"it-IT","potentialAction":[{"@type":"ReadAction","target":["https:\/\/www.article-marketing.eu\/comunicati\/motori\/caschi-demi-jet-junior-di-givi-per-viaggiare-in-moto-con-i-piu-piccoli-della-famiglia\/"]}]},{"@type":"BreadcrumbList","@id":"https:\/\/www.article-marketing.eu\/comunicati\/motori\/caschi-demi-jet-junior-di-givi-per-viaggiare-in-moto-con-i-piu-piccoli-della-famiglia\/#breadcrumb","itemListElement":[{"@type":"ListItem","position":1,"name":"Home","item":"https:\/\/www.article-marketing.eu\/comunicati\/"},{"@type":"ListItem","position":2,"name":"Caschi demi Jet Junior di Givi, per viaggiare in moto con i pi\u00f9 piccoli della famiglia"}]},{"@type":"WebSite","@id":"https:\/\/www.article-marketing.eu\/comunicati\/#website","url":"https:\/\/www.article-marketing.eu\/comunicati\/","name":"Article Marketing","description":"article marketing &amp; press release","potentialAction":[{"@type":"SearchAction","target":{"@type":"EntryPoint","urlTemplate":"https:\/\/www.article-marketing.eu\/comunicati\/?s={search_term_string}"},"query-input":{"@type":"PropertyValueSpecification","valueRequired":true,"valueName":"search_term_string"}}],"inLanguage":"it-IT"},{"@type":"Person","@id":"https:\/\/www.article-marketing.eu\/comunicati\/#\/schema\/person\/44372e4d4d0fa797b18e03ed1ace9017","name":"Redazione Comunicati Stampa","image":{"@type":"ImageObject","inLanguage":"it-IT","@id":"https:\/\/www.article-marketing.eu\/comunicati\/#\/schema\/person\/image\/","url":"https:\/\/secure.gravatar.com\/avatar\/50e5c6421d3072f42e7ace803501602c60d75233d34e29fd05feb91c8760b792?s=96&d=mm&r=g","contentUrl":"https:\/\/secure.gravatar.com\/avatar\/50e5c6421d3072f42e7ace803501602c60d75233d34e29fd05feb91c8760b792?s=96&d=mm&r=g","caption":"Redazione Comunicati Stampa"},"url":"https:\/\/www.article-marketing.eu\/comunicati\/author\/redazione-comunicati-stampa\/"}]}},"_links":{"self":[{"href":"https:\/\/www.article-marketing.eu\/comunicati\/wp-json\/wp\/v2\/posts\/5909","targetHints":{"allow":["GET"]}}],"collection":[{"href":"https:\/\/www.article-marketing.eu\/comunicati\/wp-json\/wp\/v2\/posts"}],"about":[{"href":"https:\/\/www.article-marketing.eu\/comunicati\/wp-json\/wp\/v2\/types\/post"}],"author":[{"embeddable":true,"href":"https:\/\/www.article-marketing.eu\/comunicati\/wp-json\/wp\/v2\/users\/10"}],"replies":[{"embeddable":true,"href":"https:\/\/www.article-marketing.eu\/comunicati\/wp-json\/wp\/v2\/comments?post=5909"}],"version-history":[{"count":2,"href":"https:\/\/www.article-marketing.eu\/comunicati\/wp-json\/wp\/v2\/posts\/5909\/revisions"}],"predecessor-version":[{"id":60170,"href":"https:\/\/www.article-marketing.eu\/comunicati\/wp-json\/wp\/v2\/posts\/5909\/revisions\/60170"}],"wp:attachment":[{"href":"https:\/\/www.article-marketing.eu\/comunicati\/wp-json\/wp\/v2\/media?parent=5909"}],"wp:term":[{"taxonomy":"category","embeddable":true,"href":"https:\/\/www.article-marketing.eu\/comunicati\/wp-json\/wp\/v2\/categories?post=5909"},{"taxonomy":"post_tag","embeddable":true,"href":"https:\/\/www.article-marketing.eu\/comunicati\/wp-json\/wp\/v2\/tags?post=5909"}],"curies":[{"name":"wp","href":"https:\/\/api.w.org\/{rel}","templated":true}]}}