{"id":5910,"date":"2010-07-21T16:44:55","date_gmt":"2010-07-21T14:44:55","guid":{"rendered":"http:\/\/www.article-marketing.eu\/comunicati\/senza-categoria\/limportante-scelta-del-casco-omologato\/"},"modified":"2010-07-21T16:44:55","modified_gmt":"2010-07-21T14:44:55","slug":"limportante-scelta-del-casco-omologato","status":"publish","type":"post","link":"https:\/\/www.article-marketing.eu\/comunicati\/motori\/moto\/limportante-scelta-del-casco-omologato\/","title":{"rendered":"L&#8217;IMPORTANTE SCELTA DEL CASCO OMOLOGATO"},"content":{"rendered":"<p>Ormai gi\u00e0 dal lontano 30 marzo 2000 tutti i motociclisti, senza<br \/>\ndifferenza tra maggiorenni o minorenni, in sella a un ciclomotore da<br \/>\n50cc o a una maxi moto, sono obbligati ad indossare un casco omologato. <\/p>\n<p align=\"justify\">La novit\u00e0, rispetto alla normativa precedente, \u00e8<br \/>\nche <strong>anche i maggiorenni alla guida di un 50cc devono indossare<br \/>\nil casco<\/strong>. Chi non rispetta la nuova norma va incontro al<br \/>\nsequestro del mezzo e al pagamento di una <strong>multa che pu\u00f2 andare<br \/>\nda un minimo di 36\u20ac a un massimo di 148\u20ac<\/strong>. Inoltre i caschi che<br \/>\nlasciano scoperte le orecchie non sono pi\u00f9 considerati come omologati.<\/p>\n<p align=\"justify\">Dunque bisogna fare attenzione al<br \/>\ncasco che si acquista!<\/p>\n<p align=\"justify\">I<br \/>\ncaschi si dividono sostanzialmente in <strong>tre famiglie<\/strong>: i jet, gli integrali e i trasformabili.<\/p>\n<p align=\"justify\"><strong>CASCO JET: <\/strong>La calotta \u00e8 aperta davanti e<br \/>\n lascia scoperto tutto il viso. Senza ombra di dubbio<strong><br \/>\n <\/strong>\u00e8 il casco <strong>pi\u00f9 comodo<\/strong>, perch\u00e9 anche<br \/>\n chi indossa gli occhiali non \u00e8 costretto a toglierseli per indossarlo<br \/>\ne, generalmente, \u00e8 anche <strong>pi\u00f9 leggero<\/strong> e <strong>pi\u00f9<br \/>\neconomico<\/strong>. In commercio \u00e8 possibile trovare diversi modelli di<br \/>\ncaschi jet, che possono essere pi\u00f9 aperti o pi\u00f9 chiusi, con la calotta<br \/>\nche arriva a proteggere le guance e la mandibola, o dotati anche di<br \/>\nvisiera trasparente, molto utile quando piove e nella stagione fredda,<br \/>\nche si pu\u00f2 sollevare quando non serve.<br \/>Il difetto di questo tipo di<br \/>\ncasco, soprattutto nei modelli pi\u00f9 aperti, \u00e8 che non protegge il viso,<br \/>\nla mandibola, gli occhi. In caso di caduta ripara soltanto la testa e il<br \/>\n viso \u00e8 esposto agli oggetti che si possono sollevare dagli altri<br \/>\nveicoli.<\/p>\n<p align=\"justify\"><strong>CASCO INTEGRALE: <\/strong>Copre<br \/>\ncompletamente testa e viso. \u00c8 il tipo di casco pi\u00f9 sicuro visto che <strong>offre<br \/>\n la migliore protezione per testa e viso<\/strong>. \u00c8 indispensabile se<br \/>\nsi viaggia in autostrada o su strade veloci come tangenziali e<br \/>\nsuperstrade, per <strong>proteggersi dall\u2019aria, dal rumore<\/strong> e<br \/>\nper assicurarsi la massima <strong>protezione in caso di caduta e da<br \/>\noggetti sollevati<\/strong> da altri veicoli. Le visiere sono<br \/>\ngeneralmente realizzate con materiali resistenti come il policarbonato,<br \/>\nin grado di resistere agli urti come per esempio un sassolino.<br \/>Il costo \u00e8 sicuramente pi\u00f9 alto di quello di un casco<br \/>\njet, inoltre \u00e8 pi\u00f9 scomodo da indossare ed \u00e8 fastidioso soprattutto<br \/>\nnella stagione calda anche se alcuni modelli sono stati dotati di<br \/>\nsofisticati sistemi di ventilazione che funzionano soltanto in velocit\u00e0.\n <\/p>\n<p align=\"justify\"><strong>CASCO TRASFORMABILE: <\/strong>\u00c8 uguale<br \/>\n ad un integrale ma la parte anteriore, la mentoniera, \u00e8 sganciabile e<br \/>\nsollevabile: cos\u00ec si trasforma in un jet.<strong> <\/strong>Questo tipo di casco riesce ad avere i vantaggi del<br \/>\ncasco jet e del casco integrale visto che si indossa come un jet e si<br \/>\npu\u00f2 chiudere come un integrale abbassando la mentoniera.<br \/>Il peso \u00e8<br \/>\nleggermente superiore di quello del casco integrale a causa dei<br \/>\nmeccanismi di apertura, stesso discorso vale per il prezzo.<\/p>\n<p align=\"justify\">I materiali per la costruzione dei caschi sono il<br \/>\npolicarbonato o le fibre composite. La scelta del tipo di materiale<br \/>\nutilizzato per realizzare la calotta esterna del casco <strong>riguarda<br \/>\nsoprattutto la leggerezza e il prezzo<\/strong>. Ai fini della sicurezza,<br \/>\n tutti i materiali superano i test dell\u2019omologazione. Le fibre<br \/>\ncomposite, in genere kevlar, carbonio, vetro, pesano meno ma costano di<br \/>\npi\u00f9. <br \/>Entrambi i materiali sono molto resistenti e non obbligano il<br \/>\nmotociclista a una sostituzione ogni tot di tempo. Un casco ben tenuto<br \/>\npu\u00f2 durare anni, anche se comunque <strong>l\u2019invecchiamento lo pu\u00f2<br \/>\nrendere meno sicuro<\/strong> e dopo alcuni anni (3\/5) \u00e8 meglio<br \/>\nsostituirlo con uno nuovo. <strong>Se il casco ha ricevuto un colpo<\/strong><br \/>\n \u00e8 meglio verificare se la calotta abbia subito danni: dopo una caduta \u00e8<br \/>\n meglio sostituire il casco con uno nuovo anche se i segni visibili si<br \/>\nlimitano a graffi superficiali. <\/p>\n<p align=\"justify\">Durante<br \/>\n la scelta del casco \u00e8 di massima importanza il fattore<strong><br \/>\nmisura. Un casco che calza bene \u00e8 anche pi\u00f9 comodo<\/strong>: il casco<br \/>\ndeve fasciare bene la testa, in modo da stringere uniformemente. <strong>Se<br \/>\n \u00e8 troppo piccolo<\/strong> stringe e diventa insopportabile e <strong>se<br \/>\n \u00e8 troppo largo<\/strong> si appoggia soltanto in alcune parti della<br \/>\ntesta creando dolori localizzati. Inoltre un casco troppo largo \u00e8<br \/>\npericoloso: in caso di urto o di caduta non segue la testa ma un<br \/>\nmovimento tutto suo, magari ruotando e costringendo la testa a un<br \/>\nmovimento che pu\u00f2 portare a danni seri al collo.<br \/>Per scegliere il<br \/>\ncasco della misura corretta \u00e8 sufficiente, una volta indossato, ruotare<br \/>\nla testa da un lato all\u2019altro: se il casco si muove appena ruotando con<br \/>\nun leggero ritardo rispetto alla testa, la misura \u00e8 giusta. <strong>Attenzione<br \/>\n a non acquistare un casco troppo comodo<\/strong>: l\u2019imbottitura tende a<br \/>\n schiacciarsi con l\u2019uso e il casco comodo da subito diventa<br \/>\nirrimediabilmente troppo grande e quindi scomodo e pericoloso.<br \/>Un<br \/>\naltro trucco per vedere se la taglia \u00e8 giusta sta nell\u2019<strong>inclinare<br \/>\n in avanti la testa e tentare di scalzare il casco allacciato<\/strong><br \/>\ntirando dalla parte posteriore, quella vicina alla nuca. \u00c8 la condizione<br \/>\n pi\u00f9 probabile di scalzamento del casco: spesso un casco che sembra di<br \/>\ngiusta misura con questa manovra <strong>si sfila dalla testa<\/strong>,<br \/>\noffrendo quindi protezione nulla in caso di urto. Anzi, rischiando di<br \/>\nprovocare lesioni alle vertebre cervicali.<\/p>\n<p align=\"justify\">Dal<br \/>\n1986 ad oggi si sono susseguiti in relazione alla normativa europea<br \/>\nECE\/ONU gli emendamenti n\u00b0 02, 03, 04 e 05 (attualmente in vigore)<br \/>\nsull&#8217;omologazione dei caschi.<\/p>\n<p align=\"justify\" style=\"margin-right: 1cm;\">Ogni casco conforme ad un tipo approvato deve possedere <strong>una<br \/>\n marcatura chiaramente leggibile ed indelebile<\/strong> come pure il<br \/>\nmarchio di fabbrica e l&#8217;indicazione della dimensione.<\/p>\n<p style=\"margin-right: 1cm; text-align: center;\"><img decoding=\"async\" vspace=\"0\" hspace=\"0\" border=\"1\" align=\"middle\" src=\"http:\/\/www.motoaz.it\/images\/omologazione_casco.jpg\" alt=\"omologazione_casco\" \/><\/p>\n<p align=\"justify\" style=\"margin-right: 1cm;\">Il segno d&#8217;omologazione \u00e8<br \/>\n composto da un cerchio dentro del quale si trova la lettera <strong>E<\/strong>,<br \/>\n seguita dal numero distintivo del paese che ha accordato<br \/>\nl&#8217;omologazione, e del numero d&#8217;omologazione. L&#8217;etichetta deve essere<br \/>\ncucita sul sistema di ritenzione del casco.<\/p>\n<p align=\"justify\" style=\"margin-right: 1cm;\">Il segno d&#8217;omologazione qui rappresentato segnala<br \/>\nche il tipo di questo casco \u00e8 stato approvato conformemente al<br \/>\nregolamento europeo in Italia(E3) sotto il numero 051406\/J.<\/p>\n<p align=\"justify\" style=\"margin-right: 1cm;\">Le prime due cifre di questo<br \/>\nnumero segnalano che l&#8217;omologazione \u00e8 stata accordata conformemente alle<br \/>\n prescrizioni del regolamento che appartiene alla serie 05 (i caschi<br \/>\ncommercializzabili oggi sono della versione 04 e 05, ma chi fosse in<br \/>\npossesso di un casco con una versione di omologazione antecedente ossia,<br \/>\n 01, 02 o 03 potr\u00e0 continuare a utilizzarlo) e che il numero di serie di<br \/>\n produzione \u00e8 1406\/J. Segue, dopo un trattino, il numero d&#8217;omologazione.\n <\/p>\n<p align=\"justify\" style=\"margin-right: 1cm;\">Questi caschi<br \/>\npossono naturalmente essere stato approvato conformemente al regolamento<br \/>\n n\u00b0 22-04 o 22-05 dall&#8217;altro paese europeo firmatari, cio\u00e8:<\/p>\n<p>E1<br \/>\n &#8211; Germania<br \/>E2 &#8211; Francia<br \/>E3 &#8211; Italia<br \/>E4 &#8211; Paesi Bassi<br \/>E5 &#8211;<br \/>\nSvezia<br \/>E6 &#8211; Belgio<br \/>E7 &#8211; Ungheria<br \/>E8 &#8211; CecoslovacchiaE9 &#8211; Spagna<br \/>E10 &#8211; Jugoslavia<br \/>E12 &#8211; Austria<br \/>E13 &#8211;<br \/>\n\t\t\t\t\t\tLussemburgo<br \/>E14 &#8211; Svizzera<br \/>E16 &#8211; Norvegia<br \/>E17 &#8211;<br \/>\nFinlandia<br \/>E18 &#8211; Danimarca<\/p>\n","protected":false},"excerpt":{"rendered":"<p>Ormai gi\u00e0 dal lontano 30 marzo 2000 tutti i motociclisti, senza differenza tra maggiorenni o minorenni, in sella a un ciclomotore da 50cc o a una maxi moto, sono obbligati ad indossare un casco omologato.<\/p>\n","protected":false},"author":10,"featured_media":0,"comment_status":"open","ping_status":"open","sticky":false,"template":"","format":"standard","meta":{"cybocfi_hide_featured_image":"","footnotes":""},"categories":[1005],"tags":[1033,1489,16189,15528,1392,1492,1491,1006,16183,16184,16185,16186,712,2617,16188,104,16187,16182,2731,266],"class_list":["post-5910","post","type-post","status-publish","format-standard","hentry","category-moto","tag-annunci","tag-annuncio","tag-elettrauto","tag-gommisti","tag-gratis","tag-gratuiti","tag-gratuito","tag-moto","tag-motocicletta","tag-motociclette","tag-motorini","tag-motorino","tag-noleggio","tag-nuovo","tag-officine","tag-pubblicita","tag-ricambi","tag-scooter","tag-usato","tag-vendita"],"yoast_head":"<!-- This site is optimized with the Yoast SEO plugin v27.0 - https:\/\/yoast.com\/product\/yoast-seo-wordpress\/ -->\n<title>L&#039;IMPORTANTE SCELTA DEL CASCO OMOLOGATO - Article Marketing<\/title>\n<meta name=\"robots\" content=\"index, follow, max-snippet:-1, max-image-preview:large, max-video-preview:-1\" \/>\n<link rel=\"canonical\" href=\"https:\/\/www.article-marketing.eu\/comunicati\/motori\/moto\/limportante-scelta-del-casco-omologato\/\" \/>\n<meta property=\"og:locale\" content=\"it_IT\" \/>\n<meta property=\"og:type\" content=\"article\" \/>\n<meta property=\"og:title\" content=\"L&#039;IMPORTANTE SCELTA DEL CASCO OMOLOGATO - Article Marketing\" \/>\n<meta property=\"og:description\" content=\"Ormai gi\u00e0 dal lontano 30 marzo 2000 tutti i motociclisti, senza differenza tra maggiorenni o minorenni, in sella a un ciclomotore da 50cc o a una maxi moto, sono obbligati ad indossare un casco omologato.\" \/>\n<meta property=\"og:url\" content=\"https:\/\/www.article-marketing.eu\/comunicati\/motori\/moto\/limportante-scelta-del-casco-omologato\/\" \/>\n<meta property=\"og:site_name\" content=\"Article Marketing\" \/>\n<meta property=\"article:published_time\" content=\"2010-07-21T14:44:55+00:00\" \/>\n<meta property=\"og:image\" content=\"http:\/\/www.motoaz.it\/images\/omologazione_casco.jpg\" \/>\n<meta name=\"author\" content=\"Redazione Comunicati Stampa\" \/>\n<meta name=\"twitter:card\" content=\"summary_large_image\" \/>\n<meta name=\"twitter:label1\" content=\"Scritto da\" \/>\n\t<meta name=\"twitter:data1\" content=\"Redazione Comunicati Stampa\" \/>\n\t<meta name=\"twitter:label2\" content=\"Tempo di lettura stimato\" \/>\n\t<meta name=\"twitter:data2\" content=\"5 minuti\" \/>\n<script type=\"application\/ld+json\" class=\"yoast-schema-graph\">{\"@context\":\"https:\/\/schema.org\",\"@graph\":[{\"@type\":\"Article\",\"@id\":\"https:\/\/www.article-marketing.eu\/comunicati\/motori\/moto\/limportante-scelta-del-casco-omologato\/#article\",\"isPartOf\":{\"@id\":\"https:\/\/www.article-marketing.eu\/comunicati\/motori\/moto\/limportante-scelta-del-casco-omologato\/\"},\"author\":{\"name\":\"Redazione Comunicati Stampa\",\"@id\":\"https:\/\/www.article-marketing.eu\/comunicati\/#\/schema\/person\/44372e4d4d0fa797b18e03ed1ace9017\"},\"headline\":\"L&#8217;IMPORTANTE SCELTA DEL CASCO OMOLOGATO\",\"datePublished\":\"2010-07-21T14:44:55+00:00\",\"mainEntityOfPage\":{\"@id\":\"https:\/\/www.article-marketing.eu\/comunicati\/motori\/moto\/limportante-scelta-del-casco-omologato\/\"},\"wordCount\":1051,\"commentCount\":0,\"image\":{\"@id\":\"https:\/\/www.article-marketing.eu\/comunicati\/motori\/moto\/limportante-scelta-del-casco-omologato\/#primaryimage\"},\"thumbnailUrl\":\"http:\/\/www.motoaz.it\/images\/omologazione_casco.jpg\",\"keywords\":[\"annunci\",\"annuncio\",\"elettrauto\",\"gommisti\",\"gratis\",\"gratuiti\",\"gratuito\",\"moto\",\"motocicletta\",\"motociclette\",\"motorini\",\"motorino\",\"noleggio\",\"nuovo\",\"officine\",\"pubblicit\u00e0\",\"ricambi\",\"scooter\",\"usato\",\"vendita\"],\"articleSection\":[\"Moto\"],\"inLanguage\":\"it-IT\",\"potentialAction\":[{\"@type\":\"CommentAction\",\"name\":\"Comment\",\"target\":[\"https:\/\/www.article-marketing.eu\/comunicati\/motori\/moto\/limportante-scelta-del-casco-omologato\/#respond\"]}]},{\"@type\":\"WebPage\",\"@id\":\"https:\/\/www.article-marketing.eu\/comunicati\/motori\/moto\/limportante-scelta-del-casco-omologato\/\",\"url\":\"https:\/\/www.article-marketing.eu\/comunicati\/motori\/moto\/limportante-scelta-del-casco-omologato\/\",\"name\":\"L'IMPORTANTE SCELTA DEL CASCO OMOLOGATO - Article Marketing\",\"isPartOf\":{\"@id\":\"https:\/\/www.article-marketing.eu\/comunicati\/#website\"},\"primaryImageOfPage\":{\"@id\":\"https:\/\/www.article-marketing.eu\/comunicati\/motori\/moto\/limportante-scelta-del-casco-omologato\/#primaryimage\"},\"image\":{\"@id\":\"https:\/\/www.article-marketing.eu\/comunicati\/motori\/moto\/limportante-scelta-del-casco-omologato\/#primaryimage\"},\"thumbnailUrl\":\"http:\/\/www.motoaz.it\/images\/omologazione_casco.jpg\",\"datePublished\":\"2010-07-21T14:44:55+00:00\",\"author\":{\"@id\":\"https:\/\/www.article-marketing.eu\/comunicati\/#\/schema\/person\/44372e4d4d0fa797b18e03ed1ace9017\"},\"breadcrumb\":{\"@id\":\"https:\/\/www.article-marketing.eu\/comunicati\/motori\/moto\/limportante-scelta-del-casco-omologato\/#breadcrumb\"},\"inLanguage\":\"it-IT\",\"potentialAction\":[{\"@type\":\"ReadAction\",\"target\":[\"https:\/\/www.article-marketing.eu\/comunicati\/motori\/moto\/limportante-scelta-del-casco-omologato\/\"]}]},{\"@type\":\"ImageObject\",\"inLanguage\":\"it-IT\",\"@id\":\"https:\/\/www.article-marketing.eu\/comunicati\/motori\/moto\/limportante-scelta-del-casco-omologato\/#primaryimage\",\"url\":\"http:\/\/www.motoaz.it\/images\/omologazione_casco.jpg\",\"contentUrl\":\"http:\/\/www.motoaz.it\/images\/omologazione_casco.jpg\"},{\"@type\":\"BreadcrumbList\",\"@id\":\"https:\/\/www.article-marketing.eu\/comunicati\/motori\/moto\/limportante-scelta-del-casco-omologato\/#breadcrumb\",\"itemListElement\":[{\"@type\":\"ListItem\",\"position\":1,\"name\":\"Home\",\"item\":\"https:\/\/www.article-marketing.eu\/comunicati\/\"},{\"@type\":\"ListItem\",\"position\":2,\"name\":\"L&#8217;IMPORTANTE SCELTA DEL CASCO OMOLOGATO\"}]},{\"@type\":\"WebSite\",\"@id\":\"https:\/\/www.article-marketing.eu\/comunicati\/#website\",\"url\":\"https:\/\/www.article-marketing.eu\/comunicati\/\",\"name\":\"Article Marketing\",\"description\":\"article marketing &amp; press release\",\"potentialAction\":[{\"@type\":\"SearchAction\",\"target\":{\"@type\":\"EntryPoint\",\"urlTemplate\":\"https:\/\/www.article-marketing.eu\/comunicati\/?s={search_term_string}\"},\"query-input\":{\"@type\":\"PropertyValueSpecification\",\"valueRequired\":true,\"valueName\":\"search_term_string\"}}],\"inLanguage\":\"it-IT\"},{\"@type\":\"Person\",\"@id\":\"https:\/\/www.article-marketing.eu\/comunicati\/#\/schema\/person\/44372e4d4d0fa797b18e03ed1ace9017\",\"name\":\"Redazione Comunicati Stampa\",\"image\":{\"@type\":\"ImageObject\",\"inLanguage\":\"it-IT\",\"@id\":\"https:\/\/www.article-marketing.eu\/comunicati\/#\/schema\/person\/image\/\",\"url\":\"https:\/\/secure.gravatar.com\/avatar\/50e5c6421d3072f42e7ace803501602c60d75233d34e29fd05feb91c8760b792?s=96&d=mm&r=g\",\"contentUrl\":\"https:\/\/secure.gravatar.com\/avatar\/50e5c6421d3072f42e7ace803501602c60d75233d34e29fd05feb91c8760b792?s=96&d=mm&r=g\",\"caption\":\"Redazione Comunicati Stampa\"},\"url\":\"https:\/\/www.article-marketing.eu\/comunicati\/author\/redazione-comunicati-stampa\/\"}]}<\/script>\n<!-- \/ Yoast SEO plugin. -->","yoast_head_json":{"title":"L'IMPORTANTE SCELTA DEL CASCO OMOLOGATO - Article Marketing","robots":{"index":"index","follow":"follow","max-snippet":"max-snippet:-1","max-image-preview":"max-image-preview:large","max-video-preview":"max-video-preview:-1"},"canonical":"https:\/\/www.article-marketing.eu\/comunicati\/motori\/moto\/limportante-scelta-del-casco-omologato\/","og_locale":"it_IT","og_type":"article","og_title":"L'IMPORTANTE SCELTA DEL CASCO OMOLOGATO - Article Marketing","og_description":"Ormai gi\u00e0 dal lontano 30 marzo 2000 tutti i motociclisti, senza differenza tra maggiorenni o minorenni, in sella a un ciclomotore da 50cc o a una maxi moto, sono obbligati ad indossare un casco omologato.","og_url":"https:\/\/www.article-marketing.eu\/comunicati\/motori\/moto\/limportante-scelta-del-casco-omologato\/","og_site_name":"Article Marketing","article_published_time":"2010-07-21T14:44:55+00:00","og_image":[{"url":"http:\/\/www.motoaz.it\/images\/omologazione_casco.jpg","type":"","width":"","height":""}],"author":"Redazione Comunicati Stampa","twitter_card":"summary_large_image","twitter_misc":{"Scritto da":"Redazione Comunicati Stampa","Tempo di lettura stimato":"5 minuti"},"schema":{"@context":"https:\/\/schema.org","@graph":[{"@type":"Article","@id":"https:\/\/www.article-marketing.eu\/comunicati\/motori\/moto\/limportante-scelta-del-casco-omologato\/#article","isPartOf":{"@id":"https:\/\/www.article-marketing.eu\/comunicati\/motori\/moto\/limportante-scelta-del-casco-omologato\/"},"author":{"name":"Redazione Comunicati Stampa","@id":"https:\/\/www.article-marketing.eu\/comunicati\/#\/schema\/person\/44372e4d4d0fa797b18e03ed1ace9017"},"headline":"L&#8217;IMPORTANTE SCELTA DEL CASCO OMOLOGATO","datePublished":"2010-07-21T14:44:55+00:00","mainEntityOfPage":{"@id":"https:\/\/www.article-marketing.eu\/comunicati\/motori\/moto\/limportante-scelta-del-casco-omologato\/"},"wordCount":1051,"commentCount":0,"image":{"@id":"https:\/\/www.article-marketing.eu\/comunicati\/motori\/moto\/limportante-scelta-del-casco-omologato\/#primaryimage"},"thumbnailUrl":"http:\/\/www.motoaz.it\/images\/omologazione_casco.jpg","keywords":["annunci","annuncio","elettrauto","gommisti","gratis","gratuiti","gratuito","moto","motocicletta","motociclette","motorini","motorino","noleggio","nuovo","officine","pubblicit\u00e0","ricambi","scooter","usato","vendita"],"articleSection":["Moto"],"inLanguage":"it-IT","potentialAction":[{"@type":"CommentAction","name":"Comment","target":["https:\/\/www.article-marketing.eu\/comunicati\/motori\/moto\/limportante-scelta-del-casco-omologato\/#respond"]}]},{"@type":"WebPage","@id":"https:\/\/www.article-marketing.eu\/comunicati\/motori\/moto\/limportante-scelta-del-casco-omologato\/","url":"https:\/\/www.article-marketing.eu\/comunicati\/motori\/moto\/limportante-scelta-del-casco-omologato\/","name":"L'IMPORTANTE SCELTA DEL CASCO OMOLOGATO - Article Marketing","isPartOf":{"@id":"https:\/\/www.article-marketing.eu\/comunicati\/#website"},"primaryImageOfPage":{"@id":"https:\/\/www.article-marketing.eu\/comunicati\/motori\/moto\/limportante-scelta-del-casco-omologato\/#primaryimage"},"image":{"@id":"https:\/\/www.article-marketing.eu\/comunicati\/motori\/moto\/limportante-scelta-del-casco-omologato\/#primaryimage"},"thumbnailUrl":"http:\/\/www.motoaz.it\/images\/omologazione_casco.jpg","datePublished":"2010-07-21T14:44:55+00:00","author":{"@id":"https:\/\/www.article-marketing.eu\/comunicati\/#\/schema\/person\/44372e4d4d0fa797b18e03ed1ace9017"},"breadcrumb":{"@id":"https:\/\/www.article-marketing.eu\/comunicati\/motori\/moto\/limportante-scelta-del-casco-omologato\/#breadcrumb"},"inLanguage":"it-IT","potentialAction":[{"@type":"ReadAction","target":["https:\/\/www.article-marketing.eu\/comunicati\/motori\/moto\/limportante-scelta-del-casco-omologato\/"]}]},{"@type":"ImageObject","inLanguage":"it-IT","@id":"https:\/\/www.article-marketing.eu\/comunicati\/motori\/moto\/limportante-scelta-del-casco-omologato\/#primaryimage","url":"http:\/\/www.motoaz.it\/images\/omologazione_casco.jpg","contentUrl":"http:\/\/www.motoaz.it\/images\/omologazione_casco.jpg"},{"@type":"BreadcrumbList","@id":"https:\/\/www.article-marketing.eu\/comunicati\/motori\/moto\/limportante-scelta-del-casco-omologato\/#breadcrumb","itemListElement":[{"@type":"ListItem","position":1,"name":"Home","item":"https:\/\/www.article-marketing.eu\/comunicati\/"},{"@type":"ListItem","position":2,"name":"L&#8217;IMPORTANTE SCELTA DEL CASCO OMOLOGATO"}]},{"@type":"WebSite","@id":"https:\/\/www.article-marketing.eu\/comunicati\/#website","url":"https:\/\/www.article-marketing.eu\/comunicati\/","name":"Article Marketing","description":"article marketing &amp; press release","potentialAction":[{"@type":"SearchAction","target":{"@type":"EntryPoint","urlTemplate":"https:\/\/www.article-marketing.eu\/comunicati\/?s={search_term_string}"},"query-input":{"@type":"PropertyValueSpecification","valueRequired":true,"valueName":"search_term_string"}}],"inLanguage":"it-IT"},{"@type":"Person","@id":"https:\/\/www.article-marketing.eu\/comunicati\/#\/schema\/person\/44372e4d4d0fa797b18e03ed1ace9017","name":"Redazione Comunicati Stampa","image":{"@type":"ImageObject","inLanguage":"it-IT","@id":"https:\/\/www.article-marketing.eu\/comunicati\/#\/schema\/person\/image\/","url":"https:\/\/secure.gravatar.com\/avatar\/50e5c6421d3072f42e7ace803501602c60d75233d34e29fd05feb91c8760b792?s=96&d=mm&r=g","contentUrl":"https:\/\/secure.gravatar.com\/avatar\/50e5c6421d3072f42e7ace803501602c60d75233d34e29fd05feb91c8760b792?s=96&d=mm&r=g","caption":"Redazione Comunicati Stampa"},"url":"https:\/\/www.article-marketing.eu\/comunicati\/author\/redazione-comunicati-stampa\/"}]}},"_links":{"self":[{"href":"https:\/\/www.article-marketing.eu\/comunicati\/wp-json\/wp\/v2\/posts\/5910","targetHints":{"allow":["GET"]}}],"collection":[{"href":"https:\/\/www.article-marketing.eu\/comunicati\/wp-json\/wp\/v2\/posts"}],"about":[{"href":"https:\/\/www.article-marketing.eu\/comunicati\/wp-json\/wp\/v2\/types\/post"}],"author":[{"embeddable":true,"href":"https:\/\/www.article-marketing.eu\/comunicati\/wp-json\/wp\/v2\/users\/10"}],"replies":[{"embeddable":true,"href":"https:\/\/www.article-marketing.eu\/comunicati\/wp-json\/wp\/v2\/comments?post=5910"}],"version-history":[{"count":0,"href":"https:\/\/www.article-marketing.eu\/comunicati\/wp-json\/wp\/v2\/posts\/5910\/revisions"}],"wp:attachment":[{"href":"https:\/\/www.article-marketing.eu\/comunicati\/wp-json\/wp\/v2\/media?parent=5910"}],"wp:term":[{"taxonomy":"category","embeddable":true,"href":"https:\/\/www.article-marketing.eu\/comunicati\/wp-json\/wp\/v2\/categories?post=5910"},{"taxonomy":"post_tag","embeddable":true,"href":"https:\/\/www.article-marketing.eu\/comunicati\/wp-json\/wp\/v2\/tags?post=5910"}],"curies":[{"name":"wp","href":"https:\/\/api.w.org\/{rel}","templated":true}]}}