{"id":5911,"date":"2010-07-21T16:46:00","date_gmt":"2010-07-21T14:46:00","guid":{"rendered":"http:\/\/www.article-marketing.eu\/comunicati\/senza-categoria\/calvizie-facciamo-il-punto-sulle-ultime-soluzioni\/"},"modified":"2010-07-21T16:46:00","modified_gmt":"2010-07-21T14:46:00","slug":"calvizie-facciamo-il-punto-sulle-ultime-soluzioni","status":"publish","type":"post","link":"https:\/\/www.article-marketing.eu\/comunicati\/salute-e-benessere\/calvizie-facciamo-il-punto-sulle-ultime-soluzioni\/","title":{"rendered":"Calvizie: Facciamo il punto sulle ultime soluzioni."},"content":{"rendered":"<p>Sono recenti le notizie provenienti dai pi\u00f9 riconosciuti centri di ricerca internazionali riguardanti le ultime scoperte in ambito tricologico relativamente l\u2019annoso tema della calvizie. Occorre comunque fare una doverosa distinzione tra la ricerca e la prevenzione affinch\u00e9 non vi siano dubbi sul fatto che ogni nuova scoperta necessit\u00e0 di un periodo piuttosto lungo per essere accreditata a tutti gli effetti.<\/p>\n<p>&nbsp;<\/p>\n<p style=\"margin-top: 0px; margin-bottom: 0px; \">La prevenzione, invece, ci riguarda piuttosto da vicino e corrisponde a quanto di pi\u00f9 reale \u00e8 presente nell\u2019ambito dei problemi legati ai capelli.<\/p>\n<p style=\"margin-top: 0px; margin-bottom: 0px; \">&nbsp;<\/p>\n<p style=\"margin-top: 0px; margin-bottom: 0px; \">Ad oggi, un numero sempre pi\u00f9 elevato di donne si rivolgono agli istituti tricologici accusando calvizie, alopecia areata ed altre patologie che portano inevitabilmente alla caduta dei capelli. Per una donna, colpita da&nbsp;<a style=\"color: rgb(0, 103, 206); text-decoration: underline; padding-top: 0px; padding-right: 0px; padding-bottom: 0px; padding-left: 0px; \" href=\"http:\/\/www.prontocapelli.it\/calvizie-femminile-arrestare-caduta-capelli-nella-donna.html\">calvizie femminile<\/a>, l\u2019impatto estetico che si ripercuote su quello psicologico \u00e8 molto forte e demotivante: assistiamo ad una vera e propria perdita di fiducia nella propria immagine e quindi nel proprio corpo.<\/p>\n<p style=\"margin-top: 0px; margin-bottom: 0px; \">&nbsp;<\/p>\n<p style=\"margin-top: 0px; margin-bottom: 0px; \">Le soluzioni a questo tipo di problemi sono molteplici e studiati su misura per ogni soggetto. Nello specifico \u00e8 possibile intervenire con trattamenti personalizzati e con soluzioni di infoltimento atte a ristabilire la giusta quantit\u00e0 di capelli su cuoio capelluto.<\/p>\n<p style=\"margin-top: 0px; margin-bottom: 0px; \">&nbsp;<\/p>\n<p style=\"margin-top: 0px; margin-bottom: 0px; \">Dopo aver lasciato alla spalle la primavera \u00e8 opportuno, nel corso del periodo estivo, prepararsi all\u2019autunno. Nei cambi di stagione il ricambio cellulare \u00e8 molto pi\u00f9 elevato e quindi sono anche pi\u00f9 frequenti fenomeni di caduta dei capelli straordinari. Grazie alla consulenza di esperti tricologi \u00e8 possibile sottoporsi a check-up ed analisi dei propri capelli e del cuoio capelluto al fine di identificare il problema che scatena la caduta dei capelli che si sta verificando (capelli secchi, grassi, sfibrati, forfora, assottigliamento,\u2026). Successivamente, \u00e8 possibile intervenire con cicli di trattamenti costruiti e preparati per rispondere a quanto verificato dal consulente.<\/p>\n<p style=\"margin-top: 0px; margin-bottom: 0px; \">&nbsp;<\/p>\n<p style=\"margin-top: 0px; margin-bottom: 0px; \">Quando si parla di soluzioni di infoltimento ci si riferisce principalmente a due grandi famiglie:<\/p>\n<p style=\"margin-top: 0px; margin-bottom: 0px; \">\u2022\tInfoltimenti chirurgici: trapianto di capelli e nuove tecniche con l\u2019utilizzo di cellule staminali e papille dermiche;<br \/>\n\u2022\tInfoltimenti non chirurgici: toupet, parrucche per estetica e chemioterapia, integrazioni di capelli naturali o in fibra sintetica.<\/p>\n<p style=\"margin-top: 0px; margin-bottom: 0px; \">&nbsp;<\/p>\n<p style=\"margin-top: 0px; margin-bottom: 0px; \">Il&nbsp;trapianto di capelli, detto anche auto-trapianto o homo-trapianto, \u00e8 una soluzione alla calvizie androgenetica e femminile che garantisce risultati estetici notevoli. Nel corso degli ultimi dieci anni, la chirurgia estetica applicata alla tricologia ha aumentato la propria precisione negli interventi e nel decorso post-operatorio. Infatti, a seguito di un intervento di questo tipo \u00e8 possibile far ritorno al proprio domicilio in giornata e a partire dal giorno successivo, fare il primo shampoo. La frontiera in questo tipo di interventi riguarda l\u2019impiego di cellule staminali e di papille dermiche che stimolino la produzione dei follicoli.<\/p>\n<p style=\"margin-top: 0px; margin-bottom: 0px; \">Le varie soluzioni di infoltimento non chirurgico rispondono ad una sempre pi\u00f9 crescente richiesta: ottenere un effetto estetico naturale.<\/p>\n<p style=\"margin-top: 0px; margin-bottom: 0px; \">&nbsp;<\/p>\n<p style=\"margin-top: 0px; margin-bottom: 0px; \">La risposta \u00e8 ottenibile grazie all\u2019esperienza degli operatori del settore che si dedicano alla ricerca e alla preparazione di infoltimenti, toupet e integrazioni sempre pi\u00f9 leggere e impercettibili. La possibilit\u00e0 reale \u00e8 quella di ottenere un infoltimento del tutto simile ai propri capelli in quanto a colore, sostanza e spessore ad esempio con l\u2019infoltimento esclusivo Integra.<\/p>\n<p style=\"margin-top: 0px; margin-bottom: 0px; \">&nbsp;<\/p>\n<p style=\"margin-top: 0px; margin-bottom: 0px; \">L\u2019esigenza di curare la propria immagine, come gi\u00e0 esposto, \u00e8 prevalente nel gentil sesso e pertanto occorre essere in grado di rispondere anche nelle situazioni pi\u00f9 delicate, come la chemioterapia. Un consulente sapr\u00e0 consigliare ogni donna nella scelta della parrucca pi\u00f9 adatta.<\/p>\n<p style=\"margin-top: 0px; margin-bottom: 0px; \">&nbsp;<\/p>\n<p style=\"margin-top: 0px; margin-bottom: 0px; \">Data la stagione estiva che stiamo affrontando \u00e8 opportuno aver cura dei propri capelli con prodotti che li proteggano da sole, raggi uv, salsedine e cloro e quindi da tutti gli agenti esterni che possono rovinare la capigliatura.<\/p>\n<p style=\"margin-top: 0px; margin-bottom: 0px; \">&nbsp;<\/p>\n<p style=\"margin-top: 0px; margin-bottom: 0px; \">Richiesta informazioni<\/p>\n<p style=\"margin-top: 0px; margin-bottom: 0px; \">&nbsp;<\/p>\n<p style=\"margin-top: 0px; margin-bottom: 0px; \"><\/p>\n<p>&nbsp;<\/p>\n","protected":false},"excerpt":{"rendered":"<p>La prevenzione ci riguarda piuttosto da vicino e corrisponde a quanto di pi\u00f9 reale \u00e8 presente nell\u2019ambito dei problemi legati ai capelli e quindi alla calvizie.<\/p>\n","protected":false},"author":10,"featured_media":0,"comment_status":"open","ping_status":"open","sticky":false,"template":"","format":"standard","meta":{"cybocfi_hide_featured_image":"","footnotes":""},"categories":[265],"tags":[16253,16258,12163,3321,16259,3319,16262,16261,5217,16260,5830,7890,2160,16256,16257,16255,16254,15532],"class_list":["post-5911","post","type-post","status-publish","format-standard","hentry","category-salute-e-benessere","tag-alopecia","tag-analisi-del-capello","tag-caduta-dei-capelli","tag-calvizie","tag-calvizie-femminile","tag-capelli","tag-capelli-grassi","tag-capelli-secchi","tag-cellule-staminali","tag-chemioterapia","tag-forfora","tag-infoltimento","tag-integrazione","tag-papille-dermiche","tag-parrucche","tag-protesi","tag-toupet","tag-trapianto-di-capelli"],"yoast_head":"<!-- This site is optimized with the Yoast SEO plugin v27.0 - https:\/\/yoast.com\/product\/yoast-seo-wordpress\/ -->\n<title>Calvizie: Facciamo il punto sulle ultime soluzioni. - Article Marketing<\/title>\n<meta name=\"robots\" content=\"index, follow, max-snippet:-1, max-image-preview:large, max-video-preview:-1\" \/>\n<link rel=\"canonical\" href=\"https:\/\/www.article-marketing.eu\/comunicati\/salute-e-benessere\/calvizie-facciamo-il-punto-sulle-ultime-soluzioni\/\" \/>\n<meta property=\"og:locale\" content=\"it_IT\" \/>\n<meta property=\"og:type\" content=\"article\" \/>\n<meta property=\"og:title\" content=\"Calvizie: Facciamo il punto sulle ultime soluzioni. - Article Marketing\" \/>\n<meta property=\"og:description\" content=\"La prevenzione ci riguarda piuttosto da vicino e corrisponde a quanto di pi\u00f9 reale \u00e8 presente nell\u2019ambito dei problemi legati ai capelli e quindi alla calvizie.\" \/>\n<meta property=\"og:url\" content=\"https:\/\/www.article-marketing.eu\/comunicati\/salute-e-benessere\/calvizie-facciamo-il-punto-sulle-ultime-soluzioni\/\" \/>\n<meta property=\"og:site_name\" content=\"Article Marketing\" \/>\n<meta property=\"article:published_time\" content=\"2010-07-21T14:46:00+00:00\" \/>\n<meta name=\"author\" content=\"Redazione Comunicati Stampa\" \/>\n<meta name=\"twitter:card\" content=\"summary_large_image\" \/>\n<meta name=\"twitter:label1\" content=\"Scritto da\" \/>\n\t<meta name=\"twitter:data1\" content=\"Redazione Comunicati Stampa\" \/>\n\t<meta name=\"twitter:label2\" content=\"Tempo di lettura stimato\" \/>\n\t<meta name=\"twitter:data2\" content=\"3 minuti\" \/>\n<script type=\"application\/ld+json\" class=\"yoast-schema-graph\">{\"@context\":\"https:\/\/schema.org\",\"@graph\":[{\"@type\":\"Article\",\"@id\":\"https:\/\/www.article-marketing.eu\/comunicati\/salute-e-benessere\/calvizie-facciamo-il-punto-sulle-ultime-soluzioni\/#article\",\"isPartOf\":{\"@id\":\"https:\/\/www.article-marketing.eu\/comunicati\/salute-e-benessere\/calvizie-facciamo-il-punto-sulle-ultime-soluzioni\/\"},\"author\":{\"name\":\"Redazione Comunicati Stampa\",\"@id\":\"https:\/\/www.article-marketing.eu\/comunicati\/#\/schema\/person\/44372e4d4d0fa797b18e03ed1ace9017\"},\"headline\":\"Calvizie: Facciamo il punto sulle ultime soluzioni.\",\"datePublished\":\"2010-07-21T14:46:00+00:00\",\"mainEntityOfPage\":{\"@id\":\"https:\/\/www.article-marketing.eu\/comunicati\/salute-e-benessere\/calvizie-facciamo-il-punto-sulle-ultime-soluzioni\/\"},\"wordCount\":604,\"commentCount\":0,\"keywords\":[\"alopecia\",\"analisi del capello\",\"Caduta dei Capelli\",\"calvizie\",\"calvizie femminile\",\"capelli\",\"capelli grassi\",\"capelli secchi\",\"cellule staminali\",\"chemioterapia\",\"forfora\",\"infoltimento\",\"Integrazione\",\"papille dermiche\",\"parrucche\",\"protesi\",\"toupet\",\"Trapianto di Capelli\"],\"articleSection\":[\"Salute e benessere\"],\"inLanguage\":\"it-IT\",\"potentialAction\":[{\"@type\":\"CommentAction\",\"name\":\"Comment\",\"target\":[\"https:\/\/www.article-marketing.eu\/comunicati\/salute-e-benessere\/calvizie-facciamo-il-punto-sulle-ultime-soluzioni\/#respond\"]}]},{\"@type\":\"WebPage\",\"@id\":\"https:\/\/www.article-marketing.eu\/comunicati\/salute-e-benessere\/calvizie-facciamo-il-punto-sulle-ultime-soluzioni\/\",\"url\":\"https:\/\/www.article-marketing.eu\/comunicati\/salute-e-benessere\/calvizie-facciamo-il-punto-sulle-ultime-soluzioni\/\",\"name\":\"Calvizie: Facciamo il punto sulle ultime soluzioni. - Article Marketing\",\"isPartOf\":{\"@id\":\"https:\/\/www.article-marketing.eu\/comunicati\/#website\"},\"datePublished\":\"2010-07-21T14:46:00+00:00\",\"author\":{\"@id\":\"https:\/\/www.article-marketing.eu\/comunicati\/#\/schema\/person\/44372e4d4d0fa797b18e03ed1ace9017\"},\"breadcrumb\":{\"@id\":\"https:\/\/www.article-marketing.eu\/comunicati\/salute-e-benessere\/calvizie-facciamo-il-punto-sulle-ultime-soluzioni\/#breadcrumb\"},\"inLanguage\":\"it-IT\",\"potentialAction\":[{\"@type\":\"ReadAction\",\"target\":[\"https:\/\/www.article-marketing.eu\/comunicati\/salute-e-benessere\/calvizie-facciamo-il-punto-sulle-ultime-soluzioni\/\"]}]},{\"@type\":\"BreadcrumbList\",\"@id\":\"https:\/\/www.article-marketing.eu\/comunicati\/salute-e-benessere\/calvizie-facciamo-il-punto-sulle-ultime-soluzioni\/#breadcrumb\",\"itemListElement\":[{\"@type\":\"ListItem\",\"position\":1,\"name\":\"Home\",\"item\":\"https:\/\/www.article-marketing.eu\/comunicati\/\"},{\"@type\":\"ListItem\",\"position\":2,\"name\":\"Calvizie: Facciamo il punto sulle ultime soluzioni.\"}]},{\"@type\":\"WebSite\",\"@id\":\"https:\/\/www.article-marketing.eu\/comunicati\/#website\",\"url\":\"https:\/\/www.article-marketing.eu\/comunicati\/\",\"name\":\"Article Marketing\",\"description\":\"article marketing &amp; press release\",\"potentialAction\":[{\"@type\":\"SearchAction\",\"target\":{\"@type\":\"EntryPoint\",\"urlTemplate\":\"https:\/\/www.article-marketing.eu\/comunicati\/?s={search_term_string}\"},\"query-input\":{\"@type\":\"PropertyValueSpecification\",\"valueRequired\":true,\"valueName\":\"search_term_string\"}}],\"inLanguage\":\"it-IT\"},{\"@type\":\"Person\",\"@id\":\"https:\/\/www.article-marketing.eu\/comunicati\/#\/schema\/person\/44372e4d4d0fa797b18e03ed1ace9017\",\"name\":\"Redazione Comunicati Stampa\",\"image\":{\"@type\":\"ImageObject\",\"inLanguage\":\"it-IT\",\"@id\":\"https:\/\/www.article-marketing.eu\/comunicati\/#\/schema\/person\/image\/\",\"url\":\"https:\/\/secure.gravatar.com\/avatar\/50e5c6421d3072f42e7ace803501602c60d75233d34e29fd05feb91c8760b792?s=96&d=mm&r=g\",\"contentUrl\":\"https:\/\/secure.gravatar.com\/avatar\/50e5c6421d3072f42e7ace803501602c60d75233d34e29fd05feb91c8760b792?s=96&d=mm&r=g\",\"caption\":\"Redazione Comunicati Stampa\"},\"url\":\"https:\/\/www.article-marketing.eu\/comunicati\/author\/redazione-comunicati-stampa\/\"}]}<\/script>\n<!-- \/ Yoast SEO plugin. -->","yoast_head_json":{"title":"Calvizie: Facciamo il punto sulle ultime soluzioni. - Article Marketing","robots":{"index":"index","follow":"follow","max-snippet":"max-snippet:-1","max-image-preview":"max-image-preview:large","max-video-preview":"max-video-preview:-1"},"canonical":"https:\/\/www.article-marketing.eu\/comunicati\/salute-e-benessere\/calvizie-facciamo-il-punto-sulle-ultime-soluzioni\/","og_locale":"it_IT","og_type":"article","og_title":"Calvizie: Facciamo il punto sulle ultime soluzioni. - Article Marketing","og_description":"La prevenzione ci riguarda piuttosto da vicino e corrisponde a quanto di pi\u00f9 reale \u00e8 presente nell\u2019ambito dei problemi legati ai capelli e quindi alla calvizie.","og_url":"https:\/\/www.article-marketing.eu\/comunicati\/salute-e-benessere\/calvizie-facciamo-il-punto-sulle-ultime-soluzioni\/","og_site_name":"Article Marketing","article_published_time":"2010-07-21T14:46:00+00:00","author":"Redazione Comunicati Stampa","twitter_card":"summary_large_image","twitter_misc":{"Scritto da":"Redazione Comunicati Stampa","Tempo di lettura stimato":"3 minuti"},"schema":{"@context":"https:\/\/schema.org","@graph":[{"@type":"Article","@id":"https:\/\/www.article-marketing.eu\/comunicati\/salute-e-benessere\/calvizie-facciamo-il-punto-sulle-ultime-soluzioni\/#article","isPartOf":{"@id":"https:\/\/www.article-marketing.eu\/comunicati\/salute-e-benessere\/calvizie-facciamo-il-punto-sulle-ultime-soluzioni\/"},"author":{"name":"Redazione Comunicati Stampa","@id":"https:\/\/www.article-marketing.eu\/comunicati\/#\/schema\/person\/44372e4d4d0fa797b18e03ed1ace9017"},"headline":"Calvizie: Facciamo il punto sulle ultime soluzioni.","datePublished":"2010-07-21T14:46:00+00:00","mainEntityOfPage":{"@id":"https:\/\/www.article-marketing.eu\/comunicati\/salute-e-benessere\/calvizie-facciamo-il-punto-sulle-ultime-soluzioni\/"},"wordCount":604,"commentCount":0,"keywords":["alopecia","analisi del capello","Caduta dei Capelli","calvizie","calvizie femminile","capelli","capelli grassi","capelli secchi","cellule staminali","chemioterapia","forfora","infoltimento","Integrazione","papille dermiche","parrucche","protesi","toupet","Trapianto di Capelli"],"articleSection":["Salute e benessere"],"inLanguage":"it-IT","potentialAction":[{"@type":"CommentAction","name":"Comment","target":["https:\/\/www.article-marketing.eu\/comunicati\/salute-e-benessere\/calvizie-facciamo-il-punto-sulle-ultime-soluzioni\/#respond"]}]},{"@type":"WebPage","@id":"https:\/\/www.article-marketing.eu\/comunicati\/salute-e-benessere\/calvizie-facciamo-il-punto-sulle-ultime-soluzioni\/","url":"https:\/\/www.article-marketing.eu\/comunicati\/salute-e-benessere\/calvizie-facciamo-il-punto-sulle-ultime-soluzioni\/","name":"Calvizie: Facciamo il punto sulle ultime soluzioni. - Article Marketing","isPartOf":{"@id":"https:\/\/www.article-marketing.eu\/comunicati\/#website"},"datePublished":"2010-07-21T14:46:00+00:00","author":{"@id":"https:\/\/www.article-marketing.eu\/comunicati\/#\/schema\/person\/44372e4d4d0fa797b18e03ed1ace9017"},"breadcrumb":{"@id":"https:\/\/www.article-marketing.eu\/comunicati\/salute-e-benessere\/calvizie-facciamo-il-punto-sulle-ultime-soluzioni\/#breadcrumb"},"inLanguage":"it-IT","potentialAction":[{"@type":"ReadAction","target":["https:\/\/www.article-marketing.eu\/comunicati\/salute-e-benessere\/calvizie-facciamo-il-punto-sulle-ultime-soluzioni\/"]}]},{"@type":"BreadcrumbList","@id":"https:\/\/www.article-marketing.eu\/comunicati\/salute-e-benessere\/calvizie-facciamo-il-punto-sulle-ultime-soluzioni\/#breadcrumb","itemListElement":[{"@type":"ListItem","position":1,"name":"Home","item":"https:\/\/www.article-marketing.eu\/comunicati\/"},{"@type":"ListItem","position":2,"name":"Calvizie: Facciamo il punto sulle ultime soluzioni."}]},{"@type":"WebSite","@id":"https:\/\/www.article-marketing.eu\/comunicati\/#website","url":"https:\/\/www.article-marketing.eu\/comunicati\/","name":"Article Marketing","description":"article marketing &amp; press release","potentialAction":[{"@type":"SearchAction","target":{"@type":"EntryPoint","urlTemplate":"https:\/\/www.article-marketing.eu\/comunicati\/?s={search_term_string}"},"query-input":{"@type":"PropertyValueSpecification","valueRequired":true,"valueName":"search_term_string"}}],"inLanguage":"it-IT"},{"@type":"Person","@id":"https:\/\/www.article-marketing.eu\/comunicati\/#\/schema\/person\/44372e4d4d0fa797b18e03ed1ace9017","name":"Redazione Comunicati Stampa","image":{"@type":"ImageObject","inLanguage":"it-IT","@id":"https:\/\/www.article-marketing.eu\/comunicati\/#\/schema\/person\/image\/","url":"https:\/\/secure.gravatar.com\/avatar\/50e5c6421d3072f42e7ace803501602c60d75233d34e29fd05feb91c8760b792?s=96&d=mm&r=g","contentUrl":"https:\/\/secure.gravatar.com\/avatar\/50e5c6421d3072f42e7ace803501602c60d75233d34e29fd05feb91c8760b792?s=96&d=mm&r=g","caption":"Redazione Comunicati Stampa"},"url":"https:\/\/www.article-marketing.eu\/comunicati\/author\/redazione-comunicati-stampa\/"}]}},"_links":{"self":[{"href":"https:\/\/www.article-marketing.eu\/comunicati\/wp-json\/wp\/v2\/posts\/5911","targetHints":{"allow":["GET"]}}],"collection":[{"href":"https:\/\/www.article-marketing.eu\/comunicati\/wp-json\/wp\/v2\/posts"}],"about":[{"href":"https:\/\/www.article-marketing.eu\/comunicati\/wp-json\/wp\/v2\/types\/post"}],"author":[{"embeddable":true,"href":"https:\/\/www.article-marketing.eu\/comunicati\/wp-json\/wp\/v2\/users\/10"}],"replies":[{"embeddable":true,"href":"https:\/\/www.article-marketing.eu\/comunicati\/wp-json\/wp\/v2\/comments?post=5911"}],"version-history":[{"count":0,"href":"https:\/\/www.article-marketing.eu\/comunicati\/wp-json\/wp\/v2\/posts\/5911\/revisions"}],"wp:attachment":[{"href":"https:\/\/www.article-marketing.eu\/comunicati\/wp-json\/wp\/v2\/media?parent=5911"}],"wp:term":[{"taxonomy":"category","embeddable":true,"href":"https:\/\/www.article-marketing.eu\/comunicati\/wp-json\/wp\/v2\/categories?post=5911"},{"taxonomy":"post_tag","embeddable":true,"href":"https:\/\/www.article-marketing.eu\/comunicati\/wp-json\/wp\/v2\/tags?post=5911"}],"curies":[{"name":"wp","href":"https:\/\/api.w.org\/{rel}","templated":true}]}}