{"id":5917,"date":"2010-07-22T14:08:32","date_gmt":"2010-07-22T12:08:32","guid":{"rendered":"http:\/\/www.article-marketing.eu\/comunicati\/senza-categoria\/a-ritmo-per-tutta-lestate\/"},"modified":"2010-07-22T14:08:32","modified_gmt":"2010-07-22T12:08:32","slug":"a-ritmo-per-tutta-lestate","status":"publish","type":"post","link":"https:\/\/www.article-marketing.eu\/comunicati\/arte-e-cultura\/musica\/a-ritmo-per-tutta-lestate\/","title":{"rendered":"A ritmo per tutta l\u2019estate!!!!"},"content":{"rendered":"<p class=\"MsoNormal\">Il poter assistere a concerti, esibizioni o spettacoli<br \/>\nall\u2019aperto \u00e8 infatti una delle possibilit\u00e0 pi\u00f9 ampie che offre l\u2019estate con i<br \/>\ngrandi tour dei grandi artisti nazionali e internazionali ma anche di gruppi<br \/>\npi\u00f9 particolari e meno noti che trovano l\u2019occasione per far ascoltare la loro<br \/>\nmusica ad un pubblico pi\u00f9 vasto di quello che raggiungono d\u2019inverno. Per<br \/>\npotersi tenere sempre aggiornati numerose sono le possibilit\u00e0 a partire dalle<br \/>\npubblicit\u00e0 radiofoniche che con il loro tipico tam tam sono molto utili a<br \/>\nricordare date di concerti. In aiuto arrivano anche molti &nbsp;<a href=\"http:\/\/www.musicavideoblog.it\/\">blog<br \/>\nmusica<\/a> che quotidianamente vengono aggiornati in base alle ultime novit\u00e0<br \/>\nnon solo nel settore del live ma anche per quanto riguarda le classifiche, le<br \/>\nultime novit\u00e0 e video in uscita. Perch\u00e9 mentre d\u2019inverno i canali televisivi ci<br \/>\ntengono quotidianamente aggiornati su ci\u00f2 che succede nel mondo della musica<br \/>\nd\u2019estate si rischia di perdere qualche piccola delizia perch\u00e9 magari obbligati<br \/>\ndalle radio \u201ccommerciali\u201d ad ascoltare i soliti 4 o 5 tormentoni della<br \/>\nstagione. Per fama oramai alcuni dei festival pi\u00f9 famosi non hanno pi\u00f9 bisogno<br \/>\ndi essere particolarmente pubblicizzati e sono &nbsp;concerti musica ormai rappresentano degli<br \/>\neventi che segnano l\u2019inizio dell\u2019estate come nel caso dell\u2019Heineken Jammin<br \/>\nFestival, definito come unico festival italiano che pu\u00f2 essere avvicinato ai<br \/>\ngrandi festival internazionali, oppure il suo culmine come l\u2019Umbria Jazz<br \/>\nfestival o l\u2019Arezzo Wave e ancora la fine dell\u2019estate come il particolarissimo<br \/>\nSummer Jamboree che fa diventare la citt\u00e0 di Senigallia un set cinematografico<br \/>\nanni \u201950. Questi grandi eventi che sommati alle miriadi di tour di artisti<br \/>\nnazionali e internazionali, festival minori come entit\u00e0 ma non di certo per<br \/>\nqualit\u00e0, piccole rassegne organizzate da associazioni e\/o comuni, singoli<br \/>\nconcerti che riescono ad unire grandi artisti rendono ogni estate unica e ricca<br \/>\ndi emozioni.<\/p>\n<p class=\"MsoNormal\">&nbsp;<\/p>\n<p class=\"MsoNormal\">Il calendario in certi mesi diventa fittissimo di eventi che<br \/>\nspaziano dalla musica tecno alla musica house, passando attraverso il country<br \/>\nle musiche popolari o altri generi pi\u00f9 arditi come lo ska e il rock,<br \/>\nattraversando il percorso del blues e del soul fino ad arrivare alle musiche<br \/>\nmelodiche tanto amate dai pi\u00f9 giovani. Numerose sono infatti le citt\u00e0 che<br \/>\nospitano al loro interno concerti, magari nelle meravigliose cornici<br \/>\nrinascimentali come a Ferrara, Pistoia e altre storiche citt\u00e0 della penisola.<br \/>\nConcerti unici e irripetibili che sebbene in molti casi attirino meno folla dei<br \/>\ngrandi festival sanno regalare emozioni che solo la musica pu\u00f2 dare. E per chi<br \/>\nfosse appassionato di concerti festival o anche semplicemente di un particolare<br \/>\nartista innumerevoli sono le manifestazioni che si tengono nelle varie capitali<br \/>\neuropee come Londra e Berlino che oramai da decenni ospitano eventi di fama<br \/>\ninternazionale e mondiale allestendo palchi ciclopici e accogliendo milioni di<br \/>\nfans.<\/p>\n<p class=\"MsoNormal\">&nbsp;<\/p>\n<p class=\"MsoNormal\">In caso non ci si potesse recare di persona innumerevoli<br \/>\nsono i siti che propongono &nbsp;video canzoni<br \/>\nsia live che ufficiali.Sono talmente tanti questi generi di eventi che \u00e8<br \/>\ninevitabile possa sfuggirne qualcuno per quello l\u2019ideale \u00e8 affidarsi ad un<br \/>\ncalendario on line che scandisca le date dei concerti giorno per giorno<br \/>\nricordandoci le cose che ci interessano o che potrebbero interessare agli amici<br \/>\ne parenti!<\/p>\n<p class=\"MsoNormal\">&nbsp;<\/p>\n<p class=\"MsoNormal\">A cura di Martina Celegato<\/p>\n<p class=\"MsoNormal\">Prima Posizione srl<\/p>\n","protected":false},"excerpt":{"rendered":"<p>Con l\u2019estate cresce anche il richiamo del live. Che si sia appassionati o meno alzi la mano chi d\u2019estate non assiste almeno ad un concerto se non a dei festival\u2026sicuramente pochi sono coloro che potranno affermare il contrario.<\/p>\n","protected":false},"author":10,"featured_media":0,"comment_status":"open","ping_status":"open","sticky":false,"template":"","format":"standard","meta":{"cybocfi_hide_featured_image":"","footnotes":""},"categories":[42],"tags":[1840,45,1329],"class_list":["post-5917","post","type-post","status-publish","format-standard","hentry","category-musica","tag-concerti","tag-musica","tag-video"],"yoast_head":"<!-- This site is optimized with the Yoast SEO plugin v27.0 - https:\/\/yoast.com\/product\/yoast-seo-wordpress\/ -->\n<title>A ritmo per tutta l\u2019estate!!!! - Article Marketing<\/title>\n<meta name=\"robots\" content=\"index, follow, max-snippet:-1, max-image-preview:large, max-video-preview:-1\" \/>\n<link rel=\"canonical\" href=\"https:\/\/www.article-marketing.eu\/comunicati\/arte-e-cultura\/musica\/a-ritmo-per-tutta-lestate\/\" \/>\n<meta property=\"og:locale\" content=\"it_IT\" \/>\n<meta property=\"og:type\" content=\"article\" \/>\n<meta property=\"og:title\" content=\"A ritmo per tutta l\u2019estate!!!! - Article Marketing\" \/>\n<meta property=\"og:description\" content=\"Con l\u2019estate cresce anche il richiamo del live. Che si sia appassionati o meno alzi la mano chi d\u2019estate non assiste almeno ad un concerto se non a dei festival\u2026sicuramente pochi sono coloro che potranno affermare il contrario.\" \/>\n<meta property=\"og:url\" content=\"https:\/\/www.article-marketing.eu\/comunicati\/arte-e-cultura\/musica\/a-ritmo-per-tutta-lestate\/\" \/>\n<meta property=\"og:site_name\" content=\"Article Marketing\" \/>\n<meta property=\"article:published_time\" content=\"2010-07-22T12:08:32+00:00\" \/>\n<meta name=\"author\" content=\"Redazione Comunicati Stampa\" \/>\n<meta name=\"twitter:card\" content=\"summary_large_image\" \/>\n<meta name=\"twitter:label1\" content=\"Scritto da\" \/>\n\t<meta name=\"twitter:data1\" content=\"Redazione Comunicati Stampa\" \/>\n\t<meta name=\"twitter:label2\" content=\"Tempo di lettura stimato\" \/>\n\t<meta name=\"twitter:data2\" content=\"3 minuti\" \/>\n<script type=\"application\/ld+json\" class=\"yoast-schema-graph\">{\"@context\":\"https:\/\/schema.org\",\"@graph\":[{\"@type\":\"Article\",\"@id\":\"https:\/\/www.article-marketing.eu\/comunicati\/arte-e-cultura\/musica\/a-ritmo-per-tutta-lestate\/#article\",\"isPartOf\":{\"@id\":\"https:\/\/www.article-marketing.eu\/comunicati\/arte-e-cultura\/musica\/a-ritmo-per-tutta-lestate\/\"},\"author\":{\"name\":\"Redazione Comunicati Stampa\",\"@id\":\"https:\/\/www.article-marketing.eu\/comunicati\/#\/schema\/person\/44372e4d4d0fa797b18e03ed1ace9017\"},\"headline\":\"A ritmo per tutta l\u2019estate!!!!\",\"datePublished\":\"2010-07-22T12:08:32+00:00\",\"mainEntityOfPage\":{\"@id\":\"https:\/\/www.article-marketing.eu\/comunicati\/arte-e-cultura\/musica\/a-ritmo-per-tutta-lestate\/\"},\"wordCount\":539,\"commentCount\":0,\"keywords\":[\"concerti\",\"musica\",\"video\"],\"articleSection\":[\"Musica\"],\"inLanguage\":\"it-IT\",\"potentialAction\":[{\"@type\":\"CommentAction\",\"name\":\"Comment\",\"target\":[\"https:\/\/www.article-marketing.eu\/comunicati\/arte-e-cultura\/musica\/a-ritmo-per-tutta-lestate\/#respond\"]}]},{\"@type\":\"WebPage\",\"@id\":\"https:\/\/www.article-marketing.eu\/comunicati\/arte-e-cultura\/musica\/a-ritmo-per-tutta-lestate\/\",\"url\":\"https:\/\/www.article-marketing.eu\/comunicati\/arte-e-cultura\/musica\/a-ritmo-per-tutta-lestate\/\",\"name\":\"A ritmo per tutta l\u2019estate!!!! - Article Marketing\",\"isPartOf\":{\"@id\":\"https:\/\/www.article-marketing.eu\/comunicati\/#website\"},\"datePublished\":\"2010-07-22T12:08:32+00:00\",\"author\":{\"@id\":\"https:\/\/www.article-marketing.eu\/comunicati\/#\/schema\/person\/44372e4d4d0fa797b18e03ed1ace9017\"},\"breadcrumb\":{\"@id\":\"https:\/\/www.article-marketing.eu\/comunicati\/arte-e-cultura\/musica\/a-ritmo-per-tutta-lestate\/#breadcrumb\"},\"inLanguage\":\"it-IT\",\"potentialAction\":[{\"@type\":\"ReadAction\",\"target\":[\"https:\/\/www.article-marketing.eu\/comunicati\/arte-e-cultura\/musica\/a-ritmo-per-tutta-lestate\/\"]}]},{\"@type\":\"BreadcrumbList\",\"@id\":\"https:\/\/www.article-marketing.eu\/comunicati\/arte-e-cultura\/musica\/a-ritmo-per-tutta-lestate\/#breadcrumb\",\"itemListElement\":[{\"@type\":\"ListItem\",\"position\":1,\"name\":\"Home\",\"item\":\"https:\/\/www.article-marketing.eu\/comunicati\/\"},{\"@type\":\"ListItem\",\"position\":2,\"name\":\"A ritmo per tutta l\u2019estate!!!!\"}]},{\"@type\":\"WebSite\",\"@id\":\"https:\/\/www.article-marketing.eu\/comunicati\/#website\",\"url\":\"https:\/\/www.article-marketing.eu\/comunicati\/\",\"name\":\"Article Marketing\",\"description\":\"article marketing &amp; press release\",\"potentialAction\":[{\"@type\":\"SearchAction\",\"target\":{\"@type\":\"EntryPoint\",\"urlTemplate\":\"https:\/\/www.article-marketing.eu\/comunicati\/?s={search_term_string}\"},\"query-input\":{\"@type\":\"PropertyValueSpecification\",\"valueRequired\":true,\"valueName\":\"search_term_string\"}}],\"inLanguage\":\"it-IT\"},{\"@type\":\"Person\",\"@id\":\"https:\/\/www.article-marketing.eu\/comunicati\/#\/schema\/person\/44372e4d4d0fa797b18e03ed1ace9017\",\"name\":\"Redazione Comunicati Stampa\",\"image\":{\"@type\":\"ImageObject\",\"inLanguage\":\"it-IT\",\"@id\":\"https:\/\/www.article-marketing.eu\/comunicati\/#\/schema\/person\/image\/\",\"url\":\"https:\/\/secure.gravatar.com\/avatar\/50e5c6421d3072f42e7ace803501602c60d75233d34e29fd05feb91c8760b792?s=96&d=mm&r=g\",\"contentUrl\":\"https:\/\/secure.gravatar.com\/avatar\/50e5c6421d3072f42e7ace803501602c60d75233d34e29fd05feb91c8760b792?s=96&d=mm&r=g\",\"caption\":\"Redazione Comunicati Stampa\"},\"url\":\"https:\/\/www.article-marketing.eu\/comunicati\/author\/redazione-comunicati-stampa\/\"}]}<\/script>\n<!-- \/ Yoast SEO plugin. -->","yoast_head_json":{"title":"A ritmo per tutta l\u2019estate!!!! - Article Marketing","robots":{"index":"index","follow":"follow","max-snippet":"max-snippet:-1","max-image-preview":"max-image-preview:large","max-video-preview":"max-video-preview:-1"},"canonical":"https:\/\/www.article-marketing.eu\/comunicati\/arte-e-cultura\/musica\/a-ritmo-per-tutta-lestate\/","og_locale":"it_IT","og_type":"article","og_title":"A ritmo per tutta l\u2019estate!!!! - Article Marketing","og_description":"Con l\u2019estate cresce anche il richiamo del live. Che si sia appassionati o meno alzi la mano chi d\u2019estate non assiste almeno ad un concerto se non a dei festival\u2026sicuramente pochi sono coloro che potranno affermare il contrario.","og_url":"https:\/\/www.article-marketing.eu\/comunicati\/arte-e-cultura\/musica\/a-ritmo-per-tutta-lestate\/","og_site_name":"Article Marketing","article_published_time":"2010-07-22T12:08:32+00:00","author":"Redazione Comunicati Stampa","twitter_card":"summary_large_image","twitter_misc":{"Scritto da":"Redazione Comunicati Stampa","Tempo di lettura stimato":"3 minuti"},"schema":{"@context":"https:\/\/schema.org","@graph":[{"@type":"Article","@id":"https:\/\/www.article-marketing.eu\/comunicati\/arte-e-cultura\/musica\/a-ritmo-per-tutta-lestate\/#article","isPartOf":{"@id":"https:\/\/www.article-marketing.eu\/comunicati\/arte-e-cultura\/musica\/a-ritmo-per-tutta-lestate\/"},"author":{"name":"Redazione Comunicati Stampa","@id":"https:\/\/www.article-marketing.eu\/comunicati\/#\/schema\/person\/44372e4d4d0fa797b18e03ed1ace9017"},"headline":"A ritmo per tutta l\u2019estate!!!!","datePublished":"2010-07-22T12:08:32+00:00","mainEntityOfPage":{"@id":"https:\/\/www.article-marketing.eu\/comunicati\/arte-e-cultura\/musica\/a-ritmo-per-tutta-lestate\/"},"wordCount":539,"commentCount":0,"keywords":["concerti","musica","video"],"articleSection":["Musica"],"inLanguage":"it-IT","potentialAction":[{"@type":"CommentAction","name":"Comment","target":["https:\/\/www.article-marketing.eu\/comunicati\/arte-e-cultura\/musica\/a-ritmo-per-tutta-lestate\/#respond"]}]},{"@type":"WebPage","@id":"https:\/\/www.article-marketing.eu\/comunicati\/arte-e-cultura\/musica\/a-ritmo-per-tutta-lestate\/","url":"https:\/\/www.article-marketing.eu\/comunicati\/arte-e-cultura\/musica\/a-ritmo-per-tutta-lestate\/","name":"A ritmo per tutta l\u2019estate!!!! - Article Marketing","isPartOf":{"@id":"https:\/\/www.article-marketing.eu\/comunicati\/#website"},"datePublished":"2010-07-22T12:08:32+00:00","author":{"@id":"https:\/\/www.article-marketing.eu\/comunicati\/#\/schema\/person\/44372e4d4d0fa797b18e03ed1ace9017"},"breadcrumb":{"@id":"https:\/\/www.article-marketing.eu\/comunicati\/arte-e-cultura\/musica\/a-ritmo-per-tutta-lestate\/#breadcrumb"},"inLanguage":"it-IT","potentialAction":[{"@type":"ReadAction","target":["https:\/\/www.article-marketing.eu\/comunicati\/arte-e-cultura\/musica\/a-ritmo-per-tutta-lestate\/"]}]},{"@type":"BreadcrumbList","@id":"https:\/\/www.article-marketing.eu\/comunicati\/arte-e-cultura\/musica\/a-ritmo-per-tutta-lestate\/#breadcrumb","itemListElement":[{"@type":"ListItem","position":1,"name":"Home","item":"https:\/\/www.article-marketing.eu\/comunicati\/"},{"@type":"ListItem","position":2,"name":"A ritmo per tutta l\u2019estate!!!!"}]},{"@type":"WebSite","@id":"https:\/\/www.article-marketing.eu\/comunicati\/#website","url":"https:\/\/www.article-marketing.eu\/comunicati\/","name":"Article Marketing","description":"article marketing &amp; press release","potentialAction":[{"@type":"SearchAction","target":{"@type":"EntryPoint","urlTemplate":"https:\/\/www.article-marketing.eu\/comunicati\/?s={search_term_string}"},"query-input":{"@type":"PropertyValueSpecification","valueRequired":true,"valueName":"search_term_string"}}],"inLanguage":"it-IT"},{"@type":"Person","@id":"https:\/\/www.article-marketing.eu\/comunicati\/#\/schema\/person\/44372e4d4d0fa797b18e03ed1ace9017","name":"Redazione Comunicati Stampa","image":{"@type":"ImageObject","inLanguage":"it-IT","@id":"https:\/\/www.article-marketing.eu\/comunicati\/#\/schema\/person\/image\/","url":"https:\/\/secure.gravatar.com\/avatar\/50e5c6421d3072f42e7ace803501602c60d75233d34e29fd05feb91c8760b792?s=96&d=mm&r=g","contentUrl":"https:\/\/secure.gravatar.com\/avatar\/50e5c6421d3072f42e7ace803501602c60d75233d34e29fd05feb91c8760b792?s=96&d=mm&r=g","caption":"Redazione Comunicati Stampa"},"url":"https:\/\/www.article-marketing.eu\/comunicati\/author\/redazione-comunicati-stampa\/"}]}},"_links":{"self":[{"href":"https:\/\/www.article-marketing.eu\/comunicati\/wp-json\/wp\/v2\/posts\/5917","targetHints":{"allow":["GET"]}}],"collection":[{"href":"https:\/\/www.article-marketing.eu\/comunicati\/wp-json\/wp\/v2\/posts"}],"about":[{"href":"https:\/\/www.article-marketing.eu\/comunicati\/wp-json\/wp\/v2\/types\/post"}],"author":[{"embeddable":true,"href":"https:\/\/www.article-marketing.eu\/comunicati\/wp-json\/wp\/v2\/users\/10"}],"replies":[{"embeddable":true,"href":"https:\/\/www.article-marketing.eu\/comunicati\/wp-json\/wp\/v2\/comments?post=5917"}],"version-history":[{"count":0,"href":"https:\/\/www.article-marketing.eu\/comunicati\/wp-json\/wp\/v2\/posts\/5917\/revisions"}],"wp:attachment":[{"href":"https:\/\/www.article-marketing.eu\/comunicati\/wp-json\/wp\/v2\/media?parent=5917"}],"wp:term":[{"taxonomy":"category","embeddable":true,"href":"https:\/\/www.article-marketing.eu\/comunicati\/wp-json\/wp\/v2\/categories?post=5917"},{"taxonomy":"post_tag","embeddable":true,"href":"https:\/\/www.article-marketing.eu\/comunicati\/wp-json\/wp\/v2\/tags?post=5917"}],"curies":[{"name":"wp","href":"https:\/\/api.w.org\/{rel}","templated":true}]}}