{"id":5930,"date":"2010-07-22T17:44:08","date_gmt":"2010-07-22T15:44:08","guid":{"rendered":"http:\/\/www.article-marketing.eu\/comunicati\/senza-categoria\/fas-italia-il-valore-aggiunto-per-le-strutture-alberghiere\/"},"modified":"2010-07-22T17:44:08","modified_gmt":"2010-07-22T15:44:08","slug":"fas-italia-il-valore-aggiunto-per-le-strutture-alberghiere","status":"publish","type":"post","link":"https:\/\/www.article-marketing.eu\/comunicati\/viaggi-e-vacanze\/hotels-ed-alberghi\/fas-italia-il-valore-aggiunto-per-le-strutture-alberghiere\/","title":{"rendered":"FAS ITALIA, il valore aggiunto per le strutture alberghiere"},"content":{"rendered":"<p><a target=\"_blank\" href=\"http:\/\/www.fas-italia.it\" title=\"FAS ITALIA - prodotti e servizi per strutture alberghiere\">FAS ITALIA<\/a> \u00e8 sinonimo di continuit\u00e0, competenza e professionalit\u00e0, perch\u00e9 forte di una tradizione imprenditoriale trentennale nel settore. Dietro il marchio FAS c\u2019\u00e8 esperienza al seguito di idee innovative, grazie alle opportunit\u00e0 offerte da tecnologie e servizi innovativi che permettono di offrire al Cliente FAS il miglior servizio possibile con un rapporto qualit\u00e0\/prezzo d\u2019eccellenza rispetto al Segmento di Mercato dedicato ai prodotti e servizi innovativi per hotel, alberghi e strutture ricettive in generale.<\/p>\n<p><img loading=\"lazy\" decoding=\"async\" width=\"250\" height=\"250\" align=\"right\" alt=\"Fas Italia, il valore aggiunto per le strutture alberghiere\" src=\"http:\/\/newszine.files.wordpress.com\/2010\/07\/fas-fiore.jpg?w=250&amp;h=250\" title=\"FAS ITALIA\" style=\"padding-left: 6px; padding-bottom: 6px;\" class=\"size-full wp-image-540 alignright\" \/>\u201c<em>Pensiamo, infatti<\/em>\u201d \u2013 spiega Andrea Mand\u00f2, Sales Manager FAS ITALIA, in un\u2019intervista esclusiva a JobInTourism \u2013 \u201c<em>che un albergatore desideroso di distinguere il proprio prodotto da quello dei competitor debba proporre sempre qualcosa in pi\u00f9. E a tal fine i nostri articoli rappresentano spesso un vero e proprio valore aggiunto<\/em>\u201d, aggiungendo come \u201c<em>proprio l\u2019accresciuta attenzione verso questi prodotti complementari all\u2019offerta alberghiera, che contribuiscono grandemente a trasformare un semplice cliente in un gradito ospite<\/em>\u201d siano alla base delle nuove tendenze di mercato in fatto di accessori per l\u2019h\u00f4tellerie, \u201c<em>Linee cortesia, frigobar, casseforti, accessori per bagno e camera, televisori di nuova generazione non sono pi\u00f9 acquistati solo in base al prezzo: durata, affidabilit\u00e0 e sicurezza dei prodotti sono diventati parametri altrettanto importanti. Il tutto senza naturalmente rinunciare a una valutazione complessiva del rapporto costo-qualit\u00e0<\/em>\u201d.<\/p>\n<p>Da queste basi prende forma il Core Business dell\u2019azienda fiorentina: l\u2019ottimizzazione dei costi per offrire un servizio di alto livello a prezzi concorrenziali, che non significa rinunciare alla qualit\u00e0 del prodotto per il servizio ricevuto ma, al contrario,  garantire una serie di prodotti e di servizi validi in un segmento di Mercato assolutamente frammentato. FAS ITALIA crea un filtro di competenze, di consulenze e di attenta cura al dettaglio che, chiarisce Andrea Mand\u00f2, porta ad un\u2019attenta selezione di  \u201c<em>aziende esclusivamente orientate alla produzione, che lasciano a societ\u00e0 come la nostra il compito della distribuzione<\/em>\u201d. Da cui l\u2019instaurazione di \u201c<em>veri e propri rapporti di collaborazione, consigliando i nostri partner-fornitori sui nuovi prodotti da sviluppare o sulle modifiche da apportare a quelli esistenti, in base alla nostra esperienza e ai suggerimenti che costantemente riceviamo dai nostri clienti<\/em>\u201d.<\/p>\n<p>FAS ITALIA offre diverse tipologie di prodotti e servizi, allo scopo di garantire una copertura diversificata, dinamica e flessibile alle singole esigenze delle strutture ricettive turistiche. Dalle Forniture per Alberghi (minibar, casseforti, carrelli, portachiavi, targhe, linea Cortesia) ai Gadget personalizzati PTO (stampati con logo della struttura, a personalizzare con claim grafici penne, portachiavi, agende, orologi, pelletteria, articoli per congressi), per arrivare ai Servizi di promozione e comunicazione dedicata (promozione gratuita e visibilit\u00e0 on-line per Hotel e Alberghi). Sempre alla ricerca di valide figure professionali in grado di soddisfare l\u2019esigenza di una rete capillare sul territorio italiano, FAS ITALIA \u00e8 aperta a candidature di agenti introdotti in Alberghi, Agriturismi e Strutture Ricettive in genere, come anche ad entrare in contatto con rappresentanti che operano nel settore della Pubblicit\u00e0 Tramite l\u2019Oggetto.<\/p>\n<p>Per maggiori informazioni:<\/p>\n<p><strong>Fas Italia srl<\/strong> \u2013 <em>Forniture per Alberghi &amp; Gadget Personalizzati<\/em><br \/> Via Fabroni 54R \u2013 50134 Firenze<br \/> <strong>Tel.<\/strong> 055-470536 \u2013 Fax 055474345<br \/> <strong>Email:<\/strong> info@fas-italia.it<\/p>\n","protected":false},"excerpt":{"rendered":"<p>Linee cortesia, frigobar, casseforti, accessori per bagno e camera, televisori di nuova generazione e ancora\u2026 PTO (Pubblicit\u00e0 Tramite l\u2019Oggetto) per dare continuit\u00e0 all\u2019esperienza del Cliente accompagnandolo nella vita di tutti i giorni. FAS ITALIA si presenta alle strutture alberghiere italiane con prodotti e servizi dedicati e di qualit\u00e0.<\/p>\n","protected":false},"author":10,"featured_media":0,"comment_status":"open","ping_status":"open","sticky":false,"template":"","format":"standard","meta":{"cybocfi_hide_featured_image":"","footnotes":""},"categories":[151],"tags":[],"class_list":["post-5930","post","type-post","status-publish","format-standard","hentry","category-hotels-ed-alberghi"],"yoast_head":"<!-- This site is optimized with the Yoast SEO plugin v27.0 - https:\/\/yoast.com\/product\/yoast-seo-wordpress\/ -->\n<title>FAS ITALIA, il valore aggiunto per le strutture alberghiere - Article Marketing<\/title>\n<meta name=\"robots\" content=\"index, follow, max-snippet:-1, max-image-preview:large, max-video-preview:-1\" \/>\n<link rel=\"canonical\" href=\"https:\/\/www.article-marketing.eu\/comunicati\/viaggi-e-vacanze\/hotels-ed-alberghi\/fas-italia-il-valore-aggiunto-per-le-strutture-alberghiere\/\" \/>\n<meta property=\"og:locale\" content=\"it_IT\" \/>\n<meta property=\"og:type\" content=\"article\" \/>\n<meta property=\"og:title\" content=\"FAS ITALIA, il valore aggiunto per le strutture alberghiere - Article Marketing\" \/>\n<meta property=\"og:description\" content=\"Linee cortesia, frigobar, casseforti, accessori per bagno e camera, televisori di nuova generazione e ancora\u2026 PTO (Pubblicit\u00e0 Tramite l\u2019Oggetto) per dare continuit\u00e0 all\u2019esperienza del Cliente accompagnandolo nella vita di tutti i giorni. FAS ITALIA si presenta alle strutture alberghiere italiane con prodotti e servizi dedicati e di qualit\u00e0.\" \/>\n<meta property=\"og:url\" content=\"https:\/\/www.article-marketing.eu\/comunicati\/viaggi-e-vacanze\/hotels-ed-alberghi\/fas-italia-il-valore-aggiunto-per-le-strutture-alberghiere\/\" \/>\n<meta property=\"og:site_name\" content=\"Article Marketing\" \/>\n<meta property=\"article:published_time\" content=\"2010-07-22T15:44:08+00:00\" \/>\n<meta property=\"og:image\" content=\"http:\/\/newszine.files.wordpress.com\/2010\/07\/fas-fiore.jpg?w=250&amp;h=250\" \/>\n<meta name=\"author\" content=\"Redazione Comunicati Stampa\" \/>\n<meta name=\"twitter:card\" content=\"summary_large_image\" \/>\n<meta name=\"twitter:label1\" content=\"Scritto da\" \/>\n\t<meta name=\"twitter:data1\" content=\"Redazione Comunicati Stampa\" \/>\n\t<meta name=\"twitter:label2\" content=\"Tempo di lettura stimato\" \/>\n\t<meta name=\"twitter:data2\" content=\"3 minuti\" \/>\n<script type=\"application\/ld+json\" class=\"yoast-schema-graph\">{\"@context\":\"https:\/\/schema.org\",\"@graph\":[{\"@type\":\"Article\",\"@id\":\"https:\/\/www.article-marketing.eu\/comunicati\/viaggi-e-vacanze\/hotels-ed-alberghi\/fas-italia-il-valore-aggiunto-per-le-strutture-alberghiere\/#article\",\"isPartOf\":{\"@id\":\"https:\/\/www.article-marketing.eu\/comunicati\/viaggi-e-vacanze\/hotels-ed-alberghi\/fas-italia-il-valore-aggiunto-per-le-strutture-alberghiere\/\"},\"author\":{\"name\":\"Redazione Comunicati Stampa\",\"@id\":\"https:\/\/www.article-marketing.eu\/comunicati\/#\/schema\/person\/44372e4d4d0fa797b18e03ed1ace9017\"},\"headline\":\"FAS ITALIA, il valore aggiunto per le strutture alberghiere\",\"datePublished\":\"2010-07-22T15:44:08+00:00\",\"mainEntityOfPage\":{\"@id\":\"https:\/\/www.article-marketing.eu\/comunicati\/viaggi-e-vacanze\/hotels-ed-alberghi\/fas-italia-il-valore-aggiunto-per-le-strutture-alberghiere\/\"},\"wordCount\":510,\"commentCount\":0,\"image\":{\"@id\":\"https:\/\/www.article-marketing.eu\/comunicati\/viaggi-e-vacanze\/hotels-ed-alberghi\/fas-italia-il-valore-aggiunto-per-le-strutture-alberghiere\/#primaryimage\"},\"thumbnailUrl\":\"http:\/\/newszine.files.wordpress.com\/2010\/07\/fas-fiore.jpg?w=250&amp;h=250\",\"articleSection\":[\"Hotels ed alberghi\"],\"inLanguage\":\"it-IT\",\"potentialAction\":[{\"@type\":\"CommentAction\",\"name\":\"Comment\",\"target\":[\"https:\/\/www.article-marketing.eu\/comunicati\/viaggi-e-vacanze\/hotels-ed-alberghi\/fas-italia-il-valore-aggiunto-per-le-strutture-alberghiere\/#respond\"]}]},{\"@type\":\"WebPage\",\"@id\":\"https:\/\/www.article-marketing.eu\/comunicati\/viaggi-e-vacanze\/hotels-ed-alberghi\/fas-italia-il-valore-aggiunto-per-le-strutture-alberghiere\/\",\"url\":\"https:\/\/www.article-marketing.eu\/comunicati\/viaggi-e-vacanze\/hotels-ed-alberghi\/fas-italia-il-valore-aggiunto-per-le-strutture-alberghiere\/\",\"name\":\"FAS ITALIA, il valore aggiunto per le strutture alberghiere - Article Marketing\",\"isPartOf\":{\"@id\":\"https:\/\/www.article-marketing.eu\/comunicati\/#website\"},\"primaryImageOfPage\":{\"@id\":\"https:\/\/www.article-marketing.eu\/comunicati\/viaggi-e-vacanze\/hotels-ed-alberghi\/fas-italia-il-valore-aggiunto-per-le-strutture-alberghiere\/#primaryimage\"},\"image\":{\"@id\":\"https:\/\/www.article-marketing.eu\/comunicati\/viaggi-e-vacanze\/hotels-ed-alberghi\/fas-italia-il-valore-aggiunto-per-le-strutture-alberghiere\/#primaryimage\"},\"thumbnailUrl\":\"http:\/\/newszine.files.wordpress.com\/2010\/07\/fas-fiore.jpg?w=250&amp;h=250\",\"datePublished\":\"2010-07-22T15:44:08+00:00\",\"author\":{\"@id\":\"https:\/\/www.article-marketing.eu\/comunicati\/#\/schema\/person\/44372e4d4d0fa797b18e03ed1ace9017\"},\"breadcrumb\":{\"@id\":\"https:\/\/www.article-marketing.eu\/comunicati\/viaggi-e-vacanze\/hotels-ed-alberghi\/fas-italia-il-valore-aggiunto-per-le-strutture-alberghiere\/#breadcrumb\"},\"inLanguage\":\"it-IT\",\"potentialAction\":[{\"@type\":\"ReadAction\",\"target\":[\"https:\/\/www.article-marketing.eu\/comunicati\/viaggi-e-vacanze\/hotels-ed-alberghi\/fas-italia-il-valore-aggiunto-per-le-strutture-alberghiere\/\"]}]},{\"@type\":\"ImageObject\",\"inLanguage\":\"it-IT\",\"@id\":\"https:\/\/www.article-marketing.eu\/comunicati\/viaggi-e-vacanze\/hotels-ed-alberghi\/fas-italia-il-valore-aggiunto-per-le-strutture-alberghiere\/#primaryimage\",\"url\":\"http:\/\/newszine.files.wordpress.com\/2010\/07\/fas-fiore.jpg?w=250&amp;h=250\",\"contentUrl\":\"http:\/\/newszine.files.wordpress.com\/2010\/07\/fas-fiore.jpg?w=250&amp;h=250\"},{\"@type\":\"BreadcrumbList\",\"@id\":\"https:\/\/www.article-marketing.eu\/comunicati\/viaggi-e-vacanze\/hotels-ed-alberghi\/fas-italia-il-valore-aggiunto-per-le-strutture-alberghiere\/#breadcrumb\",\"itemListElement\":[{\"@type\":\"ListItem\",\"position\":1,\"name\":\"Home\",\"item\":\"https:\/\/www.article-marketing.eu\/comunicati\/\"},{\"@type\":\"ListItem\",\"position\":2,\"name\":\"FAS ITALIA, il valore aggiunto per le strutture alberghiere\"}]},{\"@type\":\"WebSite\",\"@id\":\"https:\/\/www.article-marketing.eu\/comunicati\/#website\",\"url\":\"https:\/\/www.article-marketing.eu\/comunicati\/\",\"name\":\"Article Marketing\",\"description\":\"article marketing &amp; press release\",\"potentialAction\":[{\"@type\":\"SearchAction\",\"target\":{\"@type\":\"EntryPoint\",\"urlTemplate\":\"https:\/\/www.article-marketing.eu\/comunicati\/?s={search_term_string}\"},\"query-input\":{\"@type\":\"PropertyValueSpecification\",\"valueRequired\":true,\"valueName\":\"search_term_string\"}}],\"inLanguage\":\"it-IT\"},{\"@type\":\"Person\",\"@id\":\"https:\/\/www.article-marketing.eu\/comunicati\/#\/schema\/person\/44372e4d4d0fa797b18e03ed1ace9017\",\"name\":\"Redazione Comunicati Stampa\",\"image\":{\"@type\":\"ImageObject\",\"inLanguage\":\"it-IT\",\"@id\":\"https:\/\/www.article-marketing.eu\/comunicati\/#\/schema\/person\/image\/\",\"url\":\"https:\/\/secure.gravatar.com\/avatar\/50e5c6421d3072f42e7ace803501602c60d75233d34e29fd05feb91c8760b792?s=96&d=mm&r=g\",\"contentUrl\":\"https:\/\/secure.gravatar.com\/avatar\/50e5c6421d3072f42e7ace803501602c60d75233d34e29fd05feb91c8760b792?s=96&d=mm&r=g\",\"caption\":\"Redazione Comunicati Stampa\"},\"url\":\"https:\/\/www.article-marketing.eu\/comunicati\/author\/redazione-comunicati-stampa\/\"}]}<\/script>\n<!-- \/ Yoast SEO plugin. -->","yoast_head_json":{"title":"FAS ITALIA, il valore aggiunto per le strutture alberghiere - Article Marketing","robots":{"index":"index","follow":"follow","max-snippet":"max-snippet:-1","max-image-preview":"max-image-preview:large","max-video-preview":"max-video-preview:-1"},"canonical":"https:\/\/www.article-marketing.eu\/comunicati\/viaggi-e-vacanze\/hotels-ed-alberghi\/fas-italia-il-valore-aggiunto-per-le-strutture-alberghiere\/","og_locale":"it_IT","og_type":"article","og_title":"FAS ITALIA, il valore aggiunto per le strutture alberghiere - Article Marketing","og_description":"Linee cortesia, frigobar, casseforti, accessori per bagno e camera, televisori di nuova generazione e ancora\u2026 PTO (Pubblicit\u00e0 Tramite l\u2019Oggetto) per dare continuit\u00e0 all\u2019esperienza del Cliente accompagnandolo nella vita di tutti i giorni. FAS ITALIA si presenta alle strutture alberghiere italiane con prodotti e servizi dedicati e di qualit\u00e0.","og_url":"https:\/\/www.article-marketing.eu\/comunicati\/viaggi-e-vacanze\/hotels-ed-alberghi\/fas-italia-il-valore-aggiunto-per-le-strutture-alberghiere\/","og_site_name":"Article Marketing","article_published_time":"2010-07-22T15:44:08+00:00","og_image":[{"url":"http:\/\/newszine.files.wordpress.com\/2010\/07\/fas-fiore.jpg?w=250&amp;h=250","type":"","width":"","height":""}],"author":"Redazione Comunicati Stampa","twitter_card":"summary_large_image","twitter_misc":{"Scritto da":"Redazione Comunicati Stampa","Tempo di lettura stimato":"3 minuti"},"schema":{"@context":"https:\/\/schema.org","@graph":[{"@type":"Article","@id":"https:\/\/www.article-marketing.eu\/comunicati\/viaggi-e-vacanze\/hotels-ed-alberghi\/fas-italia-il-valore-aggiunto-per-le-strutture-alberghiere\/#article","isPartOf":{"@id":"https:\/\/www.article-marketing.eu\/comunicati\/viaggi-e-vacanze\/hotels-ed-alberghi\/fas-italia-il-valore-aggiunto-per-le-strutture-alberghiere\/"},"author":{"name":"Redazione Comunicati Stampa","@id":"https:\/\/www.article-marketing.eu\/comunicati\/#\/schema\/person\/44372e4d4d0fa797b18e03ed1ace9017"},"headline":"FAS ITALIA, il valore aggiunto per le strutture alberghiere","datePublished":"2010-07-22T15:44:08+00:00","mainEntityOfPage":{"@id":"https:\/\/www.article-marketing.eu\/comunicati\/viaggi-e-vacanze\/hotels-ed-alberghi\/fas-italia-il-valore-aggiunto-per-le-strutture-alberghiere\/"},"wordCount":510,"commentCount":0,"image":{"@id":"https:\/\/www.article-marketing.eu\/comunicati\/viaggi-e-vacanze\/hotels-ed-alberghi\/fas-italia-il-valore-aggiunto-per-le-strutture-alberghiere\/#primaryimage"},"thumbnailUrl":"http:\/\/newszine.files.wordpress.com\/2010\/07\/fas-fiore.jpg?w=250&amp;h=250","articleSection":["Hotels ed alberghi"],"inLanguage":"it-IT","potentialAction":[{"@type":"CommentAction","name":"Comment","target":["https:\/\/www.article-marketing.eu\/comunicati\/viaggi-e-vacanze\/hotels-ed-alberghi\/fas-italia-il-valore-aggiunto-per-le-strutture-alberghiere\/#respond"]}]},{"@type":"WebPage","@id":"https:\/\/www.article-marketing.eu\/comunicati\/viaggi-e-vacanze\/hotels-ed-alberghi\/fas-italia-il-valore-aggiunto-per-le-strutture-alberghiere\/","url":"https:\/\/www.article-marketing.eu\/comunicati\/viaggi-e-vacanze\/hotels-ed-alberghi\/fas-italia-il-valore-aggiunto-per-le-strutture-alberghiere\/","name":"FAS ITALIA, il valore aggiunto per le strutture alberghiere - Article Marketing","isPartOf":{"@id":"https:\/\/www.article-marketing.eu\/comunicati\/#website"},"primaryImageOfPage":{"@id":"https:\/\/www.article-marketing.eu\/comunicati\/viaggi-e-vacanze\/hotels-ed-alberghi\/fas-italia-il-valore-aggiunto-per-le-strutture-alberghiere\/#primaryimage"},"image":{"@id":"https:\/\/www.article-marketing.eu\/comunicati\/viaggi-e-vacanze\/hotels-ed-alberghi\/fas-italia-il-valore-aggiunto-per-le-strutture-alberghiere\/#primaryimage"},"thumbnailUrl":"http:\/\/newszine.files.wordpress.com\/2010\/07\/fas-fiore.jpg?w=250&amp;h=250","datePublished":"2010-07-22T15:44:08+00:00","author":{"@id":"https:\/\/www.article-marketing.eu\/comunicati\/#\/schema\/person\/44372e4d4d0fa797b18e03ed1ace9017"},"breadcrumb":{"@id":"https:\/\/www.article-marketing.eu\/comunicati\/viaggi-e-vacanze\/hotels-ed-alberghi\/fas-italia-il-valore-aggiunto-per-le-strutture-alberghiere\/#breadcrumb"},"inLanguage":"it-IT","potentialAction":[{"@type":"ReadAction","target":["https:\/\/www.article-marketing.eu\/comunicati\/viaggi-e-vacanze\/hotels-ed-alberghi\/fas-italia-il-valore-aggiunto-per-le-strutture-alberghiere\/"]}]},{"@type":"ImageObject","inLanguage":"it-IT","@id":"https:\/\/www.article-marketing.eu\/comunicati\/viaggi-e-vacanze\/hotels-ed-alberghi\/fas-italia-il-valore-aggiunto-per-le-strutture-alberghiere\/#primaryimage","url":"http:\/\/newszine.files.wordpress.com\/2010\/07\/fas-fiore.jpg?w=250&amp;h=250","contentUrl":"http:\/\/newszine.files.wordpress.com\/2010\/07\/fas-fiore.jpg?w=250&amp;h=250"},{"@type":"BreadcrumbList","@id":"https:\/\/www.article-marketing.eu\/comunicati\/viaggi-e-vacanze\/hotels-ed-alberghi\/fas-italia-il-valore-aggiunto-per-le-strutture-alberghiere\/#breadcrumb","itemListElement":[{"@type":"ListItem","position":1,"name":"Home","item":"https:\/\/www.article-marketing.eu\/comunicati\/"},{"@type":"ListItem","position":2,"name":"FAS ITALIA, il valore aggiunto per le strutture alberghiere"}]},{"@type":"WebSite","@id":"https:\/\/www.article-marketing.eu\/comunicati\/#website","url":"https:\/\/www.article-marketing.eu\/comunicati\/","name":"Article Marketing","description":"article marketing &amp; press release","potentialAction":[{"@type":"SearchAction","target":{"@type":"EntryPoint","urlTemplate":"https:\/\/www.article-marketing.eu\/comunicati\/?s={search_term_string}"},"query-input":{"@type":"PropertyValueSpecification","valueRequired":true,"valueName":"search_term_string"}}],"inLanguage":"it-IT"},{"@type":"Person","@id":"https:\/\/www.article-marketing.eu\/comunicati\/#\/schema\/person\/44372e4d4d0fa797b18e03ed1ace9017","name":"Redazione Comunicati Stampa","image":{"@type":"ImageObject","inLanguage":"it-IT","@id":"https:\/\/www.article-marketing.eu\/comunicati\/#\/schema\/person\/image\/","url":"https:\/\/secure.gravatar.com\/avatar\/50e5c6421d3072f42e7ace803501602c60d75233d34e29fd05feb91c8760b792?s=96&d=mm&r=g","contentUrl":"https:\/\/secure.gravatar.com\/avatar\/50e5c6421d3072f42e7ace803501602c60d75233d34e29fd05feb91c8760b792?s=96&d=mm&r=g","caption":"Redazione Comunicati Stampa"},"url":"https:\/\/www.article-marketing.eu\/comunicati\/author\/redazione-comunicati-stampa\/"}]}},"_links":{"self":[{"href":"https:\/\/www.article-marketing.eu\/comunicati\/wp-json\/wp\/v2\/posts\/5930","targetHints":{"allow":["GET"]}}],"collection":[{"href":"https:\/\/www.article-marketing.eu\/comunicati\/wp-json\/wp\/v2\/posts"}],"about":[{"href":"https:\/\/www.article-marketing.eu\/comunicati\/wp-json\/wp\/v2\/types\/post"}],"author":[{"embeddable":true,"href":"https:\/\/www.article-marketing.eu\/comunicati\/wp-json\/wp\/v2\/users\/10"}],"replies":[{"embeddable":true,"href":"https:\/\/www.article-marketing.eu\/comunicati\/wp-json\/wp\/v2\/comments?post=5930"}],"version-history":[{"count":0,"href":"https:\/\/www.article-marketing.eu\/comunicati\/wp-json\/wp\/v2\/posts\/5930\/revisions"}],"wp:attachment":[{"href":"https:\/\/www.article-marketing.eu\/comunicati\/wp-json\/wp\/v2\/media?parent=5930"}],"wp:term":[{"taxonomy":"category","embeddable":true,"href":"https:\/\/www.article-marketing.eu\/comunicati\/wp-json\/wp\/v2\/categories?post=5930"},{"taxonomy":"post_tag","embeddable":true,"href":"https:\/\/www.article-marketing.eu\/comunicati\/wp-json\/wp\/v2\/tags?post=5930"}],"curies":[{"name":"wp","href":"https:\/\/api.w.org\/{rel}","templated":true}]}}