{"id":5935,"date":"2010-07-23T16:46:38","date_gmt":"2010-07-23T14:46:38","guid":{"rendered":"http:\/\/www.article-marketing.eu\/comunicati\/senza-categoria\/centrale-del-latte-coldiretti-occupa-la-sede\/"},"modified":"2018-07-10T05:04:22","modified_gmt":"2018-07-10T03:04:22","slug":"centrale-del-latte-coldiretti-occupa-la-sede","status":"publish","type":"post","link":"https:\/\/www.article-marketing.eu\/comunicati\/economia-e-lavoro\/centrale-del-latte-coldiretti-occupa-la-sede\/","title":{"rendered":"Centrale del Latte, Coldiretti occupa la sede."},"content":{"rendered":"<p class=\"MsoNormal\"><\/p>\n<p class=\"MsoNormal\">Stanotte, verso le 3, i romani che abitano nei pressi della<br \/>\nCentrale del Latte, oltre all&#8217;afa, avranno forse sentito i rumori dei<br \/>\nmanifestanti del sit-in pacifico di Coldiretti.<\/p>\n<p class=\"MsoNormal\">Motivo? Sono pi\u00f9 di 300 gli allevatori che si scagliano<br \/>\ncontro Assolatte e la<br \/>\n Centrale per il fatto di aver ostacolato l&#8217;intesa riguardo al<br \/>\nprezzo del latte fresco al tavolo regionale per le trattative. La loro<br \/>\ndisponibilit\u00e0 e quella di altre industrie di settore \u00e8 stata ignorata a favore<br \/>\ndella parte che, secondo Coldiretti, mantiene il monopolio del latte. Per tutti<br \/>\ni produttori che hanno solo costi superiori ai ricavi \u00e8 uno smacco che non<br \/>\npossono tollerare. <\/p>\n<p class=\"MsoNormal\">&nbsp;<\/p>\n<p class=\"MsoNormal\">\u00c8 la seconda volta in un mese che i cancelli della<br \/>\nCentrale vengono presi di mira dagli associati che dicono di non essere presi<br \/>\nin minima considerazione durante le trattative. La situazione \u00e8 difficile per<br \/>\nle problematiche inerenti ai forti costi, alla produzione che per motivi<br \/>\ninterenti alle quote latte e al prezzo fisso non \u00e8 sempre conveniente<br \/>\nsostenere.<\/p>\n<p class=\"MsoNormal\">Bestiame, lavorazione, adempimenti<br \/>\ncontrollo alimentare, commercializzazione: sono tanti gli oneri e le spese<br \/>\nper questi piccoli allevatori che chiedono giustizia o quantomeno rispetto. Il<br \/>\nrischio di chiudere l&#8217;attivit\u00e0 \u00e8 forte e anche la rabbia di non riuscire ad<br \/>\nandare avanti nel proprio <strong>lavoro, fatto<br \/>\nmagari da decenni con passione e attenzione per la qualit\u00e0 e la sicurezza<br \/>\nalimentare dei cittadini<\/strong>.<\/p>\n<p class=\"MsoNormal\">&nbsp;<\/p>\n<p class=\"MsoNormal\">Anche il discorso della territorialit\u00e0 \u00e8 forte, visto che<br \/>\nle aziende laziali cercano di salvaguardare la genuinit\u00e0 del latte locale a<br \/>\nprezzi sostenibili per i consumatori. L&#8217;aumento richiesto non \u00e8 gravoso, in<br \/>\nquanto si tratterebbe di 35.7 centesimi per litro in modo da sopravvivere<br \/>\ncontro i 10 centesimi del latte della Centrale che, nella vendita al dettaglio<br \/>\n\u00e8 arrivato fino a 1.59 euro per litro. Una forte mancanza di proporzione tra i<br \/>\ndiversi contraenti.<\/p>\n<p class=\"MsoNormal\">&nbsp;<\/p>\n<p class=\"MsoNormal\">Si sono arroccati su posizioni, quindi, che hanno un fondo<br \/>\ndi verit\u00e0 forte, e che \u00e8 stato riconosciuto dalle autorit\u00e0 che hanno voluto<br \/>\nriaprire il tavolo e la trattativa sul prezzo del latte. Ai politici spetta ora<br \/>\ncercare un punto di mediazione tra le aspettative dei piccoli produttori e le posizioni<br \/>\nchiuse della Centrale. Il prossimo 27 luglio, infatti, ci sar\u00e0 un nuovo<br \/>\nincontro che si spera non sia il primo di una lunga serie. La Coldiretti ha gi\u00e0<br \/>\nannunciato che non si fermer\u00e0 fin quando la situazione non sar\u00e0 sbloccata del<br \/>\ntutto e si otterranno delle condizioni accettabili. <\/p>\n<p class=\"MsoNormal\">&nbsp;<\/p>\n<p class=\"MsoNormal\">Non pu\u00f2 certo scomparire un fondamentale anello di<br \/>\nproduzione nell&#8217;economia agricola del Lazio, garanzia di genuinit\u00e0 e di una<br \/>\nproduzione tutta locale, molto attiva e\u2026 agguerrita.<\/p>\n","protected":false},"excerpt":{"rendered":"<p>I produttori di latte della Coldiretti occupano la Centrale, protestando contro il prezzo troppo alto del beneamato bene primario.<\/p>\n","protected":false},"author":10,"featured_media":0,"comment_status":"open","ping_status":"open","sticky":false,"template":"","format":"standard","meta":{"cybocfi_hide_featured_image":"","footnotes":""},"categories":[59],"tags":[],"class_list":["post-5935","post","type-post","status-publish","format-standard","hentry","category-economia-e-lavoro"],"yoast_head":"<!-- This site is optimized with the Yoast SEO plugin v27.0 - https:\/\/yoast.com\/product\/yoast-seo-wordpress\/ -->\n<title>Centrale del Latte, Coldiretti occupa la sede. - Article Marketing<\/title>\n<meta name=\"robots\" content=\"index, follow, max-snippet:-1, max-image-preview:large, max-video-preview:-1\" \/>\n<link rel=\"canonical\" href=\"https:\/\/www.article-marketing.eu\/comunicati\/economia-e-lavoro\/centrale-del-latte-coldiretti-occupa-la-sede\/\" \/>\n<meta property=\"og:locale\" content=\"it_IT\" \/>\n<meta property=\"og:type\" content=\"article\" \/>\n<meta property=\"og:title\" content=\"Centrale del Latte, Coldiretti occupa la sede. - Article Marketing\" \/>\n<meta property=\"og:description\" content=\"I produttori di latte della Coldiretti occupano la Centrale, protestando contro il prezzo troppo alto del beneamato bene primario.\" \/>\n<meta property=\"og:url\" content=\"https:\/\/www.article-marketing.eu\/comunicati\/economia-e-lavoro\/centrale-del-latte-coldiretti-occupa-la-sede\/\" \/>\n<meta property=\"og:site_name\" content=\"Article Marketing\" \/>\n<meta property=\"article:published_time\" content=\"2010-07-23T14:46:38+00:00\" \/>\n<meta property=\"article:modified_time\" content=\"2018-07-10T03:04:22+00:00\" \/>\n<meta name=\"author\" content=\"Redazione Comunicati Stampa\" \/>\n<meta name=\"twitter:card\" content=\"summary_large_image\" \/>\n<meta name=\"twitter:label1\" content=\"Scritto da\" \/>\n\t<meta name=\"twitter:data1\" content=\"Redazione Comunicati Stampa\" \/>\n\t<meta name=\"twitter:label2\" content=\"Tempo di lettura stimato\" \/>\n\t<meta name=\"twitter:data2\" content=\"2 minuti\" \/>\n<script type=\"application\/ld+json\" class=\"yoast-schema-graph\">{\"@context\":\"https:\/\/schema.org\",\"@graph\":[{\"@type\":\"Article\",\"@id\":\"https:\/\/www.article-marketing.eu\/comunicati\/economia-e-lavoro\/centrale-del-latte-coldiretti-occupa-la-sede\/#article\",\"isPartOf\":{\"@id\":\"https:\/\/www.article-marketing.eu\/comunicati\/economia-e-lavoro\/centrale-del-latte-coldiretti-occupa-la-sede\/\"},\"author\":{\"name\":\"Redazione Comunicati Stampa\",\"@id\":\"https:\/\/www.article-marketing.eu\/comunicati\/#\/schema\/person\/44372e4d4d0fa797b18e03ed1ace9017\"},\"headline\":\"Centrale del Latte, Coldiretti occupa la sede.\",\"datePublished\":\"2010-07-23T14:46:38+00:00\",\"dateModified\":\"2018-07-10T03:04:22+00:00\",\"mainEntityOfPage\":{\"@id\":\"https:\/\/www.article-marketing.eu\/comunicati\/economia-e-lavoro\/centrale-del-latte-coldiretti-occupa-la-sede\/\"},\"wordCount\":418,\"commentCount\":0,\"articleSection\":[\"Economia e lavoro\"],\"inLanguage\":\"it-IT\",\"potentialAction\":[{\"@type\":\"CommentAction\",\"name\":\"Comment\",\"target\":[\"https:\/\/www.article-marketing.eu\/comunicati\/economia-e-lavoro\/centrale-del-latte-coldiretti-occupa-la-sede\/#respond\"]}]},{\"@type\":\"WebPage\",\"@id\":\"https:\/\/www.article-marketing.eu\/comunicati\/economia-e-lavoro\/centrale-del-latte-coldiretti-occupa-la-sede\/\",\"url\":\"https:\/\/www.article-marketing.eu\/comunicati\/economia-e-lavoro\/centrale-del-latte-coldiretti-occupa-la-sede\/\",\"name\":\"Centrale del Latte, Coldiretti occupa la sede. - Article Marketing\",\"isPartOf\":{\"@id\":\"https:\/\/www.article-marketing.eu\/comunicati\/#website\"},\"datePublished\":\"2010-07-23T14:46:38+00:00\",\"dateModified\":\"2018-07-10T03:04:22+00:00\",\"author\":{\"@id\":\"https:\/\/www.article-marketing.eu\/comunicati\/#\/schema\/person\/44372e4d4d0fa797b18e03ed1ace9017\"},\"breadcrumb\":{\"@id\":\"https:\/\/www.article-marketing.eu\/comunicati\/economia-e-lavoro\/centrale-del-latte-coldiretti-occupa-la-sede\/#breadcrumb\"},\"inLanguage\":\"it-IT\",\"potentialAction\":[{\"@type\":\"ReadAction\",\"target\":[\"https:\/\/www.article-marketing.eu\/comunicati\/economia-e-lavoro\/centrale-del-latte-coldiretti-occupa-la-sede\/\"]}]},{\"@type\":\"BreadcrumbList\",\"@id\":\"https:\/\/www.article-marketing.eu\/comunicati\/economia-e-lavoro\/centrale-del-latte-coldiretti-occupa-la-sede\/#breadcrumb\",\"itemListElement\":[{\"@type\":\"ListItem\",\"position\":1,\"name\":\"Home\",\"item\":\"https:\/\/www.article-marketing.eu\/comunicati\/\"},{\"@type\":\"ListItem\",\"position\":2,\"name\":\"Centrale del Latte, Coldiretti occupa la sede.\"}]},{\"@type\":\"WebSite\",\"@id\":\"https:\/\/www.article-marketing.eu\/comunicati\/#website\",\"url\":\"https:\/\/www.article-marketing.eu\/comunicati\/\",\"name\":\"Article Marketing\",\"description\":\"article marketing &amp; press release\",\"potentialAction\":[{\"@type\":\"SearchAction\",\"target\":{\"@type\":\"EntryPoint\",\"urlTemplate\":\"https:\/\/www.article-marketing.eu\/comunicati\/?s={search_term_string}\"},\"query-input\":{\"@type\":\"PropertyValueSpecification\",\"valueRequired\":true,\"valueName\":\"search_term_string\"}}],\"inLanguage\":\"it-IT\"},{\"@type\":\"Person\",\"@id\":\"https:\/\/www.article-marketing.eu\/comunicati\/#\/schema\/person\/44372e4d4d0fa797b18e03ed1ace9017\",\"name\":\"Redazione Comunicati Stampa\",\"image\":{\"@type\":\"ImageObject\",\"inLanguage\":\"it-IT\",\"@id\":\"https:\/\/www.article-marketing.eu\/comunicati\/#\/schema\/person\/image\/\",\"url\":\"https:\/\/secure.gravatar.com\/avatar\/50e5c6421d3072f42e7ace803501602c60d75233d34e29fd05feb91c8760b792?s=96&d=mm&r=g\",\"contentUrl\":\"https:\/\/secure.gravatar.com\/avatar\/50e5c6421d3072f42e7ace803501602c60d75233d34e29fd05feb91c8760b792?s=96&d=mm&r=g\",\"caption\":\"Redazione Comunicati Stampa\"},\"url\":\"https:\/\/www.article-marketing.eu\/comunicati\/author\/redazione-comunicati-stampa\/\"}]}<\/script>\n<!-- \/ Yoast SEO plugin. -->","yoast_head_json":{"title":"Centrale del Latte, Coldiretti occupa la sede. - Article Marketing","robots":{"index":"index","follow":"follow","max-snippet":"max-snippet:-1","max-image-preview":"max-image-preview:large","max-video-preview":"max-video-preview:-1"},"canonical":"https:\/\/www.article-marketing.eu\/comunicati\/economia-e-lavoro\/centrale-del-latte-coldiretti-occupa-la-sede\/","og_locale":"it_IT","og_type":"article","og_title":"Centrale del Latte, Coldiretti occupa la sede. - Article Marketing","og_description":"I produttori di latte della Coldiretti occupano la Centrale, protestando contro il prezzo troppo alto del beneamato bene primario.","og_url":"https:\/\/www.article-marketing.eu\/comunicati\/economia-e-lavoro\/centrale-del-latte-coldiretti-occupa-la-sede\/","og_site_name":"Article Marketing","article_published_time":"2010-07-23T14:46:38+00:00","article_modified_time":"2018-07-10T03:04:22+00:00","author":"Redazione Comunicati Stampa","twitter_card":"summary_large_image","twitter_misc":{"Scritto da":"Redazione Comunicati Stampa","Tempo di lettura stimato":"2 minuti"},"schema":{"@context":"https:\/\/schema.org","@graph":[{"@type":"Article","@id":"https:\/\/www.article-marketing.eu\/comunicati\/economia-e-lavoro\/centrale-del-latte-coldiretti-occupa-la-sede\/#article","isPartOf":{"@id":"https:\/\/www.article-marketing.eu\/comunicati\/economia-e-lavoro\/centrale-del-latte-coldiretti-occupa-la-sede\/"},"author":{"name":"Redazione Comunicati Stampa","@id":"https:\/\/www.article-marketing.eu\/comunicati\/#\/schema\/person\/44372e4d4d0fa797b18e03ed1ace9017"},"headline":"Centrale del Latte, Coldiretti occupa la sede.","datePublished":"2010-07-23T14:46:38+00:00","dateModified":"2018-07-10T03:04:22+00:00","mainEntityOfPage":{"@id":"https:\/\/www.article-marketing.eu\/comunicati\/economia-e-lavoro\/centrale-del-latte-coldiretti-occupa-la-sede\/"},"wordCount":418,"commentCount":0,"articleSection":["Economia e lavoro"],"inLanguage":"it-IT","potentialAction":[{"@type":"CommentAction","name":"Comment","target":["https:\/\/www.article-marketing.eu\/comunicati\/economia-e-lavoro\/centrale-del-latte-coldiretti-occupa-la-sede\/#respond"]}]},{"@type":"WebPage","@id":"https:\/\/www.article-marketing.eu\/comunicati\/economia-e-lavoro\/centrale-del-latte-coldiretti-occupa-la-sede\/","url":"https:\/\/www.article-marketing.eu\/comunicati\/economia-e-lavoro\/centrale-del-latte-coldiretti-occupa-la-sede\/","name":"Centrale del Latte, Coldiretti occupa la sede. - Article Marketing","isPartOf":{"@id":"https:\/\/www.article-marketing.eu\/comunicati\/#website"},"datePublished":"2010-07-23T14:46:38+00:00","dateModified":"2018-07-10T03:04:22+00:00","author":{"@id":"https:\/\/www.article-marketing.eu\/comunicati\/#\/schema\/person\/44372e4d4d0fa797b18e03ed1ace9017"},"breadcrumb":{"@id":"https:\/\/www.article-marketing.eu\/comunicati\/economia-e-lavoro\/centrale-del-latte-coldiretti-occupa-la-sede\/#breadcrumb"},"inLanguage":"it-IT","potentialAction":[{"@type":"ReadAction","target":["https:\/\/www.article-marketing.eu\/comunicati\/economia-e-lavoro\/centrale-del-latte-coldiretti-occupa-la-sede\/"]}]},{"@type":"BreadcrumbList","@id":"https:\/\/www.article-marketing.eu\/comunicati\/economia-e-lavoro\/centrale-del-latte-coldiretti-occupa-la-sede\/#breadcrumb","itemListElement":[{"@type":"ListItem","position":1,"name":"Home","item":"https:\/\/www.article-marketing.eu\/comunicati\/"},{"@type":"ListItem","position":2,"name":"Centrale del Latte, Coldiretti occupa la sede."}]},{"@type":"WebSite","@id":"https:\/\/www.article-marketing.eu\/comunicati\/#website","url":"https:\/\/www.article-marketing.eu\/comunicati\/","name":"Article Marketing","description":"article marketing &amp; press release","potentialAction":[{"@type":"SearchAction","target":{"@type":"EntryPoint","urlTemplate":"https:\/\/www.article-marketing.eu\/comunicati\/?s={search_term_string}"},"query-input":{"@type":"PropertyValueSpecification","valueRequired":true,"valueName":"search_term_string"}}],"inLanguage":"it-IT"},{"@type":"Person","@id":"https:\/\/www.article-marketing.eu\/comunicati\/#\/schema\/person\/44372e4d4d0fa797b18e03ed1ace9017","name":"Redazione Comunicati Stampa","image":{"@type":"ImageObject","inLanguage":"it-IT","@id":"https:\/\/www.article-marketing.eu\/comunicati\/#\/schema\/person\/image\/","url":"https:\/\/secure.gravatar.com\/avatar\/50e5c6421d3072f42e7ace803501602c60d75233d34e29fd05feb91c8760b792?s=96&d=mm&r=g","contentUrl":"https:\/\/secure.gravatar.com\/avatar\/50e5c6421d3072f42e7ace803501602c60d75233d34e29fd05feb91c8760b792?s=96&d=mm&r=g","caption":"Redazione Comunicati Stampa"},"url":"https:\/\/www.article-marketing.eu\/comunicati\/author\/redazione-comunicati-stampa\/"}]}},"_links":{"self":[{"href":"https:\/\/www.article-marketing.eu\/comunicati\/wp-json\/wp\/v2\/posts\/5935","targetHints":{"allow":["GET"]}}],"collection":[{"href":"https:\/\/www.article-marketing.eu\/comunicati\/wp-json\/wp\/v2\/posts"}],"about":[{"href":"https:\/\/www.article-marketing.eu\/comunicati\/wp-json\/wp\/v2\/types\/post"}],"author":[{"embeddable":true,"href":"https:\/\/www.article-marketing.eu\/comunicati\/wp-json\/wp\/v2\/users\/10"}],"replies":[{"embeddable":true,"href":"https:\/\/www.article-marketing.eu\/comunicati\/wp-json\/wp\/v2\/comments?post=5935"}],"version-history":[{"count":2,"href":"https:\/\/www.article-marketing.eu\/comunicati\/wp-json\/wp\/v2\/posts\/5935\/revisions"}],"predecessor-version":[{"id":60544,"href":"https:\/\/www.article-marketing.eu\/comunicati\/wp-json\/wp\/v2\/posts\/5935\/revisions\/60544"}],"wp:attachment":[{"href":"https:\/\/www.article-marketing.eu\/comunicati\/wp-json\/wp\/v2\/media?parent=5935"}],"wp:term":[{"taxonomy":"category","embeddable":true,"href":"https:\/\/www.article-marketing.eu\/comunicati\/wp-json\/wp\/v2\/categories?post=5935"},{"taxonomy":"post_tag","embeddable":true,"href":"https:\/\/www.article-marketing.eu\/comunicati\/wp-json\/wp\/v2\/tags?post=5935"}],"curies":[{"name":"wp","href":"https:\/\/api.w.org\/{rel}","templated":true}]}}