{"id":6100,"date":"2010-07-29T11:48:36","date_gmt":"2010-07-29T09:48:36","guid":{"rendered":"http:\/\/www.article-marketing.eu\/comunicati\/senza-categoria\/la%80%99evento-jazz-della%80%99anno-bollani-e-rava-sul-palco-di-cassino\/"},"modified":"2018-07-10T05:25:42","modified_gmt":"2018-07-10T03:25:42","slug":"la%80%99evento-jazz-della%80%99anno-bollani-e-rava-sul-palco-di-cassino","status":"publish","type":"post","link":"https:\/\/www.article-marketing.eu\/comunicati\/arte-e-cultura\/musica\/la%80%99evento-jazz-della%80%99anno-bollani-e-rava-sul-palco-di-cassino\/","title":{"rendered":"L\u2019evento jazz dell\u2019anno: Bollani e Rava sul palco di Cassino"},"content":{"rendered":"<p>L&rsquo;Atina Jazz Festival &egrave; nato nel 1986 per volont&agrave; di Vittorio Fortuna, dal quale deriva anche lo slogan &ldquo;Per Fortuna che c&rsquo;&egrave; il jazz&rdquo;. La manifestazione ha gi&agrave; tenuto le sue serate d&rsquo;anteprima dal 16 al 18 luglio durante le quali si sono esibiti diversi artisti cio&egrave; i Grand Four con il tour d&rsquo;Italie, i Loko Motive Trio con Migrazioni e Paolo Damiani con Rita Marcotulli. Gi&agrave; rinomato nel panorama internazionale quella di quest&rsquo;anno si preannuncia come la pi&ugrave; prestigiosa di tutte le edizione grazie anche alla presenza di grandi personalit&agrave; artistiche di portata internazionale sia grazie alle numerose attivit&agrave; parallele che coinvolgeranno le cittadine vicine e spazieranno in varie tipologie di eventi volti a far conoscere ed apprezzare la buona musica di qualit&agrave; anche al grande pubblico. E&rsquo; proprio tra queste iniziative &ldquo;collaterali&rdquo; che si collocano gli eventi che si svolgeranno nella citt&agrave; di Cassino, particolari per la loro originalit&agrave; come il Demo Jazz Award, concorso per band emergenti, e l&rsquo;atteso concerto di Stefano Bollani e Enrico Rava che si esibiranno sabato 1 agosto. Conosciuto da tutti come uno dei migliori jazzisti viventi, fiorentino di nascita Bollani si diploma al conservatorio nel 1993 e dopo una breve esperienza nella musica pop trova la sua realizzazione all&rsquo;interno del panorama jazz. Un talento unico che lo porta a collaborare con i migliori artisti in campo internazionale come Gato Barbieri, Lee Konitz, Pat Metheny, Michel Portal, Paolo Fresu, Han Bennik e Phil Woods. Grandi collaborazioni che lo portano a vincere numerosi riconoscimenti in campo internazionale fin dagli esordi infatti &egrave; del 1998 il premio della rivista Musica Jazz e del 2007 l&rsquo;European Prize come miglior musicista. Ma &egrave; all&rsquo;interno del contesto italiano che il pianista trova l&rsquo;apice delle sue composizioni: con il suo mentore, il trombettista Enrico Rava La sua collaborazione pi&ugrave; proficua per&ograve; avviene con il suo mentore, il trombettista Enrico Rava. Con lui infatti nel 2008 ha ricevuto un nomination come best jazz album per &ldquo;Third man&rdquo; agli Italian Jazz Awards. \t Il duo Bollani-Rava &egrave; internazionalmente riconosciuto come uno dei migliori spettacoli live non solo nel panorama italiano, ma anche in quello europeo. La qualit&agrave;, l&rsquo;intensit&agrave; e la maestria dei due musicisti fa si che ogni concerto sia uno spettacolo unico e irripetibile grazie alla loro imprevedibilit&agrave; che ogni volta spazia nelle varie melodie con naturalezza e passione. L&rsquo;esibizione a Cassino rappresenta un&rsquo;occasione unica di assistere a questo spettacolo non solo per gli appassionati di jazz ma anche per i turisti che alloggiano in hotel Cassino o per chi casualmente si trovasse a passare in quelle zone della ciociaria. Proprio la location del panorama Cassino infatti diviene fiore all&rsquo;occhiello della manifestazione che si tinge di storia grazie ad opere monumentali dell&rsquo;epoca romana da non perdere come l&rsquo;Anfiteatro Romano, il Teatro Romano, la via Romana, il Mausoleo e le Terme.E proprio il concerto si incastra perfettamente con il luogo, facendolo parte dello spettacolo stesso. Bollani e Rava infatti si esibiranno all&rsquo;interno della meravigliosa cornice del Teatro Romano, stessa location che l&rsquo;anno scorso fu di Gino Paoli, che da sola crea un&rsquo;atmosfera di dialogo tra il pubblico e l&rsquo;artista.<\/p>\n","protected":false},"excerpt":{"rendered":"<p>Il festival pi\u00f9 importante del panorama jazz italiano si terr\u00e0 dal 16 luglio al 1 agosto tra le citt\u00e0 di Atina e Cassino.<\/p>\n","protected":false},"author":10,"featured_media":0,"comment_status":"open","ping_status":"open","sticky":false,"template":"","format":"standard","meta":{"cybocfi_hide_featured_image":"","footnotes":""},"categories":[42],"tags":[],"class_list":["post-6100","post","type-post","status-publish","format-standard","hentry","category-musica"],"yoast_head":"<!-- This site is optimized with the Yoast SEO plugin v27.0 - https:\/\/yoast.com\/product\/yoast-seo-wordpress\/ -->\n<title>L\u2019evento jazz dell\u2019anno: Bollani e Rava sul palco di Cassino - Article Marketing<\/title>\n<meta name=\"robots\" content=\"index, follow, max-snippet:-1, max-image-preview:large, max-video-preview:-1\" \/>\n<link rel=\"canonical\" href=\"https:\/\/www.article-marketing.eu\/comunicati\/arte-e-cultura\/musica\/la??evento-jazz-della??anno-bollani-e-rava-sul-palco-di-cassino\/\" \/>\n<meta property=\"og:locale\" content=\"it_IT\" \/>\n<meta property=\"og:type\" content=\"article\" \/>\n<meta property=\"og:title\" content=\"L\u2019evento jazz dell\u2019anno: Bollani e Rava sul palco di Cassino - Article Marketing\" \/>\n<meta property=\"og:description\" content=\"Il festival pi\u00f9 importante del panorama jazz italiano si terr\u00e0 dal 16 luglio al 1 agosto tra le citt\u00e0 di Atina e Cassino.\" \/>\n<meta property=\"og:url\" content=\"\" \/>\n<meta property=\"og:site_name\" content=\"Article Marketing\" \/>\n<meta property=\"article:published_time\" content=\"2010-07-29T09:48:36+00:00\" \/>\n<meta property=\"article:modified_time\" content=\"2018-07-10T03:25:42+00:00\" \/>\n<meta name=\"author\" content=\"Redazione Comunicati Stampa\" \/>\n<meta name=\"twitter:card\" content=\"summary_large_image\" \/>\n<meta name=\"twitter:label1\" content=\"Scritto da\" \/>\n\t<meta name=\"twitter:data1\" content=\"Redazione Comunicati Stampa\" \/>\n\t<meta name=\"twitter:label2\" content=\"Tempo di lettura stimato\" \/>\n\t<meta name=\"twitter:data2\" content=\"3 minuti\" \/>\n<script type=\"application\/ld+json\" class=\"yoast-schema-graph\">{\"@context\":\"https:\/\/schema.org\",\"@graph\":[{\"@type\":\"Article\",\"@id\":\"https:\/\/www.article-marketing.eu\/comunicati\/arte-e-cultura\/musica\/la%80%99evento-jazz-della%80%99anno-bollani-e-rava-sul-palco-di-cassino\/#article\",\"isPartOf\":{\"@id\":\"https:\/\/www.article-marketing.eu\/comunicati\/arte-e-cultura\/musica\/la%80%99evento-jazz-della%80%99anno-bollani-e-rava-sul-palco-di-cassino\/\"},\"author\":{\"name\":\"Redazione Comunicati Stampa\",\"@id\":\"https:\/\/www.article-marketing.eu\/comunicati\/#\/schema\/person\/44372e4d4d0fa797b18e03ed1ace9017\"},\"headline\":\"L\u2019evento jazz dell\u2019anno: Bollani e Rava sul palco di Cassino\",\"datePublished\":\"2010-07-29T09:48:36+00:00\",\"dateModified\":\"2018-07-10T03:25:42+00:00\",\"mainEntityOfPage\":{\"@id\":\"https:\/\/www.article-marketing.eu\/comunicati\/arte-e-cultura\/musica\/la%80%99evento-jazz-della%80%99anno-bollani-e-rava-sul-palco-di-cassino\/\"},\"wordCount\":584,\"commentCount\":0,\"articleSection\":[\"Musica\"],\"inLanguage\":\"it-IT\",\"potentialAction\":[{\"@type\":\"CommentAction\",\"name\":\"Comment\",\"target\":[\"https:\/\/www.article-marketing.eu\/comunicati\/arte-e-cultura\/musica\/la%80%99evento-jazz-della%80%99anno-bollani-e-rava-sul-palco-di-cassino\/#respond\"]}]},{\"@type\":\"WebPage\",\"@id\":\"https:\/\/www.article-marketing.eu\/comunicati\/arte-e-cultura\/musica\/la%80%99evento-jazz-della%80%99anno-bollani-e-rava-sul-palco-di-cassino\/\",\"url\":\"https:\/\/www.article-marketing.eu\/comunicati\/arte-e-cultura\/musica\/la%80%99evento-jazz-della%80%99anno-bollani-e-rava-sul-palco-di-cassino\/\",\"name\":\"L\u2019evento jazz dell\u2019anno: Bollani e Rava sul palco di Cassino - Article Marketing\",\"isPartOf\":{\"@id\":\"https:\/\/www.article-marketing.eu\/comunicati\/#website\"},\"datePublished\":\"2010-07-29T09:48:36+00:00\",\"dateModified\":\"2018-07-10T03:25:42+00:00\",\"author\":{\"@id\":\"https:\/\/www.article-marketing.eu\/comunicati\/#\/schema\/person\/44372e4d4d0fa797b18e03ed1ace9017\"},\"breadcrumb\":{\"@id\":\"https:\/\/www.article-marketing.eu\/comunicati\/arte-e-cultura\/musica\/la%80%99evento-jazz-della%80%99anno-bollani-e-rava-sul-palco-di-cassino\/#breadcrumb\"},\"inLanguage\":\"it-IT\",\"potentialAction\":[{\"@type\":\"ReadAction\",\"target\":[\"https:\/\/www.article-marketing.eu\/comunicati\/arte-e-cultura\/musica\/la%80%99evento-jazz-della%80%99anno-bollani-e-rava-sul-palco-di-cassino\/\"]}]},{\"@type\":\"BreadcrumbList\",\"@id\":\"https:\/\/www.article-marketing.eu\/comunicati\/arte-e-cultura\/musica\/la%80%99evento-jazz-della%80%99anno-bollani-e-rava-sul-palco-di-cassino\/#breadcrumb\",\"itemListElement\":[{\"@type\":\"ListItem\",\"position\":1,\"name\":\"Home\",\"item\":\"https:\/\/www.article-marketing.eu\/comunicati\/\"},{\"@type\":\"ListItem\",\"position\":2,\"name\":\"L\u2019evento jazz dell\u2019anno: Bollani e Rava sul palco di Cassino\"}]},{\"@type\":\"WebSite\",\"@id\":\"https:\/\/www.article-marketing.eu\/comunicati\/#website\",\"url\":\"https:\/\/www.article-marketing.eu\/comunicati\/\",\"name\":\"Article Marketing\",\"description\":\"article marketing &amp; press release\",\"potentialAction\":[{\"@type\":\"SearchAction\",\"target\":{\"@type\":\"EntryPoint\",\"urlTemplate\":\"https:\/\/www.article-marketing.eu\/comunicati\/?s={search_term_string}\"},\"query-input\":{\"@type\":\"PropertyValueSpecification\",\"valueRequired\":true,\"valueName\":\"search_term_string\"}}],\"inLanguage\":\"it-IT\"},{\"@type\":\"Person\",\"@id\":\"https:\/\/www.article-marketing.eu\/comunicati\/#\/schema\/person\/44372e4d4d0fa797b18e03ed1ace9017\",\"name\":\"Redazione Comunicati Stampa\",\"image\":{\"@type\":\"ImageObject\",\"inLanguage\":\"it-IT\",\"@id\":\"https:\/\/www.article-marketing.eu\/comunicati\/#\/schema\/person\/image\/\",\"url\":\"https:\/\/secure.gravatar.com\/avatar\/50e5c6421d3072f42e7ace803501602c60d75233d34e29fd05feb91c8760b792?s=96&d=mm&r=g\",\"contentUrl\":\"https:\/\/secure.gravatar.com\/avatar\/50e5c6421d3072f42e7ace803501602c60d75233d34e29fd05feb91c8760b792?s=96&d=mm&r=g\",\"caption\":\"Redazione Comunicati Stampa\"},\"url\":\"https:\/\/www.article-marketing.eu\/comunicati\/author\/redazione-comunicati-stampa\/\"}]}<\/script>\n<!-- \/ Yoast SEO plugin. -->","yoast_head_json":{"title":"L\u2019evento jazz dell\u2019anno: Bollani e Rava sul palco di Cassino - Article Marketing","robots":{"index":"index","follow":"follow","max-snippet":"max-snippet:-1","max-image-preview":"max-image-preview:large","max-video-preview":"max-video-preview:-1"},"canonical":"https:\/\/www.article-marketing.eu\/comunicati\/arte-e-cultura\/musica\/la??evento-jazz-della??anno-bollani-e-rava-sul-palco-di-cassino\/","og_locale":"it_IT","og_type":"article","og_title":"L\u2019evento jazz dell\u2019anno: Bollani e Rava sul palco di Cassino - Article Marketing","og_description":"Il festival pi\u00f9 importante del panorama jazz italiano si terr\u00e0 dal 16 luglio al 1 agosto tra le citt\u00e0 di Atina e Cassino.","og_url":"https:\/\/www.article-marketing.eu\/comunicati\/arte-e-cultura\/musica\/la??evento-jazz-della??anno-bollani-e-rava-sul-palco-di-cassino\/","og_site_name":"Article Marketing","article_published_time":"2010-07-29T09:48:36+00:00","article_modified_time":"2018-07-10T03:25:42+00:00","author":"Redazione Comunicati Stampa","twitter_card":"summary_large_image","twitter_misc":{"Scritto da":"Redazione Comunicati Stampa","Tempo di lettura stimato":"3 minuti"},"schema":{"@context":"https:\/\/schema.org","@graph":[{"@type":"Article","@id":"https:\/\/www.article-marketing.eu\/comunicati\/arte-e-cultura\/musica\/la%80%99evento-jazz-della%80%99anno-bollani-e-rava-sul-palco-di-cassino\/#article","isPartOf":{"@id":"https:\/\/www.article-marketing.eu\/comunicati\/arte-e-cultura\/musica\/la%80%99evento-jazz-della%80%99anno-bollani-e-rava-sul-palco-di-cassino\/"},"author":{"name":"Redazione Comunicati Stampa","@id":"https:\/\/www.article-marketing.eu\/comunicati\/#\/schema\/person\/44372e4d4d0fa797b18e03ed1ace9017"},"headline":"L\u2019evento jazz dell\u2019anno: Bollani e Rava sul palco di Cassino","datePublished":"2010-07-29T09:48:36+00:00","dateModified":"2018-07-10T03:25:42+00:00","mainEntityOfPage":{"@id":"https:\/\/www.article-marketing.eu\/comunicati\/arte-e-cultura\/musica\/la%80%99evento-jazz-della%80%99anno-bollani-e-rava-sul-palco-di-cassino\/"},"wordCount":584,"commentCount":0,"articleSection":["Musica"],"inLanguage":"it-IT","potentialAction":[{"@type":"CommentAction","name":"Comment","target":["https:\/\/www.article-marketing.eu\/comunicati\/arte-e-cultura\/musica\/la%80%99evento-jazz-della%80%99anno-bollani-e-rava-sul-palco-di-cassino\/#respond"]}]},{"@type":"WebPage","@id":"https:\/\/www.article-marketing.eu\/comunicati\/arte-e-cultura\/musica\/la%80%99evento-jazz-della%80%99anno-bollani-e-rava-sul-palco-di-cassino\/","url":"https:\/\/www.article-marketing.eu\/comunicati\/arte-e-cultura\/musica\/la%80%99evento-jazz-della%80%99anno-bollani-e-rava-sul-palco-di-cassino\/","name":"L\u2019evento jazz dell\u2019anno: Bollani e Rava sul palco di Cassino - Article Marketing","isPartOf":{"@id":"https:\/\/www.article-marketing.eu\/comunicati\/#website"},"datePublished":"2010-07-29T09:48:36+00:00","dateModified":"2018-07-10T03:25:42+00:00","author":{"@id":"https:\/\/www.article-marketing.eu\/comunicati\/#\/schema\/person\/44372e4d4d0fa797b18e03ed1ace9017"},"breadcrumb":{"@id":"https:\/\/www.article-marketing.eu\/comunicati\/arte-e-cultura\/musica\/la%80%99evento-jazz-della%80%99anno-bollani-e-rava-sul-palco-di-cassino\/#breadcrumb"},"inLanguage":"it-IT","potentialAction":[{"@type":"ReadAction","target":["https:\/\/www.article-marketing.eu\/comunicati\/arte-e-cultura\/musica\/la%80%99evento-jazz-della%80%99anno-bollani-e-rava-sul-palco-di-cassino\/"]}]},{"@type":"BreadcrumbList","@id":"https:\/\/www.article-marketing.eu\/comunicati\/arte-e-cultura\/musica\/la%80%99evento-jazz-della%80%99anno-bollani-e-rava-sul-palco-di-cassino\/#breadcrumb","itemListElement":[{"@type":"ListItem","position":1,"name":"Home","item":"https:\/\/www.article-marketing.eu\/comunicati\/"},{"@type":"ListItem","position":2,"name":"L\u2019evento jazz dell\u2019anno: Bollani e Rava sul palco di Cassino"}]},{"@type":"WebSite","@id":"https:\/\/www.article-marketing.eu\/comunicati\/#website","url":"https:\/\/www.article-marketing.eu\/comunicati\/","name":"Article Marketing","description":"article marketing &amp; press release","potentialAction":[{"@type":"SearchAction","target":{"@type":"EntryPoint","urlTemplate":"https:\/\/www.article-marketing.eu\/comunicati\/?s={search_term_string}"},"query-input":{"@type":"PropertyValueSpecification","valueRequired":true,"valueName":"search_term_string"}}],"inLanguage":"it-IT"},{"@type":"Person","@id":"https:\/\/www.article-marketing.eu\/comunicati\/#\/schema\/person\/44372e4d4d0fa797b18e03ed1ace9017","name":"Redazione Comunicati Stampa","image":{"@type":"ImageObject","inLanguage":"it-IT","@id":"https:\/\/www.article-marketing.eu\/comunicati\/#\/schema\/person\/image\/","url":"https:\/\/secure.gravatar.com\/avatar\/50e5c6421d3072f42e7ace803501602c60d75233d34e29fd05feb91c8760b792?s=96&d=mm&r=g","contentUrl":"https:\/\/secure.gravatar.com\/avatar\/50e5c6421d3072f42e7ace803501602c60d75233d34e29fd05feb91c8760b792?s=96&d=mm&r=g","caption":"Redazione Comunicati Stampa"},"url":"https:\/\/www.article-marketing.eu\/comunicati\/author\/redazione-comunicati-stampa\/"}]}},"_links":{"self":[{"href":"https:\/\/www.article-marketing.eu\/comunicati\/wp-json\/wp\/v2\/posts\/6100","targetHints":{"allow":["GET"]}}],"collection":[{"href":"https:\/\/www.article-marketing.eu\/comunicati\/wp-json\/wp\/v2\/posts"}],"about":[{"href":"https:\/\/www.article-marketing.eu\/comunicati\/wp-json\/wp\/v2\/types\/post"}],"author":[{"embeddable":true,"href":"https:\/\/www.article-marketing.eu\/comunicati\/wp-json\/wp\/v2\/users\/10"}],"replies":[{"embeddable":true,"href":"https:\/\/www.article-marketing.eu\/comunicati\/wp-json\/wp\/v2\/comments?post=6100"}],"version-history":[{"count":2,"href":"https:\/\/www.article-marketing.eu\/comunicati\/wp-json\/wp\/v2\/posts\/6100\/revisions"}],"predecessor-version":[{"id":61490,"href":"https:\/\/www.article-marketing.eu\/comunicati\/wp-json\/wp\/v2\/posts\/6100\/revisions\/61490"}],"wp:attachment":[{"href":"https:\/\/www.article-marketing.eu\/comunicati\/wp-json\/wp\/v2\/media?parent=6100"}],"wp:term":[{"taxonomy":"category","embeddable":true,"href":"https:\/\/www.article-marketing.eu\/comunicati\/wp-json\/wp\/v2\/categories?post=6100"},{"taxonomy":"post_tag","embeddable":true,"href":"https:\/\/www.article-marketing.eu\/comunicati\/wp-json\/wp\/v2\/tags?post=6100"}],"curies":[{"name":"wp","href":"https:\/\/api.w.org\/{rel}","templated":true}]}}