{"id":6104,"date":"2010-07-29T13:19:53","date_gmt":"2010-07-29T11:19:53","guid":{"rendered":"http:\/\/www.article-marketing.eu\/comunicati\/senza-categoria\/slamp-i-katalogos-2\/"},"modified":"2010-07-29T13:19:53","modified_gmt":"2010-07-29T11:19:53","slug":"slamp-i-katalogos-2","status":"publish","type":"post","link":"https:\/\/www.article-marketing.eu\/comunicati\/casa\/interni\/slamp-i-katalogos-2\/","title":{"rendered":"Slamp. I Katalogos"},"content":{"rendered":"<p>&lt;!&#8211; \/* Style Definitions *\/ p.MsoNormal, li.MsoNormal, div.MsoNormal \t{mso-style-parent:&#8221;&#8221;; \tmargin:0cm; \tmargin-bottom:.0001pt; \tmso-pagination:widow-orphan; \tfont-size:12.0pt; \tfont-family:&#8221;Times New Roman&#8221;; \tmso-fareast-font-family:&#8221;Times New Roman&#8221;;} @page Section1 \t{size:612.0pt 792.0pt; \tmargin:70.85pt 2.0cm 2.0cm 2.0cm; \tmso-header-margin:36.0pt; \tmso-footer-margin:36.0pt; \tmso-paper-source:0;} div.Section1 \t{page:Section1;} &#8211;&gt; <br \/>Come accennato in precedenza, SLAMP rappresenta una &rdquo;anomalia&rdquo; nel panorama italiano. Ci&ograve; che oggi analizziamo sono i primi cataloghi di prodotto che SLAMP ha elaborato: i KATALOGOS che hanno sostituito i classici cataloghi di lancio prodotti.<br \/>Alla fine degli anni &rsquo;90, nell&rsquo;era della nascita di Napster e di internet, il concetto di consumo stava cambiando. Si faceva strada il pensiero di un consumo diverso, diversificato e on demand. <br \/>SLAMP rispecchia pienamente la necessit&agrave; di riempire di contenuto, oltre che di luce, le proprie creazioni e lo fa a partire dai cataloghi.<br \/>Nel 1997 nasce il primo Katalogos edito dall&rsquo;azienda e destinato a diventare un progetto di comunicazione SLAMP. Non &egrave; n&eacute; un catalogo di prodotti, n&eacute; tanto meno un house organ aziendale.<br \/>Patrizia Scarzella, giornalista e designer, scrivendo di SLAMP dice:<\/p>\n<p>&ldquo;Katalogos &egrave; &ldquo;altro&rdquo;, un collettore ad alta densit&agrave; e intensit&agrave; di idee e progetti nati nel mondo SLAMP e nel pi&ugrave; ampio contesto culturale del design&rdquo;.<\/p>\n<p>La partecipazione dei designer come Walter Garro, Francesco Castiglione Morelli, Riccardo Raco e altri, non si &egrave; limitata alla presentazione dei loro prodotti, ma &egrave; stata elemento decisivo per quanto riguarda le scelte stilistiche, grafiche e contenutistiche.<\/p>\n<p>Sfogliando il Katalogos &egrave; immediata la fusione di elementi grafico &ndash; testuali che per&ograve;, sapientemente miscelati, non mettono ombra sulle creazioni SLAMP che dominano s&igrave;, ma con discrezione, gli ambienti pi&ugrave; diversificati donandogli carattere e atmosfera.<br \/>La ricchezza culturale che traspare dal Katalogos altro non &egrave; che una trasposizione linguistica e iconografica del BRAND SLAMP.<\/p>\n<p>&ldquo;Non era semplice trasmettere i nostri valori attraverso un mezzo commerciale quale pu&ograve; essere un catalogo; avevamo e continuiamo ad avere la necessit&agrave; di comunicare con i nostri clienti\/lettori, intesi come interpreti delle nostre realizzazioni e non soltanto come consumatori. &Egrave; da qui che abbiamo pensato ai Katalogos&rdquo;.<br \/>Queste le parole di Ziliani, AD SLAMP, che ha curato in prima persona tutto il progetto.<\/p>\n<p>Slamp si ripropone come azienda di design attenta alle tendenze, ma soprattutto attenta ai significati culturali di ci&ograve; che produce&hellip; Senza mai assecondare il desiderio di trasmettere i propri valori attraverso creazioni che risultano uniche nel proprio genere.<\/p>\n<p>Come sempre, vi inviatiamo a seguirci sul sito www.slamp.it e sui social network piu importanti come facebook e twitter.<\/p>\n","protected":false},"excerpt":{"rendered":"<p>Ripercorriamo la storia di Slamp fin dagli inizi, passando per i primi lavori importanti e riconoscibili: I Katalogos, collettori ad alta densit\u00e0 un collettore ad alta densit\u00e0 e intensit\u00e0 di idee e progetti nati nel mondo SLAMP e nel pi\u00f9 ampio contesto culturale del designe intensit\u00e0 di idee e progetti nati nel mondo SLAMP e nel pi\u00f9 ampio contesto culturale del design<\/p>\n","protected":false},"author":10,"featured_media":0,"comment_status":"open","ping_status":"open","sticky":false,"template":"","format":"standard","meta":{"cybocfi_hide_featured_image":"","footnotes":""},"categories":[574],"tags":[4643,5770,11766,16461,9135,9141],"class_list":["post-6104","post","type-post","status-publish","format-standard","hentry","category-interni","tag-arredamento-interni","tag-illuminazione","tag-lampade","tag-lampade-decorative","tag-lampade-design","tag-lampade-moderne"],"yoast_head":"<!-- This site is optimized with the Yoast SEO plugin v27.0 - https:\/\/yoast.com\/product\/yoast-seo-wordpress\/ -->\n<title>Slamp. I Katalogos - Article Marketing<\/title>\n<meta name=\"robots\" content=\"index, follow, max-snippet:-1, max-image-preview:large, max-video-preview:-1\" \/>\n<link rel=\"canonical\" href=\"https:\/\/www.article-marketing.eu\/comunicati\/casa\/interni\/slamp-i-katalogos-2\/\" \/>\n<meta property=\"og:locale\" content=\"it_IT\" \/>\n<meta property=\"og:type\" content=\"article\" \/>\n<meta property=\"og:title\" content=\"Slamp. I Katalogos - Article Marketing\" \/>\n<meta property=\"og:description\" content=\"Ripercorriamo la storia di Slamp fin dagli inizi, passando per i primi lavori importanti e riconoscibili: I Katalogos, collettori ad alta densit\u00e0 un collettore ad alta densit\u00e0 e intensit\u00e0 di idee e progetti nati nel mondo SLAMP e nel pi\u00f9 ampio contesto culturale del designe intensit\u00e0 di idee e progetti nati nel mondo SLAMP e nel pi\u00f9 ampio contesto culturale del design\" \/>\n<meta property=\"og:url\" content=\"https:\/\/www.article-marketing.eu\/comunicati\/casa\/interni\/slamp-i-katalogos-2\/\" \/>\n<meta property=\"og:site_name\" content=\"Article Marketing\" \/>\n<meta property=\"article:published_time\" content=\"2010-07-29T11:19:53+00:00\" \/>\n<meta name=\"author\" content=\"Redazione Comunicati Stampa\" \/>\n<meta name=\"twitter:card\" content=\"summary_large_image\" \/>\n<meta name=\"twitter:label1\" content=\"Scritto da\" \/>\n\t<meta name=\"twitter:data1\" content=\"Redazione Comunicati Stampa\" \/>\n\t<meta name=\"twitter:label2\" content=\"Tempo di lettura stimato\" \/>\n\t<meta name=\"twitter:data2\" content=\"2 minuti\" \/>\n<script type=\"application\/ld+json\" class=\"yoast-schema-graph\">{\"@context\":\"https:\/\/schema.org\",\"@graph\":[{\"@type\":\"Article\",\"@id\":\"https:\/\/www.article-marketing.eu\/comunicati\/casa\/interni\/slamp-i-katalogos-2\/#article\",\"isPartOf\":{\"@id\":\"https:\/\/www.article-marketing.eu\/comunicati\/casa\/interni\/slamp-i-katalogos-2\/\"},\"author\":{\"name\":\"Redazione Comunicati Stampa\",\"@id\":\"https:\/\/www.article-marketing.eu\/comunicati\/#\/schema\/person\/44372e4d4d0fa797b18e03ed1ace9017\"},\"headline\":\"Slamp. I Katalogos\",\"datePublished\":\"2010-07-29T11:19:53+00:00\",\"mainEntityOfPage\":{\"@id\":\"https:\/\/www.article-marketing.eu\/comunicati\/casa\/interni\/slamp-i-katalogos-2\/\"},\"wordCount\":449,\"commentCount\":0,\"keywords\":[\"arredamento interni\",\"illuminazione\",\"lampade\",\"lampade decorative\",\"lampade design\",\"lampade moderne\"],\"articleSection\":[\"Interni\"],\"inLanguage\":\"it-IT\",\"potentialAction\":[{\"@type\":\"CommentAction\",\"name\":\"Comment\",\"target\":[\"https:\/\/www.article-marketing.eu\/comunicati\/casa\/interni\/slamp-i-katalogos-2\/#respond\"]}]},{\"@type\":\"WebPage\",\"@id\":\"https:\/\/www.article-marketing.eu\/comunicati\/casa\/interni\/slamp-i-katalogos-2\/\",\"url\":\"https:\/\/www.article-marketing.eu\/comunicati\/casa\/interni\/slamp-i-katalogos-2\/\",\"name\":\"Slamp. I Katalogos - Article Marketing\",\"isPartOf\":{\"@id\":\"https:\/\/www.article-marketing.eu\/comunicati\/#website\"},\"datePublished\":\"2010-07-29T11:19:53+00:00\",\"author\":{\"@id\":\"https:\/\/www.article-marketing.eu\/comunicati\/#\/schema\/person\/44372e4d4d0fa797b18e03ed1ace9017\"},\"breadcrumb\":{\"@id\":\"https:\/\/www.article-marketing.eu\/comunicati\/casa\/interni\/slamp-i-katalogos-2\/#breadcrumb\"},\"inLanguage\":\"it-IT\",\"potentialAction\":[{\"@type\":\"ReadAction\",\"target\":[\"https:\/\/www.article-marketing.eu\/comunicati\/casa\/interni\/slamp-i-katalogos-2\/\"]}]},{\"@type\":\"BreadcrumbList\",\"@id\":\"https:\/\/www.article-marketing.eu\/comunicati\/casa\/interni\/slamp-i-katalogos-2\/#breadcrumb\",\"itemListElement\":[{\"@type\":\"ListItem\",\"position\":1,\"name\":\"Home\",\"item\":\"https:\/\/www.article-marketing.eu\/comunicati\/\"},{\"@type\":\"ListItem\",\"position\":2,\"name\":\"Slamp. I Katalogos\"}]},{\"@type\":\"WebSite\",\"@id\":\"https:\/\/www.article-marketing.eu\/comunicati\/#website\",\"url\":\"https:\/\/www.article-marketing.eu\/comunicati\/\",\"name\":\"Article Marketing\",\"description\":\"article marketing &amp; press release\",\"potentialAction\":[{\"@type\":\"SearchAction\",\"target\":{\"@type\":\"EntryPoint\",\"urlTemplate\":\"https:\/\/www.article-marketing.eu\/comunicati\/?s={search_term_string}\"},\"query-input\":{\"@type\":\"PropertyValueSpecification\",\"valueRequired\":true,\"valueName\":\"search_term_string\"}}],\"inLanguage\":\"it-IT\"},{\"@type\":\"Person\",\"@id\":\"https:\/\/www.article-marketing.eu\/comunicati\/#\/schema\/person\/44372e4d4d0fa797b18e03ed1ace9017\",\"name\":\"Redazione Comunicati Stampa\",\"image\":{\"@type\":\"ImageObject\",\"inLanguage\":\"it-IT\",\"@id\":\"https:\/\/www.article-marketing.eu\/comunicati\/#\/schema\/person\/image\/\",\"url\":\"https:\/\/secure.gravatar.com\/avatar\/50e5c6421d3072f42e7ace803501602c60d75233d34e29fd05feb91c8760b792?s=96&d=mm&r=g\",\"contentUrl\":\"https:\/\/secure.gravatar.com\/avatar\/50e5c6421d3072f42e7ace803501602c60d75233d34e29fd05feb91c8760b792?s=96&d=mm&r=g\",\"caption\":\"Redazione Comunicati Stampa\"},\"url\":\"https:\/\/www.article-marketing.eu\/comunicati\/author\/redazione-comunicati-stampa\/\"}]}<\/script>\n<!-- \/ Yoast SEO plugin. -->","yoast_head_json":{"title":"Slamp. I Katalogos - Article Marketing","robots":{"index":"index","follow":"follow","max-snippet":"max-snippet:-1","max-image-preview":"max-image-preview:large","max-video-preview":"max-video-preview:-1"},"canonical":"https:\/\/www.article-marketing.eu\/comunicati\/casa\/interni\/slamp-i-katalogos-2\/","og_locale":"it_IT","og_type":"article","og_title":"Slamp. I Katalogos - Article Marketing","og_description":"Ripercorriamo la storia di Slamp fin dagli inizi, passando per i primi lavori importanti e riconoscibili: I Katalogos, collettori ad alta densit\u00e0 un collettore ad alta densit\u00e0 e intensit\u00e0 di idee e progetti nati nel mondo SLAMP e nel pi\u00f9 ampio contesto culturale del designe intensit\u00e0 di idee e progetti nati nel mondo SLAMP e nel pi\u00f9 ampio contesto culturale del design","og_url":"https:\/\/www.article-marketing.eu\/comunicati\/casa\/interni\/slamp-i-katalogos-2\/","og_site_name":"Article Marketing","article_published_time":"2010-07-29T11:19:53+00:00","author":"Redazione Comunicati Stampa","twitter_card":"summary_large_image","twitter_misc":{"Scritto da":"Redazione Comunicati Stampa","Tempo di lettura stimato":"2 minuti"},"schema":{"@context":"https:\/\/schema.org","@graph":[{"@type":"Article","@id":"https:\/\/www.article-marketing.eu\/comunicati\/casa\/interni\/slamp-i-katalogos-2\/#article","isPartOf":{"@id":"https:\/\/www.article-marketing.eu\/comunicati\/casa\/interni\/slamp-i-katalogos-2\/"},"author":{"name":"Redazione Comunicati Stampa","@id":"https:\/\/www.article-marketing.eu\/comunicati\/#\/schema\/person\/44372e4d4d0fa797b18e03ed1ace9017"},"headline":"Slamp. I Katalogos","datePublished":"2010-07-29T11:19:53+00:00","mainEntityOfPage":{"@id":"https:\/\/www.article-marketing.eu\/comunicati\/casa\/interni\/slamp-i-katalogos-2\/"},"wordCount":449,"commentCount":0,"keywords":["arredamento interni","illuminazione","lampade","lampade decorative","lampade design","lampade moderne"],"articleSection":["Interni"],"inLanguage":"it-IT","potentialAction":[{"@type":"CommentAction","name":"Comment","target":["https:\/\/www.article-marketing.eu\/comunicati\/casa\/interni\/slamp-i-katalogos-2\/#respond"]}]},{"@type":"WebPage","@id":"https:\/\/www.article-marketing.eu\/comunicati\/casa\/interni\/slamp-i-katalogos-2\/","url":"https:\/\/www.article-marketing.eu\/comunicati\/casa\/interni\/slamp-i-katalogos-2\/","name":"Slamp. I Katalogos - Article Marketing","isPartOf":{"@id":"https:\/\/www.article-marketing.eu\/comunicati\/#website"},"datePublished":"2010-07-29T11:19:53+00:00","author":{"@id":"https:\/\/www.article-marketing.eu\/comunicati\/#\/schema\/person\/44372e4d4d0fa797b18e03ed1ace9017"},"breadcrumb":{"@id":"https:\/\/www.article-marketing.eu\/comunicati\/casa\/interni\/slamp-i-katalogos-2\/#breadcrumb"},"inLanguage":"it-IT","potentialAction":[{"@type":"ReadAction","target":["https:\/\/www.article-marketing.eu\/comunicati\/casa\/interni\/slamp-i-katalogos-2\/"]}]},{"@type":"BreadcrumbList","@id":"https:\/\/www.article-marketing.eu\/comunicati\/casa\/interni\/slamp-i-katalogos-2\/#breadcrumb","itemListElement":[{"@type":"ListItem","position":1,"name":"Home","item":"https:\/\/www.article-marketing.eu\/comunicati\/"},{"@type":"ListItem","position":2,"name":"Slamp. I Katalogos"}]},{"@type":"WebSite","@id":"https:\/\/www.article-marketing.eu\/comunicati\/#website","url":"https:\/\/www.article-marketing.eu\/comunicati\/","name":"Article Marketing","description":"article marketing &amp; press release","potentialAction":[{"@type":"SearchAction","target":{"@type":"EntryPoint","urlTemplate":"https:\/\/www.article-marketing.eu\/comunicati\/?s={search_term_string}"},"query-input":{"@type":"PropertyValueSpecification","valueRequired":true,"valueName":"search_term_string"}}],"inLanguage":"it-IT"},{"@type":"Person","@id":"https:\/\/www.article-marketing.eu\/comunicati\/#\/schema\/person\/44372e4d4d0fa797b18e03ed1ace9017","name":"Redazione Comunicati Stampa","image":{"@type":"ImageObject","inLanguage":"it-IT","@id":"https:\/\/www.article-marketing.eu\/comunicati\/#\/schema\/person\/image\/","url":"https:\/\/secure.gravatar.com\/avatar\/50e5c6421d3072f42e7ace803501602c60d75233d34e29fd05feb91c8760b792?s=96&d=mm&r=g","contentUrl":"https:\/\/secure.gravatar.com\/avatar\/50e5c6421d3072f42e7ace803501602c60d75233d34e29fd05feb91c8760b792?s=96&d=mm&r=g","caption":"Redazione Comunicati Stampa"},"url":"https:\/\/www.article-marketing.eu\/comunicati\/author\/redazione-comunicati-stampa\/"}]}},"_links":{"self":[{"href":"https:\/\/www.article-marketing.eu\/comunicati\/wp-json\/wp\/v2\/posts\/6104","targetHints":{"allow":["GET"]}}],"collection":[{"href":"https:\/\/www.article-marketing.eu\/comunicati\/wp-json\/wp\/v2\/posts"}],"about":[{"href":"https:\/\/www.article-marketing.eu\/comunicati\/wp-json\/wp\/v2\/types\/post"}],"author":[{"embeddable":true,"href":"https:\/\/www.article-marketing.eu\/comunicati\/wp-json\/wp\/v2\/users\/10"}],"replies":[{"embeddable":true,"href":"https:\/\/www.article-marketing.eu\/comunicati\/wp-json\/wp\/v2\/comments?post=6104"}],"version-history":[{"count":0,"href":"https:\/\/www.article-marketing.eu\/comunicati\/wp-json\/wp\/v2\/posts\/6104\/revisions"}],"wp:attachment":[{"href":"https:\/\/www.article-marketing.eu\/comunicati\/wp-json\/wp\/v2\/media?parent=6104"}],"wp:term":[{"taxonomy":"category","embeddable":true,"href":"https:\/\/www.article-marketing.eu\/comunicati\/wp-json\/wp\/v2\/categories?post=6104"},{"taxonomy":"post_tag","embeddable":true,"href":"https:\/\/www.article-marketing.eu\/comunicati\/wp-json\/wp\/v2\/tags?post=6104"}],"curies":[{"name":"wp","href":"https:\/\/api.w.org\/{rel}","templated":true}]}}