{"id":614,"date":"2008-09-08T14:46:24","date_gmt":"2008-09-08T12:46:24","guid":{"rendered":"http:\/\/www.article-marketing.eu\/comunicati\/senza-categoria\/siglata-una-joint-venture-tra-inprogest-spa-e-solar-integrated-technologies\/"},"modified":"2008-09-08T14:46:24","modified_gmt":"2008-09-08T12:46:24","slug":"siglata-una-joint-venture-tra-inprogest-spa-e-solar-integrated-technologies","status":"publish","type":"post","link":"https:\/\/www.article-marketing.eu\/comunicati\/ambiente\/fonti-rinnovabili\/siglata-una-joint-venture-tra-inprogest-spa-e-solar-integrated-technologies\/","title":{"rendered":"Siglata una joint venture tra Inprogest SpA e Solar Integrated Technologies"},"content":{"rendered":"<p>La Inprogest SpA, leader nel settore energetico in Italia, e la Solar Integrated Technologies GmbH, una societ\u00e0 per la produzione, vendita e installazione di tetti solari in tutta Europa hanno firmato un accordo per la realizzazione in joint venture di un impianto fotovoltaico da installare sulle coperture di capannoni industriali, edifici residenziali e simili.<br \/>\nLa fornitura, formata da un film sottile di silicio amorfo, mod. SI &#8211; M2 288, con una potenza di circa 10 MW, \u00e8 una bella conquista se si considera che le dotazioni passate della Solar Integrated a Francia e Spagna non hanno superato i 6 MW. La realizzazione del progetto \u00e8 contemplata nel triennio 2009\/2011 partendo gi\u00e0 dal 2008 e consacra la Inprogest SpA come azienda dinamica, costantemente al passo con le esigenze del mercato e leader nel settore della produzione di energia alternativa.<br \/>\nQuesto progetto d\u00e0 la possibilit\u00e0 alla Inprogest di dare vita ad impianti fotovoltaici dalla tecnologia innovativa. L&#8217;istallazione, infatti, sar\u00e0 costituita da pannelli di nuova generazione, montati come componente di una membrana poliolefinica, flessibile e impermeabile. Tale peculiarit\u00e0 rende l&#8217;impianto altamente efficiente in qualunque tipo di condizione meteorologica, con un rendimento  energetico solare che raggiunge il suo massimo durante i mesi estivi.<br \/>\n<br \/>\nInprogest SpA nasce a Roma nel 1987, all\u2019interno del Gruppo Abbondanza, come societ\u00e0 di ingegneria per operare principalmente nel settore degli appalti pubblici. Inprogest si \u00e8 confermata nel corso della sua storia come un\u2019azienda dinamica, innovativa, costantemente al passo con le esigenze del mercato e le nuove opportunit\u00e0 di business;ha gradualmente diversificato la propria attivit\u00e0 fino ad affermarsi sul mercato come azienda leader nella progettazione e costruzione di autorimesse interrate di tipo tradizionale o meccanizzato, in regime di diritto di superficie ai sensi della legge 122\/89, riuscendo a sviluppare, per la prima volta in questo settore, una perfetta sinergia tra amministrazione pubblica, imprenditoria e capitale privato. Inprogest SpA, con i suoi oltre 18.000 box, ha contribuito in maniera determinante a diffondere nella citt\u00e0 di Roma, attraverso proprie iniziative promozionali, quella che oggi viene definita la cultura del parcheggio. In particolare per il Comune di Roma la Inprogest si \u00e8 resa interprete di numerose iniziative finalizzate alla ristrutturazione e riqualificazione dei mercati rionali della citt\u00e0 di Roma come quello gi\u00e0 realizzato in L.go della Primavera ed in Via Conti ed in corso di realizzazione in Via Andrea Doria o P.zza Epiro: l\u2019iniziativa si propone di dare nuovo respiro ai vecchi mercati riqualificandoli funzionalmente ed esteticamente, di creare nuovi parcheggi a servizio del mercato e dell\u2019intero quartiere e di realizzare nuovi spazi per gli esercizi commerciali e gli uffici amministrativi. Il Know How sviluppato nella progettazione dei parcheggi interrati e pi\u00f9 in generale per la risoluzione dei problemi di sosta fa della Inprogest un punto di riferimento per tutti gli operatori del settore.<\/p>\n","protected":false},"excerpt":{"rendered":"<p>La Inprogest SpA, leader nel settore energetico in Italia, e la Solar Integrated Technologies GmbH, una societ\u00e0 per la produzione, vendita e installazione di tetti solari in tutta Europa hanno firmato un accordo per la realizzazione in joint venture di un impianto fotovoltaico da installare sulle coperture di capannoni industriali, edifici residenziali e simili.<\/p>\n","protected":false},"author":10,"featured_media":0,"comment_status":"open","ping_status":"open","sticky":false,"template":"","format":"standard","meta":{"cybocfi_hide_featured_image":"","footnotes":""},"categories":[112],"tags":[1823,2172,2171],"class_list":["post-614","post","type-post","status-publish","format-standard","hentry","category-fonti-rinnovabili","tag-fotovoltaico","tag-inprogest","tag-tetti-solari"],"yoast_head":"<!-- This site is optimized with the Yoast SEO plugin v27.0 - https:\/\/yoast.com\/product\/yoast-seo-wordpress\/ -->\n<title>Siglata una joint venture tra Inprogest SpA e Solar Integrated Technologies - Article Marketing<\/title>\n<meta name=\"robots\" content=\"index, follow, max-snippet:-1, max-image-preview:large, max-video-preview:-1\" \/>\n<link rel=\"canonical\" href=\"https:\/\/www.article-marketing.eu\/comunicati\/ambiente\/fonti-rinnovabili\/siglata-una-joint-venture-tra-inprogest-spa-e-solar-integrated-technologies\/\" \/>\n<meta property=\"og:locale\" content=\"it_IT\" \/>\n<meta property=\"og:type\" content=\"article\" \/>\n<meta property=\"og:title\" content=\"Siglata una joint venture tra Inprogest SpA e Solar Integrated Technologies - Article Marketing\" \/>\n<meta property=\"og:description\" content=\"La Inprogest SpA, leader nel settore energetico in Italia, e la Solar Integrated Technologies GmbH, una societ\u00e0 per la produzione, vendita e installazione di tetti solari in tutta Europa hanno firmato un accordo per la realizzazione in joint venture di un impianto fotovoltaico da installare sulle coperture di capannoni industriali, edifici residenziali e simili.\" \/>\n<meta property=\"og:url\" content=\"https:\/\/www.article-marketing.eu\/comunicati\/ambiente\/fonti-rinnovabili\/siglata-una-joint-venture-tra-inprogest-spa-e-solar-integrated-technologies\/\" \/>\n<meta property=\"og:site_name\" content=\"Article Marketing\" \/>\n<meta property=\"article:published_time\" content=\"2008-09-08T12:46:24+00:00\" \/>\n<meta name=\"author\" content=\"Redazione Comunicati Stampa\" \/>\n<meta name=\"twitter:card\" content=\"summary_large_image\" \/>\n<meta name=\"twitter:label1\" content=\"Scritto da\" \/>\n\t<meta name=\"twitter:data1\" content=\"Redazione Comunicati Stampa\" \/>\n\t<meta name=\"twitter:label2\" content=\"Tempo di lettura stimato\" \/>\n\t<meta name=\"twitter:data2\" content=\"2 minuti\" \/>\n<script type=\"application\/ld+json\" class=\"yoast-schema-graph\">{\"@context\":\"https:\/\/schema.org\",\"@graph\":[{\"@type\":\"Article\",\"@id\":\"https:\/\/www.article-marketing.eu\/comunicati\/ambiente\/fonti-rinnovabili\/siglata-una-joint-venture-tra-inprogest-spa-e-solar-integrated-technologies\/#article\",\"isPartOf\":{\"@id\":\"https:\/\/www.article-marketing.eu\/comunicati\/ambiente\/fonti-rinnovabili\/siglata-una-joint-venture-tra-inprogest-spa-e-solar-integrated-technologies\/\"},\"author\":{\"name\":\"Redazione Comunicati Stampa\",\"@id\":\"https:\/\/www.article-marketing.eu\/comunicati\/#\/schema\/person\/44372e4d4d0fa797b18e03ed1ace9017\"},\"headline\":\"Siglata una joint venture tra Inprogest SpA e Solar Integrated Technologies\",\"datePublished\":\"2008-09-08T12:46:24+00:00\",\"mainEntityOfPage\":{\"@id\":\"https:\/\/www.article-marketing.eu\/comunicati\/ambiente\/fonti-rinnovabili\/siglata-una-joint-venture-tra-inprogest-spa-e-solar-integrated-technologies\/\"},\"wordCount\":466,\"commentCount\":0,\"keywords\":[\"fotovoltaico\",\"INPROGEST\",\"TETTI SOLARI\"],\"articleSection\":[\"Fonti rinnovabili\"],\"inLanguage\":\"it-IT\",\"potentialAction\":[{\"@type\":\"CommentAction\",\"name\":\"Comment\",\"target\":[\"https:\/\/www.article-marketing.eu\/comunicati\/ambiente\/fonti-rinnovabili\/siglata-una-joint-venture-tra-inprogest-spa-e-solar-integrated-technologies\/#respond\"]}]},{\"@type\":\"WebPage\",\"@id\":\"https:\/\/www.article-marketing.eu\/comunicati\/ambiente\/fonti-rinnovabili\/siglata-una-joint-venture-tra-inprogest-spa-e-solar-integrated-technologies\/\",\"url\":\"https:\/\/www.article-marketing.eu\/comunicati\/ambiente\/fonti-rinnovabili\/siglata-una-joint-venture-tra-inprogest-spa-e-solar-integrated-technologies\/\",\"name\":\"Siglata una joint venture tra Inprogest SpA e Solar Integrated Technologies - Article Marketing\",\"isPartOf\":{\"@id\":\"https:\/\/www.article-marketing.eu\/comunicati\/#website\"},\"datePublished\":\"2008-09-08T12:46:24+00:00\",\"author\":{\"@id\":\"https:\/\/www.article-marketing.eu\/comunicati\/#\/schema\/person\/44372e4d4d0fa797b18e03ed1ace9017\"},\"breadcrumb\":{\"@id\":\"https:\/\/www.article-marketing.eu\/comunicati\/ambiente\/fonti-rinnovabili\/siglata-una-joint-venture-tra-inprogest-spa-e-solar-integrated-technologies\/#breadcrumb\"},\"inLanguage\":\"it-IT\",\"potentialAction\":[{\"@type\":\"ReadAction\",\"target\":[\"https:\/\/www.article-marketing.eu\/comunicati\/ambiente\/fonti-rinnovabili\/siglata-una-joint-venture-tra-inprogest-spa-e-solar-integrated-technologies\/\"]}]},{\"@type\":\"BreadcrumbList\",\"@id\":\"https:\/\/www.article-marketing.eu\/comunicati\/ambiente\/fonti-rinnovabili\/siglata-una-joint-venture-tra-inprogest-spa-e-solar-integrated-technologies\/#breadcrumb\",\"itemListElement\":[{\"@type\":\"ListItem\",\"position\":1,\"name\":\"Home\",\"item\":\"https:\/\/www.article-marketing.eu\/comunicati\/\"},{\"@type\":\"ListItem\",\"position\":2,\"name\":\"Siglata una joint venture tra Inprogest SpA e Solar Integrated Technologies\"}]},{\"@type\":\"WebSite\",\"@id\":\"https:\/\/www.article-marketing.eu\/comunicati\/#website\",\"url\":\"https:\/\/www.article-marketing.eu\/comunicati\/\",\"name\":\"Article Marketing\",\"description\":\"article marketing &amp; press release\",\"potentialAction\":[{\"@type\":\"SearchAction\",\"target\":{\"@type\":\"EntryPoint\",\"urlTemplate\":\"https:\/\/www.article-marketing.eu\/comunicati\/?s={search_term_string}\"},\"query-input\":{\"@type\":\"PropertyValueSpecification\",\"valueRequired\":true,\"valueName\":\"search_term_string\"}}],\"inLanguage\":\"it-IT\"},{\"@type\":\"Person\",\"@id\":\"https:\/\/www.article-marketing.eu\/comunicati\/#\/schema\/person\/44372e4d4d0fa797b18e03ed1ace9017\",\"name\":\"Redazione Comunicati Stampa\",\"image\":{\"@type\":\"ImageObject\",\"inLanguage\":\"it-IT\",\"@id\":\"https:\/\/www.article-marketing.eu\/comunicati\/#\/schema\/person\/image\/\",\"url\":\"https:\/\/secure.gravatar.com\/avatar\/50e5c6421d3072f42e7ace803501602c60d75233d34e29fd05feb91c8760b792?s=96&d=mm&r=g\",\"contentUrl\":\"https:\/\/secure.gravatar.com\/avatar\/50e5c6421d3072f42e7ace803501602c60d75233d34e29fd05feb91c8760b792?s=96&d=mm&r=g\",\"caption\":\"Redazione Comunicati Stampa\"},\"url\":\"https:\/\/www.article-marketing.eu\/comunicati\/author\/redazione-comunicati-stampa\/\"}]}<\/script>\n<!-- \/ Yoast SEO plugin. -->","yoast_head_json":{"title":"Siglata una joint venture tra Inprogest SpA e Solar Integrated Technologies - Article Marketing","robots":{"index":"index","follow":"follow","max-snippet":"max-snippet:-1","max-image-preview":"max-image-preview:large","max-video-preview":"max-video-preview:-1"},"canonical":"https:\/\/www.article-marketing.eu\/comunicati\/ambiente\/fonti-rinnovabili\/siglata-una-joint-venture-tra-inprogest-spa-e-solar-integrated-technologies\/","og_locale":"it_IT","og_type":"article","og_title":"Siglata una joint venture tra Inprogest SpA e Solar Integrated Technologies - Article Marketing","og_description":"La Inprogest SpA, leader nel settore energetico in Italia, e la Solar Integrated Technologies GmbH, una societ\u00e0 per la produzione, vendita e installazione di tetti solari in tutta Europa hanno firmato un accordo per la realizzazione in joint venture di un impianto fotovoltaico da installare sulle coperture di capannoni industriali, edifici residenziali e simili.","og_url":"https:\/\/www.article-marketing.eu\/comunicati\/ambiente\/fonti-rinnovabili\/siglata-una-joint-venture-tra-inprogest-spa-e-solar-integrated-technologies\/","og_site_name":"Article Marketing","article_published_time":"2008-09-08T12:46:24+00:00","author":"Redazione Comunicati Stampa","twitter_card":"summary_large_image","twitter_misc":{"Scritto da":"Redazione Comunicati Stampa","Tempo di lettura stimato":"2 minuti"},"schema":{"@context":"https:\/\/schema.org","@graph":[{"@type":"Article","@id":"https:\/\/www.article-marketing.eu\/comunicati\/ambiente\/fonti-rinnovabili\/siglata-una-joint-venture-tra-inprogest-spa-e-solar-integrated-technologies\/#article","isPartOf":{"@id":"https:\/\/www.article-marketing.eu\/comunicati\/ambiente\/fonti-rinnovabili\/siglata-una-joint-venture-tra-inprogest-spa-e-solar-integrated-technologies\/"},"author":{"name":"Redazione Comunicati Stampa","@id":"https:\/\/www.article-marketing.eu\/comunicati\/#\/schema\/person\/44372e4d4d0fa797b18e03ed1ace9017"},"headline":"Siglata una joint venture tra Inprogest SpA e Solar Integrated Technologies","datePublished":"2008-09-08T12:46:24+00:00","mainEntityOfPage":{"@id":"https:\/\/www.article-marketing.eu\/comunicati\/ambiente\/fonti-rinnovabili\/siglata-una-joint-venture-tra-inprogest-spa-e-solar-integrated-technologies\/"},"wordCount":466,"commentCount":0,"keywords":["fotovoltaico","INPROGEST","TETTI SOLARI"],"articleSection":["Fonti rinnovabili"],"inLanguage":"it-IT","potentialAction":[{"@type":"CommentAction","name":"Comment","target":["https:\/\/www.article-marketing.eu\/comunicati\/ambiente\/fonti-rinnovabili\/siglata-una-joint-venture-tra-inprogest-spa-e-solar-integrated-technologies\/#respond"]}]},{"@type":"WebPage","@id":"https:\/\/www.article-marketing.eu\/comunicati\/ambiente\/fonti-rinnovabili\/siglata-una-joint-venture-tra-inprogest-spa-e-solar-integrated-technologies\/","url":"https:\/\/www.article-marketing.eu\/comunicati\/ambiente\/fonti-rinnovabili\/siglata-una-joint-venture-tra-inprogest-spa-e-solar-integrated-technologies\/","name":"Siglata una joint venture tra Inprogest SpA e Solar Integrated Technologies - Article Marketing","isPartOf":{"@id":"https:\/\/www.article-marketing.eu\/comunicati\/#website"},"datePublished":"2008-09-08T12:46:24+00:00","author":{"@id":"https:\/\/www.article-marketing.eu\/comunicati\/#\/schema\/person\/44372e4d4d0fa797b18e03ed1ace9017"},"breadcrumb":{"@id":"https:\/\/www.article-marketing.eu\/comunicati\/ambiente\/fonti-rinnovabili\/siglata-una-joint-venture-tra-inprogest-spa-e-solar-integrated-technologies\/#breadcrumb"},"inLanguage":"it-IT","potentialAction":[{"@type":"ReadAction","target":["https:\/\/www.article-marketing.eu\/comunicati\/ambiente\/fonti-rinnovabili\/siglata-una-joint-venture-tra-inprogest-spa-e-solar-integrated-technologies\/"]}]},{"@type":"BreadcrumbList","@id":"https:\/\/www.article-marketing.eu\/comunicati\/ambiente\/fonti-rinnovabili\/siglata-una-joint-venture-tra-inprogest-spa-e-solar-integrated-technologies\/#breadcrumb","itemListElement":[{"@type":"ListItem","position":1,"name":"Home","item":"https:\/\/www.article-marketing.eu\/comunicati\/"},{"@type":"ListItem","position":2,"name":"Siglata una joint venture tra Inprogest SpA e Solar Integrated Technologies"}]},{"@type":"WebSite","@id":"https:\/\/www.article-marketing.eu\/comunicati\/#website","url":"https:\/\/www.article-marketing.eu\/comunicati\/","name":"Article Marketing","description":"article marketing &amp; press release","potentialAction":[{"@type":"SearchAction","target":{"@type":"EntryPoint","urlTemplate":"https:\/\/www.article-marketing.eu\/comunicati\/?s={search_term_string}"},"query-input":{"@type":"PropertyValueSpecification","valueRequired":true,"valueName":"search_term_string"}}],"inLanguage":"it-IT"},{"@type":"Person","@id":"https:\/\/www.article-marketing.eu\/comunicati\/#\/schema\/person\/44372e4d4d0fa797b18e03ed1ace9017","name":"Redazione Comunicati Stampa","image":{"@type":"ImageObject","inLanguage":"it-IT","@id":"https:\/\/www.article-marketing.eu\/comunicati\/#\/schema\/person\/image\/","url":"https:\/\/secure.gravatar.com\/avatar\/50e5c6421d3072f42e7ace803501602c60d75233d34e29fd05feb91c8760b792?s=96&d=mm&r=g","contentUrl":"https:\/\/secure.gravatar.com\/avatar\/50e5c6421d3072f42e7ace803501602c60d75233d34e29fd05feb91c8760b792?s=96&d=mm&r=g","caption":"Redazione Comunicati Stampa"},"url":"https:\/\/www.article-marketing.eu\/comunicati\/author\/redazione-comunicati-stampa\/"}]}},"_links":{"self":[{"href":"https:\/\/www.article-marketing.eu\/comunicati\/wp-json\/wp\/v2\/posts\/614","targetHints":{"allow":["GET"]}}],"collection":[{"href":"https:\/\/www.article-marketing.eu\/comunicati\/wp-json\/wp\/v2\/posts"}],"about":[{"href":"https:\/\/www.article-marketing.eu\/comunicati\/wp-json\/wp\/v2\/types\/post"}],"author":[{"embeddable":true,"href":"https:\/\/www.article-marketing.eu\/comunicati\/wp-json\/wp\/v2\/users\/10"}],"replies":[{"embeddable":true,"href":"https:\/\/www.article-marketing.eu\/comunicati\/wp-json\/wp\/v2\/comments?post=614"}],"version-history":[{"count":0,"href":"https:\/\/www.article-marketing.eu\/comunicati\/wp-json\/wp\/v2\/posts\/614\/revisions"}],"wp:attachment":[{"href":"https:\/\/www.article-marketing.eu\/comunicati\/wp-json\/wp\/v2\/media?parent=614"}],"wp:term":[{"taxonomy":"category","embeddable":true,"href":"https:\/\/www.article-marketing.eu\/comunicati\/wp-json\/wp\/v2\/categories?post=614"},{"taxonomy":"post_tag","embeddable":true,"href":"https:\/\/www.article-marketing.eu\/comunicati\/wp-json\/wp\/v2\/tags?post=614"}],"curies":[{"name":"wp","href":"https:\/\/api.w.org\/{rel}","templated":true}]}}