{"id":6269,"date":"2010-08-04T10:54:54","date_gmt":"2010-08-04T08:54:54","guid":{"rendered":"http:\/\/www.article-marketing.eu\/comunicati\/senza-categoria\/apre-il-primo-outlet-della-plastica-in-friuli-venezia-giulia\/"},"modified":"2010-08-04T10:54:54","modified_gmt":"2010-08-04T08:54:54","slug":"apre-il-primo-outlet-della-plastica-in-friuli-venezia-giulia","status":"publish","type":"post","link":"https:\/\/www.article-marketing.eu\/comunicati\/comunicati-stampa\/apre-il-primo-outlet-della-plastica-in-friuli-venezia-giulia\/","title":{"rendered":"Apre il primo outlet della plastica in Friuli Venezia Giulia"},"content":{"rendered":"<p>La <a href=\"http:\/\/www.plexistore.it\/\">plastica<\/a>, materia prima usata ormai da tutti nella vita quotidiana, &egrave; la protagonista dell&rsquo;estate 2010 ed &egrave; cos&igrave; che Prefor ha previsto il lancio di Plexistore, il primo outlet delle materie plastiche in Friuli Venezia Giulia, per la seconda settimana di settembre. <br \/>Negli ultimi anni la plastica ha avuto un impiego sempre pi&ugrave; diffuso in diversi settori, perch&eacute; dotata di caratteristiche vincenti: leggerezza, facilit&agrave; di pulitura, sicurezza e funzionalit&agrave; di utilizzo. Molti designer importanti usano il plexiglas e il policarbonato per creare le loro opere, perch&eacute; si integrano facilmente ad altri materiali quali il legno, la ceramica o il vetro stesso. In commercio si trovano varie tonalit&agrave; di queste materie plastiche, ma si predilige il loro utilizzo in trasparente, perch&eacute; si adatta alle diverse richieste della clientela. <br \/>L&rsquo;idea dell&rsquo;outlet nasce dall&rsquo;esigenza di consentire a chiunque l&rsquo;acquisto di materiali plastici di qualit&agrave; a prezzi convenienti. I prodotti di magazzino sono messi a disposizione del pubblico, che li pu&ograve; valutare e scegliere attentamente. Plexistore &egrave; un ampio spazio dove si possono trovare tanti oggetti utili a prezzi outlet e, soprattutto, un luogo dove si scoprono prodotti curiosi, che stimolano la creativit&agrave;. Porta foto, porta riviste, legii, tavoli, sedie e poltrone, lastre in plexiglas per decupage, pannelli di ogni forma e dimensione sono solo alcuni dei tanti articoli in catalogo, che si possono acquistare anche attraverso il sito internet all&rsquo;indirizzo www.plexistore.it. <br \/>L&rsquo;outlet della plastica &egrave; anche presente su facebook e gli aggiornamenti sui prodotti e sulle promozioni mensili si possono conoscere facilmente, iscrivendosi alla newsletter del sito.<\/p>\n","protected":false},"excerpt":{"rendered":"<p>La plastica, materia prima usata ormai da tutti nella vita quotidiana, \u00e8 la protagonista dell\u2019estate 2010 ed \u00e8 cos\u00ec che Prefor ha previsto il lancio di Plexistore, il primo outlet delle materie plastiche in Friuli Venezia Giulia, per la seconda settimana di settembre. <br \/>Negli ultimi anni la plastica ha avuto un impiego sempre pi\u00f9 diffuso in diversi settori, perch\u00e9 dotata di caratteristiche vincenti: leggerezza, facilit\u00e0 di pulitura, sicurezza e funzionalit\u00e0 di utilizzo. Molti designer importanti usano il plexiglas e il policarbonato per creare le loro opere, perch\u00e9 si integrano facilmente ad altri materiali quali il legno, la ceramica o il vetro stesso. In commercio si trovano varie tonalit\u00e0 di queste materie plastiche, ma si predilige il loro utilizzo in trasparente, perch\u00e9 si adatta alle diverse richieste della clientela. <\/p>\n","protected":false},"author":10,"featured_media":0,"comment_status":"open","ping_status":"open","sticky":false,"template":"","format":"standard","meta":{"cybocfi_hide_featured_image":"","footnotes":""},"categories":[190],"tags":[335,10043,6746,13369,16538],"class_list":["post-6269","post","type-post","status-publish","format-standard","hentry","category-comunicati-stampa","tag-friuli-venezia-giulia","tag-materie-plastiche","tag-outlet","tag-plastica","tag-plexistore"],"yoast_head":"<!-- This site is optimized with the Yoast SEO plugin v27.0 - https:\/\/yoast.com\/product\/yoast-seo-wordpress\/ -->\n<title>Apre il primo outlet della plastica in Friuli Venezia Giulia - Article Marketing<\/title>\n<meta name=\"robots\" content=\"index, follow, max-snippet:-1, max-image-preview:large, max-video-preview:-1\" \/>\n<link rel=\"canonical\" href=\"https:\/\/www.article-marketing.eu\/comunicati\/comunicati-stampa\/apre-il-primo-outlet-della-plastica-in-friuli-venezia-giulia\/\" \/>\n<meta property=\"og:locale\" content=\"it_IT\" \/>\n<meta property=\"og:type\" content=\"article\" \/>\n<meta property=\"og:title\" content=\"Apre il primo outlet della plastica in Friuli Venezia Giulia - Article Marketing\" \/>\n<meta property=\"og:description\" content=\"La plastica, materia prima usata ormai da tutti nella vita quotidiana, \u00e8 la protagonista dell\u2019estate 2010 ed \u00e8 cos\u00ec che Prefor ha previsto il lancio di Plexistore, il primo outlet delle materie plastiche in Friuli Venezia Giulia, per la seconda settimana di settembre. Negli ultimi anni la plastica ha avuto un impiego sempre pi\u00f9 diffuso in diversi settori, perch\u00e9 dotata di caratteristiche vincenti: leggerezza, facilit\u00e0 di pulitura, sicurezza e funzionalit\u00e0 di utilizzo. Molti designer importanti usano il plexiglas e il policarbonato per creare le loro opere, perch\u00e9 si integrano facilmente ad altri materiali quali il legno, la ceramica o il vetro stesso. In commercio si trovano varie tonalit\u00e0 di queste materie plastiche, ma si predilige il loro utilizzo in trasparente, perch\u00e9 si adatta alle diverse richieste della clientela.\" \/>\n<meta property=\"og:url\" content=\"https:\/\/www.article-marketing.eu\/comunicati\/comunicati-stampa\/apre-il-primo-outlet-della-plastica-in-friuli-venezia-giulia\/\" \/>\n<meta property=\"og:site_name\" content=\"Article Marketing\" \/>\n<meta property=\"article:published_time\" content=\"2010-08-04T08:54:54+00:00\" \/>\n<meta name=\"author\" content=\"Redazione Comunicati Stampa\" \/>\n<meta name=\"twitter:card\" content=\"summary_large_image\" \/>\n<meta name=\"twitter:label1\" content=\"Scritto da\" \/>\n\t<meta name=\"twitter:data1\" content=\"Redazione Comunicati Stampa\" \/>\n\t<meta name=\"twitter:label2\" content=\"Tempo di lettura stimato\" \/>\n\t<meta name=\"twitter:data2\" content=\"1 minuto\" \/>\n<script type=\"application\/ld+json\" class=\"yoast-schema-graph\">{\"@context\":\"https:\/\/schema.org\",\"@graph\":[{\"@type\":\"Article\",\"@id\":\"https:\/\/www.article-marketing.eu\/comunicati\/comunicati-stampa\/apre-il-primo-outlet-della-plastica-in-friuli-venezia-giulia\/#article\",\"isPartOf\":{\"@id\":\"https:\/\/www.article-marketing.eu\/comunicati\/comunicati-stampa\/apre-il-primo-outlet-della-plastica-in-friuli-venezia-giulia\/\"},\"author\":{\"name\":\"Redazione Comunicati Stampa\",\"@id\":\"https:\/\/www.article-marketing.eu\/comunicati\/#\/schema\/person\/44372e4d4d0fa797b18e03ed1ace9017\"},\"headline\":\"Apre il primo outlet della plastica in Friuli Venezia Giulia\",\"datePublished\":\"2010-08-04T08:54:54+00:00\",\"mainEntityOfPage\":{\"@id\":\"https:\/\/www.article-marketing.eu\/comunicati\/comunicati-stampa\/apre-il-primo-outlet-della-plastica-in-friuli-venezia-giulia\/\"},\"wordCount\":291,\"commentCount\":0,\"keywords\":[\"friuli venezia giulia\",\"materie plastiche\",\"outlet\",\"plastica\",\"plexistore\"],\"articleSection\":[\"Comunicati stampa\"],\"inLanguage\":\"it-IT\",\"potentialAction\":[{\"@type\":\"CommentAction\",\"name\":\"Comment\",\"target\":[\"https:\/\/www.article-marketing.eu\/comunicati\/comunicati-stampa\/apre-il-primo-outlet-della-plastica-in-friuli-venezia-giulia\/#respond\"]}]},{\"@type\":\"WebPage\",\"@id\":\"https:\/\/www.article-marketing.eu\/comunicati\/comunicati-stampa\/apre-il-primo-outlet-della-plastica-in-friuli-venezia-giulia\/\",\"url\":\"https:\/\/www.article-marketing.eu\/comunicati\/comunicati-stampa\/apre-il-primo-outlet-della-plastica-in-friuli-venezia-giulia\/\",\"name\":\"Apre il primo outlet della plastica in Friuli Venezia Giulia - Article Marketing\",\"isPartOf\":{\"@id\":\"https:\/\/www.article-marketing.eu\/comunicati\/#website\"},\"datePublished\":\"2010-08-04T08:54:54+00:00\",\"author\":{\"@id\":\"https:\/\/www.article-marketing.eu\/comunicati\/#\/schema\/person\/44372e4d4d0fa797b18e03ed1ace9017\"},\"breadcrumb\":{\"@id\":\"https:\/\/www.article-marketing.eu\/comunicati\/comunicati-stampa\/apre-il-primo-outlet-della-plastica-in-friuli-venezia-giulia\/#breadcrumb\"},\"inLanguage\":\"it-IT\",\"potentialAction\":[{\"@type\":\"ReadAction\",\"target\":[\"https:\/\/www.article-marketing.eu\/comunicati\/comunicati-stampa\/apre-il-primo-outlet-della-plastica-in-friuli-venezia-giulia\/\"]}]},{\"@type\":\"BreadcrumbList\",\"@id\":\"https:\/\/www.article-marketing.eu\/comunicati\/comunicati-stampa\/apre-il-primo-outlet-della-plastica-in-friuli-venezia-giulia\/#breadcrumb\",\"itemListElement\":[{\"@type\":\"ListItem\",\"position\":1,\"name\":\"Home\",\"item\":\"https:\/\/www.article-marketing.eu\/comunicati\/\"},{\"@type\":\"ListItem\",\"position\":2,\"name\":\"Apre il primo outlet della plastica in Friuli Venezia Giulia\"}]},{\"@type\":\"WebSite\",\"@id\":\"https:\/\/www.article-marketing.eu\/comunicati\/#website\",\"url\":\"https:\/\/www.article-marketing.eu\/comunicati\/\",\"name\":\"Article Marketing\",\"description\":\"article marketing &amp; press release\",\"potentialAction\":[{\"@type\":\"SearchAction\",\"target\":{\"@type\":\"EntryPoint\",\"urlTemplate\":\"https:\/\/www.article-marketing.eu\/comunicati\/?s={search_term_string}\"},\"query-input\":{\"@type\":\"PropertyValueSpecification\",\"valueRequired\":true,\"valueName\":\"search_term_string\"}}],\"inLanguage\":\"it-IT\"},{\"@type\":\"Person\",\"@id\":\"https:\/\/www.article-marketing.eu\/comunicati\/#\/schema\/person\/44372e4d4d0fa797b18e03ed1ace9017\",\"name\":\"Redazione Comunicati Stampa\",\"image\":{\"@type\":\"ImageObject\",\"inLanguage\":\"it-IT\",\"@id\":\"https:\/\/www.article-marketing.eu\/comunicati\/#\/schema\/person\/image\/\",\"url\":\"https:\/\/secure.gravatar.com\/avatar\/50e5c6421d3072f42e7ace803501602c60d75233d34e29fd05feb91c8760b792?s=96&d=mm&r=g\",\"contentUrl\":\"https:\/\/secure.gravatar.com\/avatar\/50e5c6421d3072f42e7ace803501602c60d75233d34e29fd05feb91c8760b792?s=96&d=mm&r=g\",\"caption\":\"Redazione Comunicati Stampa\"},\"url\":\"https:\/\/www.article-marketing.eu\/comunicati\/author\/redazione-comunicati-stampa\/\"}]}<\/script>\n<!-- \/ Yoast SEO plugin. -->","yoast_head_json":{"title":"Apre il primo outlet della plastica in Friuli Venezia Giulia - Article Marketing","robots":{"index":"index","follow":"follow","max-snippet":"max-snippet:-1","max-image-preview":"max-image-preview:large","max-video-preview":"max-video-preview:-1"},"canonical":"https:\/\/www.article-marketing.eu\/comunicati\/comunicati-stampa\/apre-il-primo-outlet-della-plastica-in-friuli-venezia-giulia\/","og_locale":"it_IT","og_type":"article","og_title":"Apre il primo outlet della plastica in Friuli Venezia Giulia - Article Marketing","og_description":"La plastica, materia prima usata ormai da tutti nella vita quotidiana, \u00e8 la protagonista dell\u2019estate 2010 ed \u00e8 cos\u00ec che Prefor ha previsto il lancio di Plexistore, il primo outlet delle materie plastiche in Friuli Venezia Giulia, per la seconda settimana di settembre. Negli ultimi anni la plastica ha avuto un impiego sempre pi\u00f9 diffuso in diversi settori, perch\u00e9 dotata di caratteristiche vincenti: leggerezza, facilit\u00e0 di pulitura, sicurezza e funzionalit\u00e0 di utilizzo. Molti designer importanti usano il plexiglas e il policarbonato per creare le loro opere, perch\u00e9 si integrano facilmente ad altri materiali quali il legno, la ceramica o il vetro stesso. In commercio si trovano varie tonalit\u00e0 di queste materie plastiche, ma si predilige il loro utilizzo in trasparente, perch\u00e9 si adatta alle diverse richieste della clientela.","og_url":"https:\/\/www.article-marketing.eu\/comunicati\/comunicati-stampa\/apre-il-primo-outlet-della-plastica-in-friuli-venezia-giulia\/","og_site_name":"Article Marketing","article_published_time":"2010-08-04T08:54:54+00:00","author":"Redazione Comunicati Stampa","twitter_card":"summary_large_image","twitter_misc":{"Scritto da":"Redazione Comunicati Stampa","Tempo di lettura stimato":"1 minuto"},"schema":{"@context":"https:\/\/schema.org","@graph":[{"@type":"Article","@id":"https:\/\/www.article-marketing.eu\/comunicati\/comunicati-stampa\/apre-il-primo-outlet-della-plastica-in-friuli-venezia-giulia\/#article","isPartOf":{"@id":"https:\/\/www.article-marketing.eu\/comunicati\/comunicati-stampa\/apre-il-primo-outlet-della-plastica-in-friuli-venezia-giulia\/"},"author":{"name":"Redazione Comunicati Stampa","@id":"https:\/\/www.article-marketing.eu\/comunicati\/#\/schema\/person\/44372e4d4d0fa797b18e03ed1ace9017"},"headline":"Apre il primo outlet della plastica in Friuli Venezia Giulia","datePublished":"2010-08-04T08:54:54+00:00","mainEntityOfPage":{"@id":"https:\/\/www.article-marketing.eu\/comunicati\/comunicati-stampa\/apre-il-primo-outlet-della-plastica-in-friuli-venezia-giulia\/"},"wordCount":291,"commentCount":0,"keywords":["friuli venezia giulia","materie plastiche","outlet","plastica","plexistore"],"articleSection":["Comunicati stampa"],"inLanguage":"it-IT","potentialAction":[{"@type":"CommentAction","name":"Comment","target":["https:\/\/www.article-marketing.eu\/comunicati\/comunicati-stampa\/apre-il-primo-outlet-della-plastica-in-friuli-venezia-giulia\/#respond"]}]},{"@type":"WebPage","@id":"https:\/\/www.article-marketing.eu\/comunicati\/comunicati-stampa\/apre-il-primo-outlet-della-plastica-in-friuli-venezia-giulia\/","url":"https:\/\/www.article-marketing.eu\/comunicati\/comunicati-stampa\/apre-il-primo-outlet-della-plastica-in-friuli-venezia-giulia\/","name":"Apre il primo outlet della plastica in Friuli Venezia Giulia - Article Marketing","isPartOf":{"@id":"https:\/\/www.article-marketing.eu\/comunicati\/#website"},"datePublished":"2010-08-04T08:54:54+00:00","author":{"@id":"https:\/\/www.article-marketing.eu\/comunicati\/#\/schema\/person\/44372e4d4d0fa797b18e03ed1ace9017"},"breadcrumb":{"@id":"https:\/\/www.article-marketing.eu\/comunicati\/comunicati-stampa\/apre-il-primo-outlet-della-plastica-in-friuli-venezia-giulia\/#breadcrumb"},"inLanguage":"it-IT","potentialAction":[{"@type":"ReadAction","target":["https:\/\/www.article-marketing.eu\/comunicati\/comunicati-stampa\/apre-il-primo-outlet-della-plastica-in-friuli-venezia-giulia\/"]}]},{"@type":"BreadcrumbList","@id":"https:\/\/www.article-marketing.eu\/comunicati\/comunicati-stampa\/apre-il-primo-outlet-della-plastica-in-friuli-venezia-giulia\/#breadcrumb","itemListElement":[{"@type":"ListItem","position":1,"name":"Home","item":"https:\/\/www.article-marketing.eu\/comunicati\/"},{"@type":"ListItem","position":2,"name":"Apre il primo outlet della plastica in Friuli Venezia Giulia"}]},{"@type":"WebSite","@id":"https:\/\/www.article-marketing.eu\/comunicati\/#website","url":"https:\/\/www.article-marketing.eu\/comunicati\/","name":"Article Marketing","description":"article marketing &amp; press release","potentialAction":[{"@type":"SearchAction","target":{"@type":"EntryPoint","urlTemplate":"https:\/\/www.article-marketing.eu\/comunicati\/?s={search_term_string}"},"query-input":{"@type":"PropertyValueSpecification","valueRequired":true,"valueName":"search_term_string"}}],"inLanguage":"it-IT"},{"@type":"Person","@id":"https:\/\/www.article-marketing.eu\/comunicati\/#\/schema\/person\/44372e4d4d0fa797b18e03ed1ace9017","name":"Redazione Comunicati Stampa","image":{"@type":"ImageObject","inLanguage":"it-IT","@id":"https:\/\/www.article-marketing.eu\/comunicati\/#\/schema\/person\/image\/","url":"https:\/\/secure.gravatar.com\/avatar\/50e5c6421d3072f42e7ace803501602c60d75233d34e29fd05feb91c8760b792?s=96&d=mm&r=g","contentUrl":"https:\/\/secure.gravatar.com\/avatar\/50e5c6421d3072f42e7ace803501602c60d75233d34e29fd05feb91c8760b792?s=96&d=mm&r=g","caption":"Redazione Comunicati Stampa"},"url":"https:\/\/www.article-marketing.eu\/comunicati\/author\/redazione-comunicati-stampa\/"}]}},"_links":{"self":[{"href":"https:\/\/www.article-marketing.eu\/comunicati\/wp-json\/wp\/v2\/posts\/6269","targetHints":{"allow":["GET"]}}],"collection":[{"href":"https:\/\/www.article-marketing.eu\/comunicati\/wp-json\/wp\/v2\/posts"}],"about":[{"href":"https:\/\/www.article-marketing.eu\/comunicati\/wp-json\/wp\/v2\/types\/post"}],"author":[{"embeddable":true,"href":"https:\/\/www.article-marketing.eu\/comunicati\/wp-json\/wp\/v2\/users\/10"}],"replies":[{"embeddable":true,"href":"https:\/\/www.article-marketing.eu\/comunicati\/wp-json\/wp\/v2\/comments?post=6269"}],"version-history":[{"count":0,"href":"https:\/\/www.article-marketing.eu\/comunicati\/wp-json\/wp\/v2\/posts\/6269\/revisions"}],"wp:attachment":[{"href":"https:\/\/www.article-marketing.eu\/comunicati\/wp-json\/wp\/v2\/media?parent=6269"}],"wp:term":[{"taxonomy":"category","embeddable":true,"href":"https:\/\/www.article-marketing.eu\/comunicati\/wp-json\/wp\/v2\/categories?post=6269"},{"taxonomy":"post_tag","embeddable":true,"href":"https:\/\/www.article-marketing.eu\/comunicati\/wp-json\/wp\/v2\/tags?post=6269"}],"curies":[{"name":"wp","href":"https:\/\/api.w.org\/{rel}","templated":true}]}}