{"id":6273,"date":"2010-08-04T11:46:18","date_gmt":"2010-08-04T09:46:18","guid":{"rendered":"http:\/\/www.article-marketing.eu\/comunicati\/senza-categoria\/ambiente-per-tutti-tutti-per-la%80%99ambiente\/"},"modified":"2010-08-04T11:46:18","modified_gmt":"2010-08-04T09:46:18","slug":"ambiente-per-tutti-tutti-per-la%80%99ambiente","status":"publish","type":"post","link":"https:\/\/www.article-marketing.eu\/comunicati\/ambiente\/ambiente-per-tutti-tutti-per-la%80%99ambiente\/","title":{"rendered":"Ambiente per tutti, tutti per l\u2019ambiente!"},"content":{"rendered":"<p>Devono infatti essere istituite delle linee comuni che permettano di preservare l&rsquo;ambiente e la natura a nostra disposizione per gli anni a venire. E questo ovviamente deve avvenire con i piccoli gesti quotidiani di ognuno che devono essere volti al risparmio energetico e a ridurre l&rsquo;inquinamento. Una delle soluzioni pi&ugrave; innovative che vengono proposte e innovate giorno per giorno &egrave; sicuramente il campo che riguarda le fonti di energia. Giorno per giorno infatti vengono elaborati nuovi metodi volti al minor inquinamento. Sostituire il classico impianto di riscaldamento con <a href=\"http:\/\/www.trivengas.it\/\">bombole gas<\/a> o installare un piccolo impianto fotovoltaico o termosolare per soddisfare le necessit&agrave; &egrave; un&rsquo;ottima soluzione sia per noi che per l&rsquo;ambiente. Uno dei fattori pi&ugrave; inquinanti che negli ultimi anni si sta tentando di arginare &egrave; sicuramente lo smog causato dai milioni di autoveicoli che quotidianamente troviamo lungo le strade. Molti sono stati gli incentivi statali, non solo in Italia, volti alla riduzione del fattore smog attraverso un ammodernamento dei mezzi di trasporto o il loro cambio di carburante. Uno dei carburanti per automobile che &egrave; stato molto incentivato &egrave; sicuramente quello che prevede come principale fonte di locomozione il gpl. Questo tipo di alimentazione dei mezzi viene sempre accoppiato con l&rsquo;alimentazione del mezzo a benzina. Il risparmio economico che questo tipo di mezzo da&rsquo; &egrave; sicuramente evidente:a parit&agrave; di percorrenza ammonta praticamente al 60% rispetto ad un classico mezzo a benzina o a gasolio, infatti con l&rsquo;energia contenuta in un kg di metano si percorre in media 1,5 volte la strada che si pu&ograve; percorrere con un litro di benzina. Ma non &egrave; solo questo il pregio del gas naturale. Infatti questo risulta essere la fonte pi&ugrave; ecologica tra tutte quelle utilizzate nei mezzi di locomozione e soprattutto quella che ha il maggior rapporto tra produzione di energia e quantit&agrave; di anidride carbonica emessa fattore da non sottovalutare se si valuta la gravit&agrave; che sta assumendo il riscaldamento globale. Essendo l&rsquo;Italia il paese pi&ugrave; metanizzato al mondo i distributori stradali per automezzi prelevano direttamente dalla rete che fornisce le utenze domestiche fattore importantissimo per la diffusione di tali automezzi. Non dovendo infatti trasportare materiale altamente infiammabile su mezzi gommati come camion favorisce non solo il basso costo del gpl (che diviene cos&igrave; privo di costi di trasporto) ma soprattutto evita spiacevoli avvenimenti che un cos&igrave; pericoloso tipo di trasporto pu&ograve; causare. Esistono incentivi all&#8217;utilizzo dei mezzi ad alimentazione monovalente in Italia, come l&#8217;esenzione dal pagamento della tassa di possesso e sconti sul veicolo nuovo variabili da regione a regione, oltre ad un listino prezzi gpl molto vantaggioso. Grazie alle emissioni inquinanti estremamente ridotte, i veicoli a gas naturale sono in genere esenti dai blocchi e dalle restrizioni del traffico. Questo &egrave; solo uno dei modi che la tecnologia ha portato ad una diffusione capillare nella societ&agrave;, un piccolo investimento alla portata di tutti che pu&ograve; portare a grandi cambiamenti per il nostro mondo e la sua conservazione.<\/p>\n","protected":false},"excerpt":{"rendered":"<p>Dopo gli ultimi disastri ambientali la tutela dell\u2019ambiente e della terra in s\u00e9 \u00e8 divenuta una priorit\u00e0 assoluta che deve avvenire da parte di tutti i paesi della terra.<\/p>\n","protected":false},"author":10,"featured_media":0,"comment_status":"open","ping_status":"open","sticky":false,"template":"","format":"standard","meta":{"cybocfi_hide_featured_image":"","footnotes":""},"categories":[55],"tags":[],"class_list":["post-6273","post","type-post","status-publish","format-standard","hentry","category-ambiente"],"yoast_head":"<!-- This site is optimized with the Yoast SEO plugin v27.0 - https:\/\/yoast.com\/product\/yoast-seo-wordpress\/ -->\n<title>Ambiente per tutti, tutti per l\u2019ambiente! - Article Marketing<\/title>\n<meta name=\"robots\" content=\"index, follow, max-snippet:-1, max-image-preview:large, max-video-preview:-1\" \/>\n<link rel=\"canonical\" href=\"https:\/\/www.article-marketing.eu\/comunicati\/ambiente\/ambiente-per-tutti-tutti-per-la??ambiente\/\" \/>\n<meta property=\"og:locale\" content=\"it_IT\" \/>\n<meta property=\"og:type\" content=\"article\" \/>\n<meta property=\"og:title\" content=\"Ambiente per tutti, tutti per l\u2019ambiente! - Article Marketing\" \/>\n<meta property=\"og:description\" content=\"Dopo gli ultimi disastri ambientali la tutela dell\u2019ambiente e della terra in s\u00e9 \u00e8 divenuta una priorit\u00e0 assoluta che deve avvenire da parte di tutti i paesi della terra.\" \/>\n<meta property=\"og:url\" content=\"\" \/>\n<meta property=\"og:site_name\" content=\"Article Marketing\" \/>\n<meta property=\"article:published_time\" content=\"2010-08-04T09:46:18+00:00\" \/>\n<meta name=\"author\" content=\"Redazione Comunicati Stampa\" \/>\n<meta name=\"twitter:card\" content=\"summary_large_image\" \/>\n<meta name=\"twitter:label1\" content=\"Scritto da\" \/>\n\t<meta name=\"twitter:data1\" content=\"Redazione Comunicati Stampa\" \/>\n\t<meta name=\"twitter:label2\" content=\"Tempo di lettura stimato\" \/>\n\t<meta name=\"twitter:data2\" content=\"3 minuti\" \/>\n<script type=\"application\/ld+json\" class=\"yoast-schema-graph\">{\"@context\":\"https:\/\/schema.org\",\"@graph\":[{\"@type\":\"Article\",\"@id\":\"https:\/\/www.article-marketing.eu\/comunicati\/ambiente\/ambiente-per-tutti-tutti-per-la%80%99ambiente\/#article\",\"isPartOf\":{\"@id\":\"https:\/\/www.article-marketing.eu\/comunicati\/ambiente\/ambiente-per-tutti-tutti-per-la%80%99ambiente\/\"},\"author\":{\"name\":\"Redazione Comunicati Stampa\",\"@id\":\"https:\/\/www.article-marketing.eu\/comunicati\/#\/schema\/person\/44372e4d4d0fa797b18e03ed1ace9017\"},\"headline\":\"Ambiente per tutti, tutti per l\u2019ambiente!\",\"datePublished\":\"2010-08-04T09:46:18+00:00\",\"mainEntityOfPage\":{\"@id\":\"https:\/\/www.article-marketing.eu\/comunicati\/ambiente\/ambiente-per-tutti-tutti-per-la%80%99ambiente\/\"},\"wordCount\":523,\"commentCount\":0,\"articleSection\":[\"Ambiente\"],\"inLanguage\":\"it-IT\",\"potentialAction\":[{\"@type\":\"CommentAction\",\"name\":\"Comment\",\"target\":[\"https:\/\/www.article-marketing.eu\/comunicati\/ambiente\/ambiente-per-tutti-tutti-per-la%80%99ambiente\/#respond\"]}]},{\"@type\":\"WebPage\",\"@id\":\"https:\/\/www.article-marketing.eu\/comunicati\/ambiente\/ambiente-per-tutti-tutti-per-la%80%99ambiente\/\",\"url\":\"https:\/\/www.article-marketing.eu\/comunicati\/ambiente\/ambiente-per-tutti-tutti-per-la%80%99ambiente\/\",\"name\":\"Ambiente per tutti, tutti per l\u2019ambiente! - Article Marketing\",\"isPartOf\":{\"@id\":\"https:\/\/www.article-marketing.eu\/comunicati\/#website\"},\"datePublished\":\"2010-08-04T09:46:18+00:00\",\"author\":{\"@id\":\"https:\/\/www.article-marketing.eu\/comunicati\/#\/schema\/person\/44372e4d4d0fa797b18e03ed1ace9017\"},\"breadcrumb\":{\"@id\":\"https:\/\/www.article-marketing.eu\/comunicati\/ambiente\/ambiente-per-tutti-tutti-per-la%80%99ambiente\/#breadcrumb\"},\"inLanguage\":\"it-IT\",\"potentialAction\":[{\"@type\":\"ReadAction\",\"target\":[\"https:\/\/www.article-marketing.eu\/comunicati\/ambiente\/ambiente-per-tutti-tutti-per-la%80%99ambiente\/\"]}]},{\"@type\":\"BreadcrumbList\",\"@id\":\"https:\/\/www.article-marketing.eu\/comunicati\/ambiente\/ambiente-per-tutti-tutti-per-la%80%99ambiente\/#breadcrumb\",\"itemListElement\":[{\"@type\":\"ListItem\",\"position\":1,\"name\":\"Home\",\"item\":\"https:\/\/www.article-marketing.eu\/comunicati\/\"},{\"@type\":\"ListItem\",\"position\":2,\"name\":\"Ambiente per tutti, tutti per l\u2019ambiente!\"}]},{\"@type\":\"WebSite\",\"@id\":\"https:\/\/www.article-marketing.eu\/comunicati\/#website\",\"url\":\"https:\/\/www.article-marketing.eu\/comunicati\/\",\"name\":\"Article Marketing\",\"description\":\"article marketing &amp; press release\",\"potentialAction\":[{\"@type\":\"SearchAction\",\"target\":{\"@type\":\"EntryPoint\",\"urlTemplate\":\"https:\/\/www.article-marketing.eu\/comunicati\/?s={search_term_string}\"},\"query-input\":{\"@type\":\"PropertyValueSpecification\",\"valueRequired\":true,\"valueName\":\"search_term_string\"}}],\"inLanguage\":\"it-IT\"},{\"@type\":\"Person\",\"@id\":\"https:\/\/www.article-marketing.eu\/comunicati\/#\/schema\/person\/44372e4d4d0fa797b18e03ed1ace9017\",\"name\":\"Redazione Comunicati Stampa\",\"image\":{\"@type\":\"ImageObject\",\"inLanguage\":\"it-IT\",\"@id\":\"https:\/\/www.article-marketing.eu\/comunicati\/#\/schema\/person\/image\/\",\"url\":\"https:\/\/secure.gravatar.com\/avatar\/50e5c6421d3072f42e7ace803501602c60d75233d34e29fd05feb91c8760b792?s=96&d=mm&r=g\",\"contentUrl\":\"https:\/\/secure.gravatar.com\/avatar\/50e5c6421d3072f42e7ace803501602c60d75233d34e29fd05feb91c8760b792?s=96&d=mm&r=g\",\"caption\":\"Redazione Comunicati Stampa\"},\"url\":\"https:\/\/www.article-marketing.eu\/comunicati\/author\/redazione-comunicati-stampa\/\"}]}<\/script>\n<!-- \/ Yoast SEO plugin. -->","yoast_head_json":{"title":"Ambiente per tutti, tutti per l\u2019ambiente! - Article Marketing","robots":{"index":"index","follow":"follow","max-snippet":"max-snippet:-1","max-image-preview":"max-image-preview:large","max-video-preview":"max-video-preview:-1"},"canonical":"https:\/\/www.article-marketing.eu\/comunicati\/ambiente\/ambiente-per-tutti-tutti-per-la??ambiente\/","og_locale":"it_IT","og_type":"article","og_title":"Ambiente per tutti, tutti per l\u2019ambiente! - Article Marketing","og_description":"Dopo gli ultimi disastri ambientali la tutela dell\u2019ambiente e della terra in s\u00e9 \u00e8 divenuta una priorit\u00e0 assoluta che deve avvenire da parte di tutti i paesi della terra.","og_url":"https:\/\/www.article-marketing.eu\/comunicati\/ambiente\/ambiente-per-tutti-tutti-per-la??ambiente\/","og_site_name":"Article Marketing","article_published_time":"2010-08-04T09:46:18+00:00","author":"Redazione Comunicati Stampa","twitter_card":"summary_large_image","twitter_misc":{"Scritto da":"Redazione Comunicati Stampa","Tempo di lettura stimato":"3 minuti"},"schema":{"@context":"https:\/\/schema.org","@graph":[{"@type":"Article","@id":"https:\/\/www.article-marketing.eu\/comunicati\/ambiente\/ambiente-per-tutti-tutti-per-la%80%99ambiente\/#article","isPartOf":{"@id":"https:\/\/www.article-marketing.eu\/comunicati\/ambiente\/ambiente-per-tutti-tutti-per-la%80%99ambiente\/"},"author":{"name":"Redazione Comunicati Stampa","@id":"https:\/\/www.article-marketing.eu\/comunicati\/#\/schema\/person\/44372e4d4d0fa797b18e03ed1ace9017"},"headline":"Ambiente per tutti, tutti per l\u2019ambiente!","datePublished":"2010-08-04T09:46:18+00:00","mainEntityOfPage":{"@id":"https:\/\/www.article-marketing.eu\/comunicati\/ambiente\/ambiente-per-tutti-tutti-per-la%80%99ambiente\/"},"wordCount":523,"commentCount":0,"articleSection":["Ambiente"],"inLanguage":"it-IT","potentialAction":[{"@type":"CommentAction","name":"Comment","target":["https:\/\/www.article-marketing.eu\/comunicati\/ambiente\/ambiente-per-tutti-tutti-per-la%80%99ambiente\/#respond"]}]},{"@type":"WebPage","@id":"https:\/\/www.article-marketing.eu\/comunicati\/ambiente\/ambiente-per-tutti-tutti-per-la%80%99ambiente\/","url":"https:\/\/www.article-marketing.eu\/comunicati\/ambiente\/ambiente-per-tutti-tutti-per-la%80%99ambiente\/","name":"Ambiente per tutti, tutti per l\u2019ambiente! - Article Marketing","isPartOf":{"@id":"https:\/\/www.article-marketing.eu\/comunicati\/#website"},"datePublished":"2010-08-04T09:46:18+00:00","author":{"@id":"https:\/\/www.article-marketing.eu\/comunicati\/#\/schema\/person\/44372e4d4d0fa797b18e03ed1ace9017"},"breadcrumb":{"@id":"https:\/\/www.article-marketing.eu\/comunicati\/ambiente\/ambiente-per-tutti-tutti-per-la%80%99ambiente\/#breadcrumb"},"inLanguage":"it-IT","potentialAction":[{"@type":"ReadAction","target":["https:\/\/www.article-marketing.eu\/comunicati\/ambiente\/ambiente-per-tutti-tutti-per-la%80%99ambiente\/"]}]},{"@type":"BreadcrumbList","@id":"https:\/\/www.article-marketing.eu\/comunicati\/ambiente\/ambiente-per-tutti-tutti-per-la%80%99ambiente\/#breadcrumb","itemListElement":[{"@type":"ListItem","position":1,"name":"Home","item":"https:\/\/www.article-marketing.eu\/comunicati\/"},{"@type":"ListItem","position":2,"name":"Ambiente per tutti, tutti per l\u2019ambiente!"}]},{"@type":"WebSite","@id":"https:\/\/www.article-marketing.eu\/comunicati\/#website","url":"https:\/\/www.article-marketing.eu\/comunicati\/","name":"Article Marketing","description":"article marketing &amp; press release","potentialAction":[{"@type":"SearchAction","target":{"@type":"EntryPoint","urlTemplate":"https:\/\/www.article-marketing.eu\/comunicati\/?s={search_term_string}"},"query-input":{"@type":"PropertyValueSpecification","valueRequired":true,"valueName":"search_term_string"}}],"inLanguage":"it-IT"},{"@type":"Person","@id":"https:\/\/www.article-marketing.eu\/comunicati\/#\/schema\/person\/44372e4d4d0fa797b18e03ed1ace9017","name":"Redazione Comunicati Stampa","image":{"@type":"ImageObject","inLanguage":"it-IT","@id":"https:\/\/www.article-marketing.eu\/comunicati\/#\/schema\/person\/image\/","url":"https:\/\/secure.gravatar.com\/avatar\/50e5c6421d3072f42e7ace803501602c60d75233d34e29fd05feb91c8760b792?s=96&d=mm&r=g","contentUrl":"https:\/\/secure.gravatar.com\/avatar\/50e5c6421d3072f42e7ace803501602c60d75233d34e29fd05feb91c8760b792?s=96&d=mm&r=g","caption":"Redazione Comunicati Stampa"},"url":"https:\/\/www.article-marketing.eu\/comunicati\/author\/redazione-comunicati-stampa\/"}]}},"_links":{"self":[{"href":"https:\/\/www.article-marketing.eu\/comunicati\/wp-json\/wp\/v2\/posts\/6273","targetHints":{"allow":["GET"]}}],"collection":[{"href":"https:\/\/www.article-marketing.eu\/comunicati\/wp-json\/wp\/v2\/posts"}],"about":[{"href":"https:\/\/www.article-marketing.eu\/comunicati\/wp-json\/wp\/v2\/types\/post"}],"author":[{"embeddable":true,"href":"https:\/\/www.article-marketing.eu\/comunicati\/wp-json\/wp\/v2\/users\/10"}],"replies":[{"embeddable":true,"href":"https:\/\/www.article-marketing.eu\/comunicati\/wp-json\/wp\/v2\/comments?post=6273"}],"version-history":[{"count":0,"href":"https:\/\/www.article-marketing.eu\/comunicati\/wp-json\/wp\/v2\/posts\/6273\/revisions"}],"wp:attachment":[{"href":"https:\/\/www.article-marketing.eu\/comunicati\/wp-json\/wp\/v2\/media?parent=6273"}],"wp:term":[{"taxonomy":"category","embeddable":true,"href":"https:\/\/www.article-marketing.eu\/comunicati\/wp-json\/wp\/v2\/categories?post=6273"},{"taxonomy":"post_tag","embeddable":true,"href":"https:\/\/www.article-marketing.eu\/comunicati\/wp-json\/wp\/v2\/tags?post=6273"}],"curies":[{"name":"wp","href":"https:\/\/api.w.org\/{rel}","templated":true}]}}