{"id":65429,"date":"2018-11-02T22:46:49","date_gmt":"2018-11-02T21:46:49","guid":{"rendered":"http:\/\/www.article-marketing.eu\/comunicati\/?p=65429"},"modified":"2020-02-12T02:15:16","modified_gmt":"2020-02-12T01:15:16","slug":"nave-acquarius-bloccata-a-marsiglia-a-causa-della-revoca-della-bandiera","status":"publish","type":"post","link":"https:\/\/www.article-marketing.eu\/comunicati\/senza-categoria\/nave-acquarius-bloccata-a-marsiglia-a-causa-della-revoca-della-bandiera\/","title":{"rendered":"Nave Acquarius bloccata a Marsiglia a causa della revoca della bandiera"},"content":{"rendered":"<h1>Nave Acquarius bloccata a Marsiglia a causa della revoca della bandiera. Operazioni di salvataggio migranti\u00a0impossibili<\/h1>\n<div class=\"tonal__standfirst u-cf\">\n<div class=\"content__standfirst\" data-link-name=\"standfirst\" data-component=\"standfirst\">\n<p>L&#8217;ultima nave di ricerca privata nel Mediterraneo non \u00e8 in grado di navigare, con gli attivisti che incolpano le pressioni del governo italiano.<\/p>\n<p><img loading=\"lazy\" decoding=\"async\" class=\"size-medium wp-image-65442 alignleft\" src=\"https:\/\/www.article-marketing.eu\/comunicati\/wp-content\/uploads\/2018\/11\/Acquarius-sos-mediterranee-300x180.jpg\" alt=\"\" width=\"300\" height=\"180\" srcset=\"https:\/\/www.article-marketing.eu\/comunicati\/wp-content\/uploads\/2018\/11\/Acquarius-sos-mediterranee-300x180.jpg 300w, https:\/\/www.article-marketing.eu\/comunicati\/wp-content\/uploads\/2018\/11\/Acquarius-sos-mediterranee.jpg 700w\" sizes=\"auto, (max-width: 300px) 100vw, 300px\" \/><\/p>\n<\/div>\n<\/div>\n<figure id=\"img-1\" class=\"media-primary media-content () \" data-component=\"image\" data-media-id=\"bc81b17deb10ed1ca3cc6220a6deb98ca331de2d\">\n<div class=\"u-responsive-ratio\"><span class=\"inline-triangle inline-icon hide-until-tablet\">\u00a0<\/span>Pi\u00f9 di 1.700 vite sono state perse nel pericoloso attraversamento del mare dal Nord Africa verso l&#8217;Europa dall&#8217;inizio del 2018.<br \/>\nFotografia: Nicol\u00f3 Lanfranchi per The Guardian<\/div>\n<\/figure>\n<div class=\"content__article-body from-content-api js-article__body\" data-test-id=\"article-review-body\">\n<p>Una ricerca disperata \u00e8 in corso per un paese disposto a emettere una bandiera per l&#8217;<strong>Acquarius<\/strong>, l&#8217;ultima nave civile di salvataggio dei migranti operante nel Mediterraneo, dopo che la sua bandiera panamense \u00e8 ufficialmente scaduta questa settimana.<\/p>\n<p>L&#8217;<strong>Acquarius<\/strong> non \u00e8 in grado di navigare senza bandiera e ora \u00e8 bloccata a Marsiglia, dando inizio a un effettivo blackout soccorsi migranti nel Mediterraneo, senza navi oltre alla guardia costiera libica che effettua operazioni di ricerca e soccorso.<\/p>\n<p>&#8220;Siamo in una corsa contro il tempo per trovare un altro stato disposto a rilasciare una bandiera per l&#8217;Acquariius&#8221;, ha detto <strong>Sophie Beau<\/strong>, co-fondatrice di <strong>SOS M\u00e9diterran\u00e9e<\/strong>, l&#8217;organizzazione che gestisce la nave a fianco di <strong>Medici senza frontiere<\/strong> (<strong>MSF<\/strong>).<\/p>\n<p>&#8220;La nostra grande paura \u00e8 che diventeremo effettivamente una nave pirata e perderemo la nostra assicurazione.\u00a0Al momento abbiamo trovato uno stopgap a breve termine, con la <strong>Liberia<\/strong> che ci ha emesso una bandiera temporanea, ma questo non ci consente di condurre missioni di salvataggio e sappiamo che le persone stanno affogando in mare senza alcun aiuto per loro.\u00a0Non riposeremo finch\u00e9 non troveremo una soluzione a questo &#8220;.<br \/>\n<script async src=\"https:\/\/pagead2.googlesyndication.com\/pagead\/js\/adsbygoogle.js\"><\/script><br \/>\n<!-- article-marketing.eu_over_adattabile --><br \/>\n<ins class=\"adsbygoogle\" style=\"display: block;\" data-ad-client=\"ca-pub-3786472933840786\" data-ad-slot=\"4851434602\" data-ad-format=\"auto\" data-full-width-responsive=\"true\"><\/ins><br \/>\n<script>\n     (adsbygoogle = window.adsbygoogle || []).push({});\n<\/script><br \/>\nL&#8217;<strong>acquarius<\/strong> \u00e8 diventata un punto focale per le politiche anti-migrazione in rapido movimento che sono state lanciate dal governo italiano, guidato dal ministro degli interni, <strong>Matteo Salvini<\/strong>.\u00a0Lo scorso giugno, l&#8217;<strong>Acquarius<\/strong> \u00e8 stato\u00a0costretta a fare una deviazione in Spagna\u00a0dopo che gli \u00e8 stato negato il permesso di attraccare nei porti italiani e maltesi per sbarcare centinaia di migranti che aveva salvato in mare.<\/p>\n<p>Gibilterra e\u00a0Panama\u00a0hanno da allora revocato le loro bandiere per l&#8217;<strong>Acquarius<\/strong>, le mosse che <strong>SOS Mediterran\u00e9e<\/strong> e <strong>MSF<\/strong> denunciano come un risultato diretto della pressione politica ed economica italiana.<\/p>\n<p>&#8220;A\u00a0Panama\u00a0\u00e8 stato riferito che si rilascer\u00e0 la nave con una bandiera solo se si\u00a0 interrompono le operazioni di ricerca e soccorso&#8221;, ha affermato Beau.<\/p>\n<p>&#8220;Questo \u00e8 effettivamente un ricatto perpetrato dagli stati di bandiera a causa di minacce politiche ed economiche volte a garantire che non si possa tornare ad operare&#8221;.<\/p>\n<p><strong>Salvini <\/strong>ha\u00a0negato che il suo governo fosse dietro la decisione di declassare l&#8217;Acquarius, dicendo in un\u00a0tweet\u00a0che non conosceva il prefisso internazionale per Panama.<br \/>\nFonte:\u00a0https:\/\/twitter.com\/matteosalvinimi\/status\/1043936716522967045?lang=en<\/p>\n<p>L&#8217;anno scorso c&#8217;erano 10 navi di soccorso civili operative in mare, che raccoglievano quasi la met\u00e0 di tutti i migranti soccorsi nel 2017. Fino a questa settimana l&#8217;<strong>Acquarius<\/strong> era l&#8217;unica nave operativa rimasta, con la de-flagging che ora ha effettivamente chiuso tutte le operazioni umanitarie nel Mediterraneo.<\/p>\n<p><img loading=\"lazy\" decoding=\"async\" class=\"aligncenter wp-image-65443 size-full\" src=\"https:\/\/www.article-marketing.eu\/comunicati\/wp-content\/uploads\/2018\/11\/Acquarius-medici-senza-frontiere.jpg\" alt=\"Acquarius Medici senza Frontiere\" width=\"620\" height=\"372\" srcset=\"https:\/\/www.article-marketing.eu\/comunicati\/wp-content\/uploads\/2018\/11\/Acquarius-medici-senza-frontiere.jpg 620w, https:\/\/www.article-marketing.eu\/comunicati\/wp-content\/uploads\/2018\/11\/Acquarius-medici-senza-frontiere-300x180.jpg 300w\" sizes=\"auto, (max-width: 620px) 100vw, 620px\" \/><br \/>\nSecondo l&#8217;ONU, c&#8217;\u00e8 stato un forte aumento nel numero di persone che muoiono durante il tentativo di effettuare la pericolosa traversata dall&#8217;Africa settentrionale verso l&#8217;Europa quest&#8217;anno.\u00a0Pi\u00f9 di\u00a01.700 vite\u00a0sono gi\u00e0 andate perse dall&#8217;inizio del 2018, in gran parte a causa della ridotta capacit\u00e0 di ricerca e soccorso.<br \/>\nFonte:\u00a0https:\/\/www.unhcr.ca\/news\/unhcr-iom-mediterranean-sea-deaths\/<\/p>\n<p>La guardia costiera libica ora gestisce le restanti navi di ricerca e soccorso operative nel Mediterraneo e non ha la capacit\u00e0 di far fronte alla portata della necessit\u00e0, secondo le agenzie umanitarie.<br \/>\n<script async src=\"https:\/\/pagead2.googlesyndication.com\/pagead\/js\/adsbygoogle.js\"><\/script><br \/>\n<!-- article-marketing.eu_over_adattabile --><br \/>\n<ins class=\"adsbygoogle\" style=\"display: block;\" data-ad-client=\"ca-pub-3786472933840786\" data-ad-slot=\"4851434602\" data-ad-format=\"auto\" data-full-width-responsive=\"true\"><\/ins><br \/>\n<script>\n     (adsbygoogle = window.adsbygoogle || []).push({});\n<\/script><br \/>\n&#8220;Sappiamo che la guardia costiera libica non ha le attrezzature giuste, non ha giubbotti di salvataggio o l&#8217;esperienza per condurre operazioni di salvataggio delicate e complicate, e non ha la capacit\u00e0 di coprire l&#8217;intera area di ricerca e soccorso&#8221;, ha detto Beau .<\/p>\n<p>&#8220;Abbiamo visto noi stessi che spesso non rispondono alle chiamate di soccorso.\u00a0Ci sono spesso momenti di panico quando le persone vedono arrivare la guardia costiera libica, che pu\u00f2 causare incidenti pericolosi.\u00a0Molti migranti ci hanno detto che preferirebbero morire piuttosto che essere riportati in Libia, dove sanno che dovranno affrontare estorsioni, violenze e detenzioni &#8220;.<\/p>\n<p>Beau ha detto che la migliore opportunit\u00e0 della nave\u00a0<strong>Acquarius<\/strong> \u00e8 la Svizzera, dove una richiesta di bandiera \u00e8 ancora in sospeso, ma che hanno fatto richieste anche ad altri stati europei.<\/p>\n<p>&#8220;Aspettiamo urgentemente le risposte di questi Stati e speriamo di tornare in mare il prima possibile&#8221;, ha detto Beau.\u00a0&#8220;\u00c8 una politica criminale per l&#8217;\u00a0Europa\u00a0permettere alle persone di morire in mare quando sappiamo che possiamo salvare queste vite.\u00a0Se i paesi europei non sono in grado di fornire un quadro che ci consenta di adempiere ai nostri obblighi umanitari, ci\u00f2 mina i principi fondamentali delle nostre democrazie e alla fine pagheremo tutti i costi politici &#8220;.<\/p>\n<p>FONTE:\u00a0 theguardian.com<\/p>\n<\/div>\n","protected":false},"excerpt":{"rendered":"<p>Nave Acquarius bloccata a Marsiglia a causa della revoca della bandiera. Operazioni di salvataggio migranti\u00a0impossibili L&#8217;ultima nave di ricerca privata nel Mediterraneo non \u00e8 in grado di navigare, con gli attivisti che incolpano le pressioni del governo italiano. \u00a0Pi\u00f9 di 1.700 vite sono state perse nel pericoloso attraversamento del mare dal Nord Africa verso l&#8217;Europa dall&#8217;inizio del 2018. Fotografia: Nicol\u00f3 Lanfranchi per The Guardian Una ricerca disperata \u00e8 in corso<\/p>\n<p><a class=\"continue-reading\" href=\"https:\/\/www.article-marketing.eu\/comunicati\/senza-categoria\/nave-acquarius-bloccata-a-marsiglia-a-causa-della-revoca-della-bandiera\/\">Continue reading&#8230;<\/a><\/p>\n","protected":false},"author":6,"featured_media":65442,"comment_status":"open","ping_status":"open","sticky":false,"template":"","format":"standard","meta":{"cybocfi_hide_featured_image":"","footnotes":""},"categories":[55892,81,1,55897],"tags":[55997,55941,55938,55939,55940],"class_list":["post-65429","post","type-post","status-publish","format-standard","has-post-thumbnail","hentry","category-etica-e-societa","category-news-e-attualita","category-senza-categoria","category-volontariato-e-societa","tag-adv20","tag-medici-senza-frontiere","tag-nave-acquarius","tag-soccorso-migranti","tag-soccorso-migranti-mediterraneo"],"yoast_head":"<!-- This site is optimized with the Yoast SEO plugin v27.0 - https:\/\/yoast.com\/product\/yoast-seo-wordpress\/ -->\n<title>Nave Acquarius bloccata a Marsiglia a causa della revoca della bandiera<\/title>\n<meta name=\"description\" content=\"Nave Acquarius ultima nel Mediterraneo per soccorsi miganti non \u00e8 in grado di navigare, con gli attivisti che incolpano le pressioni del governo italiano.\" \/>\n<meta name=\"robots\" content=\"index, follow, max-snippet:-1, max-image-preview:large, max-video-preview:-1\" \/>\n<link rel=\"canonical\" href=\"https:\/\/www.article-marketing.eu\/comunicati\/senza-categoria\/nave-acquarius-bloccata-a-marsiglia-a-causa-della-revoca-della-bandiera\/\" \/>\n<meta property=\"og:locale\" content=\"it_IT\" \/>\n<meta property=\"og:type\" content=\"article\" \/>\n<meta property=\"og:title\" content=\"Nave Acquarius bloccata a Marsiglia a causa della revoca della bandiera\" \/>\n<meta property=\"og:description\" content=\"Nave Acquarius ultima nel Mediterraneo per soccorsi miganti non \u00e8 in grado di navigare, con gli attivisti che incolpano le pressioni del governo italiano.\" \/>\n<meta property=\"og:url\" content=\"https:\/\/www.article-marketing.eu\/comunicati\/senza-categoria\/nave-acquarius-bloccata-a-marsiglia-a-causa-della-revoca-della-bandiera\/\" \/>\n<meta property=\"og:site_name\" content=\"Article Marketing\" \/>\n<meta property=\"article:published_time\" content=\"2018-11-02T21:46:49+00:00\" \/>\n<meta property=\"article:modified_time\" content=\"2020-02-12T01:15:16+00:00\" \/>\n<meta property=\"og:image\" content=\"https:\/\/www.article-marketing.eu\/comunicati\/wp-content\/uploads\/2018\/11\/Acquarius-sos-mediterranee.jpg\" \/>\n\t<meta property=\"og:image:width\" content=\"700\" \/>\n\t<meta property=\"og:image:height\" content=\"420\" \/>\n\t<meta property=\"og:image:type\" content=\"image\/jpeg\" \/>\n<meta name=\"author\" content=\"leoddoff\" \/>\n<meta name=\"twitter:card\" content=\"summary_large_image\" \/>\n<meta name=\"twitter:label1\" content=\"Scritto da\" \/>\n\t<meta name=\"twitter:data1\" content=\"leoddoff\" \/>\n\t<meta name=\"twitter:label2\" content=\"Tempo di lettura stimato\" \/>\n\t<meta name=\"twitter:data2\" content=\"4 minuti\" \/>\n<script type=\"application\/ld+json\" class=\"yoast-schema-graph\">{\"@context\":\"https:\/\/schema.org\",\"@graph\":[{\"@type\":\"Article\",\"@id\":\"https:\/\/www.article-marketing.eu\/comunicati\/senza-categoria\/nave-acquarius-bloccata-a-marsiglia-a-causa-della-revoca-della-bandiera\/#article\",\"isPartOf\":{\"@id\":\"https:\/\/www.article-marketing.eu\/comunicati\/senza-categoria\/nave-acquarius-bloccata-a-marsiglia-a-causa-della-revoca-della-bandiera\/\"},\"author\":{\"name\":\"leoddoff\",\"@id\":\"https:\/\/www.article-marketing.eu\/comunicati\/#\/schema\/person\/6bbefc5ee6a5ff1fb1039e4ba13123f9\"},\"headline\":\"Nave Acquarius bloccata a Marsiglia a causa della revoca della bandiera\",\"datePublished\":\"2018-11-02T21:46:49+00:00\",\"dateModified\":\"2020-02-12T01:15:16+00:00\",\"mainEntityOfPage\":{\"@id\":\"https:\/\/www.article-marketing.eu\/comunicati\/senza-categoria\/nave-acquarius-bloccata-a-marsiglia-a-causa-della-revoca-della-bandiera\/\"},\"wordCount\":768,\"commentCount\":0,\"image\":{\"@id\":\"https:\/\/www.article-marketing.eu\/comunicati\/senza-categoria\/nave-acquarius-bloccata-a-marsiglia-a-causa-della-revoca-della-bandiera\/#primaryimage\"},\"thumbnailUrl\":\"https:\/\/www.article-marketing.eu\/comunicati\/wp-content\/uploads\/2018\/11\/Acquarius-sos-mediterranee.jpg\",\"keywords\":[\"adv20\",\"Medici senza frontiere\",\"Nave Acquarius\",\"soccorso migranti\",\"soccorso migranti mediterraneo\"],\"articleSection\":{\"0\":\"Etica e Societ\u00e0\",\"1\":\"News e Attualit\u00e0\",\"3\":\"Volontariato e Societ\u00e0\"},\"inLanguage\":\"it-IT\",\"potentialAction\":[{\"@type\":\"CommentAction\",\"name\":\"Comment\",\"target\":[\"https:\/\/www.article-marketing.eu\/comunicati\/senza-categoria\/nave-acquarius-bloccata-a-marsiglia-a-causa-della-revoca-della-bandiera\/#respond\"]}]},{\"@type\":\"WebPage\",\"@id\":\"https:\/\/www.article-marketing.eu\/comunicati\/senza-categoria\/nave-acquarius-bloccata-a-marsiglia-a-causa-della-revoca-della-bandiera\/\",\"url\":\"https:\/\/www.article-marketing.eu\/comunicati\/senza-categoria\/nave-acquarius-bloccata-a-marsiglia-a-causa-della-revoca-della-bandiera\/\",\"name\":\"Nave Acquarius bloccata a Marsiglia a causa della revoca della bandiera\",\"isPartOf\":{\"@id\":\"https:\/\/www.article-marketing.eu\/comunicati\/#website\"},\"primaryImageOfPage\":{\"@id\":\"https:\/\/www.article-marketing.eu\/comunicati\/senza-categoria\/nave-acquarius-bloccata-a-marsiglia-a-causa-della-revoca-della-bandiera\/#primaryimage\"},\"image\":{\"@id\":\"https:\/\/www.article-marketing.eu\/comunicati\/senza-categoria\/nave-acquarius-bloccata-a-marsiglia-a-causa-della-revoca-della-bandiera\/#primaryimage\"},\"thumbnailUrl\":\"https:\/\/www.article-marketing.eu\/comunicati\/wp-content\/uploads\/2018\/11\/Acquarius-sos-mediterranee.jpg\",\"datePublished\":\"2018-11-02T21:46:49+00:00\",\"dateModified\":\"2020-02-12T01:15:16+00:00\",\"author\":{\"@id\":\"https:\/\/www.article-marketing.eu\/comunicati\/#\/schema\/person\/6bbefc5ee6a5ff1fb1039e4ba13123f9\"},\"description\":\"Nave Acquarius ultima nel Mediterraneo per soccorsi miganti non \u00e8 in grado di navigare, con gli attivisti che incolpano le pressioni del governo italiano.\",\"breadcrumb\":{\"@id\":\"https:\/\/www.article-marketing.eu\/comunicati\/senza-categoria\/nave-acquarius-bloccata-a-marsiglia-a-causa-della-revoca-della-bandiera\/#breadcrumb\"},\"inLanguage\":\"it-IT\",\"potentialAction\":[{\"@type\":\"ReadAction\",\"target\":[\"https:\/\/www.article-marketing.eu\/comunicati\/senza-categoria\/nave-acquarius-bloccata-a-marsiglia-a-causa-della-revoca-della-bandiera\/\"]}]},{\"@type\":\"ImageObject\",\"inLanguage\":\"it-IT\",\"@id\":\"https:\/\/www.article-marketing.eu\/comunicati\/senza-categoria\/nave-acquarius-bloccata-a-marsiglia-a-causa-della-revoca-della-bandiera\/#primaryimage\",\"url\":\"https:\/\/www.article-marketing.eu\/comunicati\/wp-content\/uploads\/2018\/11\/Acquarius-sos-mediterranee.jpg\",\"contentUrl\":\"https:\/\/www.article-marketing.eu\/comunicati\/wp-content\/uploads\/2018\/11\/Acquarius-sos-mediterranee.jpg\",\"width\":700,\"height\":420},{\"@type\":\"BreadcrumbList\",\"@id\":\"https:\/\/www.article-marketing.eu\/comunicati\/senza-categoria\/nave-acquarius-bloccata-a-marsiglia-a-causa-della-revoca-della-bandiera\/#breadcrumb\",\"itemListElement\":[{\"@type\":\"ListItem\",\"position\":1,\"name\":\"Home\",\"item\":\"https:\/\/www.article-marketing.eu\/comunicati\/\"},{\"@type\":\"ListItem\",\"position\":2,\"name\":\"Nave Acquarius bloccata a Marsiglia a causa della revoca della bandiera\"}]},{\"@type\":\"WebSite\",\"@id\":\"https:\/\/www.article-marketing.eu\/comunicati\/#website\",\"url\":\"https:\/\/www.article-marketing.eu\/comunicati\/\",\"name\":\"Article Marketing\",\"description\":\"article marketing &amp; press release\",\"potentialAction\":[{\"@type\":\"SearchAction\",\"target\":{\"@type\":\"EntryPoint\",\"urlTemplate\":\"https:\/\/www.article-marketing.eu\/comunicati\/?s={search_term_string}\"},\"query-input\":{\"@type\":\"PropertyValueSpecification\",\"valueRequired\":true,\"valueName\":\"search_term_string\"}}],\"inLanguage\":\"it-IT\"},{\"@type\":\"Person\",\"@id\":\"https:\/\/www.article-marketing.eu\/comunicati\/#\/schema\/person\/6bbefc5ee6a5ff1fb1039e4ba13123f9\",\"name\":\"leoddoff\",\"image\":{\"@type\":\"ImageObject\",\"inLanguage\":\"it-IT\",\"@id\":\"https:\/\/www.article-marketing.eu\/comunicati\/#\/schema\/person\/image\/\",\"url\":\"https:\/\/secure.gravatar.com\/avatar\/cd618d7fe97ffff939f07a6db3351049031b3f1538b52b9dbd88323ef7123965?s=96&d=mm&r=g\",\"contentUrl\":\"https:\/\/secure.gravatar.com\/avatar\/cd618d7fe97ffff939f07a6db3351049031b3f1538b52b9dbd88323ef7123965?s=96&d=mm&r=g\",\"caption\":\"leoddoff\"},\"url\":\"https:\/\/www.article-marketing.eu\/comunicati\/author\/leoddoff\/\"}]}<\/script>\n<!-- \/ Yoast SEO plugin. -->","yoast_head_json":{"title":"Nave Acquarius bloccata a Marsiglia a causa della revoca della bandiera","description":"Nave Acquarius ultima nel Mediterraneo per soccorsi miganti non \u00e8 in grado di navigare, con gli attivisti che incolpano le pressioni del governo italiano.","robots":{"index":"index","follow":"follow","max-snippet":"max-snippet:-1","max-image-preview":"max-image-preview:large","max-video-preview":"max-video-preview:-1"},"canonical":"https:\/\/www.article-marketing.eu\/comunicati\/senza-categoria\/nave-acquarius-bloccata-a-marsiglia-a-causa-della-revoca-della-bandiera\/","og_locale":"it_IT","og_type":"article","og_title":"Nave Acquarius bloccata a Marsiglia a causa della revoca della bandiera","og_description":"Nave Acquarius ultima nel Mediterraneo per soccorsi miganti non \u00e8 in grado di navigare, con gli attivisti che incolpano le pressioni del governo italiano.","og_url":"https:\/\/www.article-marketing.eu\/comunicati\/senza-categoria\/nave-acquarius-bloccata-a-marsiglia-a-causa-della-revoca-della-bandiera\/","og_site_name":"Article Marketing","article_published_time":"2018-11-02T21:46:49+00:00","article_modified_time":"2020-02-12T01:15:16+00:00","og_image":[{"width":700,"height":420,"url":"https:\/\/www.article-marketing.eu\/comunicati\/wp-content\/uploads\/2018\/11\/Acquarius-sos-mediterranee.jpg","type":"image\/jpeg"}],"author":"leoddoff","twitter_card":"summary_large_image","twitter_misc":{"Scritto da":"leoddoff","Tempo di lettura stimato":"4 minuti"},"schema":{"@context":"https:\/\/schema.org","@graph":[{"@type":"Article","@id":"https:\/\/www.article-marketing.eu\/comunicati\/senza-categoria\/nave-acquarius-bloccata-a-marsiglia-a-causa-della-revoca-della-bandiera\/#article","isPartOf":{"@id":"https:\/\/www.article-marketing.eu\/comunicati\/senza-categoria\/nave-acquarius-bloccata-a-marsiglia-a-causa-della-revoca-della-bandiera\/"},"author":{"name":"leoddoff","@id":"https:\/\/www.article-marketing.eu\/comunicati\/#\/schema\/person\/6bbefc5ee6a5ff1fb1039e4ba13123f9"},"headline":"Nave Acquarius bloccata a Marsiglia a causa della revoca della bandiera","datePublished":"2018-11-02T21:46:49+00:00","dateModified":"2020-02-12T01:15:16+00:00","mainEntityOfPage":{"@id":"https:\/\/www.article-marketing.eu\/comunicati\/senza-categoria\/nave-acquarius-bloccata-a-marsiglia-a-causa-della-revoca-della-bandiera\/"},"wordCount":768,"commentCount":0,"image":{"@id":"https:\/\/www.article-marketing.eu\/comunicati\/senza-categoria\/nave-acquarius-bloccata-a-marsiglia-a-causa-della-revoca-della-bandiera\/#primaryimage"},"thumbnailUrl":"https:\/\/www.article-marketing.eu\/comunicati\/wp-content\/uploads\/2018\/11\/Acquarius-sos-mediterranee.jpg","keywords":["adv20","Medici senza frontiere","Nave Acquarius","soccorso migranti","soccorso migranti mediterraneo"],"articleSection":{"0":"Etica e Societ\u00e0","1":"News e Attualit\u00e0","3":"Volontariato e Societ\u00e0"},"inLanguage":"it-IT","potentialAction":[{"@type":"CommentAction","name":"Comment","target":["https:\/\/www.article-marketing.eu\/comunicati\/senza-categoria\/nave-acquarius-bloccata-a-marsiglia-a-causa-della-revoca-della-bandiera\/#respond"]}]},{"@type":"WebPage","@id":"https:\/\/www.article-marketing.eu\/comunicati\/senza-categoria\/nave-acquarius-bloccata-a-marsiglia-a-causa-della-revoca-della-bandiera\/","url":"https:\/\/www.article-marketing.eu\/comunicati\/senza-categoria\/nave-acquarius-bloccata-a-marsiglia-a-causa-della-revoca-della-bandiera\/","name":"Nave Acquarius bloccata a Marsiglia a causa della revoca della bandiera","isPartOf":{"@id":"https:\/\/www.article-marketing.eu\/comunicati\/#website"},"primaryImageOfPage":{"@id":"https:\/\/www.article-marketing.eu\/comunicati\/senza-categoria\/nave-acquarius-bloccata-a-marsiglia-a-causa-della-revoca-della-bandiera\/#primaryimage"},"image":{"@id":"https:\/\/www.article-marketing.eu\/comunicati\/senza-categoria\/nave-acquarius-bloccata-a-marsiglia-a-causa-della-revoca-della-bandiera\/#primaryimage"},"thumbnailUrl":"https:\/\/www.article-marketing.eu\/comunicati\/wp-content\/uploads\/2018\/11\/Acquarius-sos-mediterranee.jpg","datePublished":"2018-11-02T21:46:49+00:00","dateModified":"2020-02-12T01:15:16+00:00","author":{"@id":"https:\/\/www.article-marketing.eu\/comunicati\/#\/schema\/person\/6bbefc5ee6a5ff1fb1039e4ba13123f9"},"description":"Nave Acquarius ultima nel Mediterraneo per soccorsi miganti non \u00e8 in grado di navigare, con gli attivisti che incolpano le pressioni del governo italiano.","breadcrumb":{"@id":"https:\/\/www.article-marketing.eu\/comunicati\/senza-categoria\/nave-acquarius-bloccata-a-marsiglia-a-causa-della-revoca-della-bandiera\/#breadcrumb"},"inLanguage":"it-IT","potentialAction":[{"@type":"ReadAction","target":["https:\/\/www.article-marketing.eu\/comunicati\/senza-categoria\/nave-acquarius-bloccata-a-marsiglia-a-causa-della-revoca-della-bandiera\/"]}]},{"@type":"ImageObject","inLanguage":"it-IT","@id":"https:\/\/www.article-marketing.eu\/comunicati\/senza-categoria\/nave-acquarius-bloccata-a-marsiglia-a-causa-della-revoca-della-bandiera\/#primaryimage","url":"https:\/\/www.article-marketing.eu\/comunicati\/wp-content\/uploads\/2018\/11\/Acquarius-sos-mediterranee.jpg","contentUrl":"https:\/\/www.article-marketing.eu\/comunicati\/wp-content\/uploads\/2018\/11\/Acquarius-sos-mediterranee.jpg","width":700,"height":420},{"@type":"BreadcrumbList","@id":"https:\/\/www.article-marketing.eu\/comunicati\/senza-categoria\/nave-acquarius-bloccata-a-marsiglia-a-causa-della-revoca-della-bandiera\/#breadcrumb","itemListElement":[{"@type":"ListItem","position":1,"name":"Home","item":"https:\/\/www.article-marketing.eu\/comunicati\/"},{"@type":"ListItem","position":2,"name":"Nave Acquarius bloccata a Marsiglia a causa della revoca della bandiera"}]},{"@type":"WebSite","@id":"https:\/\/www.article-marketing.eu\/comunicati\/#website","url":"https:\/\/www.article-marketing.eu\/comunicati\/","name":"Article Marketing","description":"article marketing &amp; press release","potentialAction":[{"@type":"SearchAction","target":{"@type":"EntryPoint","urlTemplate":"https:\/\/www.article-marketing.eu\/comunicati\/?s={search_term_string}"},"query-input":{"@type":"PropertyValueSpecification","valueRequired":true,"valueName":"search_term_string"}}],"inLanguage":"it-IT"},{"@type":"Person","@id":"https:\/\/www.article-marketing.eu\/comunicati\/#\/schema\/person\/6bbefc5ee6a5ff1fb1039e4ba13123f9","name":"leoddoff","image":{"@type":"ImageObject","inLanguage":"it-IT","@id":"https:\/\/www.article-marketing.eu\/comunicati\/#\/schema\/person\/image\/","url":"https:\/\/secure.gravatar.com\/avatar\/cd618d7fe97ffff939f07a6db3351049031b3f1538b52b9dbd88323ef7123965?s=96&d=mm&r=g","contentUrl":"https:\/\/secure.gravatar.com\/avatar\/cd618d7fe97ffff939f07a6db3351049031b3f1538b52b9dbd88323ef7123965?s=96&d=mm&r=g","caption":"leoddoff"},"url":"https:\/\/www.article-marketing.eu\/comunicati\/author\/leoddoff\/"}]}},"_links":{"self":[{"href":"https:\/\/www.article-marketing.eu\/comunicati\/wp-json\/wp\/v2\/posts\/65429","targetHints":{"allow":["GET"]}}],"collection":[{"href":"https:\/\/www.article-marketing.eu\/comunicati\/wp-json\/wp\/v2\/posts"}],"about":[{"href":"https:\/\/www.article-marketing.eu\/comunicati\/wp-json\/wp\/v2\/types\/post"}],"author":[{"embeddable":true,"href":"https:\/\/www.article-marketing.eu\/comunicati\/wp-json\/wp\/v2\/users\/6"}],"replies":[{"embeddable":true,"href":"https:\/\/www.article-marketing.eu\/comunicati\/wp-json\/wp\/v2\/comments?post=65429"}],"version-history":[{"count":6,"href":"https:\/\/www.article-marketing.eu\/comunicati\/wp-json\/wp\/v2\/posts\/65429\/revisions"}],"predecessor-version":[{"id":65833,"href":"https:\/\/www.article-marketing.eu\/comunicati\/wp-json\/wp\/v2\/posts\/65429\/revisions\/65833"}],"wp:featuredmedia":[{"embeddable":true,"href":"https:\/\/www.article-marketing.eu\/comunicati\/wp-json\/wp\/v2\/media\/65442"}],"wp:attachment":[{"href":"https:\/\/www.article-marketing.eu\/comunicati\/wp-json\/wp\/v2\/media?parent=65429"}],"wp:term":[{"taxonomy":"category","embeddable":true,"href":"https:\/\/www.article-marketing.eu\/comunicati\/wp-json\/wp\/v2\/categories?post=65429"},{"taxonomy":"post_tag","embeddable":true,"href":"https:\/\/www.article-marketing.eu\/comunicati\/wp-json\/wp\/v2\/tags?post=65429"}],"curies":[{"name":"wp","href":"https:\/\/api.w.org\/{rel}","templated":true}]}}