{"id":65483,"date":"2019-05-16T18:42:01","date_gmt":"2019-05-16T16:42:01","guid":{"rendered":"https:\/\/www.article-marketing.eu\/comunicati\/?p=65483"},"modified":"2019-11-08T13:18:29","modified_gmt":"2019-11-08T12:18:29","slug":"matteo-salvini-sui-giornali-online-stranieri","status":"publish","type":"post","link":"https:\/\/www.article-marketing.eu\/comunicati\/societa\/news-e-attualita\/matteo-salvini-sui-giornali-online-stranieri\/","title":{"rendered":"Matteo Salvini sui giornali online stranieri"},"content":{"rendered":"<h1>Matteo Salvini guida l&#8217;espansione etnonazionalista dell&#8217;Europa<\/h1>\n<p>Cinque anni fa, <strong>Matteo Salvini<\/strong> era ancora una figura ai margini politici dell&#8217;Italia. Era appena stato rieletto come membro italiano del Parlamento europeo ed era il nuvo capo\u00a0 di quella che allora era conosciuta come la Lega Nord, un partito che nutriva il sogno di dividere il nord industriale italiano dal resto del paese.<br \/>\nIn giovent\u00f9, <strong>Salvini<\/strong>, cresciuto in una famiglia milanese della classe media, era entrato nel partito attraverso una sezione locale. Ma le sue convinzioni si sono considerevolmente spostate: nel 2014, quando Salvini ha ammesso pubblicamente di tifare la squadra italiana di calcio ai Mondiali, \u00e8 stato visto come una concessione significativa da un ex leader separatista e un marchio di un programma nazionalista pi\u00f9 espansivo.<\/p>\n<p>Ora, Salvini, 46 anni, \u00e8 il nazionalista in capo in Italia, un vice primo ministro in un governo di coalizione populista e il politico pi\u00f9 potente del suo paese. Il suo partito di estrema destra \u00e8 conosciuto semplicemente come la Lega; Salvini dispens\u00f2 severe critiche contro i poveri contadini del sud italiano in favore di un pi\u00f9 energico rifiuto degli immigrati, dei musulmani e di altre minoranze indesiderate.<br \/>\nIn tal modo, la Lega \u00e8 diventata il pi\u00f9 influente partito di destra nel paese, cannibalizzando il sostegno del centro-destra tradizionale.<\/p>\n<p>Come il Presidente Trump e gli ultranazionalisti altrove, Salvini promette di mettere &#8220;gli italiani al primo posto&#8221;. E promuove il risentimento locale nei confronti delle politiche dell&#8217;Unione europea, inveendo contro i suoi burocrati cosmopoliti e quelli che chiama banchieri rapaci.<br \/>\nQuesta settimana, ha turbato i mercati finanziari dopo aver suggerito che Roma fortemente indebitata sarebbe stata disposta a rompere le regole di bilancio dell&#8217;Unione Europea che limitano la quantit\u00e0 di debito pubblico degli Stati membri che possono maturare.<\/p>\n<p>&#8220;L&#8217;Europa ha senso se riconosce diverse culture e identit\u00e0&#8221;, ha detto <strong>Salvini<\/strong> in una recente manifestazione. &#8220;L&#8217;Unione Europea. non pu\u00f2 basarsi solo su finanza e affari. Quello non \u00e8 un sogno, \u00e8 un incubo. &#8221;<\/p>\n<p>Tra una settimana Salvini potrebbe rendere l&#8217;incubo troppo reale per l&#8217;establishment europeo.<br \/>\nIl suo partito e una costellazione di altri partiti di estrema destra e euroscettici stanno facendo notevoli progressi nelle elezioni parlamentari europee.<br \/>\nUna stima suggerisce che fazioni di estrema destra e anti-establishment potrebbero vincere fino al 35 per cento dei voti, rivaleggiando con i maggiori blocchi di centro-destra e centro-sinistra del continente.<br \/>\nMa possono lottare per una maggiore coesione &#8211; sebbene condividano l&#8217;avversione per l&#8217;immigrazione, i partiti nazionalisti e populisti di diverse parti d&#8217;Europa non sempre guardano alle questioni principali della politica continentale, compresa la spesa pubblica.<\/p>\n<p>Ma Salvini si \u00e8 posizionato come il portabandiera dell&#8217;estrema destra europea e punta a ricucire un blocco esteso di estrema destra che potrebbe sovvertire completamente i processi parlamentari dell&#8217;EU.<br \/>\nHa gi\u00e0 due importanti partiti di estrema destra europei &#8211; il Rally nazionale francese e l&#8217;alternativa per la Germania &#8211; sotto la sua bandiera.<\/p>\n<p>Lontano dal cercare un&#8217;uscita dall&#8217;Unione Europea, l&#8217;estrema destra del continente, guidata da figure come Salvini, ritiene che una maggiore resa dei conti sia a portata di mano.<\/p>\n<p>&#8220;La maggior parte di questi partiti populisti di estrema destra ha capito che dire alla gente che avrebbe lasciato l&#8217;E.U. e l&#8217;euro fa paura, &#8220;Jean-Yves Camus, un esperto all&#8217;estrema destra del think tank Fondation Jean Jaur\u00e8s a Parigi, ha detto a France 24.&#8221; E l&#8217;esempio di Brexit aggiunge: gli inglesi sanno cosa vogliono ottenere fuori, ma non hanno idea di dove stanno andando. Quindi forse i populisti non hanno cambiato idea, ma hanno certamente cambiato il loro discorso &#8211; dal voler lasciare l&#8217;E.U. a volerlo rivedere dall&#8217;interno. &#8221;<\/p>\n<p>Salvini sta anche coronando il primo ministro ungherese Viktor Orban, il cui partito al governo Fidesz \u00e8 stato temporaneamente sospeso dal principale blocco del centro-destra in Europa e potrebbe disertare all&#8217;estrema destra. In una recente intervista piuttosto surreale con l&#8217;intellettuale pubblico francese Bernard Henri-Levy, Orban ha salutato Salvini come un leader trasformativo continentale.<\/p>\n<p>&#8220;Conduce un grande paese. L&#8217;Europa pu\u00f2 sanzionare un piccolo paese come l&#8217;Ungheria &#8220;, ha detto Orban. &#8220;Non oserebbe andare in cerca di un paese come l&#8217;Italia, con 60 milioni di persone. Inoltre, l&#8217;Italia ha una voce potente. Sta fermo contro i migranti &#8211; occupare la linea del fronte &#8220;.<\/p>\n<p>A Budapest questo mese, Salvini ha viaggiato con Orban verso il confine recintato dell&#8217;Ungheria e ha lanciato un avvertimento che Orban ei suoi avversari a sinistra erano troppo permissivi per l&#8217;immigrazione. &#8220;Per i nostri figli, lasciare un califfato islamico con la legge della sharia nelle nostre citt\u00e0, non \u00e8 qualcosa che voglio fare e far\u00f2 tutto quanto \u00e8 in mio potere per scongiurare questo triste finale per l&#8217;Europa&#8221;, ha detto.<br \/>\nSalvini promette di affrontare i vincitori del concorso sui social media italiano<\/p>\n<p>&nbsp;<\/p>\n<p>FONTE: www.mail.com<\/p>\n<p>FOTO: matteopaolelli.blogspot.com<\/p>\n","protected":false},"excerpt":{"rendered":"<p>Matteo Salvini guida l&#8217;espansione etnonazionalista dell&#8217;Europa Cinque anni fa, Matteo Salvini era ancora una figura ai margini politici dell&#8217;Italia. Era appena stato rieletto come membro italiano del Parlamento europeo ed era il nuvo capo\u00a0 di quella che allora era conosciuta come la Lega Nord, un partito che nutriva il sogno di dividere il nord industriale italiano dal resto del paese. In giovent\u00f9, Salvini, cresciuto in una famiglia milanese della classe<\/p>\n<p><a class=\"continue-reading\" href=\"https:\/\/www.article-marketing.eu\/comunicati\/societa\/news-e-attualita\/matteo-salvini-sui-giornali-online-stranieri\/\">Continue reading&#8230;<\/a><\/p>\n","protected":false},"author":8,"featured_media":65502,"comment_status":"open","ping_status":"open","sticky":false,"template":"","format":"standard","meta":{"cybocfi_hide_featured_image":"","footnotes":""},"categories":[81,51],"tags":[55945,55944],"class_list":["post-65483","post","type-post","status-publish","format-standard","has-post-thumbnail","hentry","category-news-e-attualita","category-societa","tag-italia-nel-mondo","tag-matteo-salvini"],"yoast_head":"<!-- This site is optimized with the Yoast SEO plugin v27.0 - https:\/\/yoast.com\/product\/yoast-seo-wordpress\/ -->\n<title>Matteo Salvini sui giornali online stranieri - Article Marketing<\/title>\n<meta name=\"robots\" content=\"index, follow, max-snippet:-1, max-image-preview:large, max-video-preview:-1\" \/>\n<link rel=\"canonical\" href=\"https:\/\/www.article-marketing.eu\/comunicati\/societa\/news-e-attualita\/matteo-salvini-sui-giornali-online-stranieri\/\" \/>\n<meta property=\"og:locale\" content=\"it_IT\" \/>\n<meta property=\"og:type\" content=\"article\" \/>\n<meta property=\"og:title\" content=\"Matteo Salvini sui giornali online stranieri - Article Marketing\" \/>\n<meta property=\"og:description\" content=\"Matteo Salvini guida l&#8217;espansione etnonazionalista dell&#8217;Europa Cinque anni fa, Matteo Salvini era ancora una figura ai margini politici dell&#8217;Italia. Era appena stato rieletto come membro italiano del Parlamento europeo ed era il nuvo capo\u00a0 di quella che allora era conosciuta come la Lega Nord, un partito che nutriva il sogno di dividere il nord industriale italiano dal resto del paese. In giovent\u00f9, Salvini, cresciuto in una famiglia milanese della classeContinue reading...\" \/>\n<meta property=\"og:url\" content=\"https:\/\/www.article-marketing.eu\/comunicati\/societa\/news-e-attualita\/matteo-salvini-sui-giornali-online-stranieri\/\" \/>\n<meta property=\"og:site_name\" content=\"Article Marketing\" \/>\n<meta property=\"article:published_time\" content=\"2019-05-16T16:42:01+00:00\" \/>\n<meta property=\"article:modified_time\" content=\"2019-11-08T12:18:29+00:00\" \/>\n<meta property=\"og:image\" content=\"https:\/\/www.article-marketing.eu\/comunicati\/wp-content\/uploads\/2019\/05\/matteo-salvini-caricatura.jpg\" \/>\n\t<meta property=\"og:image:width\" content=\"459\" \/>\n\t<meta property=\"og:image:height\" content=\"640\" \/>\n\t<meta property=\"og:image:type\" content=\"image\/jpeg\" \/>\n<meta name=\"author\" content=\"luisita\" \/>\n<meta name=\"twitter:card\" content=\"summary_large_image\" \/>\n<meta name=\"twitter:label1\" content=\"Scritto da\" \/>\n\t<meta name=\"twitter:data1\" content=\"luisita\" \/>\n\t<meta name=\"twitter:label2\" content=\"Tempo di lettura stimato\" \/>\n\t<meta name=\"twitter:data2\" content=\"4 minuti\" \/>\n<script type=\"application\/ld+json\" class=\"yoast-schema-graph\">{\"@context\":\"https:\/\/schema.org\",\"@graph\":[{\"@type\":\"Article\",\"@id\":\"https:\/\/www.article-marketing.eu\/comunicati\/societa\/news-e-attualita\/matteo-salvini-sui-giornali-online-stranieri\/#article\",\"isPartOf\":{\"@id\":\"https:\/\/www.article-marketing.eu\/comunicati\/societa\/news-e-attualita\/matteo-salvini-sui-giornali-online-stranieri\/\"},\"author\":{\"name\":\"luisita\",\"@id\":\"https:\/\/www.article-marketing.eu\/comunicati\/#\/schema\/person\/b48c9a6025f6c1767e04a353481c0f5b\"},\"headline\":\"Matteo Salvini sui giornali online stranieri\",\"datePublished\":\"2019-05-16T16:42:01+00:00\",\"dateModified\":\"2019-11-08T12:18:29+00:00\",\"mainEntityOfPage\":{\"@id\":\"https:\/\/www.article-marketing.eu\/comunicati\/societa\/news-e-attualita\/matteo-salvini-sui-giornali-online-stranieri\/\"},\"wordCount\":776,\"commentCount\":0,\"image\":{\"@id\":\"https:\/\/www.article-marketing.eu\/comunicati\/societa\/news-e-attualita\/matteo-salvini-sui-giornali-online-stranieri\/#primaryimage\"},\"thumbnailUrl\":\"https:\/\/www.article-marketing.eu\/comunicati\/wp-content\/uploads\/2019\/05\/matteo-salvini-caricatura.jpg\",\"keywords\":[\"italia nel mondo\",\"Matteo Salvini\"],\"articleSection\":[\"News e Attualit\u00e0\",\"Societ\u00e0\"],\"inLanguage\":\"it-IT\",\"potentialAction\":[{\"@type\":\"CommentAction\",\"name\":\"Comment\",\"target\":[\"https:\/\/www.article-marketing.eu\/comunicati\/societa\/news-e-attualita\/matteo-salvini-sui-giornali-online-stranieri\/#respond\"]}]},{\"@type\":\"WebPage\",\"@id\":\"https:\/\/www.article-marketing.eu\/comunicati\/societa\/news-e-attualita\/matteo-salvini-sui-giornali-online-stranieri\/\",\"url\":\"https:\/\/www.article-marketing.eu\/comunicati\/societa\/news-e-attualita\/matteo-salvini-sui-giornali-online-stranieri\/\",\"name\":\"Matteo Salvini sui giornali online stranieri - Article Marketing\",\"isPartOf\":{\"@id\":\"https:\/\/www.article-marketing.eu\/comunicati\/#website\"},\"primaryImageOfPage\":{\"@id\":\"https:\/\/www.article-marketing.eu\/comunicati\/societa\/news-e-attualita\/matteo-salvini-sui-giornali-online-stranieri\/#primaryimage\"},\"image\":{\"@id\":\"https:\/\/www.article-marketing.eu\/comunicati\/societa\/news-e-attualita\/matteo-salvini-sui-giornali-online-stranieri\/#primaryimage\"},\"thumbnailUrl\":\"https:\/\/www.article-marketing.eu\/comunicati\/wp-content\/uploads\/2019\/05\/matteo-salvini-caricatura.jpg\",\"datePublished\":\"2019-05-16T16:42:01+00:00\",\"dateModified\":\"2019-11-08T12:18:29+00:00\",\"author\":{\"@id\":\"https:\/\/www.article-marketing.eu\/comunicati\/#\/schema\/person\/b48c9a6025f6c1767e04a353481c0f5b\"},\"breadcrumb\":{\"@id\":\"https:\/\/www.article-marketing.eu\/comunicati\/societa\/news-e-attualita\/matteo-salvini-sui-giornali-online-stranieri\/#breadcrumb\"},\"inLanguage\":\"it-IT\",\"potentialAction\":[{\"@type\":\"ReadAction\",\"target\":[\"https:\/\/www.article-marketing.eu\/comunicati\/societa\/news-e-attualita\/matteo-salvini-sui-giornali-online-stranieri\/\"]}]},{\"@type\":\"ImageObject\",\"inLanguage\":\"it-IT\",\"@id\":\"https:\/\/www.article-marketing.eu\/comunicati\/societa\/news-e-attualita\/matteo-salvini-sui-giornali-online-stranieri\/#primaryimage\",\"url\":\"https:\/\/www.article-marketing.eu\/comunicati\/wp-content\/uploads\/2019\/05\/matteo-salvini-caricatura.jpg\",\"contentUrl\":\"https:\/\/www.article-marketing.eu\/comunicati\/wp-content\/uploads\/2019\/05\/matteo-salvini-caricatura.jpg\",\"width\":459,\"height\":640,\"caption\":\"Matteo Salvini caricatura\"},{\"@type\":\"BreadcrumbList\",\"@id\":\"https:\/\/www.article-marketing.eu\/comunicati\/societa\/news-e-attualita\/matteo-salvini-sui-giornali-online-stranieri\/#breadcrumb\",\"itemListElement\":[{\"@type\":\"ListItem\",\"position\":1,\"name\":\"Home\",\"item\":\"https:\/\/www.article-marketing.eu\/comunicati\/\"},{\"@type\":\"ListItem\",\"position\":2,\"name\":\"Matteo Salvini sui giornali online stranieri\"}]},{\"@type\":\"WebSite\",\"@id\":\"https:\/\/www.article-marketing.eu\/comunicati\/#website\",\"url\":\"https:\/\/www.article-marketing.eu\/comunicati\/\",\"name\":\"Article Marketing\",\"description\":\"article marketing &amp; press release\",\"potentialAction\":[{\"@type\":\"SearchAction\",\"target\":{\"@type\":\"EntryPoint\",\"urlTemplate\":\"https:\/\/www.article-marketing.eu\/comunicati\/?s={search_term_string}\"},\"query-input\":{\"@type\":\"PropertyValueSpecification\",\"valueRequired\":true,\"valueName\":\"search_term_string\"}}],\"inLanguage\":\"it-IT\"},{\"@type\":\"Person\",\"@id\":\"https:\/\/www.article-marketing.eu\/comunicati\/#\/schema\/person\/b48c9a6025f6c1767e04a353481c0f5b\",\"name\":\"luisita\",\"image\":{\"@type\":\"ImageObject\",\"inLanguage\":\"it-IT\",\"@id\":\"https:\/\/www.article-marketing.eu\/comunicati\/#\/schema\/person\/image\/\",\"url\":\"https:\/\/secure.gravatar.com\/avatar\/908fd836459a0800151fc60bb5b277db0ce33152060bfd2029493ea15dba2eff?s=96&d=mm&r=g\",\"contentUrl\":\"https:\/\/secure.gravatar.com\/avatar\/908fd836459a0800151fc60bb5b277db0ce33152060bfd2029493ea15dba2eff?s=96&d=mm&r=g\",\"caption\":\"luisita\"},\"url\":\"https:\/\/www.article-marketing.eu\/comunicati\/author\/luisita\/\"}]}<\/script>\n<!-- \/ Yoast SEO plugin. -->","yoast_head_json":{"title":"Matteo Salvini sui giornali online stranieri - Article Marketing","robots":{"index":"index","follow":"follow","max-snippet":"max-snippet:-1","max-image-preview":"max-image-preview:large","max-video-preview":"max-video-preview:-1"},"canonical":"https:\/\/www.article-marketing.eu\/comunicati\/societa\/news-e-attualita\/matteo-salvini-sui-giornali-online-stranieri\/","og_locale":"it_IT","og_type":"article","og_title":"Matteo Salvini sui giornali online stranieri - Article Marketing","og_description":"Matteo Salvini guida l&#8217;espansione etnonazionalista dell&#8217;Europa Cinque anni fa, Matteo Salvini era ancora una figura ai margini politici dell&#8217;Italia. Era appena stato rieletto come membro italiano del Parlamento europeo ed era il nuvo capo\u00a0 di quella che allora era conosciuta come la Lega Nord, un partito che nutriva il sogno di dividere il nord industriale italiano dal resto del paese. In giovent\u00f9, Salvini, cresciuto in una famiglia milanese della classeContinue reading...","og_url":"https:\/\/www.article-marketing.eu\/comunicati\/societa\/news-e-attualita\/matteo-salvini-sui-giornali-online-stranieri\/","og_site_name":"Article Marketing","article_published_time":"2019-05-16T16:42:01+00:00","article_modified_time":"2019-11-08T12:18:29+00:00","og_image":[{"width":459,"height":640,"url":"https:\/\/www.article-marketing.eu\/comunicati\/wp-content\/uploads\/2019\/05\/matteo-salvini-caricatura.jpg","type":"image\/jpeg"}],"author":"luisita","twitter_card":"summary_large_image","twitter_misc":{"Scritto da":"luisita","Tempo di lettura stimato":"4 minuti"},"schema":{"@context":"https:\/\/schema.org","@graph":[{"@type":"Article","@id":"https:\/\/www.article-marketing.eu\/comunicati\/societa\/news-e-attualita\/matteo-salvini-sui-giornali-online-stranieri\/#article","isPartOf":{"@id":"https:\/\/www.article-marketing.eu\/comunicati\/societa\/news-e-attualita\/matteo-salvini-sui-giornali-online-stranieri\/"},"author":{"name":"luisita","@id":"https:\/\/www.article-marketing.eu\/comunicati\/#\/schema\/person\/b48c9a6025f6c1767e04a353481c0f5b"},"headline":"Matteo Salvini sui giornali online stranieri","datePublished":"2019-05-16T16:42:01+00:00","dateModified":"2019-11-08T12:18:29+00:00","mainEntityOfPage":{"@id":"https:\/\/www.article-marketing.eu\/comunicati\/societa\/news-e-attualita\/matteo-salvini-sui-giornali-online-stranieri\/"},"wordCount":776,"commentCount":0,"image":{"@id":"https:\/\/www.article-marketing.eu\/comunicati\/societa\/news-e-attualita\/matteo-salvini-sui-giornali-online-stranieri\/#primaryimage"},"thumbnailUrl":"https:\/\/www.article-marketing.eu\/comunicati\/wp-content\/uploads\/2019\/05\/matteo-salvini-caricatura.jpg","keywords":["italia nel mondo","Matteo Salvini"],"articleSection":["News e Attualit\u00e0","Societ\u00e0"],"inLanguage":"it-IT","potentialAction":[{"@type":"CommentAction","name":"Comment","target":["https:\/\/www.article-marketing.eu\/comunicati\/societa\/news-e-attualita\/matteo-salvini-sui-giornali-online-stranieri\/#respond"]}]},{"@type":"WebPage","@id":"https:\/\/www.article-marketing.eu\/comunicati\/societa\/news-e-attualita\/matteo-salvini-sui-giornali-online-stranieri\/","url":"https:\/\/www.article-marketing.eu\/comunicati\/societa\/news-e-attualita\/matteo-salvini-sui-giornali-online-stranieri\/","name":"Matteo Salvini sui giornali online stranieri - Article Marketing","isPartOf":{"@id":"https:\/\/www.article-marketing.eu\/comunicati\/#website"},"primaryImageOfPage":{"@id":"https:\/\/www.article-marketing.eu\/comunicati\/societa\/news-e-attualita\/matteo-salvini-sui-giornali-online-stranieri\/#primaryimage"},"image":{"@id":"https:\/\/www.article-marketing.eu\/comunicati\/societa\/news-e-attualita\/matteo-salvini-sui-giornali-online-stranieri\/#primaryimage"},"thumbnailUrl":"https:\/\/www.article-marketing.eu\/comunicati\/wp-content\/uploads\/2019\/05\/matteo-salvini-caricatura.jpg","datePublished":"2019-05-16T16:42:01+00:00","dateModified":"2019-11-08T12:18:29+00:00","author":{"@id":"https:\/\/www.article-marketing.eu\/comunicati\/#\/schema\/person\/b48c9a6025f6c1767e04a353481c0f5b"},"breadcrumb":{"@id":"https:\/\/www.article-marketing.eu\/comunicati\/societa\/news-e-attualita\/matteo-salvini-sui-giornali-online-stranieri\/#breadcrumb"},"inLanguage":"it-IT","potentialAction":[{"@type":"ReadAction","target":["https:\/\/www.article-marketing.eu\/comunicati\/societa\/news-e-attualita\/matteo-salvini-sui-giornali-online-stranieri\/"]}]},{"@type":"ImageObject","inLanguage":"it-IT","@id":"https:\/\/www.article-marketing.eu\/comunicati\/societa\/news-e-attualita\/matteo-salvini-sui-giornali-online-stranieri\/#primaryimage","url":"https:\/\/www.article-marketing.eu\/comunicati\/wp-content\/uploads\/2019\/05\/matteo-salvini-caricatura.jpg","contentUrl":"https:\/\/www.article-marketing.eu\/comunicati\/wp-content\/uploads\/2019\/05\/matteo-salvini-caricatura.jpg","width":459,"height":640,"caption":"Matteo Salvini caricatura"},{"@type":"BreadcrumbList","@id":"https:\/\/www.article-marketing.eu\/comunicati\/societa\/news-e-attualita\/matteo-salvini-sui-giornali-online-stranieri\/#breadcrumb","itemListElement":[{"@type":"ListItem","position":1,"name":"Home","item":"https:\/\/www.article-marketing.eu\/comunicati\/"},{"@type":"ListItem","position":2,"name":"Matteo Salvini sui giornali online stranieri"}]},{"@type":"WebSite","@id":"https:\/\/www.article-marketing.eu\/comunicati\/#website","url":"https:\/\/www.article-marketing.eu\/comunicati\/","name":"Article Marketing","description":"article marketing &amp; press release","potentialAction":[{"@type":"SearchAction","target":{"@type":"EntryPoint","urlTemplate":"https:\/\/www.article-marketing.eu\/comunicati\/?s={search_term_string}"},"query-input":{"@type":"PropertyValueSpecification","valueRequired":true,"valueName":"search_term_string"}}],"inLanguage":"it-IT"},{"@type":"Person","@id":"https:\/\/www.article-marketing.eu\/comunicati\/#\/schema\/person\/b48c9a6025f6c1767e04a353481c0f5b","name":"luisita","image":{"@type":"ImageObject","inLanguage":"it-IT","@id":"https:\/\/www.article-marketing.eu\/comunicati\/#\/schema\/person\/image\/","url":"https:\/\/secure.gravatar.com\/avatar\/908fd836459a0800151fc60bb5b277db0ce33152060bfd2029493ea15dba2eff?s=96&d=mm&r=g","contentUrl":"https:\/\/secure.gravatar.com\/avatar\/908fd836459a0800151fc60bb5b277db0ce33152060bfd2029493ea15dba2eff?s=96&d=mm&r=g","caption":"luisita"},"url":"https:\/\/www.article-marketing.eu\/comunicati\/author\/luisita\/"}]}},"_links":{"self":[{"href":"https:\/\/www.article-marketing.eu\/comunicati\/wp-json\/wp\/v2\/posts\/65483","targetHints":{"allow":["GET"]}}],"collection":[{"href":"https:\/\/www.article-marketing.eu\/comunicati\/wp-json\/wp\/v2\/posts"}],"about":[{"href":"https:\/\/www.article-marketing.eu\/comunicati\/wp-json\/wp\/v2\/types\/post"}],"author":[{"embeddable":true,"href":"https:\/\/www.article-marketing.eu\/comunicati\/wp-json\/wp\/v2\/users\/8"}],"replies":[{"embeddable":true,"href":"https:\/\/www.article-marketing.eu\/comunicati\/wp-json\/wp\/v2\/comments?post=65483"}],"version-history":[{"count":5,"href":"https:\/\/www.article-marketing.eu\/comunicati\/wp-json\/wp\/v2\/posts\/65483\/revisions"}],"predecessor-version":[{"id":65505,"href":"https:\/\/www.article-marketing.eu\/comunicati\/wp-json\/wp\/v2\/posts\/65483\/revisions\/65505"}],"wp:featuredmedia":[{"embeddable":true,"href":"https:\/\/www.article-marketing.eu\/comunicati\/wp-json\/wp\/v2\/media\/65502"}],"wp:attachment":[{"href":"https:\/\/www.article-marketing.eu\/comunicati\/wp-json\/wp\/v2\/media?parent=65483"}],"wp:term":[{"taxonomy":"category","embeddable":true,"href":"https:\/\/www.article-marketing.eu\/comunicati\/wp-json\/wp\/v2\/categories?post=65483"},{"taxonomy":"post_tag","embeddable":true,"href":"https:\/\/www.article-marketing.eu\/comunicati\/wp-json\/wp\/v2\/tags?post=65483"}],"curies":[{"name":"wp","href":"https:\/\/api.w.org\/{rel}","templated":true}]}}