{"id":65537,"date":"2019-11-23T23:50:22","date_gmt":"2019-11-23T22:50:22","guid":{"rendered":"https:\/\/www.article-marketing.eu\/comunicati\/?p=65537"},"modified":"2019-11-24T21:44:22","modified_gmt":"2019-11-24T20:44:22","slug":"daniela-carrasco-la-mimo-omaggio-video","status":"publish","type":"post","link":"https:\/\/www.article-marketing.eu\/comunicati\/societa\/news-e-attualita\/daniela-carrasco-la-mimo-omaggio-video\/","title":{"rendered":"Daniela Carrasco &#8220;la mimo&#8221; &#8211; omaggio video"},"content":{"rendered":"<p>La procura del Sud sta indagando sulla morte di una trentaseienne, trovata impiccata domenica scorsa (20 ottobre, NdT) in una terra desolata vicino al parco &#8220;Andr\u00e9 Jarlan&#8221;, nel comune di Pedro Aguirre Cerda, in Cile.<\/p>\n<p>Questa donna \u00e8 Daniela Carrasco, conosciuta a tutti col nomignolo di &#8220;Mimo&#8221;, il cui corpo \u00e8 stato trovato da un uomo che ha registrato un filmato del drammatico momento, notificando suoi sospetti alla polizia, ovvero che &#8211; secondo la sua testimonianza &#8211; sarebbe stato trovata nelle vicinanze del luogo.<br \/>\nSi tratterebbe ufficialmente di un suicidio giudicato per\u00f2 molto dubbio da amici e parenti.<br \/>\nEcco l&#8217;omaggio in video di una sua amica.<\/p>\n<p><iframe loading=\"lazy\" src=\"https:\/\/www.youtube.com\/embed\/T92IjlCHc4E\" width=\"560\" height=\"315\" frameborder=\"0\" allowfullscreen=\"allowfullscreen\"><\/iframe><br \/>\n<span class=\"\"><br \/>\nSalve a tutti. Mi chiamo Claudia Xerez e <\/span><span class=\"\">siamo qui perch\u00e9 per mezzo di una <\/span><span class=\"\">telefonata abbiamo informato la nostra comunit\u00e0 <\/span><span class=\"\">di ricordare Daniela Carrasco e <\/span><span class=\"\">di protestare per il suo omicidio <\/span><span class=\"\">che non sia impunito e che <\/span><span class=\"\">la verit\u00e0 sia conosciuta\u00a0<\/span><span class=\"\">una volta\u00a0<\/span><span class=\"\">per <\/span><span class=\"\">una femminista e <\/span><span class=\"\">sostenendo\u00a0<\/span><span class=\"\">anche\u00a0<\/span><span class=\"\">le donne che abbiamo davvero <\/span><span class=\"\">bisogno che lo stato e la societ\u00e0 cileni <\/span><span class=\"\">non continuino davvero a <\/span><span class=\"\">reprimere e che tutti gli omicidi, le <\/span><span class=\"\">torture, le violazioni delle donne <\/span><span class=\"\">e di tutte le persone che <\/span><span class=\"\">sono avvenute in\u00a0<\/span><span class=\"\">questi giorni\u00a0<\/span><span class=\"\">siano chiariti e che la <\/span><span class=\"\">giustizia\u00a0<\/span><span class=\"\">sia fatta.<br \/>\n<\/span><span class=\"\">Troveremo <\/span>come chiedere giustizia per l&#8217;assassinio di Daniela Carrasco durante lo stato di emergenza e anche chiedere come la giustizia per chi ha ucciso pi\u00f9 di 200 persone.\u00a0 Chiederemo la nuova Costituzione per fare giustizia per tutti che chiediamo che la repressione nelle strade sia bloccata e che la popolazione di donne e dissidenti lo stia facendo lo facciamo ogni domenica alle 5 del pomeriggio.<\/p>\n<p>Pensiamo che sia importante che come donne partecipiamo alle manifestazioni per vedere in cosa le assemblee ci riguardano e in cosa ci influenzer\u00e0 la nuova costituzione che vogliamo sia peparata.<\/p>\n<p>Ed \u00e8 importante che vengano per il fatto che siamo sempre stati escluse e<br \/>\nabbiamo dovuto cercare spazi dove possiamo parlare ed \u00e8 per questo<br \/>\nche vi invitiamo a stare tutti insieme e possiamo creare questi spazi e che stanno diventando enormi perch\u00e9 ne abbiamo due le sessioni sono gi\u00e0 state molto carine e stanno prendendo pi\u00f9 persone per venire a tutti questi ospiti come hanno detto i partner e i compagni sono tutti invitati a frequentare lo spazio<br \/>\nChe sia nata questa iniziativa \u00e8 meraviglioso con uno spazio di idee meravigliose e invitato tutto ci\u00f2 vieni ad assistere e ad arrivare insieme faremo molto di pi\u00f9, altrimenti non va bene, vogliamo invitarli tutti.<br \/>\nDobbiamo organizzarci, dobbiamo costruire reti tra di noi per creare un&#8217;assemblea che \u00e8 pi\u00f9 grande e pi\u00f9 potente all&#8217;interno della comune siamo molte femministe e il dissenso che siamo nella nostra comune e dobbiamo avere una<br \/>\nmaggiore rappresentativit\u00e0 ed \u00e8 per questo che vi invitiamo ad andare ogni<br \/>\ndomenica alle 5 del pomeriggio e prendere gli spazi che dobbiamo prendere <span class=\"\">strade, perch\u00e9 le strade sono nostre. <\/span><\/p>\n<p>FONTE: YouTube.com<br \/>\nFONTE: www.peacelink.it<\/p>\n<p>&nbsp;<\/p>\n","protected":false},"excerpt":{"rendered":"<p>La procura del Sud sta indagando sulla morte di una trentaseienne, trovata impiccata domenica scorsa (20 ottobre, NdT) in una terra desolata vicino al parco &#8220;Andr\u00e9 Jarlan&#8221;, nel comune di Pedro Aguirre Cerda, in Cile. Questa donna \u00e8 Daniela Carrasco, conosciuta a tutti col nomignolo di &#8220;Mimo&#8221;, il cui corpo \u00e8 stato trovato da un uomo che ha registrato un filmato del drammatico momento, notificando suoi sospetti alla polizia, ovvero<\/p>\n<p><a class=\"continue-reading\" href=\"https:\/\/www.article-marketing.eu\/comunicati\/societa\/news-e-attualita\/daniela-carrasco-la-mimo-omaggio-video\/\">Continue reading&#8230;<\/a><\/p>\n","protected":false},"author":6,"featured_media":65550,"comment_status":"open","ping_status":"open","sticky":false,"template":"","format":"standard","meta":{"cybocfi_hide_featured_image":"","footnotes":""},"categories":[81],"tags":[],"class_list":["post-65537","post","type-post","status-publish","format-standard","has-post-thumbnail","hentry","category-news-e-attualita"],"yoast_head":"<!-- This site is optimized with the Yoast SEO plugin v27.0 - https:\/\/yoast.com\/product\/yoast-seo-wordpress\/ -->\n<title>Daniela Carrasco &quot;la mimo&quot; - omaggio video - Article Marketing<\/title>\n<meta name=\"robots\" content=\"index, follow, max-snippet:-1, max-image-preview:large, max-video-preview:-1\" \/>\n<link rel=\"canonical\" href=\"https:\/\/www.article-marketing.eu\/comunicati\/societa\/news-e-attualita\/daniela-carrasco-la-mimo-omaggio-video\/\" \/>\n<meta property=\"og:locale\" content=\"it_IT\" \/>\n<meta property=\"og:type\" content=\"article\" \/>\n<meta property=\"og:title\" content=\"Daniela Carrasco &quot;la mimo&quot; - omaggio video - Article Marketing\" \/>\n<meta property=\"og:description\" content=\"La procura del Sud sta indagando sulla morte di una trentaseienne, trovata impiccata domenica scorsa (20 ottobre, NdT) in una terra desolata vicino al parco &#8220;Andr\u00e9 Jarlan&#8221;, nel comune di Pedro Aguirre Cerda, in Cile. Questa donna \u00e8 Daniela Carrasco, conosciuta a tutti col nomignolo di &#8220;Mimo&#8221;, il cui corpo \u00e8 stato trovato da un uomo che ha registrato un filmato del drammatico momento, notificando suoi sospetti alla polizia, ovveroContinue reading...\" \/>\n<meta property=\"og:url\" content=\"https:\/\/www.article-marketing.eu\/comunicati\/societa\/news-e-attualita\/daniela-carrasco-la-mimo-omaggio-video\/\" \/>\n<meta property=\"og:site_name\" content=\"Article Marketing\" \/>\n<meta property=\"article:published_time\" content=\"2019-11-23T22:50:22+00:00\" \/>\n<meta property=\"article:modified_time\" content=\"2019-11-24T20:44:22+00:00\" \/>\n<meta property=\"og:image\" content=\"https:\/\/www.article-marketing.eu\/comunicati\/wp-content\/uploads\/2019\/11\/Daniela-Carrasco.jpg\" \/>\n\t<meta property=\"og:image:width\" content=\"500\" \/>\n\t<meta property=\"og:image:height\" content=\"624\" \/>\n\t<meta property=\"og:image:type\" content=\"image\/jpeg\" \/>\n<meta name=\"author\" content=\"leoddoff\" \/>\n<meta name=\"twitter:card\" content=\"summary_large_image\" \/>\n<meta name=\"twitter:label1\" content=\"Scritto da\" \/>\n\t<meta name=\"twitter:data1\" content=\"leoddoff\" \/>\n\t<meta name=\"twitter:label2\" content=\"Tempo di lettura stimato\" \/>\n\t<meta name=\"twitter:data2\" content=\"2 minuti\" \/>\n<script type=\"application\/ld+json\" class=\"yoast-schema-graph\">{\"@context\":\"https:\/\/schema.org\",\"@graph\":[{\"@type\":\"Article\",\"@id\":\"https:\/\/www.article-marketing.eu\/comunicati\/societa\/news-e-attualita\/daniela-carrasco-la-mimo-omaggio-video\/#article\",\"isPartOf\":{\"@id\":\"https:\/\/www.article-marketing.eu\/comunicati\/societa\/news-e-attualita\/daniela-carrasco-la-mimo-omaggio-video\/\"},\"author\":{\"name\":\"leoddoff\",\"@id\":\"https:\/\/www.article-marketing.eu\/comunicati\/#\/schema\/person\/6bbefc5ee6a5ff1fb1039e4ba13123f9\"},\"headline\":\"Daniela Carrasco &#8220;la mimo&#8221; &#8211; omaggio video\",\"datePublished\":\"2019-11-23T22:50:22+00:00\",\"dateModified\":\"2019-11-24T20:44:22+00:00\",\"mainEntityOfPage\":{\"@id\":\"https:\/\/www.article-marketing.eu\/comunicati\/societa\/news-e-attualita\/daniela-carrasco-la-mimo-omaggio-video\/\"},\"wordCount\":483,\"commentCount\":0,\"image\":{\"@id\":\"https:\/\/www.article-marketing.eu\/comunicati\/societa\/news-e-attualita\/daniela-carrasco-la-mimo-omaggio-video\/#primaryimage\"},\"thumbnailUrl\":\"https:\/\/www.article-marketing.eu\/comunicati\/wp-content\/uploads\/2019\/11\/Daniela-Carrasco.jpg\",\"articleSection\":[\"News e Attualit\u00e0\"],\"inLanguage\":\"it-IT\",\"potentialAction\":[{\"@type\":\"CommentAction\",\"name\":\"Comment\",\"target\":[\"https:\/\/www.article-marketing.eu\/comunicati\/societa\/news-e-attualita\/daniela-carrasco-la-mimo-omaggio-video\/#respond\"]}]},{\"@type\":\"WebPage\",\"@id\":\"https:\/\/www.article-marketing.eu\/comunicati\/societa\/news-e-attualita\/daniela-carrasco-la-mimo-omaggio-video\/\",\"url\":\"https:\/\/www.article-marketing.eu\/comunicati\/societa\/news-e-attualita\/daniela-carrasco-la-mimo-omaggio-video\/\",\"name\":\"Daniela Carrasco \\\"la mimo\\\" - omaggio video - Article Marketing\",\"isPartOf\":{\"@id\":\"https:\/\/www.article-marketing.eu\/comunicati\/#website\"},\"primaryImageOfPage\":{\"@id\":\"https:\/\/www.article-marketing.eu\/comunicati\/societa\/news-e-attualita\/daniela-carrasco-la-mimo-omaggio-video\/#primaryimage\"},\"image\":{\"@id\":\"https:\/\/www.article-marketing.eu\/comunicati\/societa\/news-e-attualita\/daniela-carrasco-la-mimo-omaggio-video\/#primaryimage\"},\"thumbnailUrl\":\"https:\/\/www.article-marketing.eu\/comunicati\/wp-content\/uploads\/2019\/11\/Daniela-Carrasco.jpg\",\"datePublished\":\"2019-11-23T22:50:22+00:00\",\"dateModified\":\"2019-11-24T20:44:22+00:00\",\"author\":{\"@id\":\"https:\/\/www.article-marketing.eu\/comunicati\/#\/schema\/person\/6bbefc5ee6a5ff1fb1039e4ba13123f9\"},\"breadcrumb\":{\"@id\":\"https:\/\/www.article-marketing.eu\/comunicati\/societa\/news-e-attualita\/daniela-carrasco-la-mimo-omaggio-video\/#breadcrumb\"},\"inLanguage\":\"it-IT\",\"potentialAction\":[{\"@type\":\"ReadAction\",\"target\":[\"https:\/\/www.article-marketing.eu\/comunicati\/societa\/news-e-attualita\/daniela-carrasco-la-mimo-omaggio-video\/\"]}]},{\"@type\":\"ImageObject\",\"inLanguage\":\"it-IT\",\"@id\":\"https:\/\/www.article-marketing.eu\/comunicati\/societa\/news-e-attualita\/daniela-carrasco-la-mimo-omaggio-video\/#primaryimage\",\"url\":\"https:\/\/www.article-marketing.eu\/comunicati\/wp-content\/uploads\/2019\/11\/Daniela-Carrasco.jpg\",\"contentUrl\":\"https:\/\/www.article-marketing.eu\/comunicati\/wp-content\/uploads\/2019\/11\/Daniela-Carrasco.jpg\",\"width\":500,\"height\":624,\"caption\":\"Daniela Carrasco\"},{\"@type\":\"BreadcrumbList\",\"@id\":\"https:\/\/www.article-marketing.eu\/comunicati\/societa\/news-e-attualita\/daniela-carrasco-la-mimo-omaggio-video\/#breadcrumb\",\"itemListElement\":[{\"@type\":\"ListItem\",\"position\":1,\"name\":\"Home\",\"item\":\"https:\/\/www.article-marketing.eu\/comunicati\/\"},{\"@type\":\"ListItem\",\"position\":2,\"name\":\"Daniela Carrasco &#8220;la mimo&#8221; &#8211; omaggio video\"}]},{\"@type\":\"WebSite\",\"@id\":\"https:\/\/www.article-marketing.eu\/comunicati\/#website\",\"url\":\"https:\/\/www.article-marketing.eu\/comunicati\/\",\"name\":\"Article Marketing\",\"description\":\"article marketing &amp; press release\",\"potentialAction\":[{\"@type\":\"SearchAction\",\"target\":{\"@type\":\"EntryPoint\",\"urlTemplate\":\"https:\/\/www.article-marketing.eu\/comunicati\/?s={search_term_string}\"},\"query-input\":{\"@type\":\"PropertyValueSpecification\",\"valueRequired\":true,\"valueName\":\"search_term_string\"}}],\"inLanguage\":\"it-IT\"},{\"@type\":\"Person\",\"@id\":\"https:\/\/www.article-marketing.eu\/comunicati\/#\/schema\/person\/6bbefc5ee6a5ff1fb1039e4ba13123f9\",\"name\":\"leoddoff\",\"image\":{\"@type\":\"ImageObject\",\"inLanguage\":\"it-IT\",\"@id\":\"https:\/\/www.article-marketing.eu\/comunicati\/#\/schema\/person\/image\/\",\"url\":\"https:\/\/secure.gravatar.com\/avatar\/cd618d7fe97ffff939f07a6db3351049031b3f1538b52b9dbd88323ef7123965?s=96&d=mm&r=g\",\"contentUrl\":\"https:\/\/secure.gravatar.com\/avatar\/cd618d7fe97ffff939f07a6db3351049031b3f1538b52b9dbd88323ef7123965?s=96&d=mm&r=g\",\"caption\":\"leoddoff\"},\"url\":\"https:\/\/www.article-marketing.eu\/comunicati\/author\/leoddoff\/\"}]}<\/script>\n<!-- \/ Yoast SEO plugin. -->","yoast_head_json":{"title":"Daniela Carrasco \"la mimo\" - omaggio video - Article Marketing","robots":{"index":"index","follow":"follow","max-snippet":"max-snippet:-1","max-image-preview":"max-image-preview:large","max-video-preview":"max-video-preview:-1"},"canonical":"https:\/\/www.article-marketing.eu\/comunicati\/societa\/news-e-attualita\/daniela-carrasco-la-mimo-omaggio-video\/","og_locale":"it_IT","og_type":"article","og_title":"Daniela Carrasco \"la mimo\" - omaggio video - Article Marketing","og_description":"La procura del Sud sta indagando sulla morte di una trentaseienne, trovata impiccata domenica scorsa (20 ottobre, NdT) in una terra desolata vicino al parco &#8220;Andr\u00e9 Jarlan&#8221;, nel comune di Pedro Aguirre Cerda, in Cile. Questa donna \u00e8 Daniela Carrasco, conosciuta a tutti col nomignolo di &#8220;Mimo&#8221;, il cui corpo \u00e8 stato trovato da un uomo che ha registrato un filmato del drammatico momento, notificando suoi sospetti alla polizia, ovveroContinue reading...","og_url":"https:\/\/www.article-marketing.eu\/comunicati\/societa\/news-e-attualita\/daniela-carrasco-la-mimo-omaggio-video\/","og_site_name":"Article Marketing","article_published_time":"2019-11-23T22:50:22+00:00","article_modified_time":"2019-11-24T20:44:22+00:00","og_image":[{"width":500,"height":624,"url":"https:\/\/www.article-marketing.eu\/comunicati\/wp-content\/uploads\/2019\/11\/Daniela-Carrasco.jpg","type":"image\/jpeg"}],"author":"leoddoff","twitter_card":"summary_large_image","twitter_misc":{"Scritto da":"leoddoff","Tempo di lettura stimato":"2 minuti"},"schema":{"@context":"https:\/\/schema.org","@graph":[{"@type":"Article","@id":"https:\/\/www.article-marketing.eu\/comunicati\/societa\/news-e-attualita\/daniela-carrasco-la-mimo-omaggio-video\/#article","isPartOf":{"@id":"https:\/\/www.article-marketing.eu\/comunicati\/societa\/news-e-attualita\/daniela-carrasco-la-mimo-omaggio-video\/"},"author":{"name":"leoddoff","@id":"https:\/\/www.article-marketing.eu\/comunicati\/#\/schema\/person\/6bbefc5ee6a5ff1fb1039e4ba13123f9"},"headline":"Daniela Carrasco &#8220;la mimo&#8221; &#8211; omaggio video","datePublished":"2019-11-23T22:50:22+00:00","dateModified":"2019-11-24T20:44:22+00:00","mainEntityOfPage":{"@id":"https:\/\/www.article-marketing.eu\/comunicati\/societa\/news-e-attualita\/daniela-carrasco-la-mimo-omaggio-video\/"},"wordCount":483,"commentCount":0,"image":{"@id":"https:\/\/www.article-marketing.eu\/comunicati\/societa\/news-e-attualita\/daniela-carrasco-la-mimo-omaggio-video\/#primaryimage"},"thumbnailUrl":"https:\/\/www.article-marketing.eu\/comunicati\/wp-content\/uploads\/2019\/11\/Daniela-Carrasco.jpg","articleSection":["News e Attualit\u00e0"],"inLanguage":"it-IT","potentialAction":[{"@type":"CommentAction","name":"Comment","target":["https:\/\/www.article-marketing.eu\/comunicati\/societa\/news-e-attualita\/daniela-carrasco-la-mimo-omaggio-video\/#respond"]}]},{"@type":"WebPage","@id":"https:\/\/www.article-marketing.eu\/comunicati\/societa\/news-e-attualita\/daniela-carrasco-la-mimo-omaggio-video\/","url":"https:\/\/www.article-marketing.eu\/comunicati\/societa\/news-e-attualita\/daniela-carrasco-la-mimo-omaggio-video\/","name":"Daniela Carrasco \"la mimo\" - omaggio video - Article Marketing","isPartOf":{"@id":"https:\/\/www.article-marketing.eu\/comunicati\/#website"},"primaryImageOfPage":{"@id":"https:\/\/www.article-marketing.eu\/comunicati\/societa\/news-e-attualita\/daniela-carrasco-la-mimo-omaggio-video\/#primaryimage"},"image":{"@id":"https:\/\/www.article-marketing.eu\/comunicati\/societa\/news-e-attualita\/daniela-carrasco-la-mimo-omaggio-video\/#primaryimage"},"thumbnailUrl":"https:\/\/www.article-marketing.eu\/comunicati\/wp-content\/uploads\/2019\/11\/Daniela-Carrasco.jpg","datePublished":"2019-11-23T22:50:22+00:00","dateModified":"2019-11-24T20:44:22+00:00","author":{"@id":"https:\/\/www.article-marketing.eu\/comunicati\/#\/schema\/person\/6bbefc5ee6a5ff1fb1039e4ba13123f9"},"breadcrumb":{"@id":"https:\/\/www.article-marketing.eu\/comunicati\/societa\/news-e-attualita\/daniela-carrasco-la-mimo-omaggio-video\/#breadcrumb"},"inLanguage":"it-IT","potentialAction":[{"@type":"ReadAction","target":["https:\/\/www.article-marketing.eu\/comunicati\/societa\/news-e-attualita\/daniela-carrasco-la-mimo-omaggio-video\/"]}]},{"@type":"ImageObject","inLanguage":"it-IT","@id":"https:\/\/www.article-marketing.eu\/comunicati\/societa\/news-e-attualita\/daniela-carrasco-la-mimo-omaggio-video\/#primaryimage","url":"https:\/\/www.article-marketing.eu\/comunicati\/wp-content\/uploads\/2019\/11\/Daniela-Carrasco.jpg","contentUrl":"https:\/\/www.article-marketing.eu\/comunicati\/wp-content\/uploads\/2019\/11\/Daniela-Carrasco.jpg","width":500,"height":624,"caption":"Daniela Carrasco"},{"@type":"BreadcrumbList","@id":"https:\/\/www.article-marketing.eu\/comunicati\/societa\/news-e-attualita\/daniela-carrasco-la-mimo-omaggio-video\/#breadcrumb","itemListElement":[{"@type":"ListItem","position":1,"name":"Home","item":"https:\/\/www.article-marketing.eu\/comunicati\/"},{"@type":"ListItem","position":2,"name":"Daniela Carrasco &#8220;la mimo&#8221; &#8211; omaggio video"}]},{"@type":"WebSite","@id":"https:\/\/www.article-marketing.eu\/comunicati\/#website","url":"https:\/\/www.article-marketing.eu\/comunicati\/","name":"Article Marketing","description":"article marketing &amp; press release","potentialAction":[{"@type":"SearchAction","target":{"@type":"EntryPoint","urlTemplate":"https:\/\/www.article-marketing.eu\/comunicati\/?s={search_term_string}"},"query-input":{"@type":"PropertyValueSpecification","valueRequired":true,"valueName":"search_term_string"}}],"inLanguage":"it-IT"},{"@type":"Person","@id":"https:\/\/www.article-marketing.eu\/comunicati\/#\/schema\/person\/6bbefc5ee6a5ff1fb1039e4ba13123f9","name":"leoddoff","image":{"@type":"ImageObject","inLanguage":"it-IT","@id":"https:\/\/www.article-marketing.eu\/comunicati\/#\/schema\/person\/image\/","url":"https:\/\/secure.gravatar.com\/avatar\/cd618d7fe97ffff939f07a6db3351049031b3f1538b52b9dbd88323ef7123965?s=96&d=mm&r=g","contentUrl":"https:\/\/secure.gravatar.com\/avatar\/cd618d7fe97ffff939f07a6db3351049031b3f1538b52b9dbd88323ef7123965?s=96&d=mm&r=g","caption":"leoddoff"},"url":"https:\/\/www.article-marketing.eu\/comunicati\/author\/leoddoff\/"}]}},"_links":{"self":[{"href":"https:\/\/www.article-marketing.eu\/comunicati\/wp-json\/wp\/v2\/posts\/65537","targetHints":{"allow":["GET"]}}],"collection":[{"href":"https:\/\/www.article-marketing.eu\/comunicati\/wp-json\/wp\/v2\/posts"}],"about":[{"href":"https:\/\/www.article-marketing.eu\/comunicati\/wp-json\/wp\/v2\/types\/post"}],"author":[{"embeddable":true,"href":"https:\/\/www.article-marketing.eu\/comunicati\/wp-json\/wp\/v2\/users\/6"}],"replies":[{"embeddable":true,"href":"https:\/\/www.article-marketing.eu\/comunicati\/wp-json\/wp\/v2\/comments?post=65537"}],"version-history":[{"count":6,"href":"https:\/\/www.article-marketing.eu\/comunicati\/wp-json\/wp\/v2\/posts\/65537\/revisions"}],"predecessor-version":[{"id":65551,"href":"https:\/\/www.article-marketing.eu\/comunicati\/wp-json\/wp\/v2\/posts\/65537\/revisions\/65551"}],"wp:featuredmedia":[{"embeddable":true,"href":"https:\/\/www.article-marketing.eu\/comunicati\/wp-json\/wp\/v2\/media\/65550"}],"wp:attachment":[{"href":"https:\/\/www.article-marketing.eu\/comunicati\/wp-json\/wp\/v2\/media?parent=65537"}],"wp:term":[{"taxonomy":"category","embeddable":true,"href":"https:\/\/www.article-marketing.eu\/comunicati\/wp-json\/wp\/v2\/categories?post=65537"},{"taxonomy":"post_tag","embeddable":true,"href":"https:\/\/www.article-marketing.eu\/comunicati\/wp-json\/wp\/v2\/tags?post=65537"}],"curies":[{"name":"wp","href":"https:\/\/api.w.org\/{rel}","templated":true}]}}