{"id":65560,"date":"2019-11-29T17:07:02","date_gmt":"2019-11-29T16:07:02","guid":{"rendered":"https:\/\/www.article-marketing.eu\/comunicati\/?p=65560"},"modified":"2019-12-01T17:19:41","modified_gmt":"2019-12-01T16:19:41","slug":"greta-thunberg-e-la-sua-generazione-di-giovani-arrabbiati-sui-problemi-del-clima","status":"publish","type":"post","link":"https:\/\/www.article-marketing.eu\/comunicati\/ambiente\/tutela-e-denunce\/greta-thunberg-e-la-sua-generazione-di-giovani-arrabbiati-sui-problemi-del-clima\/","title":{"rendered":"Greta Thunberg e la sua generazione di giovani:  arrabbiati sui problemi del clima"},"content":{"rendered":"<h1>Greta Thunberg e la sua generazione di giovani: arrabbiati sui problemi del clima<\/h1>\n<p>BERLINO &#8211; \u00c8 sicuro dire che chiunque volasse alla conferenza mondiale sul clima di quest&#8217;anno a Madrid avrebbe avuto una scusa a tenuta stagna se incontra <strong>Greta Thunberg<\/strong>.\u00a0<span class=\"goog-text-highlight\">L&#8217;adolescente svedese ha fissato uno standard elevato per funzionari governativi, scienziati e attivisti ambientalisti che partecipano ai colloqui dal 2 al 13 dicembre, decidendo di tornare indietro attraverso l&#8217;Atlantico in seguito a un cambio di rotta dell&#8217;ultimo minuto dal Cile.<\/span><\/p>\n<p><b>L&#8217;<\/b>\u00a0attivista giovanile per i <strong>cambiamenti climatici<\/strong>, <strong>Greta Thunberg<\/strong>, interviene in un&#8217;audizione della sottocommissione della commissione per gli affari esteri della Camera sui cambiamenti climatici a Capitol Hill a Washington.\u00a0&#8220;<strong>Generation Greta<\/strong>&#8221; \u00e8 diventata una forza vocale nel dibattito sul riscaldamento globale.<\/p>\n<p class=\"article-intro\"><span class=\"goog-text-highlight\"><time class=\"article-date\" datetime=\"2019-11-28T08:31:00Z\">28 novembre 2019<\/time><\/span><\/p>\n<p>Il costante rifiuto di <strong>Thunberg<\/strong> di portare l&#8217;aereo in Spagna \u00e8 un elemento chiave del messaggio del movimento mondiale che ha contribuito a creare e della seriet\u00e0 con cui i suoi seguaci perseguono la loro causa.<\/p>\n<p>Si prevede che centinaia di migliaia, se non milioni, di giovani in gran parte si raduneranno nelle citt\u00e0 di tutto il mondo venerd\u00ec per chiedere ai governi di intensificare gli sforzi per frenare il <strong>cambiamento climatico<\/strong>.\u00a0\u00c8 probabile che <strong>Thunberg<\/strong> si unisca a loro nello spirito della barca a vela La Vagabonde sulla quale attraversa l&#8217;Atlantico insieme a un piccolo equipaggio.\u00a0Spera di arrivare a Madrid in tempo per mettere i leader mondiali sul posto, ancora una volta, su ci\u00f2 che stanno facendo per proteggere la sua generazione dal peggio del riscaldamento globale.<\/p>\n<p>La sedicenne \u00e8 diventata fonte d&#8217;ispirazione per colleghi come August Wietfeldt, un dirigente della Lusher Charter School di New Orleans, che afferma che <strong>Thunberg<\/strong> ha contribuito a mettere in luce il modo in cui le generazioni precedenti hanno esaurito le risorse in modo insostenibile.<\/p>\n<p data-kiosked-context-name=\"kskdUIContext_01dtsndce5cc6z9sm6w8shpy7j\">&#8220;Il guadagno a breve termine \u00e8 semplicemente orribile perch\u00e9 la nostra generazione e quelle successive dovranno sopportarne le conseguenze&#8221;, ha affermato.\u00a0Wietfeldt teme che i cambiamenti climatici possano innescare enormi problemi economici e sociali simili a quelli osservati negli anni &#8217;30, quando una grave siccit\u00e0 caus\u00f2 la migrazione di massa dalle zone agricole americane verso gli stati occidentali.<\/p>\n<p>&#8220;Se non combattiamo la perdita di terra, ci\u00f2 accadr\u00e0 di nuovo&#8221;, ha detto.\u00a0&#8220;Dobbiamo davvero agire per prevenire scenari del genere.&#8221; Insieme ad altri membri del Club SEA della scuola &#8211; <strong>Students for Environmental Action<\/strong> &#8211; Wietfeldt ha contribuito a raccogliere la spazzatura in un parco sul fiume Mississippi.<\/p>\n<p>A distanza di oceano, Jennifer Selfa condivide questo spirito pratico nel suo gruppo di conservazione della scuola a Lagos, in Nigeria. &#8220;Alcune delle cose che ho fatto per ridurre i cambiamenti climatici sono la piantagione di alberi&#8221;, ha detto la quindicenne.<\/p>\n<p>La professoressa Victoria Ebesunan ha affermato che gli studenti stanno aiutando a combattere l&#8217;ignoranza sui cambiamenti climatici, diffondendo la parola nel dialetto locale &#8211; piuttosto che in inglese &#8211; sulla necessit\u00e0 di proteggere l&#8217;ambiente.<\/p>\n<p>Questa crescente consapevolezza \u00e8 diventata un fattore importante nel dibattito sul clima nel corso dell&#8217;ultimo anno, ha affermato Andrew Steer, capo del gruppo di risorse ambientali con sede a Washington, World Resources Institute.\u00a0&#8220;Non abbiamo mai avuto 7 milioni di persone, quasi tutte giovani, in marcia prima&#8221;, ha detto Steer, riferendosi agli &#8220;scioperi climatici globali&#8221; che hanno segnato momenti di protesta concertata in tutto il mondo nel corso dell&#8217;ultimo anno &#8211; spesso organizzati in gran parte sui social media.<\/p>\n<p><img loading=\"lazy\" decoding=\"async\" class=\"aligncenter wp-image-65561 size-full\" src=\"https:\/\/www.article-marketing.eu\/comunicati\/wp-content\/uploads\/2019\/11\/greta-thunberg.jpg\" alt=\"Greta Thunberg\" width=\"940\" height=\"590\" srcset=\"https:\/\/www.article-marketing.eu\/comunicati\/wp-content\/uploads\/2019\/11\/greta-thunberg.jpg 940w, https:\/\/www.article-marketing.eu\/comunicati\/wp-content\/uploads\/2019\/11\/greta-thunberg-300x188.jpg 300w, https:\/\/www.article-marketing.eu\/comunicati\/wp-content\/uploads\/2019\/11\/greta-thunberg-768x482.jpg 768w, https:\/\/www.article-marketing.eu\/comunicati\/wp-content\/uploads\/2019\/11\/greta-thunberg-720x452.jpg 720w\" sizes=\"auto, (max-width: 940px) 100vw, 940px\" \/><br \/>\nLa sola <strong>Thunberg<\/strong> ha accumulato oltre 3 milioni di follower su Twitter da quando ha lanciato le sue proteste individuali di fronte al parlamento svedese l&#8217;anno scorso.\u00a0Steer ha detto che non \u00e8 ancora chiaro se il movimento, cos\u00ec com&#8217;\u00e8, continuer\u00e0 a crescere.\u00a0Ma le indicazioni indicano che almeno nelle prossime elezioni presidenziali degli Stati Uniti, i cambiamenti climatici avranno un ruolo di primo piano.<\/p>\n<p>&#8220;Il problema \u00e8 all&#8217;ordine del giorno sia negli Stati Uniti che a livello globale&#8221;, ha affermato.\u00a0Semplicemente, i candidati non possono ignorare ci\u00f2 che sta succedendo.\u00a0In Louisiana, di fronte a un&#8217;epica perdita di terra che peggiorer\u00e0 solo se il riscaldamento globale aumenta ulteriormente i livelli del mare, affrontare i cambiamenti climatici non \u00e8 una semplice moda studentesca.<\/p>\n<p>L&#8217;anno scorso, la New Harmony High School ha aperto con l&#8217;obiettivo di preparare gli studenti alle carriere nella protezione e nel ripristino delle coste.\u00a0&#8220;Vogliamo aiutare, quindi possiamo rimanere qui per pi\u00f9 di 50 anni, perch\u00e9 voglio crescere i miei figli qui&#8221;, ha detto il secondo anno Michael Bailey mentre recentemente ha usato una pala per tagliare le viti invasive da un albero nativo.<\/p>\n<p>&#8220;Apportando un piccolo cambiamento &#8211; potremmo vedere cosa succeder\u00e0&#8221;. All&#8217;inizio di quest&#8217;anno, i segnali di una &#8220;ondata verde&#8221; in politica sono emersi nelle elezioni per il Parlamento europeo, dove i partiti ambientalisti sono stati tra i grandi vincitori del voto.<\/p>\n<p>Il partito verde austriaco \u00e8 pronto a entrare nel governo per la prima volta, mentre nella vicina Germania il suo partito gemello \u00e8 stato in testa alle urne per mesi.\u00a0<strong>Franziska Heinisch<\/strong>, una ventenne studentessa e attivista climatica della citt\u00e0 di Heidelberg, nella Germania sud-occidentale, ha dichiarato di essere fiduciosa che &#8220;<strong>Generation Greta<\/strong>&#8220;, come alcuni l&#8217;hanno definita, viene ascoltata dai potenti.\u00a0Il raduno globale di questa settimana sar\u00e0 seguito il 6 dicembre da una manifestazione a Madrid, a met\u00e0 della conferenza sul clima.<\/p>\n<p>&#8220;La pressione sta semplicemente crescendo&#8221;, ha detto <strong>Heinisch,<\/strong> aggiungendo che il discorso schietto di <strong>Thunberg<\/strong> &#8211; ha confrontato notoriamente i leader mondiali di New York con le parole &#8220;come osi?&#8221; &#8211; riflette parte della rabbia che i giovani provano nei confronti dei suoi anziani.<\/p>\n<p>Per <strong>Johan Rockstr\u00f6m<\/strong>, condirettore dell&#8217;Istituto tedesco di Potsdam per la <strong>ricerca sull&#8217;impatto climatico<\/strong>, il <strong>movimento giovanile<\/strong> ha inserito un elemento di moralit\u00e0 nel <strong>dibattito sul clima<\/strong>, ha affermato Rockstr\u00f6m.\u00a0&#8220;(Ha creato) una nuova narrazione attraverso le generazioni della societ\u00e0 per dire, guardare, qui: un futuro sano, pulito, sostenibile e sicuro \u00e8 ci\u00f2 che vogliamo&#8221;, ha detto.<\/p>\n<p>Le generazioni successive potrebbero un giorno guardare indietro e vedere l&#8217;inizio delle <strong>proteste di massa<\/strong> come il momento in cui la marea ha iniziato ad attivare il <strong>riscaldamento globale<\/strong>.\u00a0&#8220;Non lo sappiamo ancora, ma potrebbe essere il punto di svolta&#8221;, ha detto Rockstr\u00f6m.<\/p>\n<p class=\"note\">Dorothee Thiesing a Berlino, Lekan Oyekanmi a Lagos, in Nigeria, e Rebecca Santana e Stacey Plaisance a New Orleans hanno contribuito a questo rapporto.<\/p>\n<p class=\"note\" data-kiosked-context-name=\"kskdUIContext_01dtsndce5cc6z9sm6w8shpy7j\">Segui la questione climatica di AP su www.apnews.com\/Climate<\/p>\n<p>FONTE: www.mail.vom<br \/>\nIMMAGINE: www.mail.com<\/p>\n<p class=\"article-intro\"><span class=\"goog-text-highlight\">\u00a0<\/span><\/p>\n","protected":false},"excerpt":{"rendered":"<p>Greta Thunberg e la sua generazione di giovani: arrabbiati sui problemi del clima BERLINO &#8211; \u00c8 sicuro dire che chiunque volasse alla conferenza mondiale sul clima di quest&#8217;anno a Madrid avrebbe avuto una scusa a tenuta stagna se incontra Greta Thunberg.\u00a0L&#8217;adolescente svedese ha fissato uno standard elevato per funzionari governativi, scienziati e attivisti ambientalisti che partecipano ai colloqui dal 2 al 13 dicembre, decidendo di tornare indietro attraverso l&#8217;Atlantico in<\/p>\n<p><a class=\"continue-reading\" href=\"https:\/\/www.article-marketing.eu\/comunicati\/ambiente\/tutela-e-denunce\/greta-thunberg-e-la-sua-generazione-di-giovani-arrabbiati-sui-problemi-del-clima\/\">Continue reading&#8230;<\/a><\/p>\n","protected":false},"author":4,"featured_media":65562,"comment_status":"open","ping_status":"open","sticky":false,"template":"","format":"standard","meta":{"cybocfi_hide_featured_image":"","footnotes":""},"categories":[55,47],"tags":[55964,55960,55965],"class_list":["post-65560","post","type-post","status-publish","format-standard","has-post-thumbnail","hentry","category-ambiente","category-tutela-e-denunce","tag-generation-greta","tag-greta-thunberg","tag-students-for-environmental-action-wietfeldt"],"yoast_head":"<!-- This site is optimized with the Yoast SEO plugin v27.0 - https:\/\/yoast.com\/product\/yoast-seo-wordpress\/ -->\n<title>Greta Thunberg e la sua generazione di giovani: arrabbiati sui problemi del clima - Article Marketing<\/title>\n<meta name=\"robots\" content=\"index, follow, max-snippet:-1, max-image-preview:large, max-video-preview:-1\" \/>\n<link rel=\"canonical\" href=\"https:\/\/www.article-marketing.eu\/comunicati\/ambiente\/tutela-e-denunce\/greta-thunberg-e-la-sua-generazione-di-giovani-arrabbiati-sui-problemi-del-clima\/\" \/>\n<meta property=\"og:locale\" content=\"it_IT\" \/>\n<meta property=\"og:type\" content=\"article\" \/>\n<meta property=\"og:title\" content=\"Greta Thunberg e la sua generazione di giovani: arrabbiati sui problemi del clima - Article Marketing\" \/>\n<meta property=\"og:description\" content=\"Greta Thunberg e la sua generazione di giovani: arrabbiati sui problemi del clima BERLINO &#8211; \u00c8 sicuro dire che chiunque volasse alla conferenza mondiale sul clima di quest&#8217;anno a Madrid avrebbe avuto una scusa a tenuta stagna se incontra Greta Thunberg.\u00a0L&#8217;adolescente svedese ha fissato uno standard elevato per funzionari governativi, scienziati e attivisti ambientalisti che partecipano ai colloqui dal 2 al 13 dicembre, decidendo di tornare indietro attraverso l&#8217;Atlantico inContinue reading...\" \/>\n<meta property=\"og:url\" content=\"https:\/\/www.article-marketing.eu\/comunicati\/ambiente\/tutela-e-denunce\/greta-thunberg-e-la-sua-generazione-di-giovani-arrabbiati-sui-problemi-del-clima\/\" \/>\n<meta property=\"og:site_name\" content=\"Article Marketing\" \/>\n<meta property=\"article:published_time\" content=\"2019-11-29T16:07:02+00:00\" \/>\n<meta property=\"article:modified_time\" content=\"2019-12-01T16:19:41+00:00\" \/>\n<meta property=\"og:image\" content=\"https:\/\/www.article-marketing.eu\/comunicati\/wp-content\/uploads\/2019\/11\/greta_thunberg.jpg\" \/>\n\t<meta property=\"og:image:width\" content=\"940\" \/>\n\t<meta property=\"og:image:height\" content=\"590\" \/>\n\t<meta property=\"og:image:type\" content=\"image\/jpeg\" \/>\n<meta name=\"author\" content=\"ardiluis\" \/>\n<meta name=\"twitter:card\" content=\"summary_large_image\" \/>\n<meta name=\"twitter:label1\" content=\"Scritto da\" \/>\n\t<meta name=\"twitter:data1\" content=\"ardiluis\" \/>\n\t<meta name=\"twitter:label2\" content=\"Tempo di lettura stimato\" \/>\n\t<meta name=\"twitter:data2\" content=\"5 minuti\" \/>\n<script type=\"application\/ld+json\" class=\"yoast-schema-graph\">{\"@context\":\"https:\/\/schema.org\",\"@graph\":[{\"@type\":\"Article\",\"@id\":\"https:\/\/www.article-marketing.eu\/comunicati\/ambiente\/tutela-e-denunce\/greta-thunberg-e-la-sua-generazione-di-giovani-arrabbiati-sui-problemi-del-clima\/#article\",\"isPartOf\":{\"@id\":\"https:\/\/www.article-marketing.eu\/comunicati\/ambiente\/tutela-e-denunce\/greta-thunberg-e-la-sua-generazione-di-giovani-arrabbiati-sui-problemi-del-clima\/\"},\"author\":{\"name\":\"ardiluis\",\"@id\":\"https:\/\/www.article-marketing.eu\/comunicati\/#\/schema\/person\/cec2ffb9cc6fbc08c69bce879ab3bddf\"},\"headline\":\"Greta Thunberg e la sua generazione di giovani: arrabbiati sui problemi del clima\",\"datePublished\":\"2019-11-29T16:07:02+00:00\",\"dateModified\":\"2019-12-01T16:19:41+00:00\",\"mainEntityOfPage\":{\"@id\":\"https:\/\/www.article-marketing.eu\/comunicati\/ambiente\/tutela-e-denunce\/greta-thunberg-e-la-sua-generazione-di-giovani-arrabbiati-sui-problemi-del-clima\/\"},\"wordCount\":1051,\"commentCount\":0,\"image\":{\"@id\":\"https:\/\/www.article-marketing.eu\/comunicati\/ambiente\/tutela-e-denunce\/greta-thunberg-e-la-sua-generazione-di-giovani-arrabbiati-sui-problemi-del-clima\/#primaryimage\"},\"thumbnailUrl\":\"https:\/\/www.article-marketing.eu\/comunicati\/wp-content\/uploads\/2019\/11\/greta_thunberg.jpg\",\"keywords\":[\"Generation Greta\",\"Greta Thunberg\",\"Students for Environmental Action - Wietfeldt\"],\"articleSection\":[\"Ambiente\",\"Tutela e denunce\"],\"inLanguage\":\"it-IT\",\"potentialAction\":[{\"@type\":\"CommentAction\",\"name\":\"Comment\",\"target\":[\"https:\/\/www.article-marketing.eu\/comunicati\/ambiente\/tutela-e-denunce\/greta-thunberg-e-la-sua-generazione-di-giovani-arrabbiati-sui-problemi-del-clima\/#respond\"]}]},{\"@type\":\"WebPage\",\"@id\":\"https:\/\/www.article-marketing.eu\/comunicati\/ambiente\/tutela-e-denunce\/greta-thunberg-e-la-sua-generazione-di-giovani-arrabbiati-sui-problemi-del-clima\/\",\"url\":\"https:\/\/www.article-marketing.eu\/comunicati\/ambiente\/tutela-e-denunce\/greta-thunberg-e-la-sua-generazione-di-giovani-arrabbiati-sui-problemi-del-clima\/\",\"name\":\"Greta Thunberg e la sua generazione di giovani: arrabbiati sui problemi del clima - Article Marketing\",\"isPartOf\":{\"@id\":\"https:\/\/www.article-marketing.eu\/comunicati\/#website\"},\"primaryImageOfPage\":{\"@id\":\"https:\/\/www.article-marketing.eu\/comunicati\/ambiente\/tutela-e-denunce\/greta-thunberg-e-la-sua-generazione-di-giovani-arrabbiati-sui-problemi-del-clima\/#primaryimage\"},\"image\":{\"@id\":\"https:\/\/www.article-marketing.eu\/comunicati\/ambiente\/tutela-e-denunce\/greta-thunberg-e-la-sua-generazione-di-giovani-arrabbiati-sui-problemi-del-clima\/#primaryimage\"},\"thumbnailUrl\":\"https:\/\/www.article-marketing.eu\/comunicati\/wp-content\/uploads\/2019\/11\/greta_thunberg.jpg\",\"datePublished\":\"2019-11-29T16:07:02+00:00\",\"dateModified\":\"2019-12-01T16:19:41+00:00\",\"author\":{\"@id\":\"https:\/\/www.article-marketing.eu\/comunicati\/#\/schema\/person\/cec2ffb9cc6fbc08c69bce879ab3bddf\"},\"breadcrumb\":{\"@id\":\"https:\/\/www.article-marketing.eu\/comunicati\/ambiente\/tutela-e-denunce\/greta-thunberg-e-la-sua-generazione-di-giovani-arrabbiati-sui-problemi-del-clima\/#breadcrumb\"},\"inLanguage\":\"it-IT\",\"potentialAction\":[{\"@type\":\"ReadAction\",\"target\":[\"https:\/\/www.article-marketing.eu\/comunicati\/ambiente\/tutela-e-denunce\/greta-thunberg-e-la-sua-generazione-di-giovani-arrabbiati-sui-problemi-del-clima\/\"]}]},{\"@type\":\"ImageObject\",\"inLanguage\":\"it-IT\",\"@id\":\"https:\/\/www.article-marketing.eu\/comunicati\/ambiente\/tutela-e-denunce\/greta-thunberg-e-la-sua-generazione-di-giovani-arrabbiati-sui-problemi-del-clima\/#primaryimage\",\"url\":\"https:\/\/www.article-marketing.eu\/comunicati\/wp-content\/uploads\/2019\/11\/greta_thunberg.jpg\",\"contentUrl\":\"https:\/\/www.article-marketing.eu\/comunicati\/wp-content\/uploads\/2019\/11\/greta_thunberg.jpg\",\"width\":940,\"height\":590,\"caption\":\"Greta Thumberg\"},{\"@type\":\"BreadcrumbList\",\"@id\":\"https:\/\/www.article-marketing.eu\/comunicati\/ambiente\/tutela-e-denunce\/greta-thunberg-e-la-sua-generazione-di-giovani-arrabbiati-sui-problemi-del-clima\/#breadcrumb\",\"itemListElement\":[{\"@type\":\"ListItem\",\"position\":1,\"name\":\"Home\",\"item\":\"https:\/\/www.article-marketing.eu\/comunicati\/\"},{\"@type\":\"ListItem\",\"position\":2,\"name\":\"Greta Thunberg e la sua generazione di giovani: arrabbiati sui problemi del clima\"}]},{\"@type\":\"WebSite\",\"@id\":\"https:\/\/www.article-marketing.eu\/comunicati\/#website\",\"url\":\"https:\/\/www.article-marketing.eu\/comunicati\/\",\"name\":\"Article Marketing\",\"description\":\"article marketing &amp; press release\",\"potentialAction\":[{\"@type\":\"SearchAction\",\"target\":{\"@type\":\"EntryPoint\",\"urlTemplate\":\"https:\/\/www.article-marketing.eu\/comunicati\/?s={search_term_string}\"},\"query-input\":{\"@type\":\"PropertyValueSpecification\",\"valueRequired\":true,\"valueName\":\"search_term_string\"}}],\"inLanguage\":\"it-IT\"},{\"@type\":\"Person\",\"@id\":\"https:\/\/www.article-marketing.eu\/comunicati\/#\/schema\/person\/cec2ffb9cc6fbc08c69bce879ab3bddf\",\"name\":\"ardiluis\",\"image\":{\"@type\":\"ImageObject\",\"inLanguage\":\"it-IT\",\"@id\":\"https:\/\/www.article-marketing.eu\/comunicati\/#\/schema\/person\/image\/\",\"url\":\"https:\/\/secure.gravatar.com\/avatar\/8c3c014aed60c33d83b295c0ff04b2274dfafa02589393ac84a8bb71a51db78b?s=96&d=mm&r=g\",\"contentUrl\":\"https:\/\/secure.gravatar.com\/avatar\/8c3c014aed60c33d83b295c0ff04b2274dfafa02589393ac84a8bb71a51db78b?s=96&d=mm&r=g\",\"caption\":\"ardiluis\"},\"url\":\"https:\/\/www.article-marketing.eu\/comunicati\/author\/ardiluis\/\"}]}<\/script>\n<!-- \/ Yoast SEO plugin. -->","yoast_head_json":{"title":"Greta Thunberg e la sua generazione di giovani: arrabbiati sui problemi del clima - Article Marketing","robots":{"index":"index","follow":"follow","max-snippet":"max-snippet:-1","max-image-preview":"max-image-preview:large","max-video-preview":"max-video-preview:-1"},"canonical":"https:\/\/www.article-marketing.eu\/comunicati\/ambiente\/tutela-e-denunce\/greta-thunberg-e-la-sua-generazione-di-giovani-arrabbiati-sui-problemi-del-clima\/","og_locale":"it_IT","og_type":"article","og_title":"Greta Thunberg e la sua generazione di giovani: arrabbiati sui problemi del clima - Article Marketing","og_description":"Greta Thunberg e la sua generazione di giovani: arrabbiati sui problemi del clima BERLINO &#8211; \u00c8 sicuro dire che chiunque volasse alla conferenza mondiale sul clima di quest&#8217;anno a Madrid avrebbe avuto una scusa a tenuta stagna se incontra Greta Thunberg.\u00a0L&#8217;adolescente svedese ha fissato uno standard elevato per funzionari governativi, scienziati e attivisti ambientalisti che partecipano ai colloqui dal 2 al 13 dicembre, decidendo di tornare indietro attraverso l&#8217;Atlantico inContinue reading...","og_url":"https:\/\/www.article-marketing.eu\/comunicati\/ambiente\/tutela-e-denunce\/greta-thunberg-e-la-sua-generazione-di-giovani-arrabbiati-sui-problemi-del-clima\/","og_site_name":"Article Marketing","article_published_time":"2019-11-29T16:07:02+00:00","article_modified_time":"2019-12-01T16:19:41+00:00","og_image":[{"width":940,"height":590,"url":"https:\/\/www.article-marketing.eu\/comunicati\/wp-content\/uploads\/2019\/11\/greta_thunberg.jpg","type":"image\/jpeg"}],"author":"ardiluis","twitter_card":"summary_large_image","twitter_misc":{"Scritto da":"ardiluis","Tempo di lettura stimato":"5 minuti"},"schema":{"@context":"https:\/\/schema.org","@graph":[{"@type":"Article","@id":"https:\/\/www.article-marketing.eu\/comunicati\/ambiente\/tutela-e-denunce\/greta-thunberg-e-la-sua-generazione-di-giovani-arrabbiati-sui-problemi-del-clima\/#article","isPartOf":{"@id":"https:\/\/www.article-marketing.eu\/comunicati\/ambiente\/tutela-e-denunce\/greta-thunberg-e-la-sua-generazione-di-giovani-arrabbiati-sui-problemi-del-clima\/"},"author":{"name":"ardiluis","@id":"https:\/\/www.article-marketing.eu\/comunicati\/#\/schema\/person\/cec2ffb9cc6fbc08c69bce879ab3bddf"},"headline":"Greta Thunberg e la sua generazione di giovani: arrabbiati sui problemi del clima","datePublished":"2019-11-29T16:07:02+00:00","dateModified":"2019-12-01T16:19:41+00:00","mainEntityOfPage":{"@id":"https:\/\/www.article-marketing.eu\/comunicati\/ambiente\/tutela-e-denunce\/greta-thunberg-e-la-sua-generazione-di-giovani-arrabbiati-sui-problemi-del-clima\/"},"wordCount":1051,"commentCount":0,"image":{"@id":"https:\/\/www.article-marketing.eu\/comunicati\/ambiente\/tutela-e-denunce\/greta-thunberg-e-la-sua-generazione-di-giovani-arrabbiati-sui-problemi-del-clima\/#primaryimage"},"thumbnailUrl":"https:\/\/www.article-marketing.eu\/comunicati\/wp-content\/uploads\/2019\/11\/greta_thunberg.jpg","keywords":["Generation Greta","Greta Thunberg","Students for Environmental Action - Wietfeldt"],"articleSection":["Ambiente","Tutela e denunce"],"inLanguage":"it-IT","potentialAction":[{"@type":"CommentAction","name":"Comment","target":["https:\/\/www.article-marketing.eu\/comunicati\/ambiente\/tutela-e-denunce\/greta-thunberg-e-la-sua-generazione-di-giovani-arrabbiati-sui-problemi-del-clima\/#respond"]}]},{"@type":"WebPage","@id":"https:\/\/www.article-marketing.eu\/comunicati\/ambiente\/tutela-e-denunce\/greta-thunberg-e-la-sua-generazione-di-giovani-arrabbiati-sui-problemi-del-clima\/","url":"https:\/\/www.article-marketing.eu\/comunicati\/ambiente\/tutela-e-denunce\/greta-thunberg-e-la-sua-generazione-di-giovani-arrabbiati-sui-problemi-del-clima\/","name":"Greta Thunberg e la sua generazione di giovani: arrabbiati sui problemi del clima - Article Marketing","isPartOf":{"@id":"https:\/\/www.article-marketing.eu\/comunicati\/#website"},"primaryImageOfPage":{"@id":"https:\/\/www.article-marketing.eu\/comunicati\/ambiente\/tutela-e-denunce\/greta-thunberg-e-la-sua-generazione-di-giovani-arrabbiati-sui-problemi-del-clima\/#primaryimage"},"image":{"@id":"https:\/\/www.article-marketing.eu\/comunicati\/ambiente\/tutela-e-denunce\/greta-thunberg-e-la-sua-generazione-di-giovani-arrabbiati-sui-problemi-del-clima\/#primaryimage"},"thumbnailUrl":"https:\/\/www.article-marketing.eu\/comunicati\/wp-content\/uploads\/2019\/11\/greta_thunberg.jpg","datePublished":"2019-11-29T16:07:02+00:00","dateModified":"2019-12-01T16:19:41+00:00","author":{"@id":"https:\/\/www.article-marketing.eu\/comunicati\/#\/schema\/person\/cec2ffb9cc6fbc08c69bce879ab3bddf"},"breadcrumb":{"@id":"https:\/\/www.article-marketing.eu\/comunicati\/ambiente\/tutela-e-denunce\/greta-thunberg-e-la-sua-generazione-di-giovani-arrabbiati-sui-problemi-del-clima\/#breadcrumb"},"inLanguage":"it-IT","potentialAction":[{"@type":"ReadAction","target":["https:\/\/www.article-marketing.eu\/comunicati\/ambiente\/tutela-e-denunce\/greta-thunberg-e-la-sua-generazione-di-giovani-arrabbiati-sui-problemi-del-clima\/"]}]},{"@type":"ImageObject","inLanguage":"it-IT","@id":"https:\/\/www.article-marketing.eu\/comunicati\/ambiente\/tutela-e-denunce\/greta-thunberg-e-la-sua-generazione-di-giovani-arrabbiati-sui-problemi-del-clima\/#primaryimage","url":"https:\/\/www.article-marketing.eu\/comunicati\/wp-content\/uploads\/2019\/11\/greta_thunberg.jpg","contentUrl":"https:\/\/www.article-marketing.eu\/comunicati\/wp-content\/uploads\/2019\/11\/greta_thunberg.jpg","width":940,"height":590,"caption":"Greta Thumberg"},{"@type":"BreadcrumbList","@id":"https:\/\/www.article-marketing.eu\/comunicati\/ambiente\/tutela-e-denunce\/greta-thunberg-e-la-sua-generazione-di-giovani-arrabbiati-sui-problemi-del-clima\/#breadcrumb","itemListElement":[{"@type":"ListItem","position":1,"name":"Home","item":"https:\/\/www.article-marketing.eu\/comunicati\/"},{"@type":"ListItem","position":2,"name":"Greta Thunberg e la sua generazione di giovani: arrabbiati sui problemi del clima"}]},{"@type":"WebSite","@id":"https:\/\/www.article-marketing.eu\/comunicati\/#website","url":"https:\/\/www.article-marketing.eu\/comunicati\/","name":"Article Marketing","description":"article marketing &amp; press release","potentialAction":[{"@type":"SearchAction","target":{"@type":"EntryPoint","urlTemplate":"https:\/\/www.article-marketing.eu\/comunicati\/?s={search_term_string}"},"query-input":{"@type":"PropertyValueSpecification","valueRequired":true,"valueName":"search_term_string"}}],"inLanguage":"it-IT"},{"@type":"Person","@id":"https:\/\/www.article-marketing.eu\/comunicati\/#\/schema\/person\/cec2ffb9cc6fbc08c69bce879ab3bddf","name":"ardiluis","image":{"@type":"ImageObject","inLanguage":"it-IT","@id":"https:\/\/www.article-marketing.eu\/comunicati\/#\/schema\/person\/image\/","url":"https:\/\/secure.gravatar.com\/avatar\/8c3c014aed60c33d83b295c0ff04b2274dfafa02589393ac84a8bb71a51db78b?s=96&d=mm&r=g","contentUrl":"https:\/\/secure.gravatar.com\/avatar\/8c3c014aed60c33d83b295c0ff04b2274dfafa02589393ac84a8bb71a51db78b?s=96&d=mm&r=g","caption":"ardiluis"},"url":"https:\/\/www.article-marketing.eu\/comunicati\/author\/ardiluis\/"}]}},"_links":{"self":[{"href":"https:\/\/www.article-marketing.eu\/comunicati\/wp-json\/wp\/v2\/posts\/65560","targetHints":{"allow":["GET"]}}],"collection":[{"href":"https:\/\/www.article-marketing.eu\/comunicati\/wp-json\/wp\/v2\/posts"}],"about":[{"href":"https:\/\/www.article-marketing.eu\/comunicati\/wp-json\/wp\/v2\/types\/post"}],"author":[{"embeddable":true,"href":"https:\/\/www.article-marketing.eu\/comunicati\/wp-json\/wp\/v2\/users\/4"}],"replies":[{"embeddable":true,"href":"https:\/\/www.article-marketing.eu\/comunicati\/wp-json\/wp\/v2\/comments?post=65560"}],"version-history":[{"count":4,"href":"https:\/\/www.article-marketing.eu\/comunicati\/wp-json\/wp\/v2\/posts\/65560\/revisions"}],"predecessor-version":[{"id":65592,"href":"https:\/\/www.article-marketing.eu\/comunicati\/wp-json\/wp\/v2\/posts\/65560\/revisions\/65592"}],"wp:featuredmedia":[{"embeddable":true,"href":"https:\/\/www.article-marketing.eu\/comunicati\/wp-json\/wp\/v2\/media\/65562"}],"wp:attachment":[{"href":"https:\/\/www.article-marketing.eu\/comunicati\/wp-json\/wp\/v2\/media?parent=65560"}],"wp:term":[{"taxonomy":"category","embeddable":true,"href":"https:\/\/www.article-marketing.eu\/comunicati\/wp-json\/wp\/v2\/categories?post=65560"},{"taxonomy":"post_tag","embeddable":true,"href":"https:\/\/www.article-marketing.eu\/comunicati\/wp-json\/wp\/v2\/tags?post=65560"}],"curies":[{"name":"wp","href":"https:\/\/api.w.org\/{rel}","templated":true}]}}