{"id":65646,"date":"2019-12-20T10:07:28","date_gmt":"2019-12-20T09:07:28","guid":{"rendered":"https:\/\/www.article-marketing.eu\/comunicati\/?p=65646"},"modified":"2020-01-08T12:54:56","modified_gmt":"2020-01-08T11:54:56","slug":"sea-watch3-dissequestrata-torna-in-mare","status":"publish","type":"post","link":"https:\/\/www.article-marketing.eu\/comunicati\/societa\/sea-watch3-dissequestrata-torna-in-mare\/","title":{"rendered":"Sea-Watch 3 dissequestrata torna in mare per le sue missioni di salvataggio"},"content":{"rendered":"<h1>Sea-Watch 3 dissequestrata torna in mare per le sue missioni di salvataggio<\/h1>\n<p>Una nave di soccorso per migranti bloccata in un porto italiano per oltre cinque mesi dopo essere stata sequestrata dal governo \u00e8 stata liberata gioved\u00ec, ha detto il gruppo di soccorso marittimo tedesco.<\/p>\n<p>Il <strong>Sea-Watch 3<\/strong> \u00e8 stato sequestrato dall&#8217;Italia a giugno dopo che la nave che trasportava 40 migranti salvati si era fatta strada nel porto dell&#8217;isola di Lampedusa nonostante gli ordini di stare lontano dalle coste italiane.<\/p>\n<p>&#8220;Dopo oltre 5 mesi di blocco nel porto di <strong>Licata<\/strong>, ci stiamo preparando a tornare in mare&#8221;, ha twittato <strong>Sea-Watch<\/strong>, citando una decisione del tribunale civile che ha dichiarato di non aver trovato alcuna base legale per continuare a trattenere la nave nel porto siciliano di <strong>Licata<\/strong>.<\/p>\n<p>In una dichiarazione, il gruppo no profit ha dichiarato che sarebbe tornato nella zona a nord della costa libica il pi\u00f9 presto possibile dopo i necessari preparativi.<\/p>\n<p>L&#8217;azione del <strong>Sea-Watch<\/strong> a giugno ha scatenato una faida pubblica con l&#8217;allora ministro degli Interni <strong>Matteo Salvini,<\/strong> leader del partito di estrema destra della <strong>Lega<\/strong>, che ha una linea dura contro i migranti.<\/p>\n<p>Il capitano della nave, Carola Rackete, fu arrestato ma successivamente rilasciato, con Salvini che la definiva una minaccia alla sicurezza nazionale.<\/p>\n<p>L&#8217;<strong>Italia<\/strong>, che si \u00e8 spesso lamentata di dover prendere la maggior parte dei <strong>migranti<\/strong> che attraversano il <strong>Mediterraneo<\/strong>, ha visto 600.000 migranti raggiungere le sue coste dalla Libia dal 2013.<\/p>\n<p><strong>Sea-Watch<\/strong> ha difeso il suo lavoro come legittimo, dicendo che era stato soggetto a &#8220;criminalizzazione, intimidazione e blocco&#8221;.<\/p>\n<p>&#8220;<strong>Sea-Watch<\/strong> e altri soccorritori civili sono gli unici a sostenere la legge, che \u00e8 stata dimostrata ancora oggi&#8221;, ha dichiarato Johannes Bayer, presidente di <strong>Sea-Watch<\/strong>.\u00a0&#8220;Non vediamo l&#8217;ora di lasciare e potenzialmente tornare ai porti italiani senza ulteriori complicazioni o aggressioni&#8221;.<\/p>\n<p>Altre due imbarcazioni umanitarie sequestrate gestite da un&#8217;altra <strong>ONG<\/strong>, <strong>Mediterrane<\/strong>a, rimangono a <strong>Licata<\/strong>, la barca a vela Alex e la Mare Jonio, rispettivamente da luglio e settembre.<\/p>\n<p>FONTE: japantimes.co.jp<br \/>\nIMMAGINE:\u00a0 japantimes.co.jp<\/p>\n","protected":false},"excerpt":{"rendered":"<p>Sea-Watch 3 dissequestrata torna in mare per le sue missioni di salvataggio Una nave di soccorso per migranti bloccata in un porto italiano per oltre cinque mesi dopo essere stata sequestrata dal governo \u00e8 stata liberata gioved\u00ec, ha detto il gruppo di soccorso marittimo tedesco. Il Sea-Watch 3 \u00e8 stato sequestrato dall&#8217;Italia a giugno dopo che la nave che trasportava 40 migranti salvati si era fatta strada nel porto dell&#8217;isola<\/p>\n<p><a class=\"continue-reading\" href=\"https:\/\/www.article-marketing.eu\/comunicati\/societa\/sea-watch3-dissequestrata-torna-in-mare\/\">Continue reading&#8230;<\/a><\/p>\n","protected":false},"author":6,"featured_media":65647,"comment_status":"open","ping_status":"open","sticky":false,"template":"","format":"standard","meta":{"cybocfi_hide_featured_image":"","footnotes":""},"categories":[81,51],"tags":[14916,55975],"class_list":["post-65646","post","type-post","status-publish","format-standard","has-post-thumbnail","hentry","category-news-e-attualita","category-societa","tag-migranti","tag-sea-watch-3"],"yoast_head":"<!-- This site is optimized with the Yoast SEO plugin v27.0 - https:\/\/yoast.com\/product\/yoast-seo-wordpress\/ -->\n<title>Sea-Watch 3 dissequestrata torna in mare per le sue missioni<\/title>\n<meta name=\"robots\" content=\"index, follow, max-snippet:-1, max-image-preview:large, max-video-preview:-1\" \/>\n<link rel=\"canonical\" href=\"https:\/\/www.article-marketing.eu\/comunicati\/societa\/sea-watch3-dissequestrata-torna-in-mare\/\" \/>\n<meta property=\"og:locale\" content=\"it_IT\" \/>\n<meta property=\"og:type\" content=\"article\" \/>\n<meta property=\"og:title\" content=\"Sea-Watch 3 dissequestrata torna in mare per le sue missioni\" \/>\n<meta property=\"og:description\" content=\"Sea-Watch 3 dissequestrata torna in mare per le sue missioni di salvataggio Una nave di soccorso per migranti bloccata in un porto italiano per oltre cinque mesi dopo essere stata sequestrata dal governo \u00e8 stata liberata gioved\u00ec, ha detto il gruppo di soccorso marittimo tedesco. Il Sea-Watch 3 \u00e8 stato sequestrato dall&#8217;Italia a giugno dopo che la nave che trasportava 40 migranti salvati si era fatta strada nel porto dell&#8217;isolaContinue reading...\" \/>\n<meta property=\"og:url\" content=\"https:\/\/www.article-marketing.eu\/comunicati\/societa\/sea-watch3-dissequestrata-torna-in-mare\/\" \/>\n<meta property=\"og:site_name\" content=\"Article Marketing\" \/>\n<meta property=\"article:published_time\" content=\"2019-12-20T09:07:28+00:00\" \/>\n<meta property=\"article:modified_time\" content=\"2020-01-08T11:54:56+00:00\" \/>\n<meta property=\"og:image\" content=\"https:\/\/www.article-marketing.eu\/comunicati\/wp-content\/uploads\/2019\/12\/sea-watch3.jpeg\" \/>\n\t<meta property=\"og:image:width\" content=\"1024\" \/>\n\t<meta property=\"og:image:height\" content=\"532\" \/>\n\t<meta property=\"og:image:type\" content=\"image\/jpeg\" \/>\n<meta name=\"author\" content=\"leoddoff\" \/>\n<meta name=\"twitter:card\" content=\"summary_large_image\" \/>\n<meta name=\"twitter:label1\" content=\"Scritto da\" \/>\n\t<meta name=\"twitter:data1\" content=\"leoddoff\" \/>\n\t<meta name=\"twitter:label2\" content=\"Tempo di lettura stimato\" \/>\n\t<meta name=\"twitter:data2\" content=\"2 minuti\" \/>\n<script type=\"application\/ld+json\" class=\"yoast-schema-graph\">{\"@context\":\"https:\/\/schema.org\",\"@graph\":[{\"@type\":\"Article\",\"@id\":\"https:\/\/www.article-marketing.eu\/comunicati\/societa\/sea-watch3-dissequestrata-torna-in-mare\/#article\",\"isPartOf\":{\"@id\":\"https:\/\/www.article-marketing.eu\/comunicati\/societa\/sea-watch3-dissequestrata-torna-in-mare\/\"},\"author\":{\"name\":\"leoddoff\",\"@id\":\"https:\/\/www.article-marketing.eu\/comunicati\/#\/schema\/person\/6bbefc5ee6a5ff1fb1039e4ba13123f9\"},\"headline\":\"Sea-Watch 3 dissequestrata torna in mare per le sue missioni di salvataggio\",\"datePublished\":\"2019-12-20T09:07:28+00:00\",\"dateModified\":\"2020-01-08T11:54:56+00:00\",\"mainEntityOfPage\":{\"@id\":\"https:\/\/www.article-marketing.eu\/comunicati\/societa\/sea-watch3-dissequestrata-torna-in-mare\/\"},\"wordCount\":334,\"commentCount\":0,\"image\":{\"@id\":\"https:\/\/www.article-marketing.eu\/comunicati\/societa\/sea-watch3-dissequestrata-torna-in-mare\/#primaryimage\"},\"thumbnailUrl\":\"https:\/\/www.article-marketing.eu\/comunicati\/wp-content\/uploads\/2019\/12\/sea-watch3.jpeg\",\"keywords\":[\"migranti\",\"Sea-Watch 3\"],\"articleSection\":[\"News e Attualit\u00e0\",\"Societ\u00e0\"],\"inLanguage\":\"it-IT\",\"potentialAction\":[{\"@type\":\"CommentAction\",\"name\":\"Comment\",\"target\":[\"https:\/\/www.article-marketing.eu\/comunicati\/societa\/sea-watch3-dissequestrata-torna-in-mare\/#respond\"]}]},{\"@type\":\"WebPage\",\"@id\":\"https:\/\/www.article-marketing.eu\/comunicati\/societa\/sea-watch3-dissequestrata-torna-in-mare\/\",\"url\":\"https:\/\/www.article-marketing.eu\/comunicati\/societa\/sea-watch3-dissequestrata-torna-in-mare\/\",\"name\":\"Sea-Watch 3 dissequestrata torna in mare per le sue missioni\",\"isPartOf\":{\"@id\":\"https:\/\/www.article-marketing.eu\/comunicati\/#website\"},\"primaryImageOfPage\":{\"@id\":\"https:\/\/www.article-marketing.eu\/comunicati\/societa\/sea-watch3-dissequestrata-torna-in-mare\/#primaryimage\"},\"image\":{\"@id\":\"https:\/\/www.article-marketing.eu\/comunicati\/societa\/sea-watch3-dissequestrata-torna-in-mare\/#primaryimage\"},\"thumbnailUrl\":\"https:\/\/www.article-marketing.eu\/comunicati\/wp-content\/uploads\/2019\/12\/sea-watch3.jpeg\",\"datePublished\":\"2019-12-20T09:07:28+00:00\",\"dateModified\":\"2020-01-08T11:54:56+00:00\",\"author\":{\"@id\":\"https:\/\/www.article-marketing.eu\/comunicati\/#\/schema\/person\/6bbefc5ee6a5ff1fb1039e4ba13123f9\"},\"breadcrumb\":{\"@id\":\"https:\/\/www.article-marketing.eu\/comunicati\/societa\/sea-watch3-dissequestrata-torna-in-mare\/#breadcrumb\"},\"inLanguage\":\"it-IT\",\"potentialAction\":[{\"@type\":\"ReadAction\",\"target\":[\"https:\/\/www.article-marketing.eu\/comunicati\/societa\/sea-watch3-dissequestrata-torna-in-mare\/\"]}]},{\"@type\":\"ImageObject\",\"inLanguage\":\"it-IT\",\"@id\":\"https:\/\/www.article-marketing.eu\/comunicati\/societa\/sea-watch3-dissequestrata-torna-in-mare\/#primaryimage\",\"url\":\"https:\/\/www.article-marketing.eu\/comunicati\/wp-content\/uploads\/2019\/12\/sea-watch3.jpeg\",\"contentUrl\":\"https:\/\/www.article-marketing.eu\/comunicati\/wp-content\/uploads\/2019\/12\/sea-watch3.jpeg\",\"width\":1024,\"height\":532,\"caption\":\"Sea-watch 3 dissequestrata torna in mare per missioni di salvataggio migranti\"},{\"@type\":\"BreadcrumbList\",\"@id\":\"https:\/\/www.article-marketing.eu\/comunicati\/societa\/sea-watch3-dissequestrata-torna-in-mare\/#breadcrumb\",\"itemListElement\":[{\"@type\":\"ListItem\",\"position\":1,\"name\":\"Home\",\"item\":\"https:\/\/www.article-marketing.eu\/comunicati\/\"},{\"@type\":\"ListItem\",\"position\":2,\"name\":\"Sea-Watch 3 dissequestrata torna in mare per le sue missioni di salvataggio\"}]},{\"@type\":\"WebSite\",\"@id\":\"https:\/\/www.article-marketing.eu\/comunicati\/#website\",\"url\":\"https:\/\/www.article-marketing.eu\/comunicati\/\",\"name\":\"Article Marketing\",\"description\":\"article marketing &amp; press release\",\"potentialAction\":[{\"@type\":\"SearchAction\",\"target\":{\"@type\":\"EntryPoint\",\"urlTemplate\":\"https:\/\/www.article-marketing.eu\/comunicati\/?s={search_term_string}\"},\"query-input\":{\"@type\":\"PropertyValueSpecification\",\"valueRequired\":true,\"valueName\":\"search_term_string\"}}],\"inLanguage\":\"it-IT\"},{\"@type\":\"Person\",\"@id\":\"https:\/\/www.article-marketing.eu\/comunicati\/#\/schema\/person\/6bbefc5ee6a5ff1fb1039e4ba13123f9\",\"name\":\"leoddoff\",\"image\":{\"@type\":\"ImageObject\",\"inLanguage\":\"it-IT\",\"@id\":\"https:\/\/www.article-marketing.eu\/comunicati\/#\/schema\/person\/image\/\",\"url\":\"https:\/\/secure.gravatar.com\/avatar\/cd618d7fe97ffff939f07a6db3351049031b3f1538b52b9dbd88323ef7123965?s=96&d=mm&r=g\",\"contentUrl\":\"https:\/\/secure.gravatar.com\/avatar\/cd618d7fe97ffff939f07a6db3351049031b3f1538b52b9dbd88323ef7123965?s=96&d=mm&r=g\",\"caption\":\"leoddoff\"},\"url\":\"https:\/\/www.article-marketing.eu\/comunicati\/author\/leoddoff\/\"}]}<\/script>\n<!-- \/ Yoast SEO plugin. -->","yoast_head_json":{"title":"Sea-Watch 3 dissequestrata torna in mare per le sue missioni","robots":{"index":"index","follow":"follow","max-snippet":"max-snippet:-1","max-image-preview":"max-image-preview:large","max-video-preview":"max-video-preview:-1"},"canonical":"https:\/\/www.article-marketing.eu\/comunicati\/societa\/sea-watch3-dissequestrata-torna-in-mare\/","og_locale":"it_IT","og_type":"article","og_title":"Sea-Watch 3 dissequestrata torna in mare per le sue missioni","og_description":"Sea-Watch 3 dissequestrata torna in mare per le sue missioni di salvataggio Una nave di soccorso per migranti bloccata in un porto italiano per oltre cinque mesi dopo essere stata sequestrata dal governo \u00e8 stata liberata gioved\u00ec, ha detto il gruppo di soccorso marittimo tedesco. Il Sea-Watch 3 \u00e8 stato sequestrato dall&#8217;Italia a giugno dopo che la nave che trasportava 40 migranti salvati si era fatta strada nel porto dell&#8217;isolaContinue reading...","og_url":"https:\/\/www.article-marketing.eu\/comunicati\/societa\/sea-watch3-dissequestrata-torna-in-mare\/","og_site_name":"Article Marketing","article_published_time":"2019-12-20T09:07:28+00:00","article_modified_time":"2020-01-08T11:54:56+00:00","og_image":[{"width":1024,"height":532,"url":"https:\/\/www.article-marketing.eu\/comunicati\/wp-content\/uploads\/2019\/12\/sea-watch3.jpeg","type":"image\/jpeg"}],"author":"leoddoff","twitter_card":"summary_large_image","twitter_misc":{"Scritto da":"leoddoff","Tempo di lettura stimato":"2 minuti"},"schema":{"@context":"https:\/\/schema.org","@graph":[{"@type":"Article","@id":"https:\/\/www.article-marketing.eu\/comunicati\/societa\/sea-watch3-dissequestrata-torna-in-mare\/#article","isPartOf":{"@id":"https:\/\/www.article-marketing.eu\/comunicati\/societa\/sea-watch3-dissequestrata-torna-in-mare\/"},"author":{"name":"leoddoff","@id":"https:\/\/www.article-marketing.eu\/comunicati\/#\/schema\/person\/6bbefc5ee6a5ff1fb1039e4ba13123f9"},"headline":"Sea-Watch 3 dissequestrata torna in mare per le sue missioni di salvataggio","datePublished":"2019-12-20T09:07:28+00:00","dateModified":"2020-01-08T11:54:56+00:00","mainEntityOfPage":{"@id":"https:\/\/www.article-marketing.eu\/comunicati\/societa\/sea-watch3-dissequestrata-torna-in-mare\/"},"wordCount":334,"commentCount":0,"image":{"@id":"https:\/\/www.article-marketing.eu\/comunicati\/societa\/sea-watch3-dissequestrata-torna-in-mare\/#primaryimage"},"thumbnailUrl":"https:\/\/www.article-marketing.eu\/comunicati\/wp-content\/uploads\/2019\/12\/sea-watch3.jpeg","keywords":["migranti","Sea-Watch 3"],"articleSection":["News e Attualit\u00e0","Societ\u00e0"],"inLanguage":"it-IT","potentialAction":[{"@type":"CommentAction","name":"Comment","target":["https:\/\/www.article-marketing.eu\/comunicati\/societa\/sea-watch3-dissequestrata-torna-in-mare\/#respond"]}]},{"@type":"WebPage","@id":"https:\/\/www.article-marketing.eu\/comunicati\/societa\/sea-watch3-dissequestrata-torna-in-mare\/","url":"https:\/\/www.article-marketing.eu\/comunicati\/societa\/sea-watch3-dissequestrata-torna-in-mare\/","name":"Sea-Watch 3 dissequestrata torna in mare per le sue missioni","isPartOf":{"@id":"https:\/\/www.article-marketing.eu\/comunicati\/#website"},"primaryImageOfPage":{"@id":"https:\/\/www.article-marketing.eu\/comunicati\/societa\/sea-watch3-dissequestrata-torna-in-mare\/#primaryimage"},"image":{"@id":"https:\/\/www.article-marketing.eu\/comunicati\/societa\/sea-watch3-dissequestrata-torna-in-mare\/#primaryimage"},"thumbnailUrl":"https:\/\/www.article-marketing.eu\/comunicati\/wp-content\/uploads\/2019\/12\/sea-watch3.jpeg","datePublished":"2019-12-20T09:07:28+00:00","dateModified":"2020-01-08T11:54:56+00:00","author":{"@id":"https:\/\/www.article-marketing.eu\/comunicati\/#\/schema\/person\/6bbefc5ee6a5ff1fb1039e4ba13123f9"},"breadcrumb":{"@id":"https:\/\/www.article-marketing.eu\/comunicati\/societa\/sea-watch3-dissequestrata-torna-in-mare\/#breadcrumb"},"inLanguage":"it-IT","potentialAction":[{"@type":"ReadAction","target":["https:\/\/www.article-marketing.eu\/comunicati\/societa\/sea-watch3-dissequestrata-torna-in-mare\/"]}]},{"@type":"ImageObject","inLanguage":"it-IT","@id":"https:\/\/www.article-marketing.eu\/comunicati\/societa\/sea-watch3-dissequestrata-torna-in-mare\/#primaryimage","url":"https:\/\/www.article-marketing.eu\/comunicati\/wp-content\/uploads\/2019\/12\/sea-watch3.jpeg","contentUrl":"https:\/\/www.article-marketing.eu\/comunicati\/wp-content\/uploads\/2019\/12\/sea-watch3.jpeg","width":1024,"height":532,"caption":"Sea-watch 3 dissequestrata torna in mare per missioni di salvataggio migranti"},{"@type":"BreadcrumbList","@id":"https:\/\/www.article-marketing.eu\/comunicati\/societa\/sea-watch3-dissequestrata-torna-in-mare\/#breadcrumb","itemListElement":[{"@type":"ListItem","position":1,"name":"Home","item":"https:\/\/www.article-marketing.eu\/comunicati\/"},{"@type":"ListItem","position":2,"name":"Sea-Watch 3 dissequestrata torna in mare per le sue missioni di salvataggio"}]},{"@type":"WebSite","@id":"https:\/\/www.article-marketing.eu\/comunicati\/#website","url":"https:\/\/www.article-marketing.eu\/comunicati\/","name":"Article Marketing","description":"article marketing &amp; press release","potentialAction":[{"@type":"SearchAction","target":{"@type":"EntryPoint","urlTemplate":"https:\/\/www.article-marketing.eu\/comunicati\/?s={search_term_string}"},"query-input":{"@type":"PropertyValueSpecification","valueRequired":true,"valueName":"search_term_string"}}],"inLanguage":"it-IT"},{"@type":"Person","@id":"https:\/\/www.article-marketing.eu\/comunicati\/#\/schema\/person\/6bbefc5ee6a5ff1fb1039e4ba13123f9","name":"leoddoff","image":{"@type":"ImageObject","inLanguage":"it-IT","@id":"https:\/\/www.article-marketing.eu\/comunicati\/#\/schema\/person\/image\/","url":"https:\/\/secure.gravatar.com\/avatar\/cd618d7fe97ffff939f07a6db3351049031b3f1538b52b9dbd88323ef7123965?s=96&d=mm&r=g","contentUrl":"https:\/\/secure.gravatar.com\/avatar\/cd618d7fe97ffff939f07a6db3351049031b3f1538b52b9dbd88323ef7123965?s=96&d=mm&r=g","caption":"leoddoff"},"url":"https:\/\/www.article-marketing.eu\/comunicati\/author\/leoddoff\/"}]}},"_links":{"self":[{"href":"https:\/\/www.article-marketing.eu\/comunicati\/wp-json\/wp\/v2\/posts\/65646","targetHints":{"allow":["GET"]}}],"collection":[{"href":"https:\/\/www.article-marketing.eu\/comunicati\/wp-json\/wp\/v2\/posts"}],"about":[{"href":"https:\/\/www.article-marketing.eu\/comunicati\/wp-json\/wp\/v2\/types\/post"}],"author":[{"embeddable":true,"href":"https:\/\/www.article-marketing.eu\/comunicati\/wp-json\/wp\/v2\/users\/6"}],"replies":[{"embeddable":true,"href":"https:\/\/www.article-marketing.eu\/comunicati\/wp-json\/wp\/v2\/comments?post=65646"}],"version-history":[{"count":7,"href":"https:\/\/www.article-marketing.eu\/comunicati\/wp-json\/wp\/v2\/posts\/65646\/revisions"}],"predecessor-version":[{"id":65685,"href":"https:\/\/www.article-marketing.eu\/comunicati\/wp-json\/wp\/v2\/posts\/65646\/revisions\/65685"}],"wp:featuredmedia":[{"embeddable":true,"href":"https:\/\/www.article-marketing.eu\/comunicati\/wp-json\/wp\/v2\/media\/65647"}],"wp:attachment":[{"href":"https:\/\/www.article-marketing.eu\/comunicati\/wp-json\/wp\/v2\/media?parent=65646"}],"wp:term":[{"taxonomy":"category","embeddable":true,"href":"https:\/\/www.article-marketing.eu\/comunicati\/wp-json\/wp\/v2\/categories?post=65646"},{"taxonomy":"post_tag","embeddable":true,"href":"https:\/\/www.article-marketing.eu\/comunicati\/wp-json\/wp\/v2\/tags?post=65646"}],"curies":[{"name":"wp","href":"https:\/\/api.w.org\/{rel}","templated":true}]}}