{"id":65909,"date":"2020-02-27T04:58:17","date_gmt":"2020-02-27T03:58:17","guid":{"rendered":"https:\/\/www.article-marketing.eu\/comunicati\/?p=65909"},"modified":"2020-08-10T01:16:30","modified_gmt":"2020-08-09T23:16:30","slug":"greta-thumberg-videostoria-in-2-minuti-di-una-icona-della-lotta-ai-cambiamenti-ambientali","status":"publish","type":"post","link":"https:\/\/www.article-marketing.eu\/comunicati\/ambiente\/tutela-e-denunce\/greta-thumberg-videostoria-in-2-minuti-di-una-icona-della-lotta-ai-cambiamenti-ambientali\/","title":{"rendered":"Greta Thumberg &#8211; videostoria in 2 minuti di una icona della lotta ai cambiamenti ambientali"},"content":{"rendered":"<h1>Greta Thumberg &#8211; videostoria in 2 minuti di una icona della lotta ai cambiamenti ambientali<\/h1>\n<p><span class=\"tlid-translation translation\" lang=\"it\"><span class=\"\" title=\"\">Nell&#8217;agosto 2018, la quindicenne Greta Thunberg ha saltato la scuola per protestare da sola fuori dal parlamento svedese a Stoccolma per un&#8217;azione urgente sul clima.<\/span><br \/>\n<span class=\"\" title=\"\">In soli 13 mesi, \u00e8 diventata la figura di spicco di un movimento globale che ha spinto la crisi in cima all&#8217;agenda delle notizie e ha ispirato milioni di persone a scendere in piazza.<\/span><br \/>\n<span title=\"\">Questi sono cinque dei discorsi chiave che hanno contribuito a innescare il movimento #climatestrike<\/span><\/span><\/p>\n<div class=\"youtube-responsive-container\"><iframe loading=\"lazy\" src=\"https:\/\/www.youtube.com\/embed\/zKTQW5i9_p8\" width=\"1000\" height=\"550\" frameborder=\"0\" allowfullscreen=\"allowfullscreen\"><span style=\"display: inline-block; width: 0px; overflow: hidden; line-height: 0;\" data-mce-type=\"bookmark\" class=\"mce_SELRES_start\">\ufeff<\/span><\/iframe><\/div>\n<p>Testo in italiano del video:<\/p>\n<h1>Greta Thunberg: i discorsi che hanno contribuito a innescare un movimento per il clima<\/h1>\n<p>Mi chiamo Greta Thumberg. Ho 16 anni e vengo dalla Svezia e voglio che voi proviate panico.<br \/>\nIo non voglio che voi abbiate\u00a0 speranza per il futuro\u00a0 ma voglio che sentiate la stessa paura che provo io ogni giorno.<br \/>\nE vorrei recitare,\u00a0 recitare come se la casa in cui viviamo fosse in fiamme perch\u00e9 in effetti lo \u00e8.<\/p>\n<p>La deforestazione delle nostre\u00a0 grandi foreste,\u00a0 l&#8217;inquinamento atmosferico tossico, la morte di insetti e i danni alla natura.<br \/>\nQuesti sono tutti i disastri che sono stati accellerati da alcuni comportamenti umani finanziaramente proficui<br \/>\nper una parte del momdo di noi fortunati e che considera di averne diritto.<br \/>\n[Applausi]<br \/>\nNon dovremmo essere noi in lotta per il futuro eppure eccoci qui.<br \/>\nSaremo all&#8217;altezza della sfida con quelli che sono i pi\u00f9 responsabili di questa crisi e faremo agire i leader mondiali.<br \/>\n[Musica]<br \/>\nVoi avete rubato i miei sogni della mia infanzia con le vostre parole vuote.<br \/>\nSiamo all&#8217;inizio di un&#8217;estinzione di massa e tutto ci\u00f2 di cui puoi parlare sono i soldi e fiabe di eterna economia in crescita.<br \/>\nCome ti permetti?<br \/>\nquello che ti sto dicendo di fare ora \u00e8 agire perch\u00e9 nessuno \u00e8 troppo piccolo per fare la differenza.<br \/>\nCi vediamo sulle strade.<\/p>\n<p>FONTE: The Guardian \u25ba http:\/\/www.youtube.com\/theguardian<br \/>\nIMMAGINE IN EVIDENZA: Tratta da un frame del video. Credit theguardian.com<\/p>\n<div class=\"youtube-responsive-container\"><iframe loading=\"lazy\" src=\"https:\/\/www.youtube.com\/embed\/zKTQW5i9_p8\" width=\"560\" height=\"315\" frameborder=\"0\" allowfullscreen=\"allowfullscreen\"><\/iframe><\/div>\n","protected":false},"excerpt":{"rendered":"<p>Greta Thumberg &#8211; videostoria in 2 minuti di una icona della lotta ai cambiamenti ambientali Nell&#8217;agosto 2018, la quindicenne Greta Thunberg ha saltato la scuola per protestare da sola fuori dal parlamento svedese a Stoccolma per un&#8217;azione urgente sul clima. In soli 13 mesi, \u00e8 diventata la figura di spicco di un movimento globale che ha spinto la crisi in cima all&#8217;agenda delle notizie e ha ispirato milioni di persone<\/p>\n<p><a class=\"continue-reading\" href=\"https:\/\/www.article-marketing.eu\/comunicati\/ambiente\/tutela-e-denunce\/greta-thumberg-videostoria-in-2-minuti-di-una-icona-della-lotta-ai-cambiamenti-ambientali\/\">Continue reading&#8230;<\/a><\/p>\n","protected":false},"author":8,"featured_media":65927,"comment_status":"open","ping_status":"open","sticky":false,"template":"","format":"standard","meta":{"cybocfi_hide_featured_image":"","footnotes":""},"categories":[56036,47],"tags":[56005,55960,56006,56004],"class_list":["post-65909","post","type-post","status-publish","format-standard","has-post-thumbnail","hentry","category-attualita-e-news","category-tutela-e-denunce","tag-deforestazione","tag-greta-thunberg","tag-inquinamento-ambientale","tag-movimento-per-il-clima"],"yoast_head":"<!-- This site is optimized with the Yoast SEO plugin v27.0 - https:\/\/yoast.com\/product\/yoast-seo-wordpress\/ -->\n<title>Greta Thumberg - videostoria in 2 minuti di una icona della lotta ai cambiamenti ambientali - Article Marketing<\/title>\n<meta name=\"robots\" content=\"index, follow, max-snippet:-1, max-image-preview:large, max-video-preview:-1\" \/>\n<link rel=\"canonical\" href=\"https:\/\/www.article-marketing.eu\/comunicati\/ambiente\/tutela-e-denunce\/greta-thumberg-videostoria-in-2-minuti-di-una-icona-della-lotta-ai-cambiamenti-ambientali\/\" \/>\n<meta property=\"og:locale\" content=\"it_IT\" \/>\n<meta property=\"og:type\" content=\"article\" \/>\n<meta property=\"og:title\" content=\"Greta Thumberg - videostoria in 2 minuti di una icona della lotta ai cambiamenti ambientali - Article Marketing\" \/>\n<meta property=\"og:description\" content=\"Greta Thumberg &#8211; videostoria in 2 minuti di una icona della lotta ai cambiamenti ambientali Nell&#8217;agosto 2018, la quindicenne Greta Thunberg ha saltato la scuola per protestare da sola fuori dal parlamento svedese a Stoccolma per un&#8217;azione urgente sul clima. In soli 13 mesi, \u00e8 diventata la figura di spicco di un movimento globale che ha spinto la crisi in cima all&#8217;agenda delle notizie e ha ispirato milioni di personeContinue reading...\" \/>\n<meta property=\"og:url\" content=\"https:\/\/www.article-marketing.eu\/comunicati\/ambiente\/tutela-e-denunce\/greta-thumberg-videostoria-in-2-minuti-di-una-icona-della-lotta-ai-cambiamenti-ambientali\/\" \/>\n<meta property=\"og:site_name\" content=\"Article Marketing\" \/>\n<meta property=\"article:published_time\" content=\"2020-02-27T03:58:17+00:00\" \/>\n<meta property=\"article:modified_time\" content=\"2020-08-09T23:16:30+00:00\" \/>\n<meta property=\"og:image\" content=\"https:\/\/www.article-marketing.eu\/comunicati\/wp-content\/uploads\/2028\/02\/greta-thumberg-no-one-is-too-small-to-make-a-difference.jpg\" \/>\n\t<meta property=\"og:image:width\" content=\"1278\" \/>\n\t<meta property=\"og:image:height\" content=\"700\" \/>\n\t<meta property=\"og:image:type\" content=\"image\/jpeg\" \/>\n<meta name=\"author\" content=\"luisita\" \/>\n<meta name=\"twitter:card\" content=\"summary_large_image\" \/>\n<meta name=\"twitter:label1\" content=\"Scritto da\" \/>\n\t<meta name=\"twitter:data1\" content=\"luisita\" \/>\n\t<meta name=\"twitter:label2\" content=\"Tempo di lettura stimato\" \/>\n\t<meta name=\"twitter:data2\" content=\"2 minuti\" \/>\n<script type=\"application\/ld+json\" class=\"yoast-schema-graph\">{\"@context\":\"https:\/\/schema.org\",\"@graph\":[{\"@type\":\"Article\",\"@id\":\"https:\/\/www.article-marketing.eu\/comunicati\/ambiente\/tutela-e-denunce\/greta-thumberg-videostoria-in-2-minuti-di-una-icona-della-lotta-ai-cambiamenti-ambientali\/#article\",\"isPartOf\":{\"@id\":\"https:\/\/www.article-marketing.eu\/comunicati\/ambiente\/tutela-e-denunce\/greta-thumberg-videostoria-in-2-minuti-di-una-icona-della-lotta-ai-cambiamenti-ambientali\/\"},\"author\":{\"name\":\"luisita\",\"@id\":\"https:\/\/www.article-marketing.eu\/comunicati\/#\/schema\/person\/b48c9a6025f6c1767e04a353481c0f5b\"},\"headline\":\"Greta Thumberg &#8211; videostoria in 2 minuti di una icona della lotta ai cambiamenti ambientali\",\"datePublished\":\"2020-02-27T03:58:17+00:00\",\"dateModified\":\"2020-08-09T23:16:30+00:00\",\"mainEntityOfPage\":{\"@id\":\"https:\/\/www.article-marketing.eu\/comunicati\/ambiente\/tutela-e-denunce\/greta-thumberg-videostoria-in-2-minuti-di-una-icona-della-lotta-ai-cambiamenti-ambientali\/\"},\"wordCount\":335,\"commentCount\":0,\"image\":{\"@id\":\"https:\/\/www.article-marketing.eu\/comunicati\/ambiente\/tutela-e-denunce\/greta-thumberg-videostoria-in-2-minuti-di-una-icona-della-lotta-ai-cambiamenti-ambientali\/#primaryimage\"},\"thumbnailUrl\":\"https:\/\/www.article-marketing.eu\/comunicati\/wp-content\/uploads\/2028\/02\/greta-thumberg-no-one-is-too-small-to-make-a-difference.jpg\",\"keywords\":[\"deforestazione\",\"Greta Thunberg\",\"inquinamento ambientale\",\"movimento per il clima\"],\"articleSection\":[\"Attualit\u00e0 e News\",\"Tutela e denunce\"],\"inLanguage\":\"it-IT\",\"potentialAction\":[{\"@type\":\"CommentAction\",\"name\":\"Comment\",\"target\":[\"https:\/\/www.article-marketing.eu\/comunicati\/ambiente\/tutela-e-denunce\/greta-thumberg-videostoria-in-2-minuti-di-una-icona-della-lotta-ai-cambiamenti-ambientali\/#respond\"]}]},{\"@type\":\"WebPage\",\"@id\":\"https:\/\/www.article-marketing.eu\/comunicati\/ambiente\/tutela-e-denunce\/greta-thumberg-videostoria-in-2-minuti-di-una-icona-della-lotta-ai-cambiamenti-ambientali\/\",\"url\":\"https:\/\/www.article-marketing.eu\/comunicati\/ambiente\/tutela-e-denunce\/greta-thumberg-videostoria-in-2-minuti-di-una-icona-della-lotta-ai-cambiamenti-ambientali\/\",\"name\":\"Greta Thumberg - videostoria in 2 minuti di una icona della lotta ai cambiamenti ambientali - Article Marketing\",\"isPartOf\":{\"@id\":\"https:\/\/www.article-marketing.eu\/comunicati\/#website\"},\"primaryImageOfPage\":{\"@id\":\"https:\/\/www.article-marketing.eu\/comunicati\/ambiente\/tutela-e-denunce\/greta-thumberg-videostoria-in-2-minuti-di-una-icona-della-lotta-ai-cambiamenti-ambientali\/#primaryimage\"},\"image\":{\"@id\":\"https:\/\/www.article-marketing.eu\/comunicati\/ambiente\/tutela-e-denunce\/greta-thumberg-videostoria-in-2-minuti-di-una-icona-della-lotta-ai-cambiamenti-ambientali\/#primaryimage\"},\"thumbnailUrl\":\"https:\/\/www.article-marketing.eu\/comunicati\/wp-content\/uploads\/2028\/02\/greta-thumberg-no-one-is-too-small-to-make-a-difference.jpg\",\"datePublished\":\"2020-02-27T03:58:17+00:00\",\"dateModified\":\"2020-08-09T23:16:30+00:00\",\"author\":{\"@id\":\"https:\/\/www.article-marketing.eu\/comunicati\/#\/schema\/person\/b48c9a6025f6c1767e04a353481c0f5b\"},\"breadcrumb\":{\"@id\":\"https:\/\/www.article-marketing.eu\/comunicati\/ambiente\/tutela-e-denunce\/greta-thumberg-videostoria-in-2-minuti-di-una-icona-della-lotta-ai-cambiamenti-ambientali\/#breadcrumb\"},\"inLanguage\":\"it-IT\",\"potentialAction\":[{\"@type\":\"ReadAction\",\"target\":[\"https:\/\/www.article-marketing.eu\/comunicati\/ambiente\/tutela-e-denunce\/greta-thumberg-videostoria-in-2-minuti-di-una-icona-della-lotta-ai-cambiamenti-ambientali\/\"]}]},{\"@type\":\"ImageObject\",\"inLanguage\":\"it-IT\",\"@id\":\"https:\/\/www.article-marketing.eu\/comunicati\/ambiente\/tutela-e-denunce\/greta-thumberg-videostoria-in-2-minuti-di-una-icona-della-lotta-ai-cambiamenti-ambientali\/#primaryimage\",\"url\":\"https:\/\/www.article-marketing.eu\/comunicati\/wp-content\/uploads\/2028\/02\/greta-thumberg-no-one-is-too-small-to-make-a-difference.jpg\",\"contentUrl\":\"https:\/\/www.article-marketing.eu\/comunicati\/wp-content\/uploads\/2028\/02\/greta-thumberg-no-one-is-too-small-to-make-a-difference.jpg\",\"width\":1278,\"height\":700,\"caption\":\"Greta Thumberg Nessuno \u00e9 troppo piccolo per fare la differenza\"},{\"@type\":\"BreadcrumbList\",\"@id\":\"https:\/\/www.article-marketing.eu\/comunicati\/ambiente\/tutela-e-denunce\/greta-thumberg-videostoria-in-2-minuti-di-una-icona-della-lotta-ai-cambiamenti-ambientali\/#breadcrumb\",\"itemListElement\":[{\"@type\":\"ListItem\",\"position\":1,\"name\":\"Home\",\"item\":\"https:\/\/www.article-marketing.eu\/comunicati\/\"},{\"@type\":\"ListItem\",\"position\":2,\"name\":\"Greta Thumberg &#8211; videostoria in 2 minuti di una icona della lotta ai cambiamenti ambientali\"}]},{\"@type\":\"WebSite\",\"@id\":\"https:\/\/www.article-marketing.eu\/comunicati\/#website\",\"url\":\"https:\/\/www.article-marketing.eu\/comunicati\/\",\"name\":\"Article Marketing\",\"description\":\"article marketing &amp; press release\",\"potentialAction\":[{\"@type\":\"SearchAction\",\"target\":{\"@type\":\"EntryPoint\",\"urlTemplate\":\"https:\/\/www.article-marketing.eu\/comunicati\/?s={search_term_string}\"},\"query-input\":{\"@type\":\"PropertyValueSpecification\",\"valueRequired\":true,\"valueName\":\"search_term_string\"}}],\"inLanguage\":\"it-IT\"},{\"@type\":\"Person\",\"@id\":\"https:\/\/www.article-marketing.eu\/comunicati\/#\/schema\/person\/b48c9a6025f6c1767e04a353481c0f5b\",\"name\":\"luisita\",\"image\":{\"@type\":\"ImageObject\",\"inLanguage\":\"it-IT\",\"@id\":\"https:\/\/www.article-marketing.eu\/comunicati\/#\/schema\/person\/image\/\",\"url\":\"https:\/\/secure.gravatar.com\/avatar\/908fd836459a0800151fc60bb5b277db0ce33152060bfd2029493ea15dba2eff?s=96&d=mm&r=g\",\"contentUrl\":\"https:\/\/secure.gravatar.com\/avatar\/908fd836459a0800151fc60bb5b277db0ce33152060bfd2029493ea15dba2eff?s=96&d=mm&r=g\",\"caption\":\"luisita\"},\"url\":\"https:\/\/www.article-marketing.eu\/comunicati\/author\/luisita\/\"}]}<\/script>\n<!-- \/ Yoast SEO plugin. -->","yoast_head_json":{"title":"Greta Thumberg - videostoria in 2 minuti di una icona della lotta ai cambiamenti ambientali - Article Marketing","robots":{"index":"index","follow":"follow","max-snippet":"max-snippet:-1","max-image-preview":"max-image-preview:large","max-video-preview":"max-video-preview:-1"},"canonical":"https:\/\/www.article-marketing.eu\/comunicati\/ambiente\/tutela-e-denunce\/greta-thumberg-videostoria-in-2-minuti-di-una-icona-della-lotta-ai-cambiamenti-ambientali\/","og_locale":"it_IT","og_type":"article","og_title":"Greta Thumberg - videostoria in 2 minuti di una icona della lotta ai cambiamenti ambientali - Article Marketing","og_description":"Greta Thumberg &#8211; videostoria in 2 minuti di una icona della lotta ai cambiamenti ambientali Nell&#8217;agosto 2018, la quindicenne Greta Thunberg ha saltato la scuola per protestare da sola fuori dal parlamento svedese a Stoccolma per un&#8217;azione urgente sul clima. In soli 13 mesi, \u00e8 diventata la figura di spicco di un movimento globale che ha spinto la crisi in cima all&#8217;agenda delle notizie e ha ispirato milioni di personeContinue reading...","og_url":"https:\/\/www.article-marketing.eu\/comunicati\/ambiente\/tutela-e-denunce\/greta-thumberg-videostoria-in-2-minuti-di-una-icona-della-lotta-ai-cambiamenti-ambientali\/","og_site_name":"Article Marketing","article_published_time":"2020-02-27T03:58:17+00:00","article_modified_time":"2020-08-09T23:16:30+00:00","og_image":[{"width":1278,"height":700,"url":"https:\/\/www.article-marketing.eu\/comunicati\/wp-content\/uploads\/2028\/02\/greta-thumberg-no-one-is-too-small-to-make-a-difference.jpg","type":"image\/jpeg"}],"author":"luisita","twitter_card":"summary_large_image","twitter_misc":{"Scritto da":"luisita","Tempo di lettura stimato":"2 minuti"},"schema":{"@context":"https:\/\/schema.org","@graph":[{"@type":"Article","@id":"https:\/\/www.article-marketing.eu\/comunicati\/ambiente\/tutela-e-denunce\/greta-thumberg-videostoria-in-2-minuti-di-una-icona-della-lotta-ai-cambiamenti-ambientali\/#article","isPartOf":{"@id":"https:\/\/www.article-marketing.eu\/comunicati\/ambiente\/tutela-e-denunce\/greta-thumberg-videostoria-in-2-minuti-di-una-icona-della-lotta-ai-cambiamenti-ambientali\/"},"author":{"name":"luisita","@id":"https:\/\/www.article-marketing.eu\/comunicati\/#\/schema\/person\/b48c9a6025f6c1767e04a353481c0f5b"},"headline":"Greta Thumberg &#8211; videostoria in 2 minuti di una icona della lotta ai cambiamenti ambientali","datePublished":"2020-02-27T03:58:17+00:00","dateModified":"2020-08-09T23:16:30+00:00","mainEntityOfPage":{"@id":"https:\/\/www.article-marketing.eu\/comunicati\/ambiente\/tutela-e-denunce\/greta-thumberg-videostoria-in-2-minuti-di-una-icona-della-lotta-ai-cambiamenti-ambientali\/"},"wordCount":335,"commentCount":0,"image":{"@id":"https:\/\/www.article-marketing.eu\/comunicati\/ambiente\/tutela-e-denunce\/greta-thumberg-videostoria-in-2-minuti-di-una-icona-della-lotta-ai-cambiamenti-ambientali\/#primaryimage"},"thumbnailUrl":"https:\/\/www.article-marketing.eu\/comunicati\/wp-content\/uploads\/2028\/02\/greta-thumberg-no-one-is-too-small-to-make-a-difference.jpg","keywords":["deforestazione","Greta Thunberg","inquinamento ambientale","movimento per il clima"],"articleSection":["Attualit\u00e0 e News","Tutela e denunce"],"inLanguage":"it-IT","potentialAction":[{"@type":"CommentAction","name":"Comment","target":["https:\/\/www.article-marketing.eu\/comunicati\/ambiente\/tutela-e-denunce\/greta-thumberg-videostoria-in-2-minuti-di-una-icona-della-lotta-ai-cambiamenti-ambientali\/#respond"]}]},{"@type":"WebPage","@id":"https:\/\/www.article-marketing.eu\/comunicati\/ambiente\/tutela-e-denunce\/greta-thumberg-videostoria-in-2-minuti-di-una-icona-della-lotta-ai-cambiamenti-ambientali\/","url":"https:\/\/www.article-marketing.eu\/comunicati\/ambiente\/tutela-e-denunce\/greta-thumberg-videostoria-in-2-minuti-di-una-icona-della-lotta-ai-cambiamenti-ambientali\/","name":"Greta Thumberg - videostoria in 2 minuti di una icona della lotta ai cambiamenti ambientali - Article Marketing","isPartOf":{"@id":"https:\/\/www.article-marketing.eu\/comunicati\/#website"},"primaryImageOfPage":{"@id":"https:\/\/www.article-marketing.eu\/comunicati\/ambiente\/tutela-e-denunce\/greta-thumberg-videostoria-in-2-minuti-di-una-icona-della-lotta-ai-cambiamenti-ambientali\/#primaryimage"},"image":{"@id":"https:\/\/www.article-marketing.eu\/comunicati\/ambiente\/tutela-e-denunce\/greta-thumberg-videostoria-in-2-minuti-di-una-icona-della-lotta-ai-cambiamenti-ambientali\/#primaryimage"},"thumbnailUrl":"https:\/\/www.article-marketing.eu\/comunicati\/wp-content\/uploads\/2028\/02\/greta-thumberg-no-one-is-too-small-to-make-a-difference.jpg","datePublished":"2020-02-27T03:58:17+00:00","dateModified":"2020-08-09T23:16:30+00:00","author":{"@id":"https:\/\/www.article-marketing.eu\/comunicati\/#\/schema\/person\/b48c9a6025f6c1767e04a353481c0f5b"},"breadcrumb":{"@id":"https:\/\/www.article-marketing.eu\/comunicati\/ambiente\/tutela-e-denunce\/greta-thumberg-videostoria-in-2-minuti-di-una-icona-della-lotta-ai-cambiamenti-ambientali\/#breadcrumb"},"inLanguage":"it-IT","potentialAction":[{"@type":"ReadAction","target":["https:\/\/www.article-marketing.eu\/comunicati\/ambiente\/tutela-e-denunce\/greta-thumberg-videostoria-in-2-minuti-di-una-icona-della-lotta-ai-cambiamenti-ambientali\/"]}]},{"@type":"ImageObject","inLanguage":"it-IT","@id":"https:\/\/www.article-marketing.eu\/comunicati\/ambiente\/tutela-e-denunce\/greta-thumberg-videostoria-in-2-minuti-di-una-icona-della-lotta-ai-cambiamenti-ambientali\/#primaryimage","url":"https:\/\/www.article-marketing.eu\/comunicati\/wp-content\/uploads\/2028\/02\/greta-thumberg-no-one-is-too-small-to-make-a-difference.jpg","contentUrl":"https:\/\/www.article-marketing.eu\/comunicati\/wp-content\/uploads\/2028\/02\/greta-thumberg-no-one-is-too-small-to-make-a-difference.jpg","width":1278,"height":700,"caption":"Greta Thumberg Nessuno \u00e9 troppo piccolo per fare la differenza"},{"@type":"BreadcrumbList","@id":"https:\/\/www.article-marketing.eu\/comunicati\/ambiente\/tutela-e-denunce\/greta-thumberg-videostoria-in-2-minuti-di-una-icona-della-lotta-ai-cambiamenti-ambientali\/#breadcrumb","itemListElement":[{"@type":"ListItem","position":1,"name":"Home","item":"https:\/\/www.article-marketing.eu\/comunicati\/"},{"@type":"ListItem","position":2,"name":"Greta Thumberg &#8211; videostoria in 2 minuti di una icona della lotta ai cambiamenti ambientali"}]},{"@type":"WebSite","@id":"https:\/\/www.article-marketing.eu\/comunicati\/#website","url":"https:\/\/www.article-marketing.eu\/comunicati\/","name":"Article Marketing","description":"article marketing &amp; press release","potentialAction":[{"@type":"SearchAction","target":{"@type":"EntryPoint","urlTemplate":"https:\/\/www.article-marketing.eu\/comunicati\/?s={search_term_string}"},"query-input":{"@type":"PropertyValueSpecification","valueRequired":true,"valueName":"search_term_string"}}],"inLanguage":"it-IT"},{"@type":"Person","@id":"https:\/\/www.article-marketing.eu\/comunicati\/#\/schema\/person\/b48c9a6025f6c1767e04a353481c0f5b","name":"luisita","image":{"@type":"ImageObject","inLanguage":"it-IT","@id":"https:\/\/www.article-marketing.eu\/comunicati\/#\/schema\/person\/image\/","url":"https:\/\/secure.gravatar.com\/avatar\/908fd836459a0800151fc60bb5b277db0ce33152060bfd2029493ea15dba2eff?s=96&d=mm&r=g","contentUrl":"https:\/\/secure.gravatar.com\/avatar\/908fd836459a0800151fc60bb5b277db0ce33152060bfd2029493ea15dba2eff?s=96&d=mm&r=g","caption":"luisita"},"url":"https:\/\/www.article-marketing.eu\/comunicati\/author\/luisita\/"}]}},"_links":{"self":[{"href":"https:\/\/www.article-marketing.eu\/comunicati\/wp-json\/wp\/v2\/posts\/65909","targetHints":{"allow":["GET"]}}],"collection":[{"href":"https:\/\/www.article-marketing.eu\/comunicati\/wp-json\/wp\/v2\/posts"}],"about":[{"href":"https:\/\/www.article-marketing.eu\/comunicati\/wp-json\/wp\/v2\/types\/post"}],"author":[{"embeddable":true,"href":"https:\/\/www.article-marketing.eu\/comunicati\/wp-json\/wp\/v2\/users\/8"}],"replies":[{"embeddable":true,"href":"https:\/\/www.article-marketing.eu\/comunicati\/wp-json\/wp\/v2\/comments?post=65909"}],"version-history":[{"count":18,"href":"https:\/\/www.article-marketing.eu\/comunicati\/wp-json\/wp\/v2\/posts\/65909\/revisions"}],"predecessor-version":[{"id":65953,"href":"https:\/\/www.article-marketing.eu\/comunicati\/wp-json\/wp\/v2\/posts\/65909\/revisions\/65953"}],"wp:featuredmedia":[{"embeddable":true,"href":"https:\/\/www.article-marketing.eu\/comunicati\/wp-json\/wp\/v2\/media\/65927"}],"wp:attachment":[{"href":"https:\/\/www.article-marketing.eu\/comunicati\/wp-json\/wp\/v2\/media?parent=65909"}],"wp:term":[{"taxonomy":"category","embeddable":true,"href":"https:\/\/www.article-marketing.eu\/comunicati\/wp-json\/wp\/v2\/categories?post=65909"},{"taxonomy":"post_tag","embeddable":true,"href":"https:\/\/www.article-marketing.eu\/comunicati\/wp-json\/wp\/v2\/tags?post=65909"}],"curies":[{"name":"wp","href":"https:\/\/api.w.org\/{rel}","templated":true}]}}