{"id":66075,"date":"2020-03-25T20:29:27","date_gmt":"2020-03-25T19:29:27","guid":{"rendered":"https:\/\/www.article-marketing.eu\/comunicati\/?p=66075"},"modified":"2020-03-26T08:13:50","modified_gmt":"2020-03-26T07:13:50","slug":"un-francese-in-quarantena-per-coronavirus-corre-la-maratona-sul-piccolo-balcone-di-casa","status":"publish","type":"post","link":"https:\/\/www.article-marketing.eu\/comunicati\/societa\/news-e-attualita\/un-francese-in-quarantena-per-coronavirus-corre-la-maratona-sul-piccolo-balcone-di-casa\/","title":{"rendered":"Un francese in quarantena per coronavirus corre la maratona sul piccolo balcone di casa"},"content":{"rendered":"<h1>Un francese in quarantena per coronavirus corre la maratona sul piccolo balcone di casa<\/h1>\n<p>Esercitarsi durante la <strong>quarantena<\/strong> durante l&#8217;epidemia di <strong>coronavirus<\/strong> \u00e8 difficile, ma l&#8217;emergenza stimola la fantasia e si sperimentano modi interessanti per mantenersi in forma.<br \/>\nUn uomo in Francia ha corso un&#8217;intera maratona di 42 chilometri sul suo balcone di casa.<br \/>\nCi sono volute quasi 7 ore per completare la maratona sul suo balcone di circa 6 metri. Nelle dichiarazioni rilasciate spiega la sua impresa al fine diutare a dare risalto alle sollecitazioni mediche di stare in casa per evitare il progredire dell&#8217;infezione di <strong>coronavirus<\/strong>.<\/p>\n<p>Con il <strong>coronavirus<\/strong> che costringe milioni di persone a rimanere a casa, \u00e8 incredibilmente facile, se non addirittura allettante, tornare a scelte di vita malsane.<br \/>\nSoprattutto se vivi in \u200b\u200buna zona fredda, non puoi davvero essere incolpato di guardare la TV tutto il giorno e mangiare una variet\u00e0 di cibi malsani per aiutarti a passare il tempo.<\/p>\n<p>Alcune persone, tuttavia, hanno escogitato modi intraprendenti per rimanere in salute durante questo blocco mondiale senza precedenti. Negli ultimi si sono viste sfide push-up attraversare Instagram, insieme a nuovi esercizi di allenamento della forza che puoi fare comodamente dal tuo salotto.<\/p>\n<p>La storia pi\u00f9 curiosa\u00a0 ci viene dalla <strong>Francia<\/strong> dove <strong>Elisha Nochomovitz<\/strong> ha avuto la determinazione di correre una maratona completa su un balcone che misura circa 6 metri.<br \/>\nPer una sua strana convinzione, Nochomovitz si \u00e8 tenacemente impegnato a correre per 42 chilometri e 195 metri (la misura della maratona olimpica) correndo essenzialmente in un piccolo cerchio per ore e ore fino alla fine.<\/p>\n<p><script async src=\"https:\/\/pagead2.googlesyndication.com\/pagead\/js\/adsbygoogle.js\"><\/script><br \/>\n<!-- article-marketing.eu_over_adattabile --><br \/>\n<ins class=\"adsbygoogle\" style=\"display: block;\" data-ad-client=\"ca-pub-3786472933840786\" data-ad-slot=\"4851434602\" data-ad-format=\"auto\" data-full-width-responsive=\"true\"><\/ins><br \/>\n<script>\n     (adsbygoogle = window.adsbygoogle || []).push({});\n<\/script><br \/>\nPi\u00f9 precisamente, <strong>Nochomovitz<\/strong> aveva in programma di correre la Maratona di Barcellona e Parigi questo mese prima che fosse annullata a causa del coronavirus.<br \/>\nIn altre parole, <strong>Nochomovitz<\/strong> era gi\u00e0 in ottima forma.<\/p>\n<p>Quindi quanto ci \u00e8 voluto?\u00a0Secondo un&#8217;intervista rilasciata\u00a0<a href=\"https:\/\/www.francebleu.fr\/infos\/societe\/coronavirus-pres-de-toulouse-il-court-un-marathon-dans-son-salon-1584606872\" target=\"_blank\" rel=\"nofollow noopener noreferrer\">a\u00a0<em>France Bleu<\/em><\/a> , gli ci sono voluti 6 ore e 48 minuti. Da notare che \u00e8 molto pi\u00f9 lungo dei suoi tempi abituali, il che ha senso dato che non puoi davvero aumentare la velocit\u00e0 significativa quando sei costretto a girarti ogni 7 metri. Tuttavia, \u00e8 un bel risultato e alla fine i video di Nochomovitz hanno iniziato a diventare virali online. Come punto di interesse, si stima che Nochomovitz abbia fatto ben 6000 giri completi prima di completare i 42 chilometri.<\/p>\n<p>Mi piace partecipare alle corse importanti da solo, ma l&#8217;energia mentale, la concentrazione e la dedizione necessarie per fare qualcosa del genere vanno oltre la mia comprensione. \u00c8 abbastanza difficile allenarsi per una maratona regolare, ma questo \u00e8 innegabilmente una cosa di livello successivo.<\/p>\n<p>La vicenda ha fatto il giro del mondo ed \u00e8 stata riportata dai principali giornali online. Qui un servizio della inglese <a href=\"https:\/\/www.theguardian.com\" target=\"_blank\" rel=\"noopener noreferrer\">the guardian<\/a><\/p>\n<div class=\"youtube-responsive-container\"><iframe loading=\"lazy\" src=\"https:\/\/www.youtube.com\/embed\/rqb46NzBIts\" width=\"1120\" height=\"630\" frameborder=\"0\" allowfullscreen=\"allowfullscreen\"><span style=\"display: inline-block; width: 0px; overflow: hidden; line-height: 0;\" data-mce-type=\"bookmark\" class=\"mce_SELRES_start\">\ufeff<\/span><\/iframe><\/div>\n<p><script async src=\"https:\/\/pagead2.googlesyndication.com\/pagead\/js\/adsbygoogle.js\"><\/script><br \/>\n<!-- article-marketing.eu_over_adattabile --><br \/>\n<ins class=\"adsbygoogle\" style=\"display: block;\" data-ad-client=\"ca-pub-3786472933840786\" data-ad-slot=\"4851434602\" data-ad-format=\"auto\" data-full-width-responsive=\"true\"><\/ins><br \/>\n<script>\n     (adsbygoogle = window.adsbygoogle || []).push({});\n<\/script><\/p>\n<p>Ed anche in Asia ha interessato e incuriosito molte persone. Ecco un servizio della cinese <a href=\"https:\/\/www.youtube.com\/channel\/UC2VmWn8dAqkzlQqvy02E1PA\">Formosa TV News Network<\/a><\/p>\n<div class=\"youtube-responsive-container\"><iframe loading=\"lazy\" src=\"https:\/\/www.youtube.com\/embed\/dqRxQPNWois\" width=\"1120\" height=\"630\" frameborder=\"0\" allowfullscreen=\"allowfullscreen\"><span style=\"display: inline-block; width: 0px; overflow: hidden; line-height: 0;\" data-mce-type=\"bookmark\" class=\"mce_SELRES_start\">\ufeff<\/span><\/iframe><\/div>\n<h2>Elisha: &#8220;Ho divertito i vicini&#8221;<\/h2>\n<p><strong>Elisha<\/strong> ha raccontato di questa sfida che ha lanciato, non riuscendo a correre una vera maratona: &#8221; <em>Fondamentalmente, ero registrato per le maratone di Barcellona e Parigi. Ho fatto la mia preparazione. Quando sono stati cancellati , Ero ben preparato. Mi sono detto che ho un balcone di 7 metri, quindi perch\u00e9 no? &#8221;\u00a0<\/em><\/p>\n<h2>A supporto delle raccomandazioni del personale medico<\/h2>\n<p>Puoi fare sport a casa.\u00a0E il secondo messaggio, \u00e8 per le persone che si prendono cura di noi:\u00a0<em>&#8220;Il personale medico fa un lavoro straordinario. Si sono divertiti molto alla mia idea, mi ha dato forza tutto il giorno. Avrei potuto correre molto bene intorno al casa, ma ho preferito farlo sul mio balcone. Il messaggio, ci sono molti che non lo prendono sul serio &#8220;.<\/em><\/p>\n<h2>Dietro le quinte di un tempo molto alto<\/h2>\n<p>Il suo tempo? 6:48, lontano dai soliti orari. Non era questo l&#8217;obiettivo, spiega Elisha, che ha gi\u00e0 36 maratone nelle gambe: <em>&#8220;L&#8217;orologio \u00e8 solo un episodioparticolare. Hocominciato alle 3:32 del mattino. Temevo che i vicini bussassero alla porta. Ma l&#8217;ho fatto divertire, mi hanno guardato tutto il pomeriggio correre come un cagnolino! &#8220;<\/em><\/p>\n<p><script async src=\"https:\/\/pagead2.googlesyndication.com\/pagead\/js\/adsbygoogle.js\"><\/script><br \/>\n<!-- article-marketing.eu_over_adattabile --><br \/>\n<ins class=\"adsbygoogle\" style=\"display: block;\" data-ad-client=\"ca-pub-3786472933840786\" data-ad-slot=\"4851434602\" data-ad-format=\"auto\" data-full-width-responsive=\"true\"><\/ins><br \/>\n<script>\n     (adsbygoogle = window.adsbygoogle || []).push({});\n<\/script><\/p>\n<p>Ed ecco il post originale che Elisha ha inserito su instagram<\/p>\n<p><script async src=\"\/\/www.instagram.com\/embed.js\"><\/script><\/p>\n<blockquote class=\"instagram-media\" style=\"background: #FFF; border: 0; border-radius: 3px; box-shadow: 0 0 1px 0 rgba(0,0,0,0.5),0 1px 10px 0 rgba(0,0,0,0.15); margin: 1px; max-width: 540px; min-width: 326px; padding: 0; width: calc(100% - 2px);\" data-instgrm-captioned=\"\" data-instgrm-permalink=\"https:\/\/www.instagram.com\/p\/B96gEMjIJvn\/?utm_source=ig_embed&amp;utm_campaign=loading\" data-instgrm-version=\"12\">\n<div style=\"padding: 16px;\">\n<p>&nbsp;<\/p>\n<div style=\"display: flex; flex-direction: row; align-items: center;\">\n<div style=\"background-color: #f4f4f4; border-radius: 50%; flex-grow: 0; height: 40px; margin-right: 14px; width: 40px;\"><\/div>\n<div style=\"display: flex; flex-direction: column; flex-grow: 1; justify-content: center;\">\n<div style=\"background-color: #f4f4f4; border-radius: 4px; flex-grow: 0; height: 14px; margin-bottom: 6px; width: 100px;\"><\/div>\n<div style=\"background-color: #f4f4f4; border-radius: 4px; flex-grow: 0; height: 14px; width: 60px;\"><\/div>\n<\/div>\n<\/div>\n<div style=\"padding: 19% 0;\"><\/div>\n<div style=\"display: block; height: 50px; margin: 0 auto 12px; width: 50px;\"><\/div>\n<div style=\"padding-top: 8px;\">\n<div style=\"color: #3897f0; font-family: Arial,sans-serif; font-size: 14px; font-style: normal; font-weight: 550; line-height: 18px;\">Visualizza questo post su Instagram<\/div>\n<\/div>\n<div style=\"padding: 12.5% 0;\"><\/div>\n<div style=\"display: flex; flex-direction: row; margin-bottom: 14px; align-items: center;\">\n<div>\n<div style=\"background-color: #f4f4f4; border-radius: 50%; height: 12.5px; width: 12.5px; transform: translateX(0px) translateY(7px);\"><\/div>\n<div style=\"background-color: #f4f4f4; height: 12.5px; transform: rotate(-45deg) translateX(3px) translateY(1px); width: 12.5px; flex-grow: 0; margin-right: 14px; margin-left: 2px;\"><\/div>\n<div style=\"background-color: #f4f4f4; border-radius: 50%; height: 12.5px; width: 12.5px; transform: translateX(9px) translateY(-18px);\"><\/div>\n<\/div>\n<div style=\"margin-left: 8px;\">\n<div style=\"background-color: #f4f4f4; border-radius: 50%; flex-grow: 0; height: 20px; width: 20px;\"><\/div>\n<div style=\"width: 0; height: 0; border-top: 2px solid transparent; border-left: 6px solid #f4f4f4; border-bottom: 2px solid transparent; transform: translateX(16px) translateY(-4px) rotate(30deg);\"><\/div>\n<\/div>\n<div style=\"margin-left: auto;\">\n<div style=\"width: 0px; border-top: 8px solid #F4F4F4; border-right: 8px solid transparent; transform: translateY(16px);\"><\/div>\n<div style=\"background-color: #f4f4f4; flex-grow: 0; height: 12px; width: 16px; transform: translateY(-4px);\"><\/div>\n<div style=\"width: 0; height: 0; border-top: 8px solid #F4F4F4; border-left: 8px solid transparent; transform: translateY(-4px) translateX(8px);\"><\/div>\n<\/div>\n<\/div>\n<p>&nbsp;<\/p>\n<p style=\"margin: 8px 0 0 0; padding: 0 4px;\"><a style=\"color: #000; font-family: Arial,sans-serif; font-size: 14px; font-style: normal; font-weight: normal; line-height: 17px; text-decoration: none; word-wrap: break-word;\" href=\"https:\/\/www.instagram.com\/p\/B96gEMjIJvn\/?utm_source=ig_embed&amp;utm_campaign=loading\" target=\"_blank\" rel=\"noopener noreferrer\">&#8220;LES DEMI-FONDEURS, PRENEZ EXEMPLE, \u00c7A FORGE LE MENTAL&#8221; ! &#x270c; &#8212;&#8212;&#8212;&#8212;&#8212;&#8212;&#8211; Apr\u00e8s le d\u00e9fi fou de @nassim.yns qui consistait \u00e0 courir un 5km autour d&#8217;une table, c&#8217;est un d\u00e9fi compl\u00e9ment INIMAGINABLE qui a fait son apparition&#8230; &#x1f648; Elisha Nochomovitz, r\u00e9sidant \u00e0 Balma et en plein confinement, a eu l&#8217;incroyable id\u00e9e de courir un marathon (42km195)&#8230; sur le balcon, long de 7 m\u00e8tres, de son appartement ! &#x1f631; UN D\u00c9FI RELEV\u00c9 EN 6H48 ! &#x1f60d; &#8212;&#8212;&#8212;&#8212;&#8212;&#8212;&#8211; MERCI ELISHA ! &#x2764; @elisha_nochomovitz &#8212;&#8212;&#8212;&#8212;&#8212;&#8212;&#8211; #athletisme #trackandfield #running #run #polevault #highjump #runner #runners #longjump #triplejump #hurdles #sprint #instarunner #instarunners #diamondleague #nikerunning #triathlete #nikeplus #trailrunning #instarun #swimbikerun #runhappy #tracknation #strava #stravarun #footing #courir #runstoppable #happyrunningcrew #runaddict<\/a><\/p>\n<p style=\"color: #c9c8cd; font-family: Arial,sans-serif; font-size: 14px; line-height: 17px; margin-bottom: 0; margin-top: 8px; overflow: hidden; padding: 8px 0 7px; text-align: center; text-overflow: ellipsis; white-space: nowrap;\">Un post condiviso da <a style=\"color: #c9c8cd; font-family: Arial,sans-serif; font-size: 14px; font-style: normal; font-weight: normal; line-height: 17px;\" href=\"https:\/\/www.instagram.com\/les_athletes_francais\/?utm_source=ig_embed&amp;utm_campaign=loading\" target=\"_blank\" rel=\"noopener noreferrer\"> Les Athl\u00e8tes Fran\u00e7ais &#x1f1eb;&#x1f1f7; FFA<\/a> (@les_athletes_francais) in data: <time style=\"font-family: Arial,sans-serif; font-size: 14px; line-height: 17px;\" datetime=\"2020-03-19T11:47:26+00:00\">19 Mar 2020 alle ore 4:47 PDT<\/time><\/p>\n<\/div>\n<\/blockquote>\n<p><script async src=\"\/\/www.instagram.com\/embed.js\"><\/script><\/p>\n<p>FONTE: francebleu.fr | theguardian.com<br \/>\nIMMAGINI: pixabay.com | instagram | youtube<\/p>\n","protected":false},"excerpt":{"rendered":"<p>Un francese in quarantena per coronavirus corre la maratona sul piccolo balcone di casa Esercitarsi durante la quarantena durante l&#8217;epidemia di coronavirus \u00e8 difficile, ma l&#8217;emergenza stimola la fantasia e si sperimentano modi interessanti per mantenersi in forma. Un uomo in Francia ha corso un&#8217;intera maratona di 42 chilometri sul suo balcone di casa. Ci sono volute quasi 7 ore per completare la maratona sul suo balcone di circa 6<\/p>\n<p><a class=\"continue-reading\" href=\"https:\/\/www.article-marketing.eu\/comunicati\/societa\/news-e-attualita\/un-francese-in-quarantena-per-coronavirus-corre-la-maratona-sul-piccolo-balcone-di-casa\/\">Continue reading&#8230;<\/a><\/p>\n","protected":false},"author":6,"featured_media":66105,"comment_status":"open","ping_status":"open","sticky":false,"template":"","format":"standard","meta":{"cybocfi_hide_featured_image":"","footnotes":""},"categories":[81,51],"tags":[55983,56035,56028,1715,3171],"class_list":["post-66075","post","type-post","status-publish","format-standard","has-post-thumbnail","hentry","category-news-e-attualita","category-societa","tag-coronavirus","tag-coronavirus-quarantena","tag-covid-19","tag-francia","tag-maratona"],"yoast_head":"<!-- This site is optimized with the Yoast SEO plugin v27.0 - https:\/\/yoast.com\/product\/yoast-seo-wordpress\/ -->\n<title>Un francese in quarantena per coronavirus corre la maratona sul balcone<\/title>\n<meta name=\"robots\" content=\"index, follow, max-snippet:-1, max-image-preview:large, max-video-preview:-1\" \/>\n<link rel=\"canonical\" href=\"https:\/\/www.article-marketing.eu\/comunicati\/societa\/news-e-attualita\/un-francese-in-quarantena-per-coronavirus-corre-la-maratona-sul-piccolo-balcone-di-casa\/\" \/>\n<meta property=\"og:locale\" content=\"it_IT\" \/>\n<meta property=\"og:type\" content=\"article\" \/>\n<meta property=\"og:title\" content=\"Un francese in quarantena per coronavirus corre la maratona sul balcone\" \/>\n<meta property=\"og:description\" content=\"Un francese in quarantena per coronavirus corre la maratona sul piccolo balcone di casa Esercitarsi durante la quarantena durante l&#8217;epidemia di coronavirus \u00e8 difficile, ma l&#8217;emergenza stimola la fantasia e si sperimentano modi interessanti per mantenersi in forma. Un uomo in Francia ha corso un&#8217;intera maratona di 42 chilometri sul suo balcone di casa. Ci sono volute quasi 7 ore per completare la maratona sul suo balcone di circa 6Continue reading...\" \/>\n<meta property=\"og:url\" content=\"https:\/\/www.article-marketing.eu\/comunicati\/societa\/news-e-attualita\/un-francese-in-quarantena-per-coronavirus-corre-la-maratona-sul-piccolo-balcone-di-casa\/\" \/>\n<meta property=\"og:site_name\" content=\"Article Marketing\" \/>\n<meta property=\"article:published_time\" content=\"2020-03-25T19:29:27+00:00\" \/>\n<meta property=\"article:modified_time\" content=\"2020-03-26T07:13:50+00:00\" \/>\n<meta property=\"og:image\" content=\"https:\/\/www.article-marketing.eu\/comunicati\/wp-content\/uploads\/2028\/03\/coronavirus-maratona-su-balcone-7-metri.jpg\" \/>\n\t<meta property=\"og:image:width\" content=\"1920\" \/>\n\t<meta property=\"og:image:height\" content=\"1080\" \/>\n\t<meta property=\"og:image:type\" content=\"image\/jpeg\" \/>\n<meta name=\"author\" content=\"leoddoff\" \/>\n<meta name=\"twitter:card\" content=\"summary_large_image\" \/>\n<meta name=\"twitter:label1\" content=\"Scritto da\" \/>\n\t<meta name=\"twitter:data1\" content=\"leoddoff\" \/>\n\t<meta name=\"twitter:label2\" content=\"Tempo di lettura stimato\" \/>\n\t<meta name=\"twitter:data2\" content=\"4 minuti\" \/>\n<script type=\"application\/ld+json\" class=\"yoast-schema-graph\">{\"@context\":\"https:\/\/schema.org\",\"@graph\":[{\"@type\":\"Article\",\"@id\":\"https:\/\/www.article-marketing.eu\/comunicati\/societa\/news-e-attualita\/un-francese-in-quarantena-per-coronavirus-corre-la-maratona-sul-piccolo-balcone-di-casa\/#article\",\"isPartOf\":{\"@id\":\"https:\/\/www.article-marketing.eu\/comunicati\/societa\/news-e-attualita\/un-francese-in-quarantena-per-coronavirus-corre-la-maratona-sul-piccolo-balcone-di-casa\/\"},\"author\":{\"name\":\"leoddoff\",\"@id\":\"https:\/\/www.article-marketing.eu\/comunicati\/#\/schema\/person\/6bbefc5ee6a5ff1fb1039e4ba13123f9\"},\"headline\":\"Un francese in quarantena per coronavirus corre la maratona sul piccolo balcone di casa\",\"datePublished\":\"2020-03-25T19:29:27+00:00\",\"dateModified\":\"2020-03-26T07:13:50+00:00\",\"mainEntityOfPage\":{\"@id\":\"https:\/\/www.article-marketing.eu\/comunicati\/societa\/news-e-attualita\/un-francese-in-quarantena-per-coronavirus-corre-la-maratona-sul-piccolo-balcone-di-casa\/\"},\"wordCount\":818,\"commentCount\":0,\"image\":{\"@id\":\"https:\/\/www.article-marketing.eu\/comunicati\/societa\/news-e-attualita\/un-francese-in-quarantena-per-coronavirus-corre-la-maratona-sul-piccolo-balcone-di-casa\/#primaryimage\"},\"thumbnailUrl\":\"https:\/\/www.article-marketing.eu\/comunicati\/wp-content\/uploads\/2028\/03\/coronavirus-maratona-su-balcone-7-metri.jpg\",\"keywords\":[\"coronavirus\",\"coronavirus quarantena\",\"COVID-19\",\"francia\",\"maratona\"],\"articleSection\":[\"News e Attualit\u00e0\",\"Societ\u00e0\"],\"inLanguage\":\"it-IT\",\"potentialAction\":[{\"@type\":\"CommentAction\",\"name\":\"Comment\",\"target\":[\"https:\/\/www.article-marketing.eu\/comunicati\/societa\/news-e-attualita\/un-francese-in-quarantena-per-coronavirus-corre-la-maratona-sul-piccolo-balcone-di-casa\/#respond\"]}]},{\"@type\":\"WebPage\",\"@id\":\"https:\/\/www.article-marketing.eu\/comunicati\/societa\/news-e-attualita\/un-francese-in-quarantena-per-coronavirus-corre-la-maratona-sul-piccolo-balcone-di-casa\/\",\"url\":\"https:\/\/www.article-marketing.eu\/comunicati\/societa\/news-e-attualita\/un-francese-in-quarantena-per-coronavirus-corre-la-maratona-sul-piccolo-balcone-di-casa\/\",\"name\":\"Un francese in quarantena per coronavirus corre la maratona sul balcone\",\"isPartOf\":{\"@id\":\"https:\/\/www.article-marketing.eu\/comunicati\/#website\"},\"primaryImageOfPage\":{\"@id\":\"https:\/\/www.article-marketing.eu\/comunicati\/societa\/news-e-attualita\/un-francese-in-quarantena-per-coronavirus-corre-la-maratona-sul-piccolo-balcone-di-casa\/#primaryimage\"},\"image\":{\"@id\":\"https:\/\/www.article-marketing.eu\/comunicati\/societa\/news-e-attualita\/un-francese-in-quarantena-per-coronavirus-corre-la-maratona-sul-piccolo-balcone-di-casa\/#primaryimage\"},\"thumbnailUrl\":\"https:\/\/www.article-marketing.eu\/comunicati\/wp-content\/uploads\/2028\/03\/coronavirus-maratona-su-balcone-7-metri.jpg\",\"datePublished\":\"2020-03-25T19:29:27+00:00\",\"dateModified\":\"2020-03-26T07:13:50+00:00\",\"author\":{\"@id\":\"https:\/\/www.article-marketing.eu\/comunicati\/#\/schema\/person\/6bbefc5ee6a5ff1fb1039e4ba13123f9\"},\"breadcrumb\":{\"@id\":\"https:\/\/www.article-marketing.eu\/comunicati\/societa\/news-e-attualita\/un-francese-in-quarantena-per-coronavirus-corre-la-maratona-sul-piccolo-balcone-di-casa\/#breadcrumb\"},\"inLanguage\":\"it-IT\",\"potentialAction\":[{\"@type\":\"ReadAction\",\"target\":[\"https:\/\/www.article-marketing.eu\/comunicati\/societa\/news-e-attualita\/un-francese-in-quarantena-per-coronavirus-corre-la-maratona-sul-piccolo-balcone-di-casa\/\"]}]},{\"@type\":\"ImageObject\",\"inLanguage\":\"it-IT\",\"@id\":\"https:\/\/www.article-marketing.eu\/comunicati\/societa\/news-e-attualita\/un-francese-in-quarantena-per-coronavirus-corre-la-maratona-sul-piccolo-balcone-di-casa\/#primaryimage\",\"url\":\"https:\/\/www.article-marketing.eu\/comunicati\/wp-content\/uploads\/2028\/03\/coronavirus-maratona-su-balcone-7-metri.jpg\",\"contentUrl\":\"https:\/\/www.article-marketing.eu\/comunicati\/wp-content\/uploads\/2028\/03\/coronavirus-maratona-su-balcone-7-metri.jpg\",\"width\":1920,\"height\":1080,\"caption\":\"Coronavirus - Maratona sul balcone di 7 metri\"},{\"@type\":\"BreadcrumbList\",\"@id\":\"https:\/\/www.article-marketing.eu\/comunicati\/societa\/news-e-attualita\/un-francese-in-quarantena-per-coronavirus-corre-la-maratona-sul-piccolo-balcone-di-casa\/#breadcrumb\",\"itemListElement\":[{\"@type\":\"ListItem\",\"position\":1,\"name\":\"Home\",\"item\":\"https:\/\/www.article-marketing.eu\/comunicati\/\"},{\"@type\":\"ListItem\",\"position\":2,\"name\":\"Un francese in quarantena per coronavirus corre la maratona sul piccolo balcone di casa\"}]},{\"@type\":\"WebSite\",\"@id\":\"https:\/\/www.article-marketing.eu\/comunicati\/#website\",\"url\":\"https:\/\/www.article-marketing.eu\/comunicati\/\",\"name\":\"Article Marketing\",\"description\":\"article marketing &amp; press release\",\"potentialAction\":[{\"@type\":\"SearchAction\",\"target\":{\"@type\":\"EntryPoint\",\"urlTemplate\":\"https:\/\/www.article-marketing.eu\/comunicati\/?s={search_term_string}\"},\"query-input\":{\"@type\":\"PropertyValueSpecification\",\"valueRequired\":true,\"valueName\":\"search_term_string\"}}],\"inLanguage\":\"it-IT\"},{\"@type\":\"Person\",\"@id\":\"https:\/\/www.article-marketing.eu\/comunicati\/#\/schema\/person\/6bbefc5ee6a5ff1fb1039e4ba13123f9\",\"name\":\"leoddoff\",\"image\":{\"@type\":\"ImageObject\",\"inLanguage\":\"it-IT\",\"@id\":\"https:\/\/www.article-marketing.eu\/comunicati\/#\/schema\/person\/image\/\",\"url\":\"https:\/\/secure.gravatar.com\/avatar\/cd618d7fe97ffff939f07a6db3351049031b3f1538b52b9dbd88323ef7123965?s=96&d=mm&r=g\",\"contentUrl\":\"https:\/\/secure.gravatar.com\/avatar\/cd618d7fe97ffff939f07a6db3351049031b3f1538b52b9dbd88323ef7123965?s=96&d=mm&r=g\",\"caption\":\"leoddoff\"},\"url\":\"https:\/\/www.article-marketing.eu\/comunicati\/author\/leoddoff\/\"}]}<\/script>\n<!-- \/ Yoast SEO plugin. -->","yoast_head_json":{"title":"Un francese in quarantena per coronavirus corre la maratona sul balcone","robots":{"index":"index","follow":"follow","max-snippet":"max-snippet:-1","max-image-preview":"max-image-preview:large","max-video-preview":"max-video-preview:-1"},"canonical":"https:\/\/www.article-marketing.eu\/comunicati\/societa\/news-e-attualita\/un-francese-in-quarantena-per-coronavirus-corre-la-maratona-sul-piccolo-balcone-di-casa\/","og_locale":"it_IT","og_type":"article","og_title":"Un francese in quarantena per coronavirus corre la maratona sul balcone","og_description":"Un francese in quarantena per coronavirus corre la maratona sul piccolo balcone di casa Esercitarsi durante la quarantena durante l&#8217;epidemia di coronavirus \u00e8 difficile, ma l&#8217;emergenza stimola la fantasia e si sperimentano modi interessanti per mantenersi in forma. Un uomo in Francia ha corso un&#8217;intera maratona di 42 chilometri sul suo balcone di casa. Ci sono volute quasi 7 ore per completare la maratona sul suo balcone di circa 6Continue reading...","og_url":"https:\/\/www.article-marketing.eu\/comunicati\/societa\/news-e-attualita\/un-francese-in-quarantena-per-coronavirus-corre-la-maratona-sul-piccolo-balcone-di-casa\/","og_site_name":"Article Marketing","article_published_time":"2020-03-25T19:29:27+00:00","article_modified_time":"2020-03-26T07:13:50+00:00","og_image":[{"width":1920,"height":1080,"url":"https:\/\/www.article-marketing.eu\/comunicati\/wp-content\/uploads\/2028\/03\/coronavirus-maratona-su-balcone-7-metri.jpg","type":"image\/jpeg"}],"author":"leoddoff","twitter_card":"summary_large_image","twitter_misc":{"Scritto da":"leoddoff","Tempo di lettura stimato":"4 minuti"},"schema":{"@context":"https:\/\/schema.org","@graph":[{"@type":"Article","@id":"https:\/\/www.article-marketing.eu\/comunicati\/societa\/news-e-attualita\/un-francese-in-quarantena-per-coronavirus-corre-la-maratona-sul-piccolo-balcone-di-casa\/#article","isPartOf":{"@id":"https:\/\/www.article-marketing.eu\/comunicati\/societa\/news-e-attualita\/un-francese-in-quarantena-per-coronavirus-corre-la-maratona-sul-piccolo-balcone-di-casa\/"},"author":{"name":"leoddoff","@id":"https:\/\/www.article-marketing.eu\/comunicati\/#\/schema\/person\/6bbefc5ee6a5ff1fb1039e4ba13123f9"},"headline":"Un francese in quarantena per coronavirus corre la maratona sul piccolo balcone di casa","datePublished":"2020-03-25T19:29:27+00:00","dateModified":"2020-03-26T07:13:50+00:00","mainEntityOfPage":{"@id":"https:\/\/www.article-marketing.eu\/comunicati\/societa\/news-e-attualita\/un-francese-in-quarantena-per-coronavirus-corre-la-maratona-sul-piccolo-balcone-di-casa\/"},"wordCount":818,"commentCount":0,"image":{"@id":"https:\/\/www.article-marketing.eu\/comunicati\/societa\/news-e-attualita\/un-francese-in-quarantena-per-coronavirus-corre-la-maratona-sul-piccolo-balcone-di-casa\/#primaryimage"},"thumbnailUrl":"https:\/\/www.article-marketing.eu\/comunicati\/wp-content\/uploads\/2028\/03\/coronavirus-maratona-su-balcone-7-metri.jpg","keywords":["coronavirus","coronavirus quarantena","COVID-19","francia","maratona"],"articleSection":["News e Attualit\u00e0","Societ\u00e0"],"inLanguage":"it-IT","potentialAction":[{"@type":"CommentAction","name":"Comment","target":["https:\/\/www.article-marketing.eu\/comunicati\/societa\/news-e-attualita\/un-francese-in-quarantena-per-coronavirus-corre-la-maratona-sul-piccolo-balcone-di-casa\/#respond"]}]},{"@type":"WebPage","@id":"https:\/\/www.article-marketing.eu\/comunicati\/societa\/news-e-attualita\/un-francese-in-quarantena-per-coronavirus-corre-la-maratona-sul-piccolo-balcone-di-casa\/","url":"https:\/\/www.article-marketing.eu\/comunicati\/societa\/news-e-attualita\/un-francese-in-quarantena-per-coronavirus-corre-la-maratona-sul-piccolo-balcone-di-casa\/","name":"Un francese in quarantena per coronavirus corre la maratona sul balcone","isPartOf":{"@id":"https:\/\/www.article-marketing.eu\/comunicati\/#website"},"primaryImageOfPage":{"@id":"https:\/\/www.article-marketing.eu\/comunicati\/societa\/news-e-attualita\/un-francese-in-quarantena-per-coronavirus-corre-la-maratona-sul-piccolo-balcone-di-casa\/#primaryimage"},"image":{"@id":"https:\/\/www.article-marketing.eu\/comunicati\/societa\/news-e-attualita\/un-francese-in-quarantena-per-coronavirus-corre-la-maratona-sul-piccolo-balcone-di-casa\/#primaryimage"},"thumbnailUrl":"https:\/\/www.article-marketing.eu\/comunicati\/wp-content\/uploads\/2028\/03\/coronavirus-maratona-su-balcone-7-metri.jpg","datePublished":"2020-03-25T19:29:27+00:00","dateModified":"2020-03-26T07:13:50+00:00","author":{"@id":"https:\/\/www.article-marketing.eu\/comunicati\/#\/schema\/person\/6bbefc5ee6a5ff1fb1039e4ba13123f9"},"breadcrumb":{"@id":"https:\/\/www.article-marketing.eu\/comunicati\/societa\/news-e-attualita\/un-francese-in-quarantena-per-coronavirus-corre-la-maratona-sul-piccolo-balcone-di-casa\/#breadcrumb"},"inLanguage":"it-IT","potentialAction":[{"@type":"ReadAction","target":["https:\/\/www.article-marketing.eu\/comunicati\/societa\/news-e-attualita\/un-francese-in-quarantena-per-coronavirus-corre-la-maratona-sul-piccolo-balcone-di-casa\/"]}]},{"@type":"ImageObject","inLanguage":"it-IT","@id":"https:\/\/www.article-marketing.eu\/comunicati\/societa\/news-e-attualita\/un-francese-in-quarantena-per-coronavirus-corre-la-maratona-sul-piccolo-balcone-di-casa\/#primaryimage","url":"https:\/\/www.article-marketing.eu\/comunicati\/wp-content\/uploads\/2028\/03\/coronavirus-maratona-su-balcone-7-metri.jpg","contentUrl":"https:\/\/www.article-marketing.eu\/comunicati\/wp-content\/uploads\/2028\/03\/coronavirus-maratona-su-balcone-7-metri.jpg","width":1920,"height":1080,"caption":"Coronavirus - Maratona sul balcone di 7 metri"},{"@type":"BreadcrumbList","@id":"https:\/\/www.article-marketing.eu\/comunicati\/societa\/news-e-attualita\/un-francese-in-quarantena-per-coronavirus-corre-la-maratona-sul-piccolo-balcone-di-casa\/#breadcrumb","itemListElement":[{"@type":"ListItem","position":1,"name":"Home","item":"https:\/\/www.article-marketing.eu\/comunicati\/"},{"@type":"ListItem","position":2,"name":"Un francese in quarantena per coronavirus corre la maratona sul piccolo balcone di casa"}]},{"@type":"WebSite","@id":"https:\/\/www.article-marketing.eu\/comunicati\/#website","url":"https:\/\/www.article-marketing.eu\/comunicati\/","name":"Article Marketing","description":"article marketing &amp; press release","potentialAction":[{"@type":"SearchAction","target":{"@type":"EntryPoint","urlTemplate":"https:\/\/www.article-marketing.eu\/comunicati\/?s={search_term_string}"},"query-input":{"@type":"PropertyValueSpecification","valueRequired":true,"valueName":"search_term_string"}}],"inLanguage":"it-IT"},{"@type":"Person","@id":"https:\/\/www.article-marketing.eu\/comunicati\/#\/schema\/person\/6bbefc5ee6a5ff1fb1039e4ba13123f9","name":"leoddoff","image":{"@type":"ImageObject","inLanguage":"it-IT","@id":"https:\/\/www.article-marketing.eu\/comunicati\/#\/schema\/person\/image\/","url":"https:\/\/secure.gravatar.com\/avatar\/cd618d7fe97ffff939f07a6db3351049031b3f1538b52b9dbd88323ef7123965?s=96&d=mm&r=g","contentUrl":"https:\/\/secure.gravatar.com\/avatar\/cd618d7fe97ffff939f07a6db3351049031b3f1538b52b9dbd88323ef7123965?s=96&d=mm&r=g","caption":"leoddoff"},"url":"https:\/\/www.article-marketing.eu\/comunicati\/author\/leoddoff\/"}]}},"_links":{"self":[{"href":"https:\/\/www.article-marketing.eu\/comunicati\/wp-json\/wp\/v2\/posts\/66075","targetHints":{"allow":["GET"]}}],"collection":[{"href":"https:\/\/www.article-marketing.eu\/comunicati\/wp-json\/wp\/v2\/posts"}],"about":[{"href":"https:\/\/www.article-marketing.eu\/comunicati\/wp-json\/wp\/v2\/types\/post"}],"author":[{"embeddable":true,"href":"https:\/\/www.article-marketing.eu\/comunicati\/wp-json\/wp\/v2\/users\/6"}],"replies":[{"embeddable":true,"href":"https:\/\/www.article-marketing.eu\/comunicati\/wp-json\/wp\/v2\/comments?post=66075"}],"version-history":[{"count":11,"href":"https:\/\/www.article-marketing.eu\/comunicati\/wp-json\/wp\/v2\/posts\/66075\/revisions"}],"predecessor-version":[{"id":66132,"href":"https:\/\/www.article-marketing.eu\/comunicati\/wp-json\/wp\/v2\/posts\/66075\/revisions\/66132"}],"wp:featuredmedia":[{"embeddable":true,"href":"https:\/\/www.article-marketing.eu\/comunicati\/wp-json\/wp\/v2\/media\/66105"}],"wp:attachment":[{"href":"https:\/\/www.article-marketing.eu\/comunicati\/wp-json\/wp\/v2\/media?parent=66075"}],"wp:term":[{"taxonomy":"category","embeddable":true,"href":"https:\/\/www.article-marketing.eu\/comunicati\/wp-json\/wp\/v2\/categories?post=66075"},{"taxonomy":"post_tag","embeddable":true,"href":"https:\/\/www.article-marketing.eu\/comunicati\/wp-json\/wp\/v2\/tags?post=66075"}],"curies":[{"name":"wp","href":"https:\/\/api.w.org\/{rel}","templated":true}]}}