{"id":66147,"date":"2020-04-30T15:29:20","date_gmt":"2020-04-30T13:29:20","guid":{"rendered":"https:\/\/www.article-marketing.eu\/comunicati\/?p=66147"},"modified":"2020-05-06T01:46:06","modified_gmt":"2020-05-05T23:46:06","slug":"virulenza-e-carica-virale-quali-fattori-provocano-la-diffusione-del-covid-19","status":"publish","type":"post","link":"https:\/\/www.article-marketing.eu\/comunicati\/salute-e-benessere\/medicina\/virulenza-e-carica-virale-quali-fattori-provocano-la-diffusione-del-covid-19\/","title":{"rendered":"Virulenza e carica virale &#8211; Quali fattori provocano la diffusione del Covid-19"},"content":{"rendered":"<h1>Virulenza e carica virale &#8211; Quali fattori provocano la diffusione del Covid-19<\/h1>\n<p><strong>Quali fattori sono pi\u00f9 pericolosi per provocare infezione e malattia?<\/strong><br \/>\n<em>Come con qualsiasi altro <strong>veleno<\/strong>, i virus sono generalmente pi\u00f9 letali in quantit\u00e0 maggiori.<\/em><br \/>\n<strong>Li Wenliang<\/strong>, il medico cinese che ha preso coscienza del nuovo coronavirus, \u00e8 morto a causa del virus a 34 anni a febbraio. La sua morte \u00e8 stata scioccante non solo per il suo ruolo nel pubblicizzare l&#8217;epidemia in via di sviluppo, ma anche, dato che i giovani non hanno un alto rischio di morte per <strong>Covid-19<\/strong>, a causa della sua et\u00e0.<br \/>\n\u00c8 possibile che il dottor Li sia morto perch\u00e9 come medico che ha trascorso molto tempo attorno a pazienti con <strong>Covid-19<\/strong> gravemente malati, \u00e8 stato infettato da una dose cos\u00ec alta?<br \/>\nDopotutto, sebbene sia stato uno dei primi giovani operatori sanitari a morire dopo essere stato esposto da vicino e frequentemente al virus, purtroppo non \u00e8 stato l&#8217;ultimo.<br \/>\n<script async src=\"https:\/\/pagead2.googlesyndication.com\/pagead\/js\/adsbygoogle.js\"><\/script><br \/>\n<!-- article-marketing.eu_over_adattabile --><br \/>\n<ins class=\"adsbygoogle\" style=\"display: block;\" data-ad-client=\"ca-pub-3786472933840786\" data-ad-slot=\"4851434602\" data-ad-format=\"auto\" data-full-width-responsive=\"true\"><\/ins><br \/>\n<script>\n     (adsbygoogle = window.adsbygoogle || []).push({});\n<\/script><br \/>\nL&#8217;importanza della <strong>dose virale,<\/strong> anche definita <strong>carica virale<\/strong> viene trascurata nelle discussioni sul <strong>coronavirus<\/strong>. Come con qualsiasi altro veleno, i <strong>virus<\/strong> sono generalmente pi\u00f9 pericolosi in quantit\u00e0 maggiori. Le piccole esposizioni iniziali tendono a portare a infezioni lievi o asintomatiche, mentre dosi pi\u00f9 elevate possono essere letali.<br \/>\nPoi da un altro punto di vista, quello della <strong>durata di esposizione<\/strong>, dobbiamo anche considerare che non tutte le esposizioni al coronavirus possono essere uguali. Entrare in un edificio per uffici in cui un tempo \u00e8 stato qualcuno con il coronavirus non \u00e8 pericoloso come sedersi accanto a quella persona infetta per un viaggio di un&#8217;ora di treno.<\/p>\n<blockquote><p>Questo pu\u00f2 sembrare ovvio, ma molte persone non stanno facendo questa distinzione.<br \/>\nDobbiamo concentrarci maggiormente sulla prevenzione delle infezioni ad <strong>alte dosi.<\/strong><\/p><\/blockquote>\n<p>Sia piccole che grandi quantit\u00e0 di virus possono replicarsi all&#8217;interno delle nostre cellule e causare gravi malattie in soggetti vulnerabili come immunocompromessi. Nelle persone sane, tuttavia, i sistemi immunitari rispondono non appena percepiscono un virus che cresce all&#8217;interno.<\/p>\n<blockquote><p><strong>Il recupero dipende da chi vince la gara: diffusione virale o attivazione immunitaria.<\/strong><\/p><\/blockquote>\n<p>Gli esperti di virus sanno che la <strong>dose virale<\/strong> ovvero la<strong> carica virale<\/strong> influisce sulla gravit\u00e0 della malattia. In laboratorio, i topi che ricevono una bassa dose di virus lo eliminano e si riprendono, mentre lo stesso virus a una dose pi\u00f9 elevata li uccide. La sensibilit\u00e0 alla dose \u00e8 stata osservata per ogni comune infezione virale acuta che \u00e8 stata studiata negli animali da laboratorio, inclusi i coronavirus.<br \/>\nAnche gli esseri umani mostrano sensibilit\u00e0 alla <strong>carica virale<\/strong>. I volontari si sono lasciati esporre a dosi basse o alte di virus relativamente benigni che causano raffreddori o diarrea.<br \/>\nColoro che ricevono le dosi basse hanno raramente sviluppato segni visibili di infezione, mentre le dosi elevate hanno in genere portato a infezioni e sintomi pi\u00f9 gravi.<br \/>\nNon sarebbe etico manipolare sperimentalmente la <strong>dose virale<\/strong> nell&#8217;uomo per un patogeno grave come il coronavirus, ma ci sono prove che la dose sia importante anche per il coronavirus umano. Durante l&#8217;epidemia di coronavirus della <strong>SARS<\/strong> del 2003 a <strong>Hong Kong<\/strong>, ad esempio, un paziente ha contagiato molti altri residenti nello stesso complesso di condomini, provocando 19 morti. Si ritiene che la diffusione dell&#8217;infezione sia stata causata da particelle virali disperse nell&#8217;aria che sono state soffiate in tutto il complesso dall&#8217;unit\u00e0 appartamento iniziale del paziente. Come risultato di una maggiore esposizione virale, i vicini che vivevano nello stesso edificio non solo erano pi\u00f9 frequentemente infettati, ma avevano anche maggiori probabilit\u00e0 di morire.<br \/>\nAl contrario, i vicini pi\u00f9 distanti, anche se infetti, hanno sofferto di meno.<br \/>\n<script async src=\"https:\/\/pagead2.googlesyndication.com\/pagead\/js\/adsbygoogle.js\"><\/script><br \/>\n<!-- article-marketing.eu_over_adattabile --><br \/>\n<ins class=\"adsbygoogle\" style=\"display: block;\" data-ad-client=\"ca-pub-3786472933840786\" data-ad-slot=\"4851434602\" data-ad-format=\"auto\" data-full-width-responsive=\"true\"><\/ins><br \/>\n<script>\n     (adsbygoogle = window.adsbygoogle || []).push({});\n<\/script><br \/>\nLe infezioni a basse dosi possono persino generare immunit\u00e0, proteggendo da esposizioni ad alte dosi in futuro. Prima dell&#8217;invenzione dei vaccini, i medici spesso infettavano intenzionalmente soggetti sani con fluidi provenienti da pustole di <strong>vaiolo<\/strong>. Le risultanti infezioni a basse dosi sono state spiacevoli ma generalmente sopravvivibili e hanno impedito peggiori episodi di malattia quando tali soggetti sono stati successivamente esposti al vaiolo in quantit\u00e0 incontrollate.<\/p>\n<p>Nonostante l&#8217;evidenza dell&#8217;importanza della <strong>dose virale<\/strong>, molti dei modelli epidemiologici utilizzati per <strong>informare la politica<\/strong> durante questa pandemia la ignorano. Questo \u00e8 un errore.<\/p>\n<p style=\"text-align: center;\"><img loading=\"lazy\" decoding=\"async\" class=\"aligncenter wp-image-66150 size-full\" src=\"https:\/\/www.article-marketing.eu\/comunicati\/wp-content\/uploads\/2028\/04\/covid-19-microscopio-elettronico.jpg\" alt=\"Covid-19 al microscopio elettronico\" width=\"2048\" height=\"1600\" srcset=\"https:\/\/www.article-marketing.eu\/comunicati\/wp-content\/uploads\/2028\/04\/covid-19-microscopio-elettronico.jpg 2048w, https:\/\/www.article-marketing.eu\/comunicati\/wp-content\/uploads\/2028\/04\/covid-19-microscopio-elettronico-300x234.jpg 300w, https:\/\/www.article-marketing.eu\/comunicati\/wp-content\/uploads\/2028\/04\/covid-19-microscopio-elettronico-1024x800.jpg 1024w, https:\/\/www.article-marketing.eu\/comunicati\/wp-content\/uploads\/2028\/04\/covid-19-microscopio-elettronico-768x600.jpg 768w, https:\/\/www.article-marketing.eu\/comunicati\/wp-content\/uploads\/2028\/04\/covid-19-microscopio-elettronico-1536x1200.jpg 1536w, https:\/\/www.article-marketing.eu\/comunicati\/wp-content\/uploads\/2028\/04\/covid-19-microscopio-elettronico-720x563.jpg 720w\" sizes=\"auto, (max-width: 2048px) 100vw, 2048px\" \/><em>Un&#8217;immagine al microscopio elettronico del virus che causa Covid-19.<\/em><br \/>\n<em>Credits Punto immagine Fr &#8211; Lpn \/ BSIP &#8211; Universal Images Group, via Getty Images<\/em><\/p>\n<p>Le persone dovrebbero prestare particolare attenzione alle esposizioni ad <strong>alte dosi<\/strong>, che molto probabilmente si verificano in interazioni ravvicinate di persona &#8211; come riunioni di caff\u00e8, bar affollati e momenti di tranquillit\u00e0 in una stanza con la nonna &#8211; e dal toccare i nostri volti dopo aver ottenuto quantit\u00e0 sostanziali di virus sulle nostre mani.<br \/>\nLe interazioni di persona sono pi\u00f9 pericolose in <strong>spazi chiusi<\/strong> e a <strong>brevi distanze<\/strong>, con una dose che aumenta con il <strong>tempo di esposizione<\/strong>. Per interazioni transitorie che violano la regola di mantenere un metro tra te e gli altri, come pagare una cassiera al supermercato, tienili brevi &#8211; punta a &#8220;entro un metro, ovvero solo <strong>sei secondi<\/strong>&#8220;.<\/p>\n<p>Poich\u00e9 la dose \u00e8 importante, il personale medico si trova ad affrontare un rischio estremo, poich\u00e9 si occupa dei pazienti pi\u00f9 malati e con la pi\u00f9 <strong>alta carica virale<\/strong>. Dobbiamo dare la priorit\u00e0 ai dispositivi di protezione per loro.<br \/>\n<script async src=\"https:\/\/pagead2.googlesyndication.com\/pagead\/js\/adsbygoogle.js\"><\/script><br \/>\n<!-- article-marketing.eu_over_adattabile --><br \/>\n<ins class=\"adsbygoogle\" style=\"display: block;\" data-ad-client=\"ca-pub-3786472933840786\" data-ad-slot=\"4851434602\" data-ad-format=\"auto\" data-full-width-responsive=\"true\"><\/ins><br \/>\n<script>\n     (adsbygoogle = window.adsbygoogle || []).push({});\n<\/script><br \/>\nPer tutti gli altri, l&#8217;importanza del distanziamento sociale, dell&#8217;uso della maschera e della buona igiene \u00e8 sufficiente, poich\u00e9 queste pratiche non solo riducono la diffusione infettiva, ma tendono anche a ridurre la dose e quindi la mortalit\u00e0 delle infezioni che si verificano. Mentre prevenire la diffusione virale \u00e8 un bene sociale, evitare infezioni ad <strong>alte dosi<\/strong> \u00e8 un imperativo personale, anche per i giovani sani.<\/p>\n<p>Allo stesso tempo, dobbiamo evitare una reazione eccessiva nel panico alle esposizioni a basse dosi. Gli indumenti e gli imballaggi per alimenti che sono stati esposti a qualcuno con il virus sembrano presentare un basso rischio.<br \/>\nLe persone sane che stanno insieme nel negozio di alimentari o sul posto di lavoro corrono un rischio tollerabile, purch\u00e9 prendano precauzioni come indossare maschere chirurgiche e distanziarsi. Un blocco completo della societ\u00e0 \u00e8 il modo pi\u00f9 efficace per fermare la diffusione del virus, ma \u00e8 costoso sia dal punto di vista economico che psicologico.<br \/>\nQuando la societ\u00e0 alla fine riaprir\u00e0, le misure di riduzione del rischio come il mantenimento dello spazio personale e la pratica di un adeguato lavaggio delle mani saranno essenziali per ridurre le infezioni ad alte dosi. I siti ad alto rischio di esposizione ad alte dosi, come stadi e sale convegni, dovrebbero rimanere chiusi.<br \/>\nDovrebbero essere consentiti servizi rischiosi ma essenziali come i trasporti pubblici, ma le persone devono seguire misure di sicurezza come indossare maschere, mantenere la spaziatura fisica e non andare mai in viaggio con la febbre.<br \/>\nAdesso \u00e8 tempo di stare a casa. Ma spero che questo periodo sar\u00e0 breve. Quando ricominceremo a lasciare le nostre case, facciamolo con saggezza, alla luce dell&#8217;importanza della dose virale.<\/p>\n<p><strong>Joshua D. Rabinowitz \u00e8 professore di chimica e genomica a Princeton, dove Caroline R. Bartman \u00e8 ricercatrice.<\/strong><\/p>\n<p>FONTE: nytimes.com<br \/>\nAUTORI: Di Joshua D. Rabinowitz e Caroline R. Bartman<br \/>\n<em>Il dottor Rabinowitz \u00e8 professore di chimica e genomica. il Dr. Bartman \u00e8 un ricercatore genomico.<\/em><br \/>\nIMMAGINE: internet<\/p>\n","protected":false},"excerpt":{"rendered":"<p>Virulenza e carica virale &#8211; Quali fattori provocano la diffusione del Covid-19 Quali fattori sono pi\u00f9 pericolosi per provocare infezione e malattia? Come con qualsiasi altro veleno, i virus sono generalmente pi\u00f9 letali in quantit\u00e0 maggiori. Li Wenliang, il medico cinese che ha preso coscienza del nuovo coronavirus, \u00e8 morto a causa del virus a 34 anni a febbraio. La sua morte \u00e8 stata scioccante non solo per il suo<\/p>\n<p><a class=\"continue-reading\" href=\"https:\/\/www.article-marketing.eu\/comunicati\/salute-e-benessere\/medicina\/virulenza-e-carica-virale-quali-fattori-provocano-la-diffusione-del-covid-19\/\">Continue reading&#8230;<\/a><\/p>\n","protected":false},"author":11,"featured_media":66148,"comment_status":"open","ping_status":"open","sticky":false,"template":"","format":"standard","meta":{"cybocfi_hide_featured_image":"","footnotes":""},"categories":[70,265],"tags":[56043,55983,56028,56059,56058,56042],"class_list":["post-66147","post","type-post","status-publish","format-standard","has-post-thumbnail","hentry","category-medicina","category-salute-e-benessere","tag-carica-virale","tag-coronavirus","tag-covid-19","tag-dose-virale","tag-li-wenliang","tag-virulenza"],"yoast_head":"<!-- This site is optimized with the Yoast SEO plugin v27.0 - https:\/\/yoast.com\/product\/yoast-seo-wordpress\/ -->\n<title>Virulenza e carica virale - Quali fattori provocano la diffusione del Covid-19<\/title>\n<meta name=\"robots\" content=\"index, follow, max-snippet:-1, max-image-preview:large, max-video-preview:-1\" \/>\n<link rel=\"canonical\" href=\"https:\/\/www.article-marketing.eu\/comunicati\/salute-e-benessere\/medicina\/virulenza-e-carica-virale-quali-fattori-provocano-la-diffusione-del-covid-19\/\" \/>\n<meta property=\"og:locale\" content=\"it_IT\" \/>\n<meta property=\"og:type\" content=\"article\" \/>\n<meta property=\"og:title\" content=\"Virulenza e carica virale - Quali fattori provocano la diffusione del Covid-19\" \/>\n<meta property=\"og:description\" content=\"Virulenza e carica virale &#8211; Quali fattori provocano la diffusione del Covid-19 Quali fattori sono pi\u00f9 pericolosi per provocare infezione e malattia? Come con qualsiasi altro veleno, i virus sono generalmente pi\u00f9 letali in quantit\u00e0 maggiori. Li Wenliang, il medico cinese che ha preso coscienza del nuovo coronavirus, \u00e8 morto a causa del virus a 34 anni a febbraio. La sua morte \u00e8 stata scioccante non solo per il suoContinue reading...\" \/>\n<meta property=\"og:url\" content=\"https:\/\/www.article-marketing.eu\/comunicati\/salute-e-benessere\/medicina\/virulenza-e-carica-virale-quali-fattori-provocano-la-diffusione-del-covid-19\/\" \/>\n<meta property=\"og:site_name\" content=\"Article Marketing\" \/>\n<meta property=\"article:published_time\" content=\"2020-04-30T13:29:20+00:00\" \/>\n<meta property=\"article:modified_time\" content=\"2020-05-05T23:46:06+00:00\" \/>\n<meta property=\"og:image\" content=\"https:\/\/www.article-marketing.eu\/comunicati\/wp-content\/uploads\/2020\/04\/covid-19-Johns-hopkins-university-jhu.jpg\" \/>\n\t<meta property=\"og:image:width\" content=\"1920\" \/>\n\t<meta property=\"og:image:height\" content=\"815\" \/>\n\t<meta property=\"og:image:type\" content=\"image\/jpeg\" \/>\n<meta name=\"author\" content=\"Giulio Romolo\" \/>\n<meta name=\"twitter:card\" content=\"summary_large_image\" \/>\n<meta name=\"twitter:label1\" content=\"Scritto da\" \/>\n\t<meta name=\"twitter:data1\" content=\"Giulio Romolo\" \/>\n\t<meta name=\"twitter:label2\" content=\"Tempo di lettura stimato\" \/>\n\t<meta name=\"twitter:data2\" content=\"6 minuti\" \/>\n<script type=\"application\/ld+json\" class=\"yoast-schema-graph\">{\"@context\":\"https:\/\/schema.org\",\"@graph\":[{\"@type\":\"Article\",\"@id\":\"https:\/\/www.article-marketing.eu\/comunicati\/salute-e-benessere\/medicina\/virulenza-e-carica-virale-quali-fattori-provocano-la-diffusione-del-covid-19\/#article\",\"isPartOf\":{\"@id\":\"https:\/\/www.article-marketing.eu\/comunicati\/salute-e-benessere\/medicina\/virulenza-e-carica-virale-quali-fattori-provocano-la-diffusione-del-covid-19\/\"},\"author\":{\"name\":\"Giulio Romolo\",\"@id\":\"https:\/\/www.article-marketing.eu\/comunicati\/#\/schema\/person\/5ea038625739b21aa3ce137359618347\"},\"headline\":\"Virulenza e carica virale &#8211; Quali fattori provocano la diffusione del Covid-19\",\"datePublished\":\"2020-04-30T13:29:20+00:00\",\"dateModified\":\"2020-05-05T23:46:06+00:00\",\"mainEntityOfPage\":{\"@id\":\"https:\/\/www.article-marketing.eu\/comunicati\/salute-e-benessere\/medicina\/virulenza-e-carica-virale-quali-fattori-provocano-la-diffusione-del-covid-19\/\"},\"wordCount\":1159,\"commentCount\":0,\"image\":{\"@id\":\"https:\/\/www.article-marketing.eu\/comunicati\/salute-e-benessere\/medicina\/virulenza-e-carica-virale-quali-fattori-provocano-la-diffusione-del-covid-19\/#primaryimage\"},\"thumbnailUrl\":\"https:\/\/www.article-marketing.eu\/comunicati\/wp-content\/uploads\/2020\/04\/covid-19-Johns-hopkins-university-jhu.jpg\",\"keywords\":[\"carica virale\",\"coronavirus\",\"COVID-19\",\"dose virale\",\"Li Wenliang\",\"virulenza\"],\"articleSection\":[\"Medicina\",\"Salute e benessere\"],\"inLanguage\":\"it-IT\",\"potentialAction\":[{\"@type\":\"CommentAction\",\"name\":\"Comment\",\"target\":[\"https:\/\/www.article-marketing.eu\/comunicati\/salute-e-benessere\/medicina\/virulenza-e-carica-virale-quali-fattori-provocano-la-diffusione-del-covid-19\/#respond\"]}]},{\"@type\":\"WebPage\",\"@id\":\"https:\/\/www.article-marketing.eu\/comunicati\/salute-e-benessere\/medicina\/virulenza-e-carica-virale-quali-fattori-provocano-la-diffusione-del-covid-19\/\",\"url\":\"https:\/\/www.article-marketing.eu\/comunicati\/salute-e-benessere\/medicina\/virulenza-e-carica-virale-quali-fattori-provocano-la-diffusione-del-covid-19\/\",\"name\":\"Virulenza e carica virale - Quali fattori provocano la diffusione del Covid-19\",\"isPartOf\":{\"@id\":\"https:\/\/www.article-marketing.eu\/comunicati\/#website\"},\"primaryImageOfPage\":{\"@id\":\"https:\/\/www.article-marketing.eu\/comunicati\/salute-e-benessere\/medicina\/virulenza-e-carica-virale-quali-fattori-provocano-la-diffusione-del-covid-19\/#primaryimage\"},\"image\":{\"@id\":\"https:\/\/www.article-marketing.eu\/comunicati\/salute-e-benessere\/medicina\/virulenza-e-carica-virale-quali-fattori-provocano-la-diffusione-del-covid-19\/#primaryimage\"},\"thumbnailUrl\":\"https:\/\/www.article-marketing.eu\/comunicati\/wp-content\/uploads\/2020\/04\/covid-19-Johns-hopkins-university-jhu.jpg\",\"datePublished\":\"2020-04-30T13:29:20+00:00\",\"dateModified\":\"2020-05-05T23:46:06+00:00\",\"author\":{\"@id\":\"https:\/\/www.article-marketing.eu\/comunicati\/#\/schema\/person\/5ea038625739b21aa3ce137359618347\"},\"breadcrumb\":{\"@id\":\"https:\/\/www.article-marketing.eu\/comunicati\/salute-e-benessere\/medicina\/virulenza-e-carica-virale-quali-fattori-provocano-la-diffusione-del-covid-19\/#breadcrumb\"},\"inLanguage\":\"it-IT\",\"potentialAction\":[{\"@type\":\"ReadAction\",\"target\":[\"https:\/\/www.article-marketing.eu\/comunicati\/salute-e-benessere\/medicina\/virulenza-e-carica-virale-quali-fattori-provocano-la-diffusione-del-covid-19\/\"]}]},{\"@type\":\"ImageObject\",\"inLanguage\":\"it-IT\",\"@id\":\"https:\/\/www.article-marketing.eu\/comunicati\/salute-e-benessere\/medicina\/virulenza-e-carica-virale-quali-fattori-provocano-la-diffusione-del-covid-19\/#primaryimage\",\"url\":\"https:\/\/www.article-marketing.eu\/comunicati\/wp-content\/uploads\/2020\/04\/covid-19-Johns-hopkins-university-jhu.jpg\",\"contentUrl\":\"https:\/\/www.article-marketing.eu\/comunicati\/wp-content\/uploads\/2020\/04\/covid-19-Johns-hopkins-university-jhu.jpg\",\"width\":1920,\"height\":815,\"caption\":\"covid-19 Johns Hopkins University (JHU)\"},{\"@type\":\"BreadcrumbList\",\"@id\":\"https:\/\/www.article-marketing.eu\/comunicati\/salute-e-benessere\/medicina\/virulenza-e-carica-virale-quali-fattori-provocano-la-diffusione-del-covid-19\/#breadcrumb\",\"itemListElement\":[{\"@type\":\"ListItem\",\"position\":1,\"name\":\"Home\",\"item\":\"https:\/\/www.article-marketing.eu\/comunicati\/\"},{\"@type\":\"ListItem\",\"position\":2,\"name\":\"Virulenza e carica virale &#8211; Quali fattori provocano la diffusione del Covid-19\"}]},{\"@type\":\"WebSite\",\"@id\":\"https:\/\/www.article-marketing.eu\/comunicati\/#website\",\"url\":\"https:\/\/www.article-marketing.eu\/comunicati\/\",\"name\":\"Article Marketing\",\"description\":\"article marketing &amp; press release\",\"potentialAction\":[{\"@type\":\"SearchAction\",\"target\":{\"@type\":\"EntryPoint\",\"urlTemplate\":\"https:\/\/www.article-marketing.eu\/comunicati\/?s={search_term_string}\"},\"query-input\":{\"@type\":\"PropertyValueSpecification\",\"valueRequired\":true,\"valueName\":\"search_term_string\"}}],\"inLanguage\":\"it-IT\"},{\"@type\":\"Person\",\"@id\":\"https:\/\/www.article-marketing.eu\/comunicati\/#\/schema\/person\/5ea038625739b21aa3ce137359618347\",\"name\":\"Giulio Romolo\",\"image\":{\"@type\":\"ImageObject\",\"inLanguage\":\"it-IT\",\"@id\":\"https:\/\/www.article-marketing.eu\/comunicati\/#\/schema\/person\/image\/\",\"url\":\"https:\/\/secure.gravatar.com\/avatar\/59490d4c387a30df4d24029ea593c67d3c72b9c0b5de1ba4991ebaff2b5658df?s=96&d=mm&r=g\",\"contentUrl\":\"https:\/\/secure.gravatar.com\/avatar\/59490d4c387a30df4d24029ea593c67d3c72b9c0b5de1ba4991ebaff2b5658df?s=96&d=mm&r=g\",\"caption\":\"Giulio Romolo\"},\"url\":\"https:\/\/www.article-marketing.eu\/comunicati\/author\/giulio-romolo\/\"}]}<\/script>\n<!-- \/ Yoast SEO plugin. -->","yoast_head_json":{"title":"Virulenza e carica virale - Quali fattori provocano la diffusione del Covid-19","robots":{"index":"index","follow":"follow","max-snippet":"max-snippet:-1","max-image-preview":"max-image-preview:large","max-video-preview":"max-video-preview:-1"},"canonical":"https:\/\/www.article-marketing.eu\/comunicati\/salute-e-benessere\/medicina\/virulenza-e-carica-virale-quali-fattori-provocano-la-diffusione-del-covid-19\/","og_locale":"it_IT","og_type":"article","og_title":"Virulenza e carica virale - Quali fattori provocano la diffusione del Covid-19","og_description":"Virulenza e carica virale &#8211; Quali fattori provocano la diffusione del Covid-19 Quali fattori sono pi\u00f9 pericolosi per provocare infezione e malattia? Come con qualsiasi altro veleno, i virus sono generalmente pi\u00f9 letali in quantit\u00e0 maggiori. Li Wenliang, il medico cinese che ha preso coscienza del nuovo coronavirus, \u00e8 morto a causa del virus a 34 anni a febbraio. La sua morte \u00e8 stata scioccante non solo per il suoContinue reading...","og_url":"https:\/\/www.article-marketing.eu\/comunicati\/salute-e-benessere\/medicina\/virulenza-e-carica-virale-quali-fattori-provocano-la-diffusione-del-covid-19\/","og_site_name":"Article Marketing","article_published_time":"2020-04-30T13:29:20+00:00","article_modified_time":"2020-05-05T23:46:06+00:00","og_image":[{"width":1920,"height":815,"url":"https:\/\/www.article-marketing.eu\/comunicati\/wp-content\/uploads\/2020\/04\/covid-19-Johns-hopkins-university-jhu.jpg","type":"image\/jpeg"}],"author":"Giulio Romolo","twitter_card":"summary_large_image","twitter_misc":{"Scritto da":"Giulio Romolo","Tempo di lettura stimato":"6 minuti"},"schema":{"@context":"https:\/\/schema.org","@graph":[{"@type":"Article","@id":"https:\/\/www.article-marketing.eu\/comunicati\/salute-e-benessere\/medicina\/virulenza-e-carica-virale-quali-fattori-provocano-la-diffusione-del-covid-19\/#article","isPartOf":{"@id":"https:\/\/www.article-marketing.eu\/comunicati\/salute-e-benessere\/medicina\/virulenza-e-carica-virale-quali-fattori-provocano-la-diffusione-del-covid-19\/"},"author":{"name":"Giulio Romolo","@id":"https:\/\/www.article-marketing.eu\/comunicati\/#\/schema\/person\/5ea038625739b21aa3ce137359618347"},"headline":"Virulenza e carica virale &#8211; Quali fattori provocano la diffusione del Covid-19","datePublished":"2020-04-30T13:29:20+00:00","dateModified":"2020-05-05T23:46:06+00:00","mainEntityOfPage":{"@id":"https:\/\/www.article-marketing.eu\/comunicati\/salute-e-benessere\/medicina\/virulenza-e-carica-virale-quali-fattori-provocano-la-diffusione-del-covid-19\/"},"wordCount":1159,"commentCount":0,"image":{"@id":"https:\/\/www.article-marketing.eu\/comunicati\/salute-e-benessere\/medicina\/virulenza-e-carica-virale-quali-fattori-provocano-la-diffusione-del-covid-19\/#primaryimage"},"thumbnailUrl":"https:\/\/www.article-marketing.eu\/comunicati\/wp-content\/uploads\/2020\/04\/covid-19-Johns-hopkins-university-jhu.jpg","keywords":["carica virale","coronavirus","COVID-19","dose virale","Li Wenliang","virulenza"],"articleSection":["Medicina","Salute e benessere"],"inLanguage":"it-IT","potentialAction":[{"@type":"CommentAction","name":"Comment","target":["https:\/\/www.article-marketing.eu\/comunicati\/salute-e-benessere\/medicina\/virulenza-e-carica-virale-quali-fattori-provocano-la-diffusione-del-covid-19\/#respond"]}]},{"@type":"WebPage","@id":"https:\/\/www.article-marketing.eu\/comunicati\/salute-e-benessere\/medicina\/virulenza-e-carica-virale-quali-fattori-provocano-la-diffusione-del-covid-19\/","url":"https:\/\/www.article-marketing.eu\/comunicati\/salute-e-benessere\/medicina\/virulenza-e-carica-virale-quali-fattori-provocano-la-diffusione-del-covid-19\/","name":"Virulenza e carica virale - Quali fattori provocano la diffusione del Covid-19","isPartOf":{"@id":"https:\/\/www.article-marketing.eu\/comunicati\/#website"},"primaryImageOfPage":{"@id":"https:\/\/www.article-marketing.eu\/comunicati\/salute-e-benessere\/medicina\/virulenza-e-carica-virale-quali-fattori-provocano-la-diffusione-del-covid-19\/#primaryimage"},"image":{"@id":"https:\/\/www.article-marketing.eu\/comunicati\/salute-e-benessere\/medicina\/virulenza-e-carica-virale-quali-fattori-provocano-la-diffusione-del-covid-19\/#primaryimage"},"thumbnailUrl":"https:\/\/www.article-marketing.eu\/comunicati\/wp-content\/uploads\/2020\/04\/covid-19-Johns-hopkins-university-jhu.jpg","datePublished":"2020-04-30T13:29:20+00:00","dateModified":"2020-05-05T23:46:06+00:00","author":{"@id":"https:\/\/www.article-marketing.eu\/comunicati\/#\/schema\/person\/5ea038625739b21aa3ce137359618347"},"breadcrumb":{"@id":"https:\/\/www.article-marketing.eu\/comunicati\/salute-e-benessere\/medicina\/virulenza-e-carica-virale-quali-fattori-provocano-la-diffusione-del-covid-19\/#breadcrumb"},"inLanguage":"it-IT","potentialAction":[{"@type":"ReadAction","target":["https:\/\/www.article-marketing.eu\/comunicati\/salute-e-benessere\/medicina\/virulenza-e-carica-virale-quali-fattori-provocano-la-diffusione-del-covid-19\/"]}]},{"@type":"ImageObject","inLanguage":"it-IT","@id":"https:\/\/www.article-marketing.eu\/comunicati\/salute-e-benessere\/medicina\/virulenza-e-carica-virale-quali-fattori-provocano-la-diffusione-del-covid-19\/#primaryimage","url":"https:\/\/www.article-marketing.eu\/comunicati\/wp-content\/uploads\/2020\/04\/covid-19-Johns-hopkins-university-jhu.jpg","contentUrl":"https:\/\/www.article-marketing.eu\/comunicati\/wp-content\/uploads\/2020\/04\/covid-19-Johns-hopkins-university-jhu.jpg","width":1920,"height":815,"caption":"covid-19 Johns Hopkins University (JHU)"},{"@type":"BreadcrumbList","@id":"https:\/\/www.article-marketing.eu\/comunicati\/salute-e-benessere\/medicina\/virulenza-e-carica-virale-quali-fattori-provocano-la-diffusione-del-covid-19\/#breadcrumb","itemListElement":[{"@type":"ListItem","position":1,"name":"Home","item":"https:\/\/www.article-marketing.eu\/comunicati\/"},{"@type":"ListItem","position":2,"name":"Virulenza e carica virale &#8211; Quali fattori provocano la diffusione del Covid-19"}]},{"@type":"WebSite","@id":"https:\/\/www.article-marketing.eu\/comunicati\/#website","url":"https:\/\/www.article-marketing.eu\/comunicati\/","name":"Article Marketing","description":"article marketing &amp; press release","potentialAction":[{"@type":"SearchAction","target":{"@type":"EntryPoint","urlTemplate":"https:\/\/www.article-marketing.eu\/comunicati\/?s={search_term_string}"},"query-input":{"@type":"PropertyValueSpecification","valueRequired":true,"valueName":"search_term_string"}}],"inLanguage":"it-IT"},{"@type":"Person","@id":"https:\/\/www.article-marketing.eu\/comunicati\/#\/schema\/person\/5ea038625739b21aa3ce137359618347","name":"Giulio Romolo","image":{"@type":"ImageObject","inLanguage":"it-IT","@id":"https:\/\/www.article-marketing.eu\/comunicati\/#\/schema\/person\/image\/","url":"https:\/\/secure.gravatar.com\/avatar\/59490d4c387a30df4d24029ea593c67d3c72b9c0b5de1ba4991ebaff2b5658df?s=96&d=mm&r=g","contentUrl":"https:\/\/secure.gravatar.com\/avatar\/59490d4c387a30df4d24029ea593c67d3c72b9c0b5de1ba4991ebaff2b5658df?s=96&d=mm&r=g","caption":"Giulio Romolo"},"url":"https:\/\/www.article-marketing.eu\/comunicati\/author\/giulio-romolo\/"}]}},"_links":{"self":[{"href":"https:\/\/www.article-marketing.eu\/comunicati\/wp-json\/wp\/v2\/posts\/66147","targetHints":{"allow":["GET"]}}],"collection":[{"href":"https:\/\/www.article-marketing.eu\/comunicati\/wp-json\/wp\/v2\/posts"}],"about":[{"href":"https:\/\/www.article-marketing.eu\/comunicati\/wp-json\/wp\/v2\/types\/post"}],"author":[{"embeddable":true,"href":"https:\/\/www.article-marketing.eu\/comunicati\/wp-json\/wp\/v2\/users\/11"}],"replies":[{"embeddable":true,"href":"https:\/\/www.article-marketing.eu\/comunicati\/wp-json\/wp\/v2\/comments?post=66147"}],"version-history":[{"count":9,"href":"https:\/\/www.article-marketing.eu\/comunicati\/wp-json\/wp\/v2\/posts\/66147\/revisions"}],"predecessor-version":[{"id":66246,"href":"https:\/\/www.article-marketing.eu\/comunicati\/wp-json\/wp\/v2\/posts\/66147\/revisions\/66246"}],"wp:featuredmedia":[{"embeddable":true,"href":"https:\/\/www.article-marketing.eu\/comunicati\/wp-json\/wp\/v2\/media\/66148"}],"wp:attachment":[{"href":"https:\/\/www.article-marketing.eu\/comunicati\/wp-json\/wp\/v2\/media?parent=66147"}],"wp:term":[{"taxonomy":"category","embeddable":true,"href":"https:\/\/www.article-marketing.eu\/comunicati\/wp-json\/wp\/v2\/categories?post=66147"},{"taxonomy":"post_tag","embeddable":true,"href":"https:\/\/www.article-marketing.eu\/comunicati\/wp-json\/wp\/v2\/tags?post=66147"}],"curies":[{"name":"wp","href":"https:\/\/api.w.org\/{rel}","templated":true}]}}