{"id":66212,"date":"2020-04-26T21:23:30","date_gmt":"2020-04-26T19:23:30","guid":{"rendered":"https:\/\/www.article-marketing.eu\/comunicati\/?p=66212"},"modified":"2020-04-26T22:43:44","modified_gmt":"2020-04-26T20:43:44","slug":"covid-19-gli-italiani-delle-partite-iva-sono-in-ginocchio-video-virale-su-youtube","status":"publish","type":"post","link":"https:\/\/www.article-marketing.eu\/comunicati\/societa\/attualita-e-news\/covid-19-gli-italiani-delle-partite-iva-sono-in-ginocchio-video-virale-su-youtube\/","title":{"rendered":"Covid-19: gli italiani delle partite IVA sono in ginocchio &#8211; Video virale su youtube"},"content":{"rendered":"<div class=\"youtube-responsive-container\"><iframe loading=\"lazy\" src=\"https:\/\/www.youtube.com\/embed\/DIhPHamsOek\" width=\"1120\" height=\"630\" frameborder=\"0\" allowfullscreen=\"allowfullscreen\"><\/iframe><\/div>\n<h1>Covid-19: gli italiani delle partite IVA sono in ginocchio &#8211; Video virale su youtube<\/h1>\n<p>Titolo originale del video:<\/p>\n<h2>Proprietario di un Bar riapre la serranda dopo mesi e quello che fa vedere e racconta \u00e8 allucinante!<\/h2>\n<p>Il video postato ha raggiunto in poche ore 100.000 visualizzazioni (centomila!). La sincera e accorata descrizione di una situazione che vale per tutti i gestori di attivit\u00e0 commerciali che rischiano di non poter pi\u00f9 aprire creando un problema sociale, oltre che ecomico, di difficile soluzione. Clicca sul video per ascoltare tutto l&#8217;audio. Il testo riportato \u00e8 parziale.<\/p>\n<blockquote><p>Buonasera, ciao sono celeste sono un commerciante di napoli e questa \u00e8 la mia piccola attivit\u00e0 che gira intorno ai 30 metri quadri.<br \/>\nIn questa attivit\u00e0 noi siamo due famiglie\u00a0 con cinque bambini da sfamare.<br \/>\nQuesto messaggio non lo mando solo per me ma per tutti noi commercianti dalla a alla z.<br \/>\n[&#8230;]Questa \u00e8 una vetrina dove noi addolciamo i nostri clienti ma non possiamo riempirla perch\u00e9 non sappiamo se si possa vendere e le paste fresche\u00a0 si rovinano subito:<br \/>\nIl 12 marzo, quando abbiamo chiuso, abbiamo buttato\u00a0 mille euro di merce:<br \/>\nQuesto video lo faccio proprio perch\u00e9 siamo arrivati allo stremo. Io voglio rispettare tutti e mi sta bene usare mascherine e tutelare le persone ma dopo 60 giorni non so pi\u00f9 chi \u00e8 De Luca (Governatore della Campania), chi \u00e8 Conte. Non lo so pi\u00f9, politicamente io non capisco nulla [&#8230;] ma potete vedere una cosa [&#8230;]<br \/>\nAllora io sto aprendo dopo due mesi, due mesi\u00a0 dove c&#8217;\u00e8 da pagare bollette di luce ti faccio vedere [&#8230;] telefono 700, 700 euro di bollette 3 pigioni da 850 euro da pagare che mio proprietario del locale, da signore, ha detto &#8220;Celeste io con te non ho mai avuto problemi, fai le tue cose&#8221; ma comunque a questa persona io ce lo devo pagare perch\u00e9 si \u00e8 comportata bene con me [&#8230;]\u00a0 quindi cosa voglio dire, io non so chi ci governa, ma quello che dico io, dopo 60 giorni \u00e8 chiuso [&#8230;] e solo d&#8217;accordo e ci vuoi far aprire oggi luned\u00ec ecco questo \u00e8 mio paese [&#8230;]<br \/>\ndopo 60 giorni apriamo con sanificazione del locale e la sanificazione del condizionatore [&#8230;] ma io vendo un caff\u00e8 costa 90 centesimi<br \/>\n[&#8230;]<br \/>\nl&#8217;attivit\u00e0 si pu\u00f2 fare anche con i camici cos\u00ec ci sta bene, ma l&#8217;attivit\u00e0 si fanno con amore e passione<br \/>\n<script async src=\"https:\/\/pagead2.googlesyndication.com\/pagead\/js\/adsbygoogle.js\"><\/script><br \/>\n<!-- article-marketing.eu_over_adattabile --><br \/>\n<ins class=\"adsbygoogle\" style=\"display: block;\" data-ad-client=\"ca-pub-3786472933840786\" data-ad-slot=\"4851434602\" data-ad-format=\"auto\" data-full-width-responsive=\"true\"><\/ins><br \/>\n<script>\n     (adsbygoogle = window.adsbygoogle || []).push({});\n<\/script><br \/>\n[&#8230;]<br \/>\nquando mettiamo la testa sul cuscino pensiamo gi\u00e0 dal giorno dopo cosa dobbiamo fare<br \/>\n[&#8230;]<br \/>\nper non parlare di per i viaggi il settore del turismo, siamo a Napoli, qua non vendiamo un tour e un turista\u00a0 probabilmente per anni anni e anni.<br \/>\nOk allora voglio concludere , in questo video io non ho parlato solo per me ma per tutta la categoria dei commercianti:<br \/>\n<strong>aiutateci, aiutateci, se avete la possibilit\u00e0<\/strong> solo questo vogliamo se non avete la possibilit\u00e0 lasciateci in pace<br \/>\n[&#8230;]<br \/>\nnoi ci tuteliamo da soli<br \/>\n[&#8230;]<br \/>\nbisogna avere il coraggio di dire che una pandemia cos\u00ec\u00a0 \u00e8 uguale a una guerra pi\u00f9 morti di una guerra e fate ancora andare avanti le tv a questi personaggi della tv di giornalisti che fanno ancora questo razzismo su nord, sud, est, occhi a madorla. ragazzi di colore<br \/>\n[&#8230;]<br \/>\nvoglio dire che siamo tutti quanti della stessa banca e se potete buttate via della televisione queste persone che davanti alla morte siamo tutti uguali, ok!?<br \/>\nE facciamo una preghiera per questa cosa e quando arriveranno i paesi africani e asiatici dove non hanno nemmeno i posti per gli ospedali se noi abbiamo fatto 170, 180 mila morti in europa e America,\u00a0 in chi sta in questi altri\u00a0 paesi avranno il\u00a0 doppio. ok?<\/p>\n<p>FONTE: youtube.com<\/p><\/blockquote>\n","protected":false},"excerpt":{"rendered":"<p>Covid-19: gli italiani delle partite IVA sono in ginocchio &#8211; Video virale su youtube Titolo originale del video: Proprietario di un Bar riapre la serranda dopo mesi e quello che fa vedere e racconta \u00e8 allucinante! Il video postato ha raggiunto in poche ore 100.000 visualizzazioni (centomila!). La sincera e accorata descrizione di una situazione che vale per tutti i gestori di attivit\u00e0 commerciali che rischiano di non poter pi\u00f9<\/p>\n<p><a class=\"continue-reading\" href=\"https:\/\/www.article-marketing.eu\/comunicati\/societa\/attualita-e-news\/covid-19-gli-italiani-delle-partite-iva-sono-in-ginocchio-video-virale-su-youtube\/\">Continue reading&#8230;<\/a><\/p>\n","protected":false},"author":11,"featured_media":66214,"comment_status":"open","ping_status":"open","sticky":false,"template":"","format":"standard","meta":{"cybocfi_hide_featured_image":"yes","footnotes":""},"categories":[56036],"tags":[56055],"class_list":["post-66212","post","type-post","status-publish","format-standard","has-post-thumbnail","hentry","category-attualita-e-news","tag-coronavirus-emergenza-sociale"],"yoast_head":"<!-- This site is optimized with the Yoast SEO plugin v27.0 - https:\/\/yoast.com\/product\/yoast-seo-wordpress\/ -->\n<title>Covid-19: gli italiani delle partite IVA sono in ginocchio - Video virale<\/title>\n<meta name=\"robots\" content=\"index, follow, max-snippet:-1, max-image-preview:large, max-video-preview:-1\" \/>\n<link rel=\"canonical\" href=\"https:\/\/www.article-marketing.eu\/comunicati\/societa\/attualita-e-news\/covid-19-gli-italiani-delle-partite-iva-sono-in-ginocchio-video-virale-su-youtube\/\" \/>\n<meta property=\"og:locale\" content=\"it_IT\" \/>\n<meta property=\"og:type\" content=\"article\" \/>\n<meta property=\"og:title\" content=\"Covid-19: gli italiani delle partite IVA sono in ginocchio - Video virale\" \/>\n<meta property=\"og:description\" content=\"Covid-19: gli italiani delle partite IVA sono in ginocchio &#8211; Video virale su youtube Titolo originale del video: Proprietario di un Bar riapre la serranda dopo mesi e quello che fa vedere e racconta \u00e8 allucinante! Il video postato ha raggiunto in poche ore 100.000 visualizzazioni (centomila!). La sincera e accorata descrizione di una situazione che vale per tutti i gestori di attivit\u00e0 commerciali che rischiano di non poter pi\u00f9Continue reading...\" \/>\n<meta property=\"og:url\" content=\"https:\/\/www.article-marketing.eu\/comunicati\/societa\/attualita-e-news\/covid-19-gli-italiani-delle-partite-iva-sono-in-ginocchio-video-virale-su-youtube\/\" \/>\n<meta property=\"og:site_name\" content=\"Article Marketing\" \/>\n<meta property=\"article:published_time\" content=\"2020-04-26T19:23:30+00:00\" \/>\n<meta property=\"article:modified_time\" content=\"2020-04-26T20:43:44+00:00\" \/>\n<meta property=\"og:image\" content=\"https:\/\/www.article-marketing.eu\/comunicati\/wp-content\/uploads\/2020\/04\/Proprietario-di-un-Bar-riapre-la-serranda-dopo-mesi-e-quello-che-fa-vedere-e-racconta-allucinante.jpg\" \/>\n\t<meta property=\"og:image:width\" content=\"1920\" \/>\n\t<meta property=\"og:image:height\" content=\"1080\" \/>\n\t<meta property=\"og:image:type\" content=\"image\/jpeg\" \/>\n<meta name=\"author\" content=\"Giulio Romolo\" \/>\n<meta name=\"twitter:card\" content=\"summary_large_image\" \/>\n<meta name=\"twitter:label1\" content=\"Scritto da\" \/>\n\t<meta name=\"twitter:data1\" content=\"Giulio Romolo\" \/>\n\t<meta name=\"twitter:label2\" content=\"Tempo di lettura stimato\" \/>\n\t<meta name=\"twitter:data2\" content=\"3 minuti\" \/>\n<script type=\"application\/ld+json\" class=\"yoast-schema-graph\">{\"@context\":\"https:\/\/schema.org\",\"@graph\":[{\"@type\":\"Article\",\"@id\":\"https:\/\/www.article-marketing.eu\/comunicati\/societa\/attualita-e-news\/covid-19-gli-italiani-delle-partite-iva-sono-in-ginocchio-video-virale-su-youtube\/#article\",\"isPartOf\":{\"@id\":\"https:\/\/www.article-marketing.eu\/comunicati\/societa\/attualita-e-news\/covid-19-gli-italiani-delle-partite-iva-sono-in-ginocchio-video-virale-su-youtube\/\"},\"author\":{\"name\":\"Giulio Romolo\",\"@id\":\"https:\/\/www.article-marketing.eu\/comunicati\/#\/schema\/person\/5ea038625739b21aa3ce137359618347\"},\"headline\":\"Covid-19: gli italiani delle partite IVA sono in ginocchio &#8211; Video virale su youtube\",\"datePublished\":\"2020-04-26T19:23:30+00:00\",\"dateModified\":\"2020-04-26T20:43:44+00:00\",\"mainEntityOfPage\":{\"@id\":\"https:\/\/www.article-marketing.eu\/comunicati\/societa\/attualita-e-news\/covid-19-gli-italiani-delle-partite-iva-sono-in-ginocchio-video-virale-su-youtube\/\"},\"wordCount\":588,\"commentCount\":0,\"image\":{\"@id\":\"https:\/\/www.article-marketing.eu\/comunicati\/societa\/attualita-e-news\/covid-19-gli-italiani-delle-partite-iva-sono-in-ginocchio-video-virale-su-youtube\/#primaryimage\"},\"thumbnailUrl\":\"https:\/\/www.article-marketing.eu\/comunicati\/wp-content\/uploads\/2020\/04\/Proprietario-di-un-Bar-riapre-la-serranda-dopo-mesi-e-quello-che-fa-vedere-e-racconta-allucinante.jpg\",\"keywords\":[\"coronavirus emergenza sociale\"],\"articleSection\":[\"Attualit\u00e0 e News\"],\"inLanguage\":\"it-IT\",\"potentialAction\":[{\"@type\":\"CommentAction\",\"name\":\"Comment\",\"target\":[\"https:\/\/www.article-marketing.eu\/comunicati\/societa\/attualita-e-news\/covid-19-gli-italiani-delle-partite-iva-sono-in-ginocchio-video-virale-su-youtube\/#respond\"]}]},{\"@type\":\"WebPage\",\"@id\":\"https:\/\/www.article-marketing.eu\/comunicati\/societa\/attualita-e-news\/covid-19-gli-italiani-delle-partite-iva-sono-in-ginocchio-video-virale-su-youtube\/\",\"url\":\"https:\/\/www.article-marketing.eu\/comunicati\/societa\/attualita-e-news\/covid-19-gli-italiani-delle-partite-iva-sono-in-ginocchio-video-virale-su-youtube\/\",\"name\":\"Covid-19: gli italiani delle partite IVA sono in ginocchio - Video virale\",\"isPartOf\":{\"@id\":\"https:\/\/www.article-marketing.eu\/comunicati\/#website\"},\"primaryImageOfPage\":{\"@id\":\"https:\/\/www.article-marketing.eu\/comunicati\/societa\/attualita-e-news\/covid-19-gli-italiani-delle-partite-iva-sono-in-ginocchio-video-virale-su-youtube\/#primaryimage\"},\"image\":{\"@id\":\"https:\/\/www.article-marketing.eu\/comunicati\/societa\/attualita-e-news\/covid-19-gli-italiani-delle-partite-iva-sono-in-ginocchio-video-virale-su-youtube\/#primaryimage\"},\"thumbnailUrl\":\"https:\/\/www.article-marketing.eu\/comunicati\/wp-content\/uploads\/2020\/04\/Proprietario-di-un-Bar-riapre-la-serranda-dopo-mesi-e-quello-che-fa-vedere-e-racconta-allucinante.jpg\",\"datePublished\":\"2020-04-26T19:23:30+00:00\",\"dateModified\":\"2020-04-26T20:43:44+00:00\",\"author\":{\"@id\":\"https:\/\/www.article-marketing.eu\/comunicati\/#\/schema\/person\/5ea038625739b21aa3ce137359618347\"},\"breadcrumb\":{\"@id\":\"https:\/\/www.article-marketing.eu\/comunicati\/societa\/attualita-e-news\/covid-19-gli-italiani-delle-partite-iva-sono-in-ginocchio-video-virale-su-youtube\/#breadcrumb\"},\"inLanguage\":\"it-IT\",\"potentialAction\":[{\"@type\":\"ReadAction\",\"target\":[\"https:\/\/www.article-marketing.eu\/comunicati\/societa\/attualita-e-news\/covid-19-gli-italiani-delle-partite-iva-sono-in-ginocchio-video-virale-su-youtube\/\"]}]},{\"@type\":\"BreadcrumbList\",\"@id\":\"https:\/\/www.article-marketing.eu\/comunicati\/societa\/attualita-e-news\/covid-19-gli-italiani-delle-partite-iva-sono-in-ginocchio-video-virale-su-youtube\/#breadcrumb\",\"itemListElement\":[{\"@type\":\"ListItem\",\"position\":1,\"name\":\"Home\",\"item\":\"https:\/\/www.article-marketing.eu\/comunicati\/\"},{\"@type\":\"ListItem\",\"position\":2,\"name\":\"Covid-19: gli italiani delle partite IVA sono in ginocchio &#8211; Video virale su youtube\"}]},{\"@type\":\"WebSite\",\"@id\":\"https:\/\/www.article-marketing.eu\/comunicati\/#website\",\"url\":\"https:\/\/www.article-marketing.eu\/comunicati\/\",\"name\":\"Article Marketing\",\"description\":\"article marketing &amp; press release\",\"potentialAction\":[{\"@type\":\"SearchAction\",\"target\":{\"@type\":\"EntryPoint\",\"urlTemplate\":\"https:\/\/www.article-marketing.eu\/comunicati\/?s={search_term_string}\"},\"query-input\":{\"@type\":\"PropertyValueSpecification\",\"valueRequired\":true,\"valueName\":\"search_term_string\"}}],\"inLanguage\":\"it-IT\"},{\"@type\":\"Person\",\"@id\":\"https:\/\/www.article-marketing.eu\/comunicati\/#\/schema\/person\/5ea038625739b21aa3ce137359618347\",\"name\":\"Giulio Romolo\",\"image\":{\"@type\":\"ImageObject\",\"inLanguage\":\"it-IT\",\"@id\":\"https:\/\/www.article-marketing.eu\/comunicati\/#\/schema\/person\/image\/\",\"url\":\"https:\/\/secure.gravatar.com\/avatar\/59490d4c387a30df4d24029ea593c67d3c72b9c0b5de1ba4991ebaff2b5658df?s=96&d=mm&r=g\",\"contentUrl\":\"https:\/\/secure.gravatar.com\/avatar\/59490d4c387a30df4d24029ea593c67d3c72b9c0b5de1ba4991ebaff2b5658df?s=96&d=mm&r=g\",\"caption\":\"Giulio Romolo\"},\"url\":\"https:\/\/www.article-marketing.eu\/comunicati\/author\/giulio-romolo\/\"}]}<\/script>\n<!-- \/ Yoast SEO plugin. -->","yoast_head_json":{"title":"Covid-19: gli italiani delle partite IVA sono in ginocchio - Video virale","robots":{"index":"index","follow":"follow","max-snippet":"max-snippet:-1","max-image-preview":"max-image-preview:large","max-video-preview":"max-video-preview:-1"},"canonical":"https:\/\/www.article-marketing.eu\/comunicati\/societa\/attualita-e-news\/covid-19-gli-italiani-delle-partite-iva-sono-in-ginocchio-video-virale-su-youtube\/","og_locale":"it_IT","og_type":"article","og_title":"Covid-19: gli italiani delle partite IVA sono in ginocchio - Video virale","og_description":"Covid-19: gli italiani delle partite IVA sono in ginocchio &#8211; Video virale su youtube Titolo originale del video: Proprietario di un Bar riapre la serranda dopo mesi e quello che fa vedere e racconta \u00e8 allucinante! Il video postato ha raggiunto in poche ore 100.000 visualizzazioni (centomila!). La sincera e accorata descrizione di una situazione che vale per tutti i gestori di attivit\u00e0 commerciali che rischiano di non poter pi\u00f9Continue reading...","og_url":"https:\/\/www.article-marketing.eu\/comunicati\/societa\/attualita-e-news\/covid-19-gli-italiani-delle-partite-iva-sono-in-ginocchio-video-virale-su-youtube\/","og_site_name":"Article Marketing","article_published_time":"2020-04-26T19:23:30+00:00","article_modified_time":"2020-04-26T20:43:44+00:00","og_image":[{"width":1920,"height":1080,"url":"https:\/\/www.article-marketing.eu\/comunicati\/wp-content\/uploads\/2020\/04\/Proprietario-di-un-Bar-riapre-la-serranda-dopo-mesi-e-quello-che-fa-vedere-e-racconta-allucinante.jpg","type":"image\/jpeg"}],"author":"Giulio Romolo","twitter_card":"summary_large_image","twitter_misc":{"Scritto da":"Giulio Romolo","Tempo di lettura stimato":"3 minuti"},"schema":{"@context":"https:\/\/schema.org","@graph":[{"@type":"Article","@id":"https:\/\/www.article-marketing.eu\/comunicati\/societa\/attualita-e-news\/covid-19-gli-italiani-delle-partite-iva-sono-in-ginocchio-video-virale-su-youtube\/#article","isPartOf":{"@id":"https:\/\/www.article-marketing.eu\/comunicati\/societa\/attualita-e-news\/covid-19-gli-italiani-delle-partite-iva-sono-in-ginocchio-video-virale-su-youtube\/"},"author":{"name":"Giulio Romolo","@id":"https:\/\/www.article-marketing.eu\/comunicati\/#\/schema\/person\/5ea038625739b21aa3ce137359618347"},"headline":"Covid-19: gli italiani delle partite IVA sono in ginocchio &#8211; Video virale su youtube","datePublished":"2020-04-26T19:23:30+00:00","dateModified":"2020-04-26T20:43:44+00:00","mainEntityOfPage":{"@id":"https:\/\/www.article-marketing.eu\/comunicati\/societa\/attualita-e-news\/covid-19-gli-italiani-delle-partite-iva-sono-in-ginocchio-video-virale-su-youtube\/"},"wordCount":588,"commentCount":0,"image":{"@id":"https:\/\/www.article-marketing.eu\/comunicati\/societa\/attualita-e-news\/covid-19-gli-italiani-delle-partite-iva-sono-in-ginocchio-video-virale-su-youtube\/#primaryimage"},"thumbnailUrl":"https:\/\/www.article-marketing.eu\/comunicati\/wp-content\/uploads\/2020\/04\/Proprietario-di-un-Bar-riapre-la-serranda-dopo-mesi-e-quello-che-fa-vedere-e-racconta-allucinante.jpg","keywords":["coronavirus emergenza sociale"],"articleSection":["Attualit\u00e0 e News"],"inLanguage":"it-IT","potentialAction":[{"@type":"CommentAction","name":"Comment","target":["https:\/\/www.article-marketing.eu\/comunicati\/societa\/attualita-e-news\/covid-19-gli-italiani-delle-partite-iva-sono-in-ginocchio-video-virale-su-youtube\/#respond"]}]},{"@type":"WebPage","@id":"https:\/\/www.article-marketing.eu\/comunicati\/societa\/attualita-e-news\/covid-19-gli-italiani-delle-partite-iva-sono-in-ginocchio-video-virale-su-youtube\/","url":"https:\/\/www.article-marketing.eu\/comunicati\/societa\/attualita-e-news\/covid-19-gli-italiani-delle-partite-iva-sono-in-ginocchio-video-virale-su-youtube\/","name":"Covid-19: gli italiani delle partite IVA sono in ginocchio - Video virale","isPartOf":{"@id":"https:\/\/www.article-marketing.eu\/comunicati\/#website"},"primaryImageOfPage":{"@id":"https:\/\/www.article-marketing.eu\/comunicati\/societa\/attualita-e-news\/covid-19-gli-italiani-delle-partite-iva-sono-in-ginocchio-video-virale-su-youtube\/#primaryimage"},"image":{"@id":"https:\/\/www.article-marketing.eu\/comunicati\/societa\/attualita-e-news\/covid-19-gli-italiani-delle-partite-iva-sono-in-ginocchio-video-virale-su-youtube\/#primaryimage"},"thumbnailUrl":"https:\/\/www.article-marketing.eu\/comunicati\/wp-content\/uploads\/2020\/04\/Proprietario-di-un-Bar-riapre-la-serranda-dopo-mesi-e-quello-che-fa-vedere-e-racconta-allucinante.jpg","datePublished":"2020-04-26T19:23:30+00:00","dateModified":"2020-04-26T20:43:44+00:00","author":{"@id":"https:\/\/www.article-marketing.eu\/comunicati\/#\/schema\/person\/5ea038625739b21aa3ce137359618347"},"breadcrumb":{"@id":"https:\/\/www.article-marketing.eu\/comunicati\/societa\/attualita-e-news\/covid-19-gli-italiani-delle-partite-iva-sono-in-ginocchio-video-virale-su-youtube\/#breadcrumb"},"inLanguage":"it-IT","potentialAction":[{"@type":"ReadAction","target":["https:\/\/www.article-marketing.eu\/comunicati\/societa\/attualita-e-news\/covid-19-gli-italiani-delle-partite-iva-sono-in-ginocchio-video-virale-su-youtube\/"]}]},{"@type":"BreadcrumbList","@id":"https:\/\/www.article-marketing.eu\/comunicati\/societa\/attualita-e-news\/covid-19-gli-italiani-delle-partite-iva-sono-in-ginocchio-video-virale-su-youtube\/#breadcrumb","itemListElement":[{"@type":"ListItem","position":1,"name":"Home","item":"https:\/\/www.article-marketing.eu\/comunicati\/"},{"@type":"ListItem","position":2,"name":"Covid-19: gli italiani delle partite IVA sono in ginocchio &#8211; Video virale su youtube"}]},{"@type":"WebSite","@id":"https:\/\/www.article-marketing.eu\/comunicati\/#website","url":"https:\/\/www.article-marketing.eu\/comunicati\/","name":"Article Marketing","description":"article marketing &amp; press release","potentialAction":[{"@type":"SearchAction","target":{"@type":"EntryPoint","urlTemplate":"https:\/\/www.article-marketing.eu\/comunicati\/?s={search_term_string}"},"query-input":{"@type":"PropertyValueSpecification","valueRequired":true,"valueName":"search_term_string"}}],"inLanguage":"it-IT"},{"@type":"Person","@id":"https:\/\/www.article-marketing.eu\/comunicati\/#\/schema\/person\/5ea038625739b21aa3ce137359618347","name":"Giulio Romolo","image":{"@type":"ImageObject","inLanguage":"it-IT","@id":"https:\/\/www.article-marketing.eu\/comunicati\/#\/schema\/person\/image\/","url":"https:\/\/secure.gravatar.com\/avatar\/59490d4c387a30df4d24029ea593c67d3c72b9c0b5de1ba4991ebaff2b5658df?s=96&d=mm&r=g","contentUrl":"https:\/\/secure.gravatar.com\/avatar\/59490d4c387a30df4d24029ea593c67d3c72b9c0b5de1ba4991ebaff2b5658df?s=96&d=mm&r=g","caption":"Giulio Romolo"},"url":"https:\/\/www.article-marketing.eu\/comunicati\/author\/giulio-romolo\/"}]}},"_links":{"self":[{"href":"https:\/\/www.article-marketing.eu\/comunicati\/wp-json\/wp\/v2\/posts\/66212","targetHints":{"allow":["GET"]}}],"collection":[{"href":"https:\/\/www.article-marketing.eu\/comunicati\/wp-json\/wp\/v2\/posts"}],"about":[{"href":"https:\/\/www.article-marketing.eu\/comunicati\/wp-json\/wp\/v2\/types\/post"}],"author":[{"embeddable":true,"href":"https:\/\/www.article-marketing.eu\/comunicati\/wp-json\/wp\/v2\/users\/11"}],"replies":[{"embeddable":true,"href":"https:\/\/www.article-marketing.eu\/comunicati\/wp-json\/wp\/v2\/comments?post=66212"}],"version-history":[{"count":6,"href":"https:\/\/www.article-marketing.eu\/comunicati\/wp-json\/wp\/v2\/posts\/66212\/revisions"}],"predecessor-version":[{"id":66220,"href":"https:\/\/www.article-marketing.eu\/comunicati\/wp-json\/wp\/v2\/posts\/66212\/revisions\/66220"}],"wp:featuredmedia":[{"embeddable":true,"href":"https:\/\/www.article-marketing.eu\/comunicati\/wp-json\/wp\/v2\/media\/66214"}],"wp:attachment":[{"href":"https:\/\/www.article-marketing.eu\/comunicati\/wp-json\/wp\/v2\/media?parent=66212"}],"wp:term":[{"taxonomy":"category","embeddable":true,"href":"https:\/\/www.article-marketing.eu\/comunicati\/wp-json\/wp\/v2\/categories?post=66212"},{"taxonomy":"post_tag","embeddable":true,"href":"https:\/\/www.article-marketing.eu\/comunicati\/wp-json\/wp\/v2\/tags?post=66212"}],"curies":[{"name":"wp","href":"https:\/\/api.w.org\/{rel}","templated":true}]}}