{"id":66222,"date":"2020-04-28T16:57:40","date_gmt":"2020-04-28T14:57:40","guid":{"rendered":"https:\/\/www.article-marketing.eu\/comunicati\/?p=66222"},"modified":"2020-04-29T00:19:27","modified_gmt":"2020-04-28T22:19:27","slug":"lo-sfogo-di-un-parrucchiere-di-roma-in-diretta-su-facebook-erno-rossi","status":"publish","type":"post","link":"https:\/\/www.article-marketing.eu\/comunicati\/societa\/attualita-e-news\/lo-sfogo-di-un-parrucchiere-di-roma-in-diretta-su-facebook-erno-rossi\/","title":{"rendered":"Lo sfogo di un parrucchiere di Roma&#8221; in diretta su Facebook &#8220;Erno Rossi&#8221;"},"content":{"rendered":"<div class=\"youtube-responsive-container\"><iframe loading=\"lazy\" src=\"https:\/\/www.youtube.com\/embed\/FpIT4OuSisI\" width=\"1120\" height=\"630\" frameborder=\"0\" allowfullscreen=\"allowfullscreen\"><\/iframe><\/div>\n<p>Lo sfogo di un parrucchiere di <strong>Roma<\/strong>&#8221; in diretta su Facebook<\/p>\n<p>&#8220;<a href=\"https:\/\/www.facebook.com\/RossiErno\/\"><strong>Erno Rossi<\/strong><\/a>&#8221; by <strong><a href=\"https:\/\/www.facebook.com\/ModErnoHairStylist\/\">I Parrucchieri Italia Creativa<\/a><\/strong> ,<\/p>\n<p>dopo la decisione del Governo di far riaprire I parrucchieri il 1 Giugno &#8230;.<\/p>\n<p><strong>Noi siamo pronti a riaprire, ma aspettiamo ancora i sussidi promessi&#8221;&#8230;<\/strong><\/p>\n<p><strong>ECCO IL LINK:<\/strong><br \/>\n<strong><a href=\"https:\/\/m.facebook.com\/story.php?story_fbid=2356579341318130&amp;id=100008982601549\">https:\/\/m.facebook.com\/story.php?story_fbid=2356579341318130&amp;id=100008982601549<\/a><\/strong><\/p>\n<p>Anche i colleghi<\/p>\n<p><strong>Parrucchieri, Barbieri ed Estetiste: \u201criaperture non prima di Giugno\u201d. Artigiani disperati.<\/strong><\/p>\n<p class=\"p1\"><span class=\"s1\">Potrebbero dover aspettare fino a giugno parrucchieri ed estetisti, categorie ad alto rischio, per riaprire i battenti. \u201cNon prima di giugno\u201d \u00e8 la linea su cui si sta ragionando, a quanto si apprende, nelle riunioni in corso a palazzo Chigi sulla Fase 2.<\/span><\/p>\n<p class=\"p1\"><span class=\"s1\">Almeno queste le indiscrezioni di chi sta assistendo e riportando agli organi di stampa le notizie, man mano che le discussioni vanno avanti.<\/span><\/p>\n<p><script async src=\"https:\/\/pagead2.googlesyndication.com\/pagead\/js\/adsbygoogle.js\"><\/script><br \/>\n<!-- article-marketing.eu_over_adattabile --><br \/>\n<ins class=\"adsbygoogle\" style=\"display: block;\" data-ad-client=\"ca-pub-3786472933840786\" data-ad-slot=\"4851434602\" data-ad-format=\"auto\" data-full-width-responsive=\"true\"><\/ins><br \/>\n<script>\n     (adsbygoogle = window.adsbygoogle || []).push({});\n<\/script><\/p>\n<p class=\"p1\"><span class=\"s1\">Se questa linea dovesse essere confermata, molti operatori rischiano di non rialzare mai pi\u00f9 la serranda.<\/span><\/p>\n<p class=\"p1\"><span class=\"s1\">Arriveremmo a quasi 90 giorni consecutivi di affitti e utenze pagati a vuoto, senza contributi di alcun tipo se non questi 600\u20ac che molti imprenditori devono ancora ricevere.<\/span><\/p>\n<p class=\"p1\"><span class=\"s1\">Anche la cassa integrazione di Marzo non \u00e8 mai arrivata a moltissimi lavoratori, riducendo in povert\u00e0 centinaia di migliaia di famiglie.<\/span><\/p>\n<p class=\"p1\"><span class=\"s1\">L\u2019Italia rischia di vivere una recessione paragonabile solo a quella del dopoguerra, gli artigiani sono vicini alla disperazione pi\u00f9 nera.<\/span><\/p>\n<h1 class=\"title\">Parrucchieri in rivolta davanti al Comune di Sanremo: \u201cFateci lavorare\u201d<\/h1>\n<h2 class=\"post-subtitle\">&#8220;Non ce la facciamo pi\u00f9, vogliamo riaprire, in sicurezza, ma fateci riaprire, perch\u00e9 ci sono famiglie che vivono grazie a queste licenze&#8221;<\/h2>\n<pre>Parrucchieri in rivolta<\/pre>\n<p>\u201cNon ce la facciamo pi\u00f9, vogliamo riaprire, in sicurezza, ma fateci riaprire, perch\u00e9 ci sono famiglie che vivono grazie a queste licenze e hanno hanno difficolt\u00e0 anche a fare la spesa\u201d. E\u2019 questo il grido unanime di una trentina parrucchieri, che alle 14 si sono radunati davanti al Comune di Sanremo, per una pacifica protesta e per incontrare il sindaco Alberto Biancheri, dopo il \u201cdeludente\u201d annuncio Conte sulla riapertura a giugno delle loro attivit\u00e0.<\/p>\n<p>\u201cRiaprendo a giugno, alla fine saranno tre mesi senza lavorare \u2013 afferma Sara Lacchetta, presidente dell\u2019associazione salute e benessere della Cna di Sanremo \u2013 e non sappiamo pi\u00f9 dove sbattere la testa. Speravamo nel 4 maggio, visto che eravamo gi\u00e0 pronti con tutti i dispositivi di sicurezza: mantelle, disinfettante, dpi, mascherine e guanti monouso; divisori e via dicendo\u201d. E proprio per coprire i costi di questi dispositivi, i parrucchieri annunciano un aumento di 4 euro sul prezzo di ogni prestazione.<br \/>\n<script async src=\"https:\/\/pagead2.googlesyndication.com\/pagead\/js\/adsbygoogle.js\"><\/script><br \/>\n<!-- article-marketing.eu_over_adattabile --><br \/>\n<ins class=\"adsbygoogle\" style=\"display: block;\" data-ad-client=\"ca-pub-3786472933840786\" data-ad-slot=\"4851434602\" data-ad-format=\"auto\" data-full-width-responsive=\"true\"><\/ins><br \/>\n<script>\n     (adsbygoogle = window.adsbygoogle || []).push({});\n<\/script><\/p>\n<h2>Il sindaco<\/h2>\n<p>\u201cSo benissimo che questo \u00e8 un momento tragico per voi e per tantissime altre attivit\u00e0 \u2013 ha affermato il sindaco, al quale \u00e8 stata consegnata una lettera \u2013 ma dobbiamo anche dare un segnale di rispetto delle regole\u201d. Ha aggiunto il primo cittadino: \u201cVi invito a manifestare le vostre preoccupazioni e mi far\u00f2 portavoce, dove possibile, affinch\u00e9 si trovi una soluzione per voi e per gli altri, ma poi tutti a casa\u201d. Nel mirino, come sottolineato anche da Angela Guacci, titolare di un salone, c\u2019\u00e8 l\u2019abusivismo e tutti gli operatori all\u2019unanimit\u00e0 dicono \u2018no\u2019 al lavoro a domicilio\u201d.<\/p>\n<p>Postato da Edswpeventi<\/p>\n","protected":false},"excerpt":{"rendered":"<p>Lo sfogo di un parrucchiere di Roma&#8221; in diretta su Facebook &#8220;Erno Rossi&#8221; by I Parrucchieri Italia Creativa , dopo la decisione del Governo di far riaprire I parrucchieri il 1 Giugno &#8230;. Noi siamo pronti a riaprire, ma aspettiamo ancora i sussidi promessi&#8221;&#8230; ECCO IL LINK: https:\/\/m.facebook.com\/story.php?story_fbid=2356579341318130&amp;id=100008982601549 Anche i colleghi Parrucchieri, Barbieri ed Estetiste: \u201criaperture non prima di Giugno\u201d. Artigiani disperati. Potrebbero dover aspettare fino a giugno parrucchieri ed<\/p>\n<p><a class=\"continue-reading\" href=\"https:\/\/www.article-marketing.eu\/comunicati\/societa\/attualita-e-news\/lo-sfogo-di-un-parrucchiere-di-roma-in-diretta-su-facebook-erno-rossi\/\">Continue reading&#8230;<\/a><\/p>\n","protected":false},"author":10,"featured_media":66225,"comment_status":"open","ping_status":"open","sticky":false,"template":"","format":"standard","meta":{"cybocfi_hide_featured_image":"yes","footnotes":""},"categories":[56036],"tags":[56056],"class_list":["post-66222","post","type-post","status-publish","format-standard","has-post-thumbnail","hentry","category-attualita-e-news","tag-i-parrucchieri-italia-creativa"],"yoast_head":"<!-- This site is optimized with the Yoast SEO plugin v27.0 - https:\/\/yoast.com\/product\/yoast-seo-wordpress\/ -->\n<title>Lo sfogo di un parrucchiere di Roma&quot; in diretta su Facebook &quot;Erno Rossi&quot;<\/title>\n<meta name=\"robots\" content=\"index, follow, max-snippet:-1, max-image-preview:large, max-video-preview:-1\" \/>\n<link rel=\"canonical\" href=\"https:\/\/www.article-marketing.eu\/comunicati\/societa\/attualita-e-news\/lo-sfogo-di-un-parrucchiere-di-roma-in-diretta-su-facebook-erno-rossi\/\" \/>\n<meta property=\"og:locale\" content=\"it_IT\" \/>\n<meta property=\"og:type\" content=\"article\" \/>\n<meta property=\"og:title\" content=\"Lo sfogo di un parrucchiere di Roma&quot; in diretta su Facebook &quot;Erno Rossi&quot;\" \/>\n<meta property=\"og:description\" content=\"Lo sfogo di un parrucchiere di Roma&#8221; in diretta su Facebook &#8220;Erno Rossi&#8221; by I Parrucchieri Italia Creativa , dopo la decisione del Governo di far riaprire I parrucchieri il 1 Giugno &#8230;. Noi siamo pronti a riaprire, ma aspettiamo ancora i sussidi promessi&#8221;&#8230; ECCO IL LINK: https:\/\/m.facebook.com\/story.php?story_fbid=2356579341318130&amp;id=100008982601549 Anche i colleghi Parrucchieri, Barbieri ed Estetiste: \u201criaperture non prima di Giugno\u201d. Artigiani disperati. Potrebbero dover aspettare fino a giugno parrucchieri edContinue reading...\" \/>\n<meta property=\"og:url\" content=\"https:\/\/www.article-marketing.eu\/comunicati\/societa\/attualita-e-news\/lo-sfogo-di-un-parrucchiere-di-roma-in-diretta-su-facebook-erno-rossi\/\" \/>\n<meta property=\"og:site_name\" content=\"Article Marketing\" \/>\n<meta property=\"article:published_time\" content=\"2020-04-28T14:57:40+00:00\" \/>\n<meta property=\"article:modified_time\" content=\"2020-04-28T22:19:27+00:00\" \/>\n<meta property=\"og:image\" content=\"https:\/\/www.article-marketing.eu\/comunicati\/wp-content\/uploads\/2020\/04\/lo-sfogo-di-un-parrucchiere-su-facebook-erno-rossi.jpg\" \/>\n\t<meta property=\"og:image:width\" content=\"1920\" \/>\n\t<meta property=\"og:image:height\" content=\"1080\" \/>\n\t<meta property=\"og:image:type\" content=\"image\/jpeg\" \/>\n<meta name=\"author\" content=\"Redazione Comunicati Stampa\" \/>\n<meta name=\"twitter:card\" content=\"summary_large_image\" \/>\n<meta name=\"twitter:label1\" content=\"Scritto da\" \/>\n\t<meta name=\"twitter:data1\" content=\"Redazione Comunicati Stampa\" \/>\n\t<meta name=\"twitter:label2\" content=\"Tempo di lettura stimato\" \/>\n\t<meta name=\"twitter:data2\" content=\"3 minuti\" \/>\n<script type=\"application\/ld+json\" class=\"yoast-schema-graph\">{\"@context\":\"https:\/\/schema.org\",\"@graph\":[{\"@type\":\"Article\",\"@id\":\"https:\/\/www.article-marketing.eu\/comunicati\/societa\/attualita-e-news\/lo-sfogo-di-un-parrucchiere-di-roma-in-diretta-su-facebook-erno-rossi\/#article\",\"isPartOf\":{\"@id\":\"https:\/\/www.article-marketing.eu\/comunicati\/societa\/attualita-e-news\/lo-sfogo-di-un-parrucchiere-di-roma-in-diretta-su-facebook-erno-rossi\/\"},\"author\":{\"name\":\"Redazione Comunicati Stampa\",\"@id\":\"https:\/\/www.article-marketing.eu\/comunicati\/#\/schema\/person\/44372e4d4d0fa797b18e03ed1ace9017\"},\"headline\":\"Lo sfogo di un parrucchiere di Roma&#8221; in diretta su Facebook &#8220;Erno Rossi&#8221;\",\"datePublished\":\"2020-04-28T14:57:40+00:00\",\"dateModified\":\"2020-04-28T22:19:27+00:00\",\"mainEntityOfPage\":{\"@id\":\"https:\/\/www.article-marketing.eu\/comunicati\/societa\/attualita-e-news\/lo-sfogo-di-un-parrucchiere-di-roma-in-diretta-su-facebook-erno-rossi\/\"},\"wordCount\":510,\"commentCount\":0,\"image\":{\"@id\":\"https:\/\/www.article-marketing.eu\/comunicati\/societa\/attualita-e-news\/lo-sfogo-di-un-parrucchiere-di-roma-in-diretta-su-facebook-erno-rossi\/#primaryimage\"},\"thumbnailUrl\":\"https:\/\/www.article-marketing.eu\/comunicati\/wp-content\/uploads\/2020\/04\/lo-sfogo-di-un-parrucchiere-su-facebook-erno-rossi.jpg\",\"keywords\":[\"i parrucchieri Italia creativa\"],\"articleSection\":[\"Attualit\u00e0 e News\"],\"inLanguage\":\"it-IT\",\"potentialAction\":[{\"@type\":\"CommentAction\",\"name\":\"Comment\",\"target\":[\"https:\/\/www.article-marketing.eu\/comunicati\/societa\/attualita-e-news\/lo-sfogo-di-un-parrucchiere-di-roma-in-diretta-su-facebook-erno-rossi\/#respond\"]}]},{\"@type\":\"WebPage\",\"@id\":\"https:\/\/www.article-marketing.eu\/comunicati\/societa\/attualita-e-news\/lo-sfogo-di-un-parrucchiere-di-roma-in-diretta-su-facebook-erno-rossi\/\",\"url\":\"https:\/\/www.article-marketing.eu\/comunicati\/societa\/attualita-e-news\/lo-sfogo-di-un-parrucchiere-di-roma-in-diretta-su-facebook-erno-rossi\/\",\"name\":\"Lo sfogo di un parrucchiere di Roma\\\" in diretta su Facebook \\\"Erno Rossi\\\"\",\"isPartOf\":{\"@id\":\"https:\/\/www.article-marketing.eu\/comunicati\/#website\"},\"primaryImageOfPage\":{\"@id\":\"https:\/\/www.article-marketing.eu\/comunicati\/societa\/attualita-e-news\/lo-sfogo-di-un-parrucchiere-di-roma-in-diretta-su-facebook-erno-rossi\/#primaryimage\"},\"image\":{\"@id\":\"https:\/\/www.article-marketing.eu\/comunicati\/societa\/attualita-e-news\/lo-sfogo-di-un-parrucchiere-di-roma-in-diretta-su-facebook-erno-rossi\/#primaryimage\"},\"thumbnailUrl\":\"https:\/\/www.article-marketing.eu\/comunicati\/wp-content\/uploads\/2020\/04\/lo-sfogo-di-un-parrucchiere-su-facebook-erno-rossi.jpg\",\"datePublished\":\"2020-04-28T14:57:40+00:00\",\"dateModified\":\"2020-04-28T22:19:27+00:00\",\"author\":{\"@id\":\"https:\/\/www.article-marketing.eu\/comunicati\/#\/schema\/person\/44372e4d4d0fa797b18e03ed1ace9017\"},\"breadcrumb\":{\"@id\":\"https:\/\/www.article-marketing.eu\/comunicati\/societa\/attualita-e-news\/lo-sfogo-di-un-parrucchiere-di-roma-in-diretta-su-facebook-erno-rossi\/#breadcrumb\"},\"inLanguage\":\"it-IT\",\"potentialAction\":[{\"@type\":\"ReadAction\",\"target\":[\"https:\/\/www.article-marketing.eu\/comunicati\/societa\/attualita-e-news\/lo-sfogo-di-un-parrucchiere-di-roma-in-diretta-su-facebook-erno-rossi\/\"]}]},{\"@type\":\"BreadcrumbList\",\"@id\":\"https:\/\/www.article-marketing.eu\/comunicati\/societa\/attualita-e-news\/lo-sfogo-di-un-parrucchiere-di-roma-in-diretta-su-facebook-erno-rossi\/#breadcrumb\",\"itemListElement\":[{\"@type\":\"ListItem\",\"position\":1,\"name\":\"Home\",\"item\":\"https:\/\/www.article-marketing.eu\/comunicati\/\"},{\"@type\":\"ListItem\",\"position\":2,\"name\":\"Lo sfogo di un parrucchiere di Roma&#8221; in diretta su Facebook &#8220;Erno Rossi&#8221;\"}]},{\"@type\":\"WebSite\",\"@id\":\"https:\/\/www.article-marketing.eu\/comunicati\/#website\",\"url\":\"https:\/\/www.article-marketing.eu\/comunicati\/\",\"name\":\"Article Marketing\",\"description\":\"article marketing &amp; press release\",\"potentialAction\":[{\"@type\":\"SearchAction\",\"target\":{\"@type\":\"EntryPoint\",\"urlTemplate\":\"https:\/\/www.article-marketing.eu\/comunicati\/?s={search_term_string}\"},\"query-input\":{\"@type\":\"PropertyValueSpecification\",\"valueRequired\":true,\"valueName\":\"search_term_string\"}}],\"inLanguage\":\"it-IT\"},{\"@type\":\"Person\",\"@id\":\"https:\/\/www.article-marketing.eu\/comunicati\/#\/schema\/person\/44372e4d4d0fa797b18e03ed1ace9017\",\"name\":\"Redazione Comunicati Stampa\",\"image\":{\"@type\":\"ImageObject\",\"inLanguage\":\"it-IT\",\"@id\":\"https:\/\/www.article-marketing.eu\/comunicati\/#\/schema\/person\/image\/\",\"url\":\"https:\/\/secure.gravatar.com\/avatar\/50e5c6421d3072f42e7ace803501602c60d75233d34e29fd05feb91c8760b792?s=96&d=mm&r=g\",\"contentUrl\":\"https:\/\/secure.gravatar.com\/avatar\/50e5c6421d3072f42e7ace803501602c60d75233d34e29fd05feb91c8760b792?s=96&d=mm&r=g\",\"caption\":\"Redazione Comunicati Stampa\"},\"url\":\"https:\/\/www.article-marketing.eu\/comunicati\/author\/redazione-comunicati-stampa\/\"}]}<\/script>\n<!-- \/ Yoast SEO plugin. -->","yoast_head_json":{"title":"Lo sfogo di un parrucchiere di Roma\" in diretta su Facebook \"Erno Rossi\"","robots":{"index":"index","follow":"follow","max-snippet":"max-snippet:-1","max-image-preview":"max-image-preview:large","max-video-preview":"max-video-preview:-1"},"canonical":"https:\/\/www.article-marketing.eu\/comunicati\/societa\/attualita-e-news\/lo-sfogo-di-un-parrucchiere-di-roma-in-diretta-su-facebook-erno-rossi\/","og_locale":"it_IT","og_type":"article","og_title":"Lo sfogo di un parrucchiere di Roma\" in diretta su Facebook \"Erno Rossi\"","og_description":"Lo sfogo di un parrucchiere di Roma&#8221; in diretta su Facebook &#8220;Erno Rossi&#8221; by I Parrucchieri Italia Creativa , dopo la decisione del Governo di far riaprire I parrucchieri il 1 Giugno &#8230;. Noi siamo pronti a riaprire, ma aspettiamo ancora i sussidi promessi&#8221;&#8230; ECCO IL LINK: https:\/\/m.facebook.com\/story.php?story_fbid=2356579341318130&amp;id=100008982601549 Anche i colleghi Parrucchieri, Barbieri ed Estetiste: \u201criaperture non prima di Giugno\u201d. Artigiani disperati. Potrebbero dover aspettare fino a giugno parrucchieri edContinue reading...","og_url":"https:\/\/www.article-marketing.eu\/comunicati\/societa\/attualita-e-news\/lo-sfogo-di-un-parrucchiere-di-roma-in-diretta-su-facebook-erno-rossi\/","og_site_name":"Article Marketing","article_published_time":"2020-04-28T14:57:40+00:00","article_modified_time":"2020-04-28T22:19:27+00:00","og_image":[{"width":1920,"height":1080,"url":"https:\/\/www.article-marketing.eu\/comunicati\/wp-content\/uploads\/2020\/04\/lo-sfogo-di-un-parrucchiere-su-facebook-erno-rossi.jpg","type":"image\/jpeg"}],"author":"Redazione Comunicati Stampa","twitter_card":"summary_large_image","twitter_misc":{"Scritto da":"Redazione Comunicati Stampa","Tempo di lettura stimato":"3 minuti"},"schema":{"@context":"https:\/\/schema.org","@graph":[{"@type":"Article","@id":"https:\/\/www.article-marketing.eu\/comunicati\/societa\/attualita-e-news\/lo-sfogo-di-un-parrucchiere-di-roma-in-diretta-su-facebook-erno-rossi\/#article","isPartOf":{"@id":"https:\/\/www.article-marketing.eu\/comunicati\/societa\/attualita-e-news\/lo-sfogo-di-un-parrucchiere-di-roma-in-diretta-su-facebook-erno-rossi\/"},"author":{"name":"Redazione Comunicati Stampa","@id":"https:\/\/www.article-marketing.eu\/comunicati\/#\/schema\/person\/44372e4d4d0fa797b18e03ed1ace9017"},"headline":"Lo sfogo di un parrucchiere di Roma&#8221; in diretta su Facebook &#8220;Erno Rossi&#8221;","datePublished":"2020-04-28T14:57:40+00:00","dateModified":"2020-04-28T22:19:27+00:00","mainEntityOfPage":{"@id":"https:\/\/www.article-marketing.eu\/comunicati\/societa\/attualita-e-news\/lo-sfogo-di-un-parrucchiere-di-roma-in-diretta-su-facebook-erno-rossi\/"},"wordCount":510,"commentCount":0,"image":{"@id":"https:\/\/www.article-marketing.eu\/comunicati\/societa\/attualita-e-news\/lo-sfogo-di-un-parrucchiere-di-roma-in-diretta-su-facebook-erno-rossi\/#primaryimage"},"thumbnailUrl":"https:\/\/www.article-marketing.eu\/comunicati\/wp-content\/uploads\/2020\/04\/lo-sfogo-di-un-parrucchiere-su-facebook-erno-rossi.jpg","keywords":["i parrucchieri Italia creativa"],"articleSection":["Attualit\u00e0 e News"],"inLanguage":"it-IT","potentialAction":[{"@type":"CommentAction","name":"Comment","target":["https:\/\/www.article-marketing.eu\/comunicati\/societa\/attualita-e-news\/lo-sfogo-di-un-parrucchiere-di-roma-in-diretta-su-facebook-erno-rossi\/#respond"]}]},{"@type":"WebPage","@id":"https:\/\/www.article-marketing.eu\/comunicati\/societa\/attualita-e-news\/lo-sfogo-di-un-parrucchiere-di-roma-in-diretta-su-facebook-erno-rossi\/","url":"https:\/\/www.article-marketing.eu\/comunicati\/societa\/attualita-e-news\/lo-sfogo-di-un-parrucchiere-di-roma-in-diretta-su-facebook-erno-rossi\/","name":"Lo sfogo di un parrucchiere di Roma\" in diretta su Facebook \"Erno Rossi\"","isPartOf":{"@id":"https:\/\/www.article-marketing.eu\/comunicati\/#website"},"primaryImageOfPage":{"@id":"https:\/\/www.article-marketing.eu\/comunicati\/societa\/attualita-e-news\/lo-sfogo-di-un-parrucchiere-di-roma-in-diretta-su-facebook-erno-rossi\/#primaryimage"},"image":{"@id":"https:\/\/www.article-marketing.eu\/comunicati\/societa\/attualita-e-news\/lo-sfogo-di-un-parrucchiere-di-roma-in-diretta-su-facebook-erno-rossi\/#primaryimage"},"thumbnailUrl":"https:\/\/www.article-marketing.eu\/comunicati\/wp-content\/uploads\/2020\/04\/lo-sfogo-di-un-parrucchiere-su-facebook-erno-rossi.jpg","datePublished":"2020-04-28T14:57:40+00:00","dateModified":"2020-04-28T22:19:27+00:00","author":{"@id":"https:\/\/www.article-marketing.eu\/comunicati\/#\/schema\/person\/44372e4d4d0fa797b18e03ed1ace9017"},"breadcrumb":{"@id":"https:\/\/www.article-marketing.eu\/comunicati\/societa\/attualita-e-news\/lo-sfogo-di-un-parrucchiere-di-roma-in-diretta-su-facebook-erno-rossi\/#breadcrumb"},"inLanguage":"it-IT","potentialAction":[{"@type":"ReadAction","target":["https:\/\/www.article-marketing.eu\/comunicati\/societa\/attualita-e-news\/lo-sfogo-di-un-parrucchiere-di-roma-in-diretta-su-facebook-erno-rossi\/"]}]},{"@type":"BreadcrumbList","@id":"https:\/\/www.article-marketing.eu\/comunicati\/societa\/attualita-e-news\/lo-sfogo-di-un-parrucchiere-di-roma-in-diretta-su-facebook-erno-rossi\/#breadcrumb","itemListElement":[{"@type":"ListItem","position":1,"name":"Home","item":"https:\/\/www.article-marketing.eu\/comunicati\/"},{"@type":"ListItem","position":2,"name":"Lo sfogo di un parrucchiere di Roma&#8221; in diretta su Facebook &#8220;Erno Rossi&#8221;"}]},{"@type":"WebSite","@id":"https:\/\/www.article-marketing.eu\/comunicati\/#website","url":"https:\/\/www.article-marketing.eu\/comunicati\/","name":"Article Marketing","description":"article marketing &amp; press release","potentialAction":[{"@type":"SearchAction","target":{"@type":"EntryPoint","urlTemplate":"https:\/\/www.article-marketing.eu\/comunicati\/?s={search_term_string}"},"query-input":{"@type":"PropertyValueSpecification","valueRequired":true,"valueName":"search_term_string"}}],"inLanguage":"it-IT"},{"@type":"Person","@id":"https:\/\/www.article-marketing.eu\/comunicati\/#\/schema\/person\/44372e4d4d0fa797b18e03ed1ace9017","name":"Redazione Comunicati Stampa","image":{"@type":"ImageObject","inLanguage":"it-IT","@id":"https:\/\/www.article-marketing.eu\/comunicati\/#\/schema\/person\/image\/","url":"https:\/\/secure.gravatar.com\/avatar\/50e5c6421d3072f42e7ace803501602c60d75233d34e29fd05feb91c8760b792?s=96&d=mm&r=g","contentUrl":"https:\/\/secure.gravatar.com\/avatar\/50e5c6421d3072f42e7ace803501602c60d75233d34e29fd05feb91c8760b792?s=96&d=mm&r=g","caption":"Redazione Comunicati Stampa"},"url":"https:\/\/www.article-marketing.eu\/comunicati\/author\/redazione-comunicati-stampa\/"}]}},"_links":{"self":[{"href":"https:\/\/www.article-marketing.eu\/comunicati\/wp-json\/wp\/v2\/posts\/66222","targetHints":{"allow":["GET"]}}],"collection":[{"href":"https:\/\/www.article-marketing.eu\/comunicati\/wp-json\/wp\/v2\/posts"}],"about":[{"href":"https:\/\/www.article-marketing.eu\/comunicati\/wp-json\/wp\/v2\/types\/post"}],"author":[{"embeddable":true,"href":"https:\/\/www.article-marketing.eu\/comunicati\/wp-json\/wp\/v2\/users\/10"}],"replies":[{"embeddable":true,"href":"https:\/\/www.article-marketing.eu\/comunicati\/wp-json\/wp\/v2\/comments?post=66222"}],"version-history":[{"count":3,"href":"https:\/\/www.article-marketing.eu\/comunicati\/wp-json\/wp\/v2\/posts\/66222\/revisions"}],"predecessor-version":[{"id":66228,"href":"https:\/\/www.article-marketing.eu\/comunicati\/wp-json\/wp\/v2\/posts\/66222\/revisions\/66228"}],"wp:featuredmedia":[{"embeddable":true,"href":"https:\/\/www.article-marketing.eu\/comunicati\/wp-json\/wp\/v2\/media\/66225"}],"wp:attachment":[{"href":"https:\/\/www.article-marketing.eu\/comunicati\/wp-json\/wp\/v2\/media?parent=66222"}],"wp:term":[{"taxonomy":"category","embeddable":true,"href":"https:\/\/www.article-marketing.eu\/comunicati\/wp-json\/wp\/v2\/categories?post=66222"},{"taxonomy":"post_tag","embeddable":true,"href":"https:\/\/www.article-marketing.eu\/comunicati\/wp-json\/wp\/v2\/tags?post=66222"}],"curies":[{"name":"wp","href":"https:\/\/api.w.org\/{rel}","templated":true}]}}