{"id":664,"date":"2008-09-24T17:39:29","date_gmt":"2008-09-24T15:39:29","guid":{"rendered":"http:\/\/www.article-marketing.eu\/comunicati\/senza-categoria\/sardegna-al-ritmo-di-blues-e-jazz\/"},"modified":"2008-09-24T17:39:29","modified_gmt":"2008-09-24T15:39:29","slug":"sardegna-al-ritmo-di-blues-e-jazz","status":"publish","type":"post","link":"https:\/\/www.article-marketing.eu\/comunicati\/viaggi-e-vacanze\/sardegna-al-ritmo-di-blues-e-jazz\/","title":{"rendered":"Sardegna al ritmo di  Blues e Jazz"},"content":{"rendered":"<p>&#8220;Rocce Rosse and Blues&#8221;, &#8220;Time in Jazz&#8221;, &#8220;Ai confini tra Sardegna e Jazz&#8221;, &#8220;Narcao Blues&#8221;, &#8220;European jazz exp\u00f2&#8221; per citare i nomi pi\u00f9 conosciuti. Manifestazioni musicali come queste ormai  si ripetono da diversi anni, generalmente durante la stagione estiva. Il jazz e il blues sono protagonisti in sardegna e non mancano altri gruppi ad animare le serate delle diverse rassegne.<\/p>\n<p>Sono tanti i turisti (e i sardi), sia appassionati che semplici curiosi, che si spostano da una localit\u00e0 all\u2019altra dell\u2019isola per assistere a questi eventi. C&#8217;\u00e8 chi decide di prendere parte ad un singolo concerto trascorrendo nella localit\u00e0 specifica una sola giornata. C&#8217;\u00e8 invece chi sceglie di passare pi\u00f9 giorni nella localit\u00e0 in cui si svolgono i concerti.<\/p>\n<p>Molte persone che scelgono una vacanza in sardegna, trascorrono le ferie sulla costa e dedicano il loro tempo quasi esclusivamente a rilassarsi al mare, sulle meravigliose spiagge che la sardegna offre. Molti desiderano conoscere anche il resto dell\u2019isola, l\u2019entroterra pi\u00f9 nascosto e autentico, l&#8217;altra sardegna. Si possono scoprire in questo modo luoghi molto diversi tra loro, ricchi di suggestioni e unici per le loro caratteristiche naturalistiche e culturali.   <\/p>\n<p>Una vera occasione per conoscere una zona bellissima dell&#8217;isola, per gustarne i sapori, i profumi, i colori e soprattutto i suoni, \u00e8 <i>Time in jazz<\/i>, la rassegna di musica jazz ideata e organizzata dal noto trombettista sardo Paolo Fresu. Sicuramente una delle pi\u00f9 conosciute in sardegna. I concerti si tengono nelle cornici pi\u00f9 inconsuete e affascinanti, tra le montagne, vicino a laghi, davanti alle chiese campestri, nelle piazzette dei paesi o all&#8217;interno di locations come il museo regionale del vino. \u00c8 difficile non essere rapiti e coinvolti dalla musica. L&#8217;atmosfera \u00e8 unica e la contemporanea presenza di scenari naturali,note musicali e persone \u00e8 magica. <\/p>\n<p>Il festival si svolge la seconda settimana del mese di agosto a Berchidda, nella regione storica del Logudoro al confine con la Gallura, nella sardegna centro-settentrionale. Il paese, abbarbicato sulle pendici del monte Limbara, \u00e8 circondato dai boschi e dai vigneti del giogantinu e del vermentino, immerso in mezzo alle montagne, vicino al lago Coghinas. La zona presenta una discreta quantit\u00e0 di strutture ricettive per chi desidera soggiornare vicino ai luoghi di Time in Jazz, naturalmente prenotando con largo anticipo viste le richieste.  <\/p>\n<p>A Berchidda e nei paesi vicini, come Pattada, Monti ed Oschiri, sono presenti alcuni hotel, bed and breakfast e agriturismi. A poche decine di km si trovano localit\u00e0 costiere rinomate come Budoni, San Teodoro, Olbia e la Costa Smeralda. Si tratta di localit\u00e0 con tantissime strutture ricettive e dove sar\u00e0 sicuramente pi\u00f9 facile trovare posti disponibili. <a href=\"http:\/\/it.sardegne.com\/vacanze\/san-teodoro\/\">San teodoro<\/a>, in particolare, offre veramente tante possibilit\u00e0 di sistemazione per tutti i gusti, residence, hotel, camping e una grande quantit\u00e0 di case da affittare.<\/p>\n","protected":false},"excerpt":{"rendered":"<p>In sardegna d&#8217;estate e in autunno si svolgono diverse rassegne di musica blues o jazz. I festival si tengono in localit\u00e0, prevalentemente, dell&#8217;interno dell&#8217;isola rappresentando cos\u00ec un&#8217;occasione per spostarsi dal mare verso l&#8217;entroterra e scoprire una sardegna diversa e autentica.<\/p>\n","protected":false},"author":10,"featured_media":0,"comment_status":"open","ping_status":"open","sticky":false,"template":"","format":"standard","meta":{"cybocfi_hide_featured_image":"","footnotes":""},"categories":[280],"tags":[2351,2350,45,1086,3],"class_list":["post-664","post","type-post","status-publish","format-standard","hentry","category-viaggi-e-vacanze","tag-blues","tag-jazz","tag-musica","tag-sardegna","tag-vacanze"],"yoast_head":"<!-- This site is optimized with the Yoast SEO plugin v27.0 - https:\/\/yoast.com\/product\/yoast-seo-wordpress\/ -->\n<title>Sardegna al ritmo di Blues e Jazz - Article Marketing<\/title>\n<meta name=\"robots\" content=\"index, follow, max-snippet:-1, max-image-preview:large, max-video-preview:-1\" \/>\n<link rel=\"canonical\" href=\"https:\/\/www.article-marketing.eu\/comunicati\/viaggi-e-vacanze\/sardegna-al-ritmo-di-blues-e-jazz\/\" \/>\n<meta property=\"og:locale\" content=\"it_IT\" \/>\n<meta property=\"og:type\" content=\"article\" \/>\n<meta property=\"og:title\" content=\"Sardegna al ritmo di Blues e Jazz - Article Marketing\" \/>\n<meta property=\"og:description\" content=\"In sardegna d&#039;estate e in autunno si svolgono diverse rassegne di musica blues o jazz. I festival si tengono in localit\u00e0, prevalentemente, dell&#039;interno dell&#039;isola rappresentando cos\u00ec un&#039;occasione per spostarsi dal mare verso l&#039;entroterra e scoprire una sardegna diversa e autentica.\" \/>\n<meta property=\"og:url\" content=\"https:\/\/www.article-marketing.eu\/comunicati\/viaggi-e-vacanze\/sardegna-al-ritmo-di-blues-e-jazz\/\" \/>\n<meta property=\"og:site_name\" content=\"Article Marketing\" \/>\n<meta property=\"article:published_time\" content=\"2008-09-24T15:39:29+00:00\" \/>\n<meta name=\"author\" content=\"Redazione Comunicati Stampa\" \/>\n<meta name=\"twitter:card\" content=\"summary_large_image\" \/>\n<meta name=\"twitter:label1\" content=\"Scritto da\" \/>\n\t<meta name=\"twitter:data1\" content=\"Redazione Comunicati Stampa\" \/>\n\t<meta name=\"twitter:label2\" content=\"Tempo di lettura stimato\" \/>\n\t<meta name=\"twitter:data2\" content=\"2 minuti\" \/>\n<script type=\"application\/ld+json\" class=\"yoast-schema-graph\">{\"@context\":\"https:\/\/schema.org\",\"@graph\":[{\"@type\":\"Article\",\"@id\":\"https:\/\/www.article-marketing.eu\/comunicati\/viaggi-e-vacanze\/sardegna-al-ritmo-di-blues-e-jazz\/#article\",\"isPartOf\":{\"@id\":\"https:\/\/www.article-marketing.eu\/comunicati\/viaggi-e-vacanze\/sardegna-al-ritmo-di-blues-e-jazz\/\"},\"author\":{\"name\":\"Redazione Comunicati Stampa\",\"@id\":\"https:\/\/www.article-marketing.eu\/comunicati\/#\/schema\/person\/44372e4d4d0fa797b18e03ed1ace9017\"},\"headline\":\"Sardegna al ritmo di Blues e Jazz\",\"datePublished\":\"2008-09-24T15:39:29+00:00\",\"mainEntityOfPage\":{\"@id\":\"https:\/\/www.article-marketing.eu\/comunicati\/viaggi-e-vacanze\/sardegna-al-ritmo-di-blues-e-jazz\/\"},\"wordCount\":461,\"commentCount\":0,\"keywords\":[\"blues\",\"jazz\",\"musica\",\"sardegna\",\"vacanze\"],\"articleSection\":[\"Viaggi e vacanze\"],\"inLanguage\":\"it-IT\",\"potentialAction\":[{\"@type\":\"CommentAction\",\"name\":\"Comment\",\"target\":[\"https:\/\/www.article-marketing.eu\/comunicati\/viaggi-e-vacanze\/sardegna-al-ritmo-di-blues-e-jazz\/#respond\"]}]},{\"@type\":\"WebPage\",\"@id\":\"https:\/\/www.article-marketing.eu\/comunicati\/viaggi-e-vacanze\/sardegna-al-ritmo-di-blues-e-jazz\/\",\"url\":\"https:\/\/www.article-marketing.eu\/comunicati\/viaggi-e-vacanze\/sardegna-al-ritmo-di-blues-e-jazz\/\",\"name\":\"Sardegna al ritmo di Blues e Jazz - Article Marketing\",\"isPartOf\":{\"@id\":\"https:\/\/www.article-marketing.eu\/comunicati\/#website\"},\"datePublished\":\"2008-09-24T15:39:29+00:00\",\"author\":{\"@id\":\"https:\/\/www.article-marketing.eu\/comunicati\/#\/schema\/person\/44372e4d4d0fa797b18e03ed1ace9017\"},\"breadcrumb\":{\"@id\":\"https:\/\/www.article-marketing.eu\/comunicati\/viaggi-e-vacanze\/sardegna-al-ritmo-di-blues-e-jazz\/#breadcrumb\"},\"inLanguage\":\"it-IT\",\"potentialAction\":[{\"@type\":\"ReadAction\",\"target\":[\"https:\/\/www.article-marketing.eu\/comunicati\/viaggi-e-vacanze\/sardegna-al-ritmo-di-blues-e-jazz\/\"]}]},{\"@type\":\"BreadcrumbList\",\"@id\":\"https:\/\/www.article-marketing.eu\/comunicati\/viaggi-e-vacanze\/sardegna-al-ritmo-di-blues-e-jazz\/#breadcrumb\",\"itemListElement\":[{\"@type\":\"ListItem\",\"position\":1,\"name\":\"Home\",\"item\":\"https:\/\/www.article-marketing.eu\/comunicati\/\"},{\"@type\":\"ListItem\",\"position\":2,\"name\":\"Sardegna al ritmo di Blues e Jazz\"}]},{\"@type\":\"WebSite\",\"@id\":\"https:\/\/www.article-marketing.eu\/comunicati\/#website\",\"url\":\"https:\/\/www.article-marketing.eu\/comunicati\/\",\"name\":\"Article Marketing\",\"description\":\"article marketing &amp; press release\",\"potentialAction\":[{\"@type\":\"SearchAction\",\"target\":{\"@type\":\"EntryPoint\",\"urlTemplate\":\"https:\/\/www.article-marketing.eu\/comunicati\/?s={search_term_string}\"},\"query-input\":{\"@type\":\"PropertyValueSpecification\",\"valueRequired\":true,\"valueName\":\"search_term_string\"}}],\"inLanguage\":\"it-IT\"},{\"@type\":\"Person\",\"@id\":\"https:\/\/www.article-marketing.eu\/comunicati\/#\/schema\/person\/44372e4d4d0fa797b18e03ed1ace9017\",\"name\":\"Redazione Comunicati Stampa\",\"image\":{\"@type\":\"ImageObject\",\"inLanguage\":\"it-IT\",\"@id\":\"https:\/\/www.article-marketing.eu\/comunicati\/#\/schema\/person\/image\/\",\"url\":\"https:\/\/secure.gravatar.com\/avatar\/50e5c6421d3072f42e7ace803501602c60d75233d34e29fd05feb91c8760b792?s=96&d=mm&r=g\",\"contentUrl\":\"https:\/\/secure.gravatar.com\/avatar\/50e5c6421d3072f42e7ace803501602c60d75233d34e29fd05feb91c8760b792?s=96&d=mm&r=g\",\"caption\":\"Redazione Comunicati Stampa\"},\"url\":\"https:\/\/www.article-marketing.eu\/comunicati\/author\/redazione-comunicati-stampa\/\"}]}<\/script>\n<!-- \/ Yoast SEO plugin. -->","yoast_head_json":{"title":"Sardegna al ritmo di Blues e Jazz - Article Marketing","robots":{"index":"index","follow":"follow","max-snippet":"max-snippet:-1","max-image-preview":"max-image-preview:large","max-video-preview":"max-video-preview:-1"},"canonical":"https:\/\/www.article-marketing.eu\/comunicati\/viaggi-e-vacanze\/sardegna-al-ritmo-di-blues-e-jazz\/","og_locale":"it_IT","og_type":"article","og_title":"Sardegna al ritmo di Blues e Jazz - Article Marketing","og_description":"In sardegna d'estate e in autunno si svolgono diverse rassegne di musica blues o jazz. I festival si tengono in localit\u00e0, prevalentemente, dell'interno dell'isola rappresentando cos\u00ec un'occasione per spostarsi dal mare verso l'entroterra e scoprire una sardegna diversa e autentica.","og_url":"https:\/\/www.article-marketing.eu\/comunicati\/viaggi-e-vacanze\/sardegna-al-ritmo-di-blues-e-jazz\/","og_site_name":"Article Marketing","article_published_time":"2008-09-24T15:39:29+00:00","author":"Redazione Comunicati Stampa","twitter_card":"summary_large_image","twitter_misc":{"Scritto da":"Redazione Comunicati Stampa","Tempo di lettura stimato":"2 minuti"},"schema":{"@context":"https:\/\/schema.org","@graph":[{"@type":"Article","@id":"https:\/\/www.article-marketing.eu\/comunicati\/viaggi-e-vacanze\/sardegna-al-ritmo-di-blues-e-jazz\/#article","isPartOf":{"@id":"https:\/\/www.article-marketing.eu\/comunicati\/viaggi-e-vacanze\/sardegna-al-ritmo-di-blues-e-jazz\/"},"author":{"name":"Redazione Comunicati Stampa","@id":"https:\/\/www.article-marketing.eu\/comunicati\/#\/schema\/person\/44372e4d4d0fa797b18e03ed1ace9017"},"headline":"Sardegna al ritmo di Blues e Jazz","datePublished":"2008-09-24T15:39:29+00:00","mainEntityOfPage":{"@id":"https:\/\/www.article-marketing.eu\/comunicati\/viaggi-e-vacanze\/sardegna-al-ritmo-di-blues-e-jazz\/"},"wordCount":461,"commentCount":0,"keywords":["blues","jazz","musica","sardegna","vacanze"],"articleSection":["Viaggi e vacanze"],"inLanguage":"it-IT","potentialAction":[{"@type":"CommentAction","name":"Comment","target":["https:\/\/www.article-marketing.eu\/comunicati\/viaggi-e-vacanze\/sardegna-al-ritmo-di-blues-e-jazz\/#respond"]}]},{"@type":"WebPage","@id":"https:\/\/www.article-marketing.eu\/comunicati\/viaggi-e-vacanze\/sardegna-al-ritmo-di-blues-e-jazz\/","url":"https:\/\/www.article-marketing.eu\/comunicati\/viaggi-e-vacanze\/sardegna-al-ritmo-di-blues-e-jazz\/","name":"Sardegna al ritmo di Blues e Jazz - Article Marketing","isPartOf":{"@id":"https:\/\/www.article-marketing.eu\/comunicati\/#website"},"datePublished":"2008-09-24T15:39:29+00:00","author":{"@id":"https:\/\/www.article-marketing.eu\/comunicati\/#\/schema\/person\/44372e4d4d0fa797b18e03ed1ace9017"},"breadcrumb":{"@id":"https:\/\/www.article-marketing.eu\/comunicati\/viaggi-e-vacanze\/sardegna-al-ritmo-di-blues-e-jazz\/#breadcrumb"},"inLanguage":"it-IT","potentialAction":[{"@type":"ReadAction","target":["https:\/\/www.article-marketing.eu\/comunicati\/viaggi-e-vacanze\/sardegna-al-ritmo-di-blues-e-jazz\/"]}]},{"@type":"BreadcrumbList","@id":"https:\/\/www.article-marketing.eu\/comunicati\/viaggi-e-vacanze\/sardegna-al-ritmo-di-blues-e-jazz\/#breadcrumb","itemListElement":[{"@type":"ListItem","position":1,"name":"Home","item":"https:\/\/www.article-marketing.eu\/comunicati\/"},{"@type":"ListItem","position":2,"name":"Sardegna al ritmo di Blues e Jazz"}]},{"@type":"WebSite","@id":"https:\/\/www.article-marketing.eu\/comunicati\/#website","url":"https:\/\/www.article-marketing.eu\/comunicati\/","name":"Article Marketing","description":"article marketing &amp; press release","potentialAction":[{"@type":"SearchAction","target":{"@type":"EntryPoint","urlTemplate":"https:\/\/www.article-marketing.eu\/comunicati\/?s={search_term_string}"},"query-input":{"@type":"PropertyValueSpecification","valueRequired":true,"valueName":"search_term_string"}}],"inLanguage":"it-IT"},{"@type":"Person","@id":"https:\/\/www.article-marketing.eu\/comunicati\/#\/schema\/person\/44372e4d4d0fa797b18e03ed1ace9017","name":"Redazione Comunicati Stampa","image":{"@type":"ImageObject","inLanguage":"it-IT","@id":"https:\/\/www.article-marketing.eu\/comunicati\/#\/schema\/person\/image\/","url":"https:\/\/secure.gravatar.com\/avatar\/50e5c6421d3072f42e7ace803501602c60d75233d34e29fd05feb91c8760b792?s=96&d=mm&r=g","contentUrl":"https:\/\/secure.gravatar.com\/avatar\/50e5c6421d3072f42e7ace803501602c60d75233d34e29fd05feb91c8760b792?s=96&d=mm&r=g","caption":"Redazione Comunicati Stampa"},"url":"https:\/\/www.article-marketing.eu\/comunicati\/author\/redazione-comunicati-stampa\/"}]}},"_links":{"self":[{"href":"https:\/\/www.article-marketing.eu\/comunicati\/wp-json\/wp\/v2\/posts\/664","targetHints":{"allow":["GET"]}}],"collection":[{"href":"https:\/\/www.article-marketing.eu\/comunicati\/wp-json\/wp\/v2\/posts"}],"about":[{"href":"https:\/\/www.article-marketing.eu\/comunicati\/wp-json\/wp\/v2\/types\/post"}],"author":[{"embeddable":true,"href":"https:\/\/www.article-marketing.eu\/comunicati\/wp-json\/wp\/v2\/users\/10"}],"replies":[{"embeddable":true,"href":"https:\/\/www.article-marketing.eu\/comunicati\/wp-json\/wp\/v2\/comments?post=664"}],"version-history":[{"count":0,"href":"https:\/\/www.article-marketing.eu\/comunicati\/wp-json\/wp\/v2\/posts\/664\/revisions"}],"wp:attachment":[{"href":"https:\/\/www.article-marketing.eu\/comunicati\/wp-json\/wp\/v2\/media?parent=664"}],"wp:term":[{"taxonomy":"category","embeddable":true,"href":"https:\/\/www.article-marketing.eu\/comunicati\/wp-json\/wp\/v2\/categories?post=664"},{"taxonomy":"post_tag","embeddable":true,"href":"https:\/\/www.article-marketing.eu\/comunicati\/wp-json\/wp\/v2\/tags?post=664"}],"curies":[{"name":"wp","href":"https:\/\/api.w.org\/{rel}","templated":true}]}}