{"id":66435,"date":"2021-11-27T08:52:18","date_gmt":"2021-11-27T07:52:18","guid":{"rendered":"https:\/\/www.article-marketing.eu\/comunicati\/?p=66435"},"modified":"2021-11-29T00:16:35","modified_gmt":"2021-11-28T23:16:35","slug":"la-madre-piu-giovane-del-mondo-che-ha-partorito-alleta-di-5-anni","status":"publish","type":"post","link":"https:\/\/www.article-marketing.eu\/comunicati\/salute-e-benessere\/medicina\/la-madre-piu-giovane-del-mondo-che-ha-partorito-alleta-di-5-anni\/","title":{"rendered":"La madre pi\u00f9 giovane del mondo che ha partorito all&#8217;et\u00e0 di 5 anni"},"content":{"rendered":"<h1>La madre pi\u00f9 giovane del mondo che ha partorito all&#8217;et\u00e0 di 5 anni<\/h1>\n<h2>Lina Medina<\/h2>\n<p>Lina Medina dopo il parto nel 1939<br \/>\nLina Marcela Medina si conferma la madre pi\u00f9 giovane della storia, partorendo alla giovane et\u00e0 di 5 anni e 7 mesi.\u00a0Lina \u00e8 nata il 23 settembre 1933, in Per\u00f9.<br \/>\nVeniva da quella che sembrava essere una famiglia umile, sua madre di nome Victoria Losea che era una casalinga e suo padre di nome Tiburelo Medina che era un argentiere.<\/p>\n<p id=\"ab95\" class=\"ii ij as ik b ej il im em in io ip iq er ir is eu it iu ex iv di eh\" data-selectable-paragraph=\"\">All&#8217;et\u00e0 di 5 e 6 mesi, i suoi genitori hanno notato un gonfiore addominale anormale che a prima vista hanno pensato che potesse essere una sorta di tumore, ma non avrebbero mai immaginato che alla diagnosi del dottor Gerardo Lozada, Lina fosse incinta di 7 mesi .\u00a0All&#8217;inizio, i genitori non immaginavano nemmeno che fosse possibile essere incinta a quell&#8217;et\u00e0 e presero il dottor Gerardo per uno sciocco.\u00a0Pertanto hanno portato Lina da uno specialista che ha effettivamente confermato la diagnosi originale.<\/p>\n<h1 id=\"8e5a\" class=\"jo jp as ar jq jr js jt ju jv jw jx jy jz ka kb kc kd ke kf kg eh\" data-selectable-paragraph=\"\">Stupro, incesto o qualcosa di pi\u00f9 spaventoso?<\/h1>\n<p id=\"848a\" class=\"ii ij as ik b ej kh im em ki io ip kj er ir kk eu it kl ex iv di eh\" data-selectable-paragraph=\"\">Dopo aver sentito questa notizia, il medico ha chiamato la polizia che ha immediatamente arrestato il padre di Lina come primo sospettato. Dopo una settimana di interrogatori, la polizia ha dovuto rilasciare Tiburelo in quanto non disponeva di prove sufficienti per dimostrare che il padre aveva stuprato sua figlia. Il secondo sospettato era il cugino di Lina che apparentemente aveva difficolt\u00e0 mentali che facevano pensare alle autorit\u00e0 che sarebbe stato in grado di compiere un atto cos\u00ec orribile, ma ancora una volta senza prove, la polizia non \u00e8 stata in grado di perseguirlo come il padre del figlio di Lina.<\/p>\n<figure class=\"hi hj hk hl hm hn da db paragraph-image\">\n<div class=\"da db km\">\n<div class=\"hw r fe hx\">\n<div class=\"kn hz r\">\n<div class=\"hr hs s t u ht ai br hu hv\"><img loading=\"lazy\" decoding=\"async\" class=\"aligncenter size-full wp-image-67517\" src=\"https:\/\/www.article-marketing.eu\/comunicati\/wp-content\/uploads\/2030\/07\/lina-medina-genitori.jpg\" alt=\"Victoria Losea e Tiburelo Medina (i genitori di Lina)\" width=\"1366\" height=\"768\" srcset=\"https:\/\/www.article-marketing.eu\/comunicati\/wp-content\/uploads\/2030\/07\/lina-medina-genitori.jpg 1366w, https:\/\/www.article-marketing.eu\/comunicati\/wp-content\/uploads\/2030\/07\/lina-medina-genitori-300x169.jpg 300w, https:\/\/www.article-marketing.eu\/comunicati\/wp-content\/uploads\/2030\/07\/lina-medina-genitori-1024x576.jpg 1024w, https:\/\/www.article-marketing.eu\/comunicati\/wp-content\/uploads\/2030\/07\/lina-medina-genitori-768x432.jpg 768w, https:\/\/www.article-marketing.eu\/comunicati\/wp-content\/uploads\/2030\/07\/lina-medina-genitori-720x405.jpg 720w\" sizes=\"auto, (max-width: 1366px) 100vw, 1366px\" \/><\/div>\n<p>&nbsp;<\/p>\n<\/div>\n<\/div>\n<\/div><figcaption class=\"ie if dc da db ig ih ar cj fs at aw\" data-selectable-paragraph=\"\"><em>Victoria Losea e Tiburelo Medina (i genitori di Lina)<\/em><\/figcaption><\/figure>\n<p id=\"43b4\" class=\"ii ij as ik b ej il im em in io ip iq er ir is eu it iu ex iv di eh\" data-selectable-paragraph=\"\">Le autorit\u00e0 hanno cercato di ottenere alcune risposte da Lina alla presenza di sua madre per vedere se si ricordava di averla ferita o violentata.\u00a0Con la bambina estremamente confusa su tutto ci\u00f2 che le stava accadendo, la polizia non ha ancora portato a potenziali sospetti o sospetti.\u00a0Senza ulteriori prove, n\u00e9 indizi, le autorit\u00e0 hanno abbandonato il caso.<\/p>\n<p id=\"bd0f\" class=\"ii ij as ik b ej il im em in io ip iq er ir is eu it iu ex iv di eh\" data-selectable-paragraph=\"\">In un articolo sul caso del 1955, l&#8217;autore Luis Leon afferma che molti dei remoti villaggi del Per\u00f9 hanno organizzato regolari &#8220;feste religiose&#8221; che hanno portato a sesso di gruppo o addirittura a stupri che includevano minori o bambini di giovani come Lina.\u00a0In assenza di una teoria pi\u00f9 plausibile sul caso di Lina, si ritiene che sia stata di fatto violentata in uno di questi strani e malati festival.<\/p>\n<h1 id=\"0a20\" class=\"jo jp as ar jq jr js jt ju jv jw jx jy jz ka kb kc kd ke kf kg eh\" data-selectable-paragraph=\"\">Parto all&#8217;et\u00e0 di 5 anni<\/h1>\n<p id=\"2dd2\" class=\"ii ij as ik b ej kh im em ki io ip kj er ir kk eu it kl ex iv di eh\" data-selectable-paragraph=\"\">A causa della sua giovane et\u00e0 e del corpo non sviluppato per una gravidanza, l&#8217;unico modo per lei di dare alla luce il bambino era attraverso un <strong>taglio cesareo<\/strong>, questo comportava molti rischi che avrebbero potuto mettere a rischio la vita di Lina.\u00a0Quando Lina era incinta di 8 mesi e i suoi genitori erano sotto pressione dai media, sua madre ha confessato che Lina ha iniziato le sue mestruazioni all&#8217;et\u00e0 di 3 anni. In seguito \u00e8 stata scoperta da specialisti che soffriva di una condizione nota come <strong>pubert\u00e0 precoce<\/strong>, nel senso che i suoi organi sessuali si sarebbero sviluppati in tenera et\u00e0, le ghiandole che secernono la crescita e gli <strong>ormoni sessuali<\/strong> iniziano a funzionare in modo anomalo all&#8217;inizio della vita, causando questa condizione.<br \/>\nLa causa esatta di questa condizione \u00e8 ancora sconosciuta.<\/p>\n<figure class=\"hi hj hk hl hm hn da db paragraph-image\">\n<div class=\"da db ko\">\n<div class=\"hw r fe hx\">\n<div class=\"kp hz r\">\n<div class=\"hr hs s t u ht ai br hu hv\"><img loading=\"lazy\" decoding=\"async\" class=\"aligncenter size-full wp-image-67518\" src=\"https:\/\/www.article-marketing.eu\/comunicati\/wp-content\/uploads\/2030\/07\/lina-medina-dopo-il-parto.jpg\" alt=\"Lina Medina dopo il parto\" width=\"1366\" height=\"768\" srcset=\"https:\/\/www.article-marketing.eu\/comunicati\/wp-content\/uploads\/2030\/07\/lina-medina-dopo-il-parto.jpg 1366w, https:\/\/www.article-marketing.eu\/comunicati\/wp-content\/uploads\/2030\/07\/lina-medina-dopo-il-parto-300x169.jpg 300w, https:\/\/www.article-marketing.eu\/comunicati\/wp-content\/uploads\/2030\/07\/lina-medina-dopo-il-parto-1024x576.jpg 1024w, https:\/\/www.article-marketing.eu\/comunicati\/wp-content\/uploads\/2030\/07\/lina-medina-dopo-il-parto-768x432.jpg 768w, https:\/\/www.article-marketing.eu\/comunicati\/wp-content\/uploads\/2030\/07\/lina-medina-dopo-il-parto-720x405.jpg 720w\" sizes=\"auto, (max-width: 1366px) 100vw, 1366px\" \/><\/div>\n<p>&nbsp;<\/p>\n<\/div>\n<\/div>\n<\/div><figcaption class=\"ie if dc da db ig ih ar cj fs at aw\" data-selectable-paragraph=\"\"><em>Lina si sta riprendendo dopo il parto nel 1939<\/em><\/figcaption><\/figure>\n<p id=\"c0fb\" class=\"ii ij as ik b ej il im em in io ip iq er ir is eu it iu ex iv di eh\" data-selectable-paragraph=\"\">I dottori in maternit\u00e0 sapevano che c&#8217;era un&#8217;alta possibilit\u00e0 per il bambino di avere grosse difficolt\u00e0 in quanto all&#8217;epoca si pensava che il giovane organismo di Lina non fosse sviluppato, quindi non era in grado di offrire al bambino la nutrizione necessaria durante lo sviluppo durante i 9 mesi di <strong>gravidanza<\/strong> .<br \/>\nMiracolosamente, il bambino nacque sano con un peso perfetto di 2,7 chilogrammi e, per coincidenza, il giorno della festa della mamma, il 14 maggio 1939.<\/p>\n<p id=\"efe5\" class=\"ii ij as ik b ej il im em in io ip iq er ir is eu it iu ex iv di eh\" data-selectable-paragraph=\"\">Il bambino si chiamava Gerardo Medina, un nome ispirato al medico di Lina che l&#8217;aiut\u00f2 durante il travaglio.\u00a0L&#8217;identit\u00e0 del padre rimane ancora un mistero fino ai giorni nostri.\u00a0Quel che \u00e8 certo \u00e8 che Lina era un&#8217;altra giovane vittima innocente di abusi sessuali.<br \/>\nCi\u00f2 che \u00e8 pi\u00f9 orribile \u00e8 che ci\u00f2 sta accadendo ancora oggi.<\/p>\n<figure class=\"hi hj hk hl hm hn da db paragraph-image\">\n<div class=\"da db kq\">\n<div class=\"hw r fe hx\">\n<div class=\"kr hz r\">\n<div class=\"hr hs s t u ht ai br hu hv\"><img loading=\"lazy\" decoding=\"async\" class=\"aligncenter wp-image-67519 size-full\" src=\"https:\/\/www.article-marketing.eu\/comunicati\/wp-content\/uploads\/2030\/07\/Gerardo-Medina.jpg\" alt=\"Gerardo figlio di Lina Medina, la donna pi\u00f9 giovane del mondo\" width=\"1366\" height=\"768\" srcset=\"https:\/\/www.article-marketing.eu\/comunicati\/wp-content\/uploads\/2030\/07\/Gerardo-Medina.jpg 1366w, https:\/\/www.article-marketing.eu\/comunicati\/wp-content\/uploads\/2030\/07\/Gerardo-Medina-300x169.jpg 300w, https:\/\/www.article-marketing.eu\/comunicati\/wp-content\/uploads\/2030\/07\/Gerardo-Medina-1024x576.jpg 1024w, https:\/\/www.article-marketing.eu\/comunicati\/wp-content\/uploads\/2030\/07\/Gerardo-Medina-768x432.jpg 768w, https:\/\/www.article-marketing.eu\/comunicati\/wp-content\/uploads\/2030\/07\/Gerardo-Medina-720x405.jpg 720w\" sizes=\"auto, (max-width: 1366px) 100vw, 1366px\" \/><\/div>\n<p>&nbsp;<\/p>\n<\/div>\n<\/div>\n<\/div><figcaption class=\"ie if dc da db ig ih ar cj fs at aw\" data-selectable-paragraph=\"\"><em>Lina con Gerardo all&#8217;et\u00e0 di 1 anno<\/em><\/figcaption><\/figure>\n<p id=\"1415\" class=\"ii ij as ik b ej il im em in io ip iq er ir is eu it iu ex iv di eh\" data-selectable-paragraph=\"\">I genitori di Lina hanno cercato di offrire a suo figlio e al nipote un&#8217;infanzia normale spiegando loro mentre crescevano la relazione tra i due.\u00a0\u00c8 ammirevole che i genitori di Lina abbiano protetto la sua privacy e non abbiano utilizzato la condizione unica di Lina per un guadagno finanziario.\u00a0Molti ricercatori e medici si interessarono molto al caso di Lina e quindi vollero studiare sia lei che il suo bambino.\u00a0I genitori di Lina si sono nuovamente rifiutati perch\u00e9 volevano offrire a Lina un&#8217;infanzia normale.<br \/>\n<img loading=\"lazy\" decoding=\"async\" class=\"aligncenter size-full wp-image-67520\" src=\"https:\/\/www.article-marketing.eu\/comunicati\/wp-content\/uploads\/2030\/07\/Lina-Medina-nel-2018.jpg\" alt=\"Lina Medina - la madre pi\u00f9 giovane del mondo - nel 2018\" width=\"1366\" height=\"768\" srcset=\"https:\/\/www.article-marketing.eu\/comunicati\/wp-content\/uploads\/2030\/07\/Lina-Medina-nel-2018.jpg 1366w, https:\/\/www.article-marketing.eu\/comunicati\/wp-content\/uploads\/2030\/07\/Lina-Medina-nel-2018-300x169.jpg 300w, https:\/\/www.article-marketing.eu\/comunicati\/wp-content\/uploads\/2030\/07\/Lina-Medina-nel-2018-1024x576.jpg 1024w, https:\/\/www.article-marketing.eu\/comunicati\/wp-content\/uploads\/2030\/07\/Lina-Medina-nel-2018-768x432.jpg 768w, https:\/\/www.article-marketing.eu\/comunicati\/wp-content\/uploads\/2030\/07\/Lina-Medina-nel-2018-720x405.jpg 720w\" sizes=\"auto, (max-width: 1366px) 100vw, 1366px\" \/><\/p>\n<p>&nbsp;<\/p>\n<p>Lina Medina nel 2018<\/p>\n<p id=\"0575\" class=\"ii ij as ik b ej il im em in io ip iq er ir is eu it iu ex iv di eh\" data-selectable-paragraph=\"\">Lina \u00e8 ancora viva e vegeta oggi, all&#8217;et\u00e0\u00a0 di 87 anni. Non si sa molto di Gerardo Medina, n\u00e9 negli ultimi decenni poich\u00e9 il pubblico aveva rispettato la privacy della famiglia Medina.<\/p>\n<p data-selectable-paragraph=\"\">FONTE:\u00a0 medium.com<br \/>\nAUTORE: Andrei Tapalaga<\/p>\n","protected":false},"excerpt":{"rendered":"<p>La madre pi\u00f9 giovane del mondo che ha partorito all&#8217;et\u00e0 di 5 anni Lina Medina Lina Medina dopo il parto nel 1939 Lina Marcela Medina si conferma la madre pi\u00f9 giovane della storia, partorendo alla giovane et\u00e0 di 5 anni e 7 mesi.\u00a0Lina \u00e8 nata il 23 settembre 1933, in Per\u00f9. Veniva da quella che sembrava essere una famiglia umile, sua madre di nome Victoria Losea che era una casalinga<\/p>\n<p><a class=\"continue-reading\" href=\"https:\/\/www.article-marketing.eu\/comunicati\/salute-e-benessere\/medicina\/la-madre-piu-giovane-del-mondo-che-ha-partorito-alleta-di-5-anni\/\">Continue reading&#8230;<\/a><\/p>\n","protected":false},"author":11,"featured_media":67516,"comment_status":"open","ping_status":"open","sticky":false,"template":"","format":"standard","meta":{"cybocfi_hide_featured_image":"","footnotes":""},"categories":[55892,70],"tags":[9195,56106,56109,56107,56108],"class_list":["post-66435","post","type-post","status-publish","format-standard","has-post-thumbnail","hentry","category-etica-e-societa","category-medicina","tag-gravidanza","tag-lina-medina","tag-puberta-precoce","tag-taglio-cesareo","tag-violenze-bambini"],"yoast_head":"<!-- This site is optimized with the Yoast SEO plugin v27.0 - https:\/\/yoast.com\/product\/yoast-seo-wordpress\/ -->\n<title>La madre pi\u00f9 giovane del mondo che ha partorito all&#039;et\u00e0 di 5 anni<\/title>\n<meta name=\"robots\" content=\"index, follow, max-snippet:-1, max-image-preview:large, max-video-preview:-1\" \/>\n<link rel=\"canonical\" href=\"https:\/\/www.article-marketing.eu\/comunicati\/salute-e-benessere\/medicina\/la-madre-piu-giovane-del-mondo-che-ha-partorito-alleta-di-5-anni\/\" \/>\n<meta property=\"og:locale\" content=\"it_IT\" \/>\n<meta property=\"og:type\" content=\"article\" \/>\n<meta property=\"og:title\" content=\"La madre pi\u00f9 giovane del mondo che ha partorito all&#039;et\u00e0 di 5 anni\" \/>\n<meta property=\"og:description\" content=\"La madre pi\u00f9 giovane del mondo che ha partorito all&#8217;et\u00e0 di 5 anni Lina Medina Lina Medina dopo il parto nel 1939 Lina Marcela Medina si conferma la madre pi\u00f9 giovane della storia, partorendo alla giovane et\u00e0 di 5 anni e 7 mesi.\u00a0Lina \u00e8 nata il 23 settembre 1933, in Per\u00f9. Veniva da quella che sembrava essere una famiglia umile, sua madre di nome Victoria Losea che era una casalingaContinue reading...\" \/>\n<meta property=\"og:url\" content=\"https:\/\/www.article-marketing.eu\/comunicati\/salute-e-benessere\/medicina\/la-madre-piu-giovane-del-mondo-che-ha-partorito-alleta-di-5-anni\/\" \/>\n<meta property=\"og:site_name\" content=\"Article Marketing\" \/>\n<meta property=\"article:published_time\" content=\"2021-11-27T07:52:18+00:00\" \/>\n<meta property=\"article:modified_time\" content=\"2021-11-28T23:16:35+00:00\" \/>\n<meta property=\"og:image\" content=\"https:\/\/www.article-marketing.eu\/comunicati\/wp-content\/uploads\/2030\/07\/Lina-Medina-La-medre-piu-giovane-del-mondo.jpg\" \/>\n\t<meta property=\"og:image:width\" content=\"1366\" \/>\n\t<meta property=\"og:image:height\" content=\"768\" \/>\n\t<meta property=\"og:image:type\" content=\"image\/jpeg\" \/>\n<meta name=\"author\" content=\"Giulio Romolo\" \/>\n<meta name=\"twitter:card\" content=\"summary_large_image\" \/>\n<meta name=\"twitter:label1\" content=\"Scritto da\" \/>\n\t<meta name=\"twitter:data1\" content=\"Giulio Romolo\" \/>\n\t<meta name=\"twitter:label2\" content=\"Tempo di lettura stimato\" \/>\n\t<meta name=\"twitter:data2\" content=\"6 minuti\" \/>\n<script type=\"application\/ld+json\" class=\"yoast-schema-graph\">{\"@context\":\"https:\/\/schema.org\",\"@graph\":[{\"@type\":\"Article\",\"@id\":\"https:\/\/www.article-marketing.eu\/comunicati\/salute-e-benessere\/medicina\/la-madre-piu-giovane-del-mondo-che-ha-partorito-alleta-di-5-anni\/#article\",\"isPartOf\":{\"@id\":\"https:\/\/www.article-marketing.eu\/comunicati\/salute-e-benessere\/medicina\/la-madre-piu-giovane-del-mondo-che-ha-partorito-alleta-di-5-anni\/\"},\"author\":{\"name\":\"Giulio Romolo\",\"@id\":\"https:\/\/www.article-marketing.eu\/comunicati\/#\/schema\/person\/5ea038625739b21aa3ce137359618347\"},\"headline\":\"La madre pi\u00f9 giovane del mondo che ha partorito all&#8217;et\u00e0 di 5 anni\",\"datePublished\":\"2021-11-27T07:52:18+00:00\",\"dateModified\":\"2021-11-28T23:16:35+00:00\",\"mainEntityOfPage\":{\"@id\":\"https:\/\/www.article-marketing.eu\/comunicati\/salute-e-benessere\/medicina\/la-madre-piu-giovane-del-mondo-che-ha-partorito-alleta-di-5-anni\/\"},\"wordCount\":808,\"commentCount\":0,\"image\":{\"@id\":\"https:\/\/www.article-marketing.eu\/comunicati\/salute-e-benessere\/medicina\/la-madre-piu-giovane-del-mondo-che-ha-partorito-alleta-di-5-anni\/#primaryimage\"},\"thumbnailUrl\":\"https:\/\/www.article-marketing.eu\/comunicati\/wp-content\/uploads\/2030\/07\/Lina-Medina-La-medre-piu-giovane-del-mondo.jpg\",\"keywords\":[\"gravidanza\",\"Lina Medina\",\"pubert\u00e0 precoce\",\"taglio cesareo\",\"violenze bambini\"],\"articleSection\":[\"Etica e Societ\u00e0\",\"Medicina\"],\"inLanguage\":\"it-IT\",\"potentialAction\":[{\"@type\":\"CommentAction\",\"name\":\"Comment\",\"target\":[\"https:\/\/www.article-marketing.eu\/comunicati\/salute-e-benessere\/medicina\/la-madre-piu-giovane-del-mondo-che-ha-partorito-alleta-di-5-anni\/#respond\"]}]},{\"@type\":\"WebPage\",\"@id\":\"https:\/\/www.article-marketing.eu\/comunicati\/salute-e-benessere\/medicina\/la-madre-piu-giovane-del-mondo-che-ha-partorito-alleta-di-5-anni\/\",\"url\":\"https:\/\/www.article-marketing.eu\/comunicati\/salute-e-benessere\/medicina\/la-madre-piu-giovane-del-mondo-che-ha-partorito-alleta-di-5-anni\/\",\"name\":\"La madre pi\u00f9 giovane del mondo che ha partorito all'et\u00e0 di 5 anni\",\"isPartOf\":{\"@id\":\"https:\/\/www.article-marketing.eu\/comunicati\/#website\"},\"primaryImageOfPage\":{\"@id\":\"https:\/\/www.article-marketing.eu\/comunicati\/salute-e-benessere\/medicina\/la-madre-piu-giovane-del-mondo-che-ha-partorito-alleta-di-5-anni\/#primaryimage\"},\"image\":{\"@id\":\"https:\/\/www.article-marketing.eu\/comunicati\/salute-e-benessere\/medicina\/la-madre-piu-giovane-del-mondo-che-ha-partorito-alleta-di-5-anni\/#primaryimage\"},\"thumbnailUrl\":\"https:\/\/www.article-marketing.eu\/comunicati\/wp-content\/uploads\/2030\/07\/Lina-Medina-La-medre-piu-giovane-del-mondo.jpg\",\"datePublished\":\"2021-11-27T07:52:18+00:00\",\"dateModified\":\"2021-11-28T23:16:35+00:00\",\"author\":{\"@id\":\"https:\/\/www.article-marketing.eu\/comunicati\/#\/schema\/person\/5ea038625739b21aa3ce137359618347\"},\"breadcrumb\":{\"@id\":\"https:\/\/www.article-marketing.eu\/comunicati\/salute-e-benessere\/medicina\/la-madre-piu-giovane-del-mondo-che-ha-partorito-alleta-di-5-anni\/#breadcrumb\"},\"inLanguage\":\"it-IT\",\"potentialAction\":[{\"@type\":\"ReadAction\",\"target\":[\"https:\/\/www.article-marketing.eu\/comunicati\/salute-e-benessere\/medicina\/la-madre-piu-giovane-del-mondo-che-ha-partorito-alleta-di-5-anni\/\"]}]},{\"@type\":\"ImageObject\",\"inLanguage\":\"it-IT\",\"@id\":\"https:\/\/www.article-marketing.eu\/comunicati\/salute-e-benessere\/medicina\/la-madre-piu-giovane-del-mondo-che-ha-partorito-alleta-di-5-anni\/#primaryimage\",\"url\":\"https:\/\/www.article-marketing.eu\/comunicati\/wp-content\/uploads\/2030\/07\/Lina-Medina-La-medre-piu-giovane-del-mondo.jpg\",\"contentUrl\":\"https:\/\/www.article-marketing.eu\/comunicati\/wp-content\/uploads\/2030\/07\/Lina-Medina-La-medre-piu-giovane-del-mondo.jpg\",\"width\":1366,\"height\":768,\"caption\":\"Lina Medina - La madre pi\u00f9 giovane del mondo che ha partorito all'et\u00e0 di 5 anni\"},{\"@type\":\"BreadcrumbList\",\"@id\":\"https:\/\/www.article-marketing.eu\/comunicati\/salute-e-benessere\/medicina\/la-madre-piu-giovane-del-mondo-che-ha-partorito-alleta-di-5-anni\/#breadcrumb\",\"itemListElement\":[{\"@type\":\"ListItem\",\"position\":1,\"name\":\"Home\",\"item\":\"https:\/\/www.article-marketing.eu\/comunicati\/\"},{\"@type\":\"ListItem\",\"position\":2,\"name\":\"La madre pi\u00f9 giovane del mondo che ha partorito all&#8217;et\u00e0 di 5 anni\"}]},{\"@type\":\"WebSite\",\"@id\":\"https:\/\/www.article-marketing.eu\/comunicati\/#website\",\"url\":\"https:\/\/www.article-marketing.eu\/comunicati\/\",\"name\":\"Article Marketing\",\"description\":\"article marketing &amp; press release\",\"potentialAction\":[{\"@type\":\"SearchAction\",\"target\":{\"@type\":\"EntryPoint\",\"urlTemplate\":\"https:\/\/www.article-marketing.eu\/comunicati\/?s={search_term_string}\"},\"query-input\":{\"@type\":\"PropertyValueSpecification\",\"valueRequired\":true,\"valueName\":\"search_term_string\"}}],\"inLanguage\":\"it-IT\"},{\"@type\":\"Person\",\"@id\":\"https:\/\/www.article-marketing.eu\/comunicati\/#\/schema\/person\/5ea038625739b21aa3ce137359618347\",\"name\":\"Giulio Romolo\",\"image\":{\"@type\":\"ImageObject\",\"inLanguage\":\"it-IT\",\"@id\":\"https:\/\/www.article-marketing.eu\/comunicati\/#\/schema\/person\/image\/\",\"url\":\"https:\/\/secure.gravatar.com\/avatar\/59490d4c387a30df4d24029ea593c67d3c72b9c0b5de1ba4991ebaff2b5658df?s=96&d=mm&r=g\",\"contentUrl\":\"https:\/\/secure.gravatar.com\/avatar\/59490d4c387a30df4d24029ea593c67d3c72b9c0b5de1ba4991ebaff2b5658df?s=96&d=mm&r=g\",\"caption\":\"Giulio Romolo\"},\"url\":\"https:\/\/www.article-marketing.eu\/comunicati\/author\/giulio-romolo\/\"}]}<\/script>\n<!-- \/ Yoast SEO plugin. -->","yoast_head_json":{"title":"La madre pi\u00f9 giovane del mondo che ha partorito all'et\u00e0 di 5 anni","robots":{"index":"index","follow":"follow","max-snippet":"max-snippet:-1","max-image-preview":"max-image-preview:large","max-video-preview":"max-video-preview:-1"},"canonical":"https:\/\/www.article-marketing.eu\/comunicati\/salute-e-benessere\/medicina\/la-madre-piu-giovane-del-mondo-che-ha-partorito-alleta-di-5-anni\/","og_locale":"it_IT","og_type":"article","og_title":"La madre pi\u00f9 giovane del mondo che ha partorito all'et\u00e0 di 5 anni","og_description":"La madre pi\u00f9 giovane del mondo che ha partorito all&#8217;et\u00e0 di 5 anni Lina Medina Lina Medina dopo il parto nel 1939 Lina Marcela Medina si conferma la madre pi\u00f9 giovane della storia, partorendo alla giovane et\u00e0 di 5 anni e 7 mesi.\u00a0Lina \u00e8 nata il 23 settembre 1933, in Per\u00f9. Veniva da quella che sembrava essere una famiglia umile, sua madre di nome Victoria Losea che era una casalingaContinue reading...","og_url":"https:\/\/www.article-marketing.eu\/comunicati\/salute-e-benessere\/medicina\/la-madre-piu-giovane-del-mondo-che-ha-partorito-alleta-di-5-anni\/","og_site_name":"Article Marketing","article_published_time":"2021-11-27T07:52:18+00:00","article_modified_time":"2021-11-28T23:16:35+00:00","og_image":[{"width":1366,"height":768,"url":"https:\/\/www.article-marketing.eu\/comunicati\/wp-content\/uploads\/2030\/07\/Lina-Medina-La-medre-piu-giovane-del-mondo.jpg","type":"image\/jpeg"}],"author":"Giulio Romolo","twitter_card":"summary_large_image","twitter_misc":{"Scritto da":"Giulio Romolo","Tempo di lettura stimato":"6 minuti"},"schema":{"@context":"https:\/\/schema.org","@graph":[{"@type":"Article","@id":"https:\/\/www.article-marketing.eu\/comunicati\/salute-e-benessere\/medicina\/la-madre-piu-giovane-del-mondo-che-ha-partorito-alleta-di-5-anni\/#article","isPartOf":{"@id":"https:\/\/www.article-marketing.eu\/comunicati\/salute-e-benessere\/medicina\/la-madre-piu-giovane-del-mondo-che-ha-partorito-alleta-di-5-anni\/"},"author":{"name":"Giulio Romolo","@id":"https:\/\/www.article-marketing.eu\/comunicati\/#\/schema\/person\/5ea038625739b21aa3ce137359618347"},"headline":"La madre pi\u00f9 giovane del mondo che ha partorito all&#8217;et\u00e0 di 5 anni","datePublished":"2021-11-27T07:52:18+00:00","dateModified":"2021-11-28T23:16:35+00:00","mainEntityOfPage":{"@id":"https:\/\/www.article-marketing.eu\/comunicati\/salute-e-benessere\/medicina\/la-madre-piu-giovane-del-mondo-che-ha-partorito-alleta-di-5-anni\/"},"wordCount":808,"commentCount":0,"image":{"@id":"https:\/\/www.article-marketing.eu\/comunicati\/salute-e-benessere\/medicina\/la-madre-piu-giovane-del-mondo-che-ha-partorito-alleta-di-5-anni\/#primaryimage"},"thumbnailUrl":"https:\/\/www.article-marketing.eu\/comunicati\/wp-content\/uploads\/2030\/07\/Lina-Medina-La-medre-piu-giovane-del-mondo.jpg","keywords":["gravidanza","Lina Medina","pubert\u00e0 precoce","taglio cesareo","violenze bambini"],"articleSection":["Etica e Societ\u00e0","Medicina"],"inLanguage":"it-IT","potentialAction":[{"@type":"CommentAction","name":"Comment","target":["https:\/\/www.article-marketing.eu\/comunicati\/salute-e-benessere\/medicina\/la-madre-piu-giovane-del-mondo-che-ha-partorito-alleta-di-5-anni\/#respond"]}]},{"@type":"WebPage","@id":"https:\/\/www.article-marketing.eu\/comunicati\/salute-e-benessere\/medicina\/la-madre-piu-giovane-del-mondo-che-ha-partorito-alleta-di-5-anni\/","url":"https:\/\/www.article-marketing.eu\/comunicati\/salute-e-benessere\/medicina\/la-madre-piu-giovane-del-mondo-che-ha-partorito-alleta-di-5-anni\/","name":"La madre pi\u00f9 giovane del mondo che ha partorito all'et\u00e0 di 5 anni","isPartOf":{"@id":"https:\/\/www.article-marketing.eu\/comunicati\/#website"},"primaryImageOfPage":{"@id":"https:\/\/www.article-marketing.eu\/comunicati\/salute-e-benessere\/medicina\/la-madre-piu-giovane-del-mondo-che-ha-partorito-alleta-di-5-anni\/#primaryimage"},"image":{"@id":"https:\/\/www.article-marketing.eu\/comunicati\/salute-e-benessere\/medicina\/la-madre-piu-giovane-del-mondo-che-ha-partorito-alleta-di-5-anni\/#primaryimage"},"thumbnailUrl":"https:\/\/www.article-marketing.eu\/comunicati\/wp-content\/uploads\/2030\/07\/Lina-Medina-La-medre-piu-giovane-del-mondo.jpg","datePublished":"2021-11-27T07:52:18+00:00","dateModified":"2021-11-28T23:16:35+00:00","author":{"@id":"https:\/\/www.article-marketing.eu\/comunicati\/#\/schema\/person\/5ea038625739b21aa3ce137359618347"},"breadcrumb":{"@id":"https:\/\/www.article-marketing.eu\/comunicati\/salute-e-benessere\/medicina\/la-madre-piu-giovane-del-mondo-che-ha-partorito-alleta-di-5-anni\/#breadcrumb"},"inLanguage":"it-IT","potentialAction":[{"@type":"ReadAction","target":["https:\/\/www.article-marketing.eu\/comunicati\/salute-e-benessere\/medicina\/la-madre-piu-giovane-del-mondo-che-ha-partorito-alleta-di-5-anni\/"]}]},{"@type":"ImageObject","inLanguage":"it-IT","@id":"https:\/\/www.article-marketing.eu\/comunicati\/salute-e-benessere\/medicina\/la-madre-piu-giovane-del-mondo-che-ha-partorito-alleta-di-5-anni\/#primaryimage","url":"https:\/\/www.article-marketing.eu\/comunicati\/wp-content\/uploads\/2030\/07\/Lina-Medina-La-medre-piu-giovane-del-mondo.jpg","contentUrl":"https:\/\/www.article-marketing.eu\/comunicati\/wp-content\/uploads\/2030\/07\/Lina-Medina-La-medre-piu-giovane-del-mondo.jpg","width":1366,"height":768,"caption":"Lina Medina - La madre pi\u00f9 giovane del mondo che ha partorito all'et\u00e0 di 5 anni"},{"@type":"BreadcrumbList","@id":"https:\/\/www.article-marketing.eu\/comunicati\/salute-e-benessere\/medicina\/la-madre-piu-giovane-del-mondo-che-ha-partorito-alleta-di-5-anni\/#breadcrumb","itemListElement":[{"@type":"ListItem","position":1,"name":"Home","item":"https:\/\/www.article-marketing.eu\/comunicati\/"},{"@type":"ListItem","position":2,"name":"La madre pi\u00f9 giovane del mondo che ha partorito all&#8217;et\u00e0 di 5 anni"}]},{"@type":"WebSite","@id":"https:\/\/www.article-marketing.eu\/comunicati\/#website","url":"https:\/\/www.article-marketing.eu\/comunicati\/","name":"Article Marketing","description":"article marketing &amp; press release","potentialAction":[{"@type":"SearchAction","target":{"@type":"EntryPoint","urlTemplate":"https:\/\/www.article-marketing.eu\/comunicati\/?s={search_term_string}"},"query-input":{"@type":"PropertyValueSpecification","valueRequired":true,"valueName":"search_term_string"}}],"inLanguage":"it-IT"},{"@type":"Person","@id":"https:\/\/www.article-marketing.eu\/comunicati\/#\/schema\/person\/5ea038625739b21aa3ce137359618347","name":"Giulio Romolo","image":{"@type":"ImageObject","inLanguage":"it-IT","@id":"https:\/\/www.article-marketing.eu\/comunicati\/#\/schema\/person\/image\/","url":"https:\/\/secure.gravatar.com\/avatar\/59490d4c387a30df4d24029ea593c67d3c72b9c0b5de1ba4991ebaff2b5658df?s=96&d=mm&r=g","contentUrl":"https:\/\/secure.gravatar.com\/avatar\/59490d4c387a30df4d24029ea593c67d3c72b9c0b5de1ba4991ebaff2b5658df?s=96&d=mm&r=g","caption":"Giulio Romolo"},"url":"https:\/\/www.article-marketing.eu\/comunicati\/author\/giulio-romolo\/"}]}},"_links":{"self":[{"href":"https:\/\/www.article-marketing.eu\/comunicati\/wp-json\/wp\/v2\/posts\/66435","targetHints":{"allow":["GET"]}}],"collection":[{"href":"https:\/\/www.article-marketing.eu\/comunicati\/wp-json\/wp\/v2\/posts"}],"about":[{"href":"https:\/\/www.article-marketing.eu\/comunicati\/wp-json\/wp\/v2\/types\/post"}],"author":[{"embeddable":true,"href":"https:\/\/www.article-marketing.eu\/comunicati\/wp-json\/wp\/v2\/users\/11"}],"replies":[{"embeddable":true,"href":"https:\/\/www.article-marketing.eu\/comunicati\/wp-json\/wp\/v2\/comments?post=66435"}],"version-history":[{"count":7,"href":"https:\/\/www.article-marketing.eu\/comunicati\/wp-json\/wp\/v2\/posts\/66435\/revisions"}],"predecessor-version":[{"id":67521,"href":"https:\/\/www.article-marketing.eu\/comunicati\/wp-json\/wp\/v2\/posts\/66435\/revisions\/67521"}],"wp:featuredmedia":[{"embeddable":true,"href":"https:\/\/www.article-marketing.eu\/comunicati\/wp-json\/wp\/v2\/media\/67516"}],"wp:attachment":[{"href":"https:\/\/www.article-marketing.eu\/comunicati\/wp-json\/wp\/v2\/media?parent=66435"}],"wp:term":[{"taxonomy":"category","embeddable":true,"href":"https:\/\/www.article-marketing.eu\/comunicati\/wp-json\/wp\/v2\/categories?post=66435"},{"taxonomy":"post_tag","embeddable":true,"href":"https:\/\/www.article-marketing.eu\/comunicati\/wp-json\/wp\/v2\/tags?post=66435"}],"curies":[{"name":"wp","href":"https:\/\/api.w.org\/{rel}","templated":true}]}}