{"id":67500,"date":"2021-11-16T23:52:19","date_gmt":"2021-11-16T22:52:19","guid":{"rendered":"https:\/\/www.article-marketing.eu\/comunicati\/?p=67500"},"modified":"2021-11-17T17:40:19","modified_gmt":"2021-11-17T16:40:19","slug":"tamponi-covid-i-no-vax-sempre-piu-aggressivi-contro-le-farmacie","status":"publish","type":"post","link":"https:\/\/www.article-marketing.eu\/comunicati\/salute-e-benessere\/tamponi-covid-i-no-vax-sempre-piu-aggressivi-contro-le-farmacie\/","title":{"rendered":"Tamponi covid, i no vax sempre pi\u00f9 aggressivi contro le farmacie"},"content":{"rendered":"<h1>Tamponi covid, i no vax sempre pi\u00f9 aggressivi contro le farmacie<\/h1>\n<p>Le <strong>farmacie<\/strong> forse non avevano messo in conto \u2013 o avevano comunque sottovalutato \u2013 i rischi che sarebbero derivati dall\u2019essere subito \u201cscese in campo\u201d per assicurare ai cittadini il servizio di effettuazione dei <strong>tamponi antigenici rapidi<\/strong>, resi necessari dall\u2019entrata in vigore \u2013 lo scorso 15 ottobre \u2013 dell\u2019obbligo di <strong>green pass<\/strong> anche per entrare nei luoghi di lavoro, fatto decisivo che ha fatto esplodere la richiesta dei test e ha prodotto un vero e proprio assalto agli esercizi dalla croce verde un po\u2019 in tutto il Paese.<\/p>\n<p>Il risultato \u00e8 quello che raccontano le cronache quotidiane e, ancora meglio, le testimonianze di molti <strong>farmacisti<\/strong> sui social: i cosiddetti <strong>no vax<\/strong>, ovvero i cittadini che hanno consapevolmente deciso di non vaccinarsi contro <strong>Covid<\/strong>, pur contestando in radice l\u2019obbligo del <strong>green pass<\/strong> debbono necessariamente procurarselo per lavorare, e non hanno altra strada che quella di sottoporsi ogni due giorni al tampone.<br \/>\nFacile immaginare quale sia il loro spirito al momento di recarsi in <strong>farmacia<\/strong> per effettuarlo, trovandosi spesso \u2013 come accade \u2013\u00a0 a dover aspettare a causa delle lunghe code prodotte dalla grandissima richiesta dei test. Secondo molte testimonianze raccolte, proprio le file sono vissute dai <strong>no vax<\/strong> come un ulteriore, fastidioso tributo da pagare alla decisione di non vaccinarsi\u00a0 (che loro definiscono una scelta di libert\u00e0, conculcata \u2013 insieme al diritto al lavoro \u2013 dall\u2019obbligo di <strong>green pass<\/strong>) e diventano spesso il pretesto, la miccia che accende le proteste.<br \/>\nQueste, una volta partite, fanno in fretta a trascendere in scalmane varie e in rivendicazioni prive di ogni criterio: da quella molto diffusa di effettuare il tampone senza pagare o pagandolo a prezzo ridotto rispetto ai 15 euro fissati dal <strong>commissario Figliuolo<\/strong>, fino alla pretesa ancora pi\u00f9 assurda \u2013 ma assai frequente \u2013 di ottenere il <strong>green pass<\/strong> senza nemmeno effettuare il test.<\/p>\n<p>Le scalmane e le rivendicazioni, a loro volta, non ci mettono molto a trasformarsi in vere e proprie aggressioni e minacce. Proprio questa, allo stato, sembra essere la situazione: i <strong>no vax<\/strong>, sempre pi\u00f9 frustrati ed esasperati da una situazione della quale si ritengono vittime (?), stanno di fatto alzando il tiro, come dimostra\u00a0 il delirante tweet dei giorni scorsi con\u00a0<a href=\"https:\/\/www.rifday.it\/2021\/10\/22\/sara-trovato-in-un-viottolo-con-un-colpo-alla-nuca-cossolo-minacciato-di-morte-via-social\/\">le minacce di morte a\u00a0<strong>Marco Cossolo<\/strong><\/a>, presidente di Federfarma.<br \/>\nIl timore \u00e8 che dalle proteste, gli insulti e le\u00a0 intimidazioni (gi\u00e0 molto difficili da incassare e tollerare, per i <strong>farmacisti<\/strong> che altro non fanno che rendere un servizio) si possa arrivare a qualcosa d\u2019altro e di peggio, come alcune testimonianze sul campo lasciano presagire.<\/p>\n<p>Paradigmatica quella di\u00a0<strong>Rossella Danise<\/strong>,\u00a0direttore della Farmacia Internazionale di piazza Barberini a Roma<em>\u00a0(nella foto a destra)<\/em>, dove \u2013 secondo quanto la stessa farmacista ha<img loading=\"lazy\" decoding=\"async\" class=\"alignright wp-image-67506 size-full\" src=\"https:\/\/www.article-marketing.eu\/comunicati\/wp-content\/uploads\/2021\/11\/rossella-danise.jpg\" alt=\"Rossella Danise\" width=\"334\" height=\"500\" srcset=\"https:\/\/www.article-marketing.eu\/comunicati\/wp-content\/uploads\/2021\/11\/rossella-danise.jpg 334w, https:\/\/www.article-marketing.eu\/comunicati\/wp-content\/uploads\/2021\/11\/rossella-danise-200x300.jpg 200w\" sizes=\"auto, (max-width: 334px) 100vw, 334px\" \/> raccontato in un\u2019intervista a\u00a0<em>la Repubblica<\/em>\u00a0qualche giorno fa \u2013\u00a0 si fanno 200 tamponi al giorno (e tutti vorrebbero farli alle 8 del mattino, prima di andare al lavoro: richiesta ovviamente impossibile da soddisfare): \u201d\u00a0<em>Il telefono squilla solo per quello, \u00e8 un continuo, e sar\u00e0 sempre peggio, dato che tutti prenotano per pi\u00f9 tamponi, cos\u00ec da assicurarseli ogni due giorni\u201d.<\/em><span id=\"green-pass-egrave-caccia-ai-tamponi\"><\/span><\/p>\n<p>Il problema vero, oltre all\u2019aumento delle richieste, sono per\u00f2\u00a0 le problematiche legate all\u2019approccio ostile dei soggetti tamponati nei confronti dei <strong>tamponi<\/strong>.\u00a0<em>\u201cOrmai non \u00e8 pi\u00f9 un servizio al cittadino\u201d\u00a0<\/em>\u00a0ha spiegato Danise.\u00a0<em>\u201cCi trattano come bestie, si arrabbiano se spieghiamo che non \u00e8 possibile farlo immediatamente.\u00a0<\/em><em>Ma si andassero a vaccinare\u2026 E ci chiedono pure gli abbonamenti\u201d.<\/em><\/p>\n<p>La farmacista\u00a0 romana e le sue colleghe lavorano ormai in un clima di paura, dopo che \u2013 nel giorno della manifestazione contro il <strong>green pass<\/strong> svoltasi nella Capitale due settimane fa e caratterizzata da disordini, lancio di fumogeni e bombe carta, cori e scontri con le forze dell\u2019ordine \u2013\u00a0 i <strong>no vax<\/strong>\u00a0<em>\u201channo tentato di aggredire la nostra infermiera.<br \/>\nCi siamo rinchiuse qui dentro mentre ci urlavano di tutto\u201d\u00a0<\/em>\u00a0ha raccontato Danise.\u00a0<em>\u201c<\/em><em>Ci accusavano di essere \u2018parte del sistema\u2019, a noi, che siamo solo lavoratori.<br \/>\nA piazza San Lorenzo in Lucina, poco distante da qui, hanno persino distrutto il gazebo. \u00c8 gente disposta a tutto e sempre pi\u00f9 pericolosa\u201d.<\/em><\/p>\n<p><img loading=\"lazy\" decoding=\"async\" class=\"size-full wp-image-67508 alignleft\" src=\"https:\/\/www.article-marketing.eu\/comunicati\/wp-content\/uploads\/2021\/11\/Andrea-Cicconetti-presidente-federfarma-roma.jpeg\" alt=\"Andrea Cicconetti Presidente Federfarma Roma\" width=\"389\" height=\"500\" srcset=\"https:\/\/www.article-marketing.eu\/comunicati\/wp-content\/uploads\/2021\/11\/Andrea-Cicconetti-presidente-federfarma-roma.jpeg 389w, https:\/\/www.article-marketing.eu\/comunicati\/wp-content\/uploads\/2021\/11\/Andrea-Cicconetti-presidente-federfarma-roma-233x300.jpeg 233w\" sizes=\"auto, (max-width: 389px) 100vw, 389px\" \/>Aconfermare il clima difficile nel quale sono costrette a operare le farmacie \u00e8 lo stesso presidente di Federfarma Roma, <strong>Andrea Cicconetti<\/strong>\u00a0<em>(nella foto)<\/em>, in\u00a0<a href=\"https:\/\/www.tgcom24.mediaset.it\/2021\/video\/farmacisti-minacciati-dai-no-vax_39778149-02k.shtml\">un\u2019intervista a TgCom<\/a>\u00a0di venerd\u00ec scorso dove si fa riferimento a una serie di aggressioni.<em>\u00a0\u201cC\u2019\u00e8 una minoranza che quando viene a fare il tampone protesta e minaccia<\/em>\u201d afferma <strong>Cicconetti<\/strong>, che pur manifestando preoccupazione per le minacce ricevute dal presidente nazionale <strong>Cossolo<\/strong>, ribadisce la ferma determinazione a\u00a0<em>\u201csposare la linea di Federfarma nazionale, che \u00e8 quella di spingere tutti i cittadini che non l\u2019abbiano fatto a vaccinarsi\u201d.<\/em><\/p>\n<p>Lo stesso <strong>Cossolo<\/strong> conferma la linea, tagliando corto sulla minaccia via <strong>Twitter<\/strong> dei giorni scorsi:\u00a0<em>\u201cDirei che sono dichiarazioni incommentabili e non intendo commentarle\u201d<\/em>\u00a0afferma il presidente di <strong>Federfarma<\/strong> sempre ai microfoni di <strong>TgcCom<\/strong>.\u00a0<em>\u201cDico semplicemente che non ho preso in giro nessuno nel merito, ho sempre e solo invitato i cittadini a entrare in farmacia per fare i vaccini, e non i tamponi. E rispetto a questa convinzione non arretro di un millimetro\u201d.<\/em><\/p>\n<p><strong>Cossolo<\/strong>, dunque, ribadisce la piena adesione alla richiesta rivolta alle<strong> farmacie<\/strong> nei giorni scorsi dal commissario all\u2019emergenza Covid\u00a0<strong>Francesco Paolo Figliuolo<\/strong>, ovvero fare \u201copera di persuasione\u201d nei confronti dei cittadini renitenti e resistenti alla vaccinazione, affinch\u00e9 decidano finalmente di immunizzarsi. Ma \u2013 al netto dell\u2019impegno che certamente le farmacie (come confermato da <strong>Cossolo<\/strong> e <strong>Cicconetti)<\/strong> ci metteranno \u2013 \u00e8\u00a0 ragionevole ritenere che se qualche italiano \u201cindeciso\u201d potr\u00e0 forse essere convinto a vaccinarsi, le schiere di chi \u00e8 pregiudizialmente ostile e contrario al vaccino non si lasceranno convincere: da che mondo \u00e8 mondo, non c\u2019\u00e8 peggior sordo di chi non vuol sentire.<\/p>\n<p>Il problema, dunque, sar\u00e0 impedire che da questa minoranza di irriducibile <strong>antagonismo sanitario<\/strong> (purtroppo non proprio non residuale) arrivino problemi per la sicurezza delle <strong>farmacie<\/strong>, di chi vi lavora e dei cittadini che ogni giorno le frequentano. Ed \u00e8 un problema del quale chi di dovere deve farsi subito carico.<\/p>\n<p>FONTE: rifday.it<br \/>\nIMMAGINE: pixabay.com (elaborazione)<\/p>\n","protected":false},"excerpt":{"rendered":"<p>Tamponi covid, i no vax sempre pi\u00f9 aggressivi contro le farmacie Le farmacie forse non avevano messo in conto \u2013 o avevano comunque sottovalutato \u2013 i rischi che sarebbero derivati dall\u2019essere subito \u201cscese in campo\u201d per assicurare ai cittadini il servizio di effettuazione dei tamponi antigenici rapidi, resi necessari dall\u2019entrata in vigore \u2013 lo scorso 15 ottobre \u2013 dell\u2019obbligo di green pass anche per entrare nei luoghi di lavoro, fatto<\/p>\n<p><a class=\"continue-reading\" href=\"https:\/\/www.article-marketing.eu\/comunicati\/salute-e-benessere\/tamponi-covid-i-no-vax-sempre-piu-aggressivi-contro-le-farmacie\/\">Continue reading&#8230;<\/a><\/p>\n","protected":false},"author":10,"featured_media":67501,"comment_status":"open","ping_status":"open","sticky":false,"template":"","format":"standard","meta":{"cybocfi_hide_featured_image":"","footnotes":""},"categories":[70,265],"tags":[56104,56103,56044,16596,56105,56101,56097,56102,56100,56098,56099],"class_list":["post-67500","post","type-post","status-publish","format-standard","has-post-thumbnail","hentry","category-medicina","category-salute-e-benessere","tag-andrea-cicconetti","tag-commissario-figliuolo","tag-covid19","tag-farmacia","tag-federfarma","tag-green-pass","tag-movimento-novax","tag-no-vax","tag-tamponi-antigenici-rapidi","tag-tamponi-covid","tag-violenze-movimento-novax"],"yoast_head":"<!-- This site is optimized with the Yoast SEO plugin v27.0 - https:\/\/yoast.com\/product\/yoast-seo-wordpress\/ -->\n<title>Tamponi covid, i no vax sempre pi\u00f9 aggressivi contro le farmacie<\/title>\n<meta name=\"robots\" content=\"index, follow, max-snippet:-1, max-image-preview:large, max-video-preview:-1\" \/>\n<link rel=\"canonical\" href=\"https:\/\/www.article-marketing.eu\/comunicati\/salute-e-benessere\/medicina\/tamponi-covid-i-no-vax-sempre-piu-aggressivi-contro-le-farmacie\/\" \/>\n<meta property=\"og:locale\" content=\"it_IT\" \/>\n<meta property=\"og:type\" content=\"article\" \/>\n<meta property=\"og:title\" content=\"Tamponi covid, i no vax sempre pi\u00f9 aggressivi contro le farmacie\" \/>\n<meta property=\"og:description\" content=\"Tamponi covid, i no vax sempre pi\u00f9 aggressivi contro le farmacie Le farmacie forse non avevano messo in conto \u2013 o avevano comunque sottovalutato \u2013 i rischi che sarebbero derivati dall\u2019essere subito \u201cscese in campo\u201d per assicurare ai cittadini il servizio di effettuazione dei tamponi antigenici rapidi, resi necessari dall\u2019entrata in vigore \u2013 lo scorso 15 ottobre \u2013 dell\u2019obbligo di green pass anche per entrare nei luoghi di lavoro, fattoContinue reading...\" \/>\n<meta property=\"og:url\" content=\"https:\/\/www.article-marketing.eu\/comunicati\/salute-e-benessere\/medicina\/tamponi-covid-i-no-vax-sempre-piu-aggressivi-contro-le-farmacie\/\" \/>\n<meta property=\"og:site_name\" content=\"Article Marketing\" \/>\n<meta property=\"article:published_time\" content=\"2021-11-16T22:52:19+00:00\" \/>\n<meta property=\"article:modified_time\" content=\"2021-11-17T16:40:19+00:00\" \/>\n<meta property=\"og:image\" content=\"https:\/\/www.article-marketing.eu\/comunicati\/wp-content\/uploads\/2021\/11\/novax.jpg\" \/>\n\t<meta property=\"og:image:width\" content=\"1920\" \/>\n\t<meta property=\"og:image:height\" content=\"1080\" \/>\n\t<meta property=\"og:image:type\" content=\"image\/jpeg\" \/>\n<meta name=\"author\" content=\"Redazione Comunicati Stampa\" \/>\n<meta name=\"twitter:card\" content=\"summary_large_image\" \/>\n<meta name=\"twitter:label1\" content=\"Scritto da\" \/>\n\t<meta name=\"twitter:data1\" content=\"Redazione Comunicati Stampa\" \/>\n\t<meta name=\"twitter:label2\" content=\"Tempo di lettura stimato\" \/>\n\t<meta name=\"twitter:data2\" content=\"5 minuti\" \/>\n<script type=\"application\/ld+json\" class=\"yoast-schema-graph\">{\"@context\":\"https:\/\/schema.org\",\"@graph\":[{\"@type\":\"Article\",\"@id\":\"https:\/\/www.article-marketing.eu\/comunicati\/salute-e-benessere\/medicina\/tamponi-covid-i-no-vax-sempre-piu-aggressivi-contro-le-farmacie\/#article\",\"isPartOf\":{\"@id\":\"https:\/\/www.article-marketing.eu\/comunicati\/salute-e-benessere\/medicina\/tamponi-covid-i-no-vax-sempre-piu-aggressivi-contro-le-farmacie\/\"},\"author\":{\"name\":\"Redazione Comunicati Stampa\",\"@id\":\"https:\/\/www.article-marketing.eu\/comunicati\/#\/schema\/person\/44372e4d4d0fa797b18e03ed1ace9017\"},\"headline\":\"Tamponi covid, i no vax sempre pi\u00f9 aggressivi contro le farmacie\",\"datePublished\":\"2021-11-16T22:52:19+00:00\",\"dateModified\":\"2021-11-17T16:40:19+00:00\",\"mainEntityOfPage\":{\"@id\":\"https:\/\/www.article-marketing.eu\/comunicati\/salute-e-benessere\/medicina\/tamponi-covid-i-no-vax-sempre-piu-aggressivi-contro-le-farmacie\/\"},\"wordCount\":995,\"commentCount\":0,\"image\":{\"@id\":\"https:\/\/www.article-marketing.eu\/comunicati\/salute-e-benessere\/medicina\/tamponi-covid-i-no-vax-sempre-piu-aggressivi-contro-le-farmacie\/#primaryimage\"},\"thumbnailUrl\":\"https:\/\/www.article-marketing.eu\/comunicati\/wp-content\/uploads\/2021\/11\/novax.jpg\",\"keywords\":[\"Andrea Cicconetti\",\"commissario Figliuolo\",\"covid19\",\"farmacia\",\"Federfarma\",\"green pass\",\"movimento novax\",\"no vax\",\"tamponi antigenici rapidi\",\"tamponi covid\",\"violenze movimento novax\"],\"articleSection\":[\"Medicina\",\"Salute e benessere\"],\"inLanguage\":\"it-IT\",\"potentialAction\":[{\"@type\":\"CommentAction\",\"name\":\"Comment\",\"target\":[\"https:\/\/www.article-marketing.eu\/comunicati\/salute-e-benessere\/medicina\/tamponi-covid-i-no-vax-sempre-piu-aggressivi-contro-le-farmacie\/#respond\"]}]},{\"@type\":\"WebPage\",\"@id\":\"https:\/\/www.article-marketing.eu\/comunicati\/salute-e-benessere\/medicina\/tamponi-covid-i-no-vax-sempre-piu-aggressivi-contro-le-farmacie\/\",\"url\":\"https:\/\/www.article-marketing.eu\/comunicati\/salute-e-benessere\/medicina\/tamponi-covid-i-no-vax-sempre-piu-aggressivi-contro-le-farmacie\/\",\"name\":\"Tamponi covid, i no vax sempre pi\u00f9 aggressivi contro le farmacie\",\"isPartOf\":{\"@id\":\"https:\/\/www.article-marketing.eu\/comunicati\/#website\"},\"primaryImageOfPage\":{\"@id\":\"https:\/\/www.article-marketing.eu\/comunicati\/salute-e-benessere\/medicina\/tamponi-covid-i-no-vax-sempre-piu-aggressivi-contro-le-farmacie\/#primaryimage\"},\"image\":{\"@id\":\"https:\/\/www.article-marketing.eu\/comunicati\/salute-e-benessere\/medicina\/tamponi-covid-i-no-vax-sempre-piu-aggressivi-contro-le-farmacie\/#primaryimage\"},\"thumbnailUrl\":\"https:\/\/www.article-marketing.eu\/comunicati\/wp-content\/uploads\/2021\/11\/novax.jpg\",\"datePublished\":\"2021-11-16T22:52:19+00:00\",\"dateModified\":\"2021-11-17T16:40:19+00:00\",\"author\":{\"@id\":\"https:\/\/www.article-marketing.eu\/comunicati\/#\/schema\/person\/44372e4d4d0fa797b18e03ed1ace9017\"},\"breadcrumb\":{\"@id\":\"https:\/\/www.article-marketing.eu\/comunicati\/salute-e-benessere\/medicina\/tamponi-covid-i-no-vax-sempre-piu-aggressivi-contro-le-farmacie\/#breadcrumb\"},\"inLanguage\":\"it-IT\",\"potentialAction\":[{\"@type\":\"ReadAction\",\"target\":[\"https:\/\/www.article-marketing.eu\/comunicati\/salute-e-benessere\/medicina\/tamponi-covid-i-no-vax-sempre-piu-aggressivi-contro-le-farmacie\/\"]}]},{\"@type\":\"ImageObject\",\"inLanguage\":\"it-IT\",\"@id\":\"https:\/\/www.article-marketing.eu\/comunicati\/salute-e-benessere\/medicina\/tamponi-covid-i-no-vax-sempre-piu-aggressivi-contro-le-farmacie\/#primaryimage\",\"url\":\"https:\/\/www.article-marketing.eu\/comunicati\/wp-content\/uploads\/2021\/11\/novax.jpg\",\"contentUrl\":\"https:\/\/www.article-marketing.eu\/comunicati\/wp-content\/uploads\/2021\/11\/novax.jpg\",\"width\":1920,\"height\":1080,\"caption\":\"Movimento novax - violenze\"},{\"@type\":\"BreadcrumbList\",\"@id\":\"https:\/\/www.article-marketing.eu\/comunicati\/salute-e-benessere\/medicina\/tamponi-covid-i-no-vax-sempre-piu-aggressivi-contro-le-farmacie\/#breadcrumb\",\"itemListElement\":[{\"@type\":\"ListItem\",\"position\":1,\"name\":\"Home\",\"item\":\"https:\/\/www.article-marketing.eu\/comunicati\/\"},{\"@type\":\"ListItem\",\"position\":2,\"name\":\"Tamponi covid, i no vax sempre pi\u00f9 aggressivi contro le farmacie\"}]},{\"@type\":\"WebSite\",\"@id\":\"https:\/\/www.article-marketing.eu\/comunicati\/#website\",\"url\":\"https:\/\/www.article-marketing.eu\/comunicati\/\",\"name\":\"Article Marketing\",\"description\":\"article marketing &amp; press release\",\"potentialAction\":[{\"@type\":\"SearchAction\",\"target\":{\"@type\":\"EntryPoint\",\"urlTemplate\":\"https:\/\/www.article-marketing.eu\/comunicati\/?s={search_term_string}\"},\"query-input\":{\"@type\":\"PropertyValueSpecification\",\"valueRequired\":true,\"valueName\":\"search_term_string\"}}],\"inLanguage\":\"it-IT\"},{\"@type\":\"Person\",\"@id\":\"https:\/\/www.article-marketing.eu\/comunicati\/#\/schema\/person\/44372e4d4d0fa797b18e03ed1ace9017\",\"name\":\"Redazione Comunicati Stampa\",\"image\":{\"@type\":\"ImageObject\",\"inLanguage\":\"it-IT\",\"@id\":\"https:\/\/www.article-marketing.eu\/comunicati\/#\/schema\/person\/image\/\",\"url\":\"https:\/\/secure.gravatar.com\/avatar\/50e5c6421d3072f42e7ace803501602c60d75233d34e29fd05feb91c8760b792?s=96&d=mm&r=g\",\"contentUrl\":\"https:\/\/secure.gravatar.com\/avatar\/50e5c6421d3072f42e7ace803501602c60d75233d34e29fd05feb91c8760b792?s=96&d=mm&r=g\",\"caption\":\"Redazione Comunicati Stampa\"},\"url\":\"https:\/\/www.article-marketing.eu\/comunicati\/author\/redazione-comunicati-stampa\/\"}]}<\/script>\n<!-- \/ Yoast SEO plugin. -->","yoast_head_json":{"title":"Tamponi covid, i no vax sempre pi\u00f9 aggressivi contro le farmacie","robots":{"index":"index","follow":"follow","max-snippet":"max-snippet:-1","max-image-preview":"max-image-preview:large","max-video-preview":"max-video-preview:-1"},"canonical":"https:\/\/www.article-marketing.eu\/comunicati\/salute-e-benessere\/medicina\/tamponi-covid-i-no-vax-sempre-piu-aggressivi-contro-le-farmacie\/","og_locale":"it_IT","og_type":"article","og_title":"Tamponi covid, i no vax sempre pi\u00f9 aggressivi contro le farmacie","og_description":"Tamponi covid, i no vax sempre pi\u00f9 aggressivi contro le farmacie Le farmacie forse non avevano messo in conto \u2013 o avevano comunque sottovalutato \u2013 i rischi che sarebbero derivati dall\u2019essere subito \u201cscese in campo\u201d per assicurare ai cittadini il servizio di effettuazione dei tamponi antigenici rapidi, resi necessari dall\u2019entrata in vigore \u2013 lo scorso 15 ottobre \u2013 dell\u2019obbligo di green pass anche per entrare nei luoghi di lavoro, fattoContinue reading...","og_url":"https:\/\/www.article-marketing.eu\/comunicati\/salute-e-benessere\/medicina\/tamponi-covid-i-no-vax-sempre-piu-aggressivi-contro-le-farmacie\/","og_site_name":"Article Marketing","article_published_time":"2021-11-16T22:52:19+00:00","article_modified_time":"2021-11-17T16:40:19+00:00","og_image":[{"width":1920,"height":1080,"url":"https:\/\/www.article-marketing.eu\/comunicati\/wp-content\/uploads\/2021\/11\/novax.jpg","type":"image\/jpeg"}],"author":"Redazione Comunicati Stampa","twitter_card":"summary_large_image","twitter_misc":{"Scritto da":"Redazione Comunicati Stampa","Tempo di lettura stimato":"5 minuti"},"schema":{"@context":"https:\/\/schema.org","@graph":[{"@type":"Article","@id":"https:\/\/www.article-marketing.eu\/comunicati\/salute-e-benessere\/medicina\/tamponi-covid-i-no-vax-sempre-piu-aggressivi-contro-le-farmacie\/#article","isPartOf":{"@id":"https:\/\/www.article-marketing.eu\/comunicati\/salute-e-benessere\/medicina\/tamponi-covid-i-no-vax-sempre-piu-aggressivi-contro-le-farmacie\/"},"author":{"name":"Redazione Comunicati Stampa","@id":"https:\/\/www.article-marketing.eu\/comunicati\/#\/schema\/person\/44372e4d4d0fa797b18e03ed1ace9017"},"headline":"Tamponi covid, i no vax sempre pi\u00f9 aggressivi contro le farmacie","datePublished":"2021-11-16T22:52:19+00:00","dateModified":"2021-11-17T16:40:19+00:00","mainEntityOfPage":{"@id":"https:\/\/www.article-marketing.eu\/comunicati\/salute-e-benessere\/medicina\/tamponi-covid-i-no-vax-sempre-piu-aggressivi-contro-le-farmacie\/"},"wordCount":995,"commentCount":0,"image":{"@id":"https:\/\/www.article-marketing.eu\/comunicati\/salute-e-benessere\/medicina\/tamponi-covid-i-no-vax-sempre-piu-aggressivi-contro-le-farmacie\/#primaryimage"},"thumbnailUrl":"https:\/\/www.article-marketing.eu\/comunicati\/wp-content\/uploads\/2021\/11\/novax.jpg","keywords":["Andrea Cicconetti","commissario Figliuolo","covid19","farmacia","Federfarma","green pass","movimento novax","no vax","tamponi antigenici rapidi","tamponi covid","violenze movimento novax"],"articleSection":["Medicina","Salute e benessere"],"inLanguage":"it-IT","potentialAction":[{"@type":"CommentAction","name":"Comment","target":["https:\/\/www.article-marketing.eu\/comunicati\/salute-e-benessere\/medicina\/tamponi-covid-i-no-vax-sempre-piu-aggressivi-contro-le-farmacie\/#respond"]}]},{"@type":"WebPage","@id":"https:\/\/www.article-marketing.eu\/comunicati\/salute-e-benessere\/medicina\/tamponi-covid-i-no-vax-sempre-piu-aggressivi-contro-le-farmacie\/","url":"https:\/\/www.article-marketing.eu\/comunicati\/salute-e-benessere\/medicina\/tamponi-covid-i-no-vax-sempre-piu-aggressivi-contro-le-farmacie\/","name":"Tamponi covid, i no vax sempre pi\u00f9 aggressivi contro le farmacie","isPartOf":{"@id":"https:\/\/www.article-marketing.eu\/comunicati\/#website"},"primaryImageOfPage":{"@id":"https:\/\/www.article-marketing.eu\/comunicati\/salute-e-benessere\/medicina\/tamponi-covid-i-no-vax-sempre-piu-aggressivi-contro-le-farmacie\/#primaryimage"},"image":{"@id":"https:\/\/www.article-marketing.eu\/comunicati\/salute-e-benessere\/medicina\/tamponi-covid-i-no-vax-sempre-piu-aggressivi-contro-le-farmacie\/#primaryimage"},"thumbnailUrl":"https:\/\/www.article-marketing.eu\/comunicati\/wp-content\/uploads\/2021\/11\/novax.jpg","datePublished":"2021-11-16T22:52:19+00:00","dateModified":"2021-11-17T16:40:19+00:00","author":{"@id":"https:\/\/www.article-marketing.eu\/comunicati\/#\/schema\/person\/44372e4d4d0fa797b18e03ed1ace9017"},"breadcrumb":{"@id":"https:\/\/www.article-marketing.eu\/comunicati\/salute-e-benessere\/medicina\/tamponi-covid-i-no-vax-sempre-piu-aggressivi-contro-le-farmacie\/#breadcrumb"},"inLanguage":"it-IT","potentialAction":[{"@type":"ReadAction","target":["https:\/\/www.article-marketing.eu\/comunicati\/salute-e-benessere\/medicina\/tamponi-covid-i-no-vax-sempre-piu-aggressivi-contro-le-farmacie\/"]}]},{"@type":"ImageObject","inLanguage":"it-IT","@id":"https:\/\/www.article-marketing.eu\/comunicati\/salute-e-benessere\/medicina\/tamponi-covid-i-no-vax-sempre-piu-aggressivi-contro-le-farmacie\/#primaryimage","url":"https:\/\/www.article-marketing.eu\/comunicati\/wp-content\/uploads\/2021\/11\/novax.jpg","contentUrl":"https:\/\/www.article-marketing.eu\/comunicati\/wp-content\/uploads\/2021\/11\/novax.jpg","width":1920,"height":1080,"caption":"Movimento novax - violenze"},{"@type":"BreadcrumbList","@id":"https:\/\/www.article-marketing.eu\/comunicati\/salute-e-benessere\/medicina\/tamponi-covid-i-no-vax-sempre-piu-aggressivi-contro-le-farmacie\/#breadcrumb","itemListElement":[{"@type":"ListItem","position":1,"name":"Home","item":"https:\/\/www.article-marketing.eu\/comunicati\/"},{"@type":"ListItem","position":2,"name":"Tamponi covid, i no vax sempre pi\u00f9 aggressivi contro le farmacie"}]},{"@type":"WebSite","@id":"https:\/\/www.article-marketing.eu\/comunicati\/#website","url":"https:\/\/www.article-marketing.eu\/comunicati\/","name":"Article Marketing","description":"article marketing &amp; press release","potentialAction":[{"@type":"SearchAction","target":{"@type":"EntryPoint","urlTemplate":"https:\/\/www.article-marketing.eu\/comunicati\/?s={search_term_string}"},"query-input":{"@type":"PropertyValueSpecification","valueRequired":true,"valueName":"search_term_string"}}],"inLanguage":"it-IT"},{"@type":"Person","@id":"https:\/\/www.article-marketing.eu\/comunicati\/#\/schema\/person\/44372e4d4d0fa797b18e03ed1ace9017","name":"Redazione Comunicati Stampa","image":{"@type":"ImageObject","inLanguage":"it-IT","@id":"https:\/\/www.article-marketing.eu\/comunicati\/#\/schema\/person\/image\/","url":"https:\/\/secure.gravatar.com\/avatar\/50e5c6421d3072f42e7ace803501602c60d75233d34e29fd05feb91c8760b792?s=96&d=mm&r=g","contentUrl":"https:\/\/secure.gravatar.com\/avatar\/50e5c6421d3072f42e7ace803501602c60d75233d34e29fd05feb91c8760b792?s=96&d=mm&r=g","caption":"Redazione Comunicati Stampa"},"url":"https:\/\/www.article-marketing.eu\/comunicati\/author\/redazione-comunicati-stampa\/"}]}},"_links":{"self":[{"href":"https:\/\/www.article-marketing.eu\/comunicati\/wp-json\/wp\/v2\/posts\/67500","targetHints":{"allow":["GET"]}}],"collection":[{"href":"https:\/\/www.article-marketing.eu\/comunicati\/wp-json\/wp\/v2\/posts"}],"about":[{"href":"https:\/\/www.article-marketing.eu\/comunicati\/wp-json\/wp\/v2\/types\/post"}],"author":[{"embeddable":true,"href":"https:\/\/www.article-marketing.eu\/comunicati\/wp-json\/wp\/v2\/users\/10"}],"replies":[{"embeddable":true,"href":"https:\/\/www.article-marketing.eu\/comunicati\/wp-json\/wp\/v2\/comments?post=67500"}],"version-history":[{"count":6,"href":"https:\/\/www.article-marketing.eu\/comunicati\/wp-json\/wp\/v2\/posts\/67500\/revisions"}],"predecessor-version":[{"id":67509,"href":"https:\/\/www.article-marketing.eu\/comunicati\/wp-json\/wp\/v2\/posts\/67500\/revisions\/67509"}],"wp:featuredmedia":[{"embeddable":true,"href":"https:\/\/www.article-marketing.eu\/comunicati\/wp-json\/wp\/v2\/media\/67501"}],"wp:attachment":[{"href":"https:\/\/www.article-marketing.eu\/comunicati\/wp-json\/wp\/v2\/media?parent=67500"}],"wp:term":[{"taxonomy":"category","embeddable":true,"href":"https:\/\/www.article-marketing.eu\/comunicati\/wp-json\/wp\/v2\/categories?post=67500"},{"taxonomy":"post_tag","embeddable":true,"href":"https:\/\/www.article-marketing.eu\/comunicati\/wp-json\/wp\/v2\/tags?post=67500"}],"curies":[{"name":"wp","href":"https:\/\/api.w.org\/{rel}","templated":true}]}}