{"id":6783,"date":"2010-08-27T18:00:58","date_gmt":"2010-08-27T16:00:58","guid":{"rendered":""},"modified":"2010-08-27T18:00:58","modified_gmt":"2010-08-27T16:00:58","slug":"sta-arrivando-settembre-anche-qui-in-sicilia-si-percepisce-la%80%99aria-diversa-il-mare-che-%c3%a8-pi%c3%b9-caldo-e-le-giornate-diventano-pi%c3%b9-brevi%3b-i-tramonti-pi%c3%b9-intensi-e-caldi-con-i-l","status":"publish","type":"post","link":"https:\/\/www.article-marketing.eu\/comunicati\/viaggi-e-vacanze\/sta-arrivando-settembre-anche-qui-in-sicilia-si-percepisce-la%80%99aria-diversa-il-mare-che-%c3%a8-pi%c3%b9-caldo-e-le-giornate-diventano-pi%c3%b9-brevi%3b-i-tramonti-pi%c3%b9-intensi-e-caldi-con-i-l\/","title":{"rendered":"Sta arrivando settembre anche qui  in Sicilia."},"content":{"rendered":"<p>Sta arrivando settembre anche qui in Sicilia. Si percepisce l&rsquo;aria diversa, il mare che &egrave; pi&ugrave; caldo e le giornate diventano pi&ugrave; brevi; i tramonti pi&ugrave; intensi e caldi con i loro colori incredibili. Siamo a Marina di Ragusa alla maison de charme La Moresca e colloquiamo con Henry Pransky. <br \/>Erano circa due anni che non vedevo Henry Pransky ed incontrarlo a Marina di Ragusa, averlo qui e poter approfittare della sua disponibilit&agrave; mi ha gratificato molto. Henry &egrave; stato ed &egrave; tuttora uno dei massimi imprenditori ed esperti di turismo al mondo. Pensate che La sua prima compagnia aerea la <strong style=\"mso-bidi-font-weight: normal;\">Intercontinental US Inc.<\/strong> fu registrata nel lontano 1960 a New York ed inizialmente operava con due DC4 che poi una volta aperta la prima base europea, divennero 3. Henry si mosse per il mondo molto velocemente e ppoi come molti scelse di tenere &ldquo;un piede&rdquo; inItalia ed a Roma per l&rsquo;esattezza. Henry Pransky con un altro vecchio amico cre&ograve; &#8220;la prima incentive house&#8221; italiana. Fu proprio lui, il primo in assoluto a proporre l&rsquo;Italia come destinazione Incentive e pensate che arriv&ograve; a detenere sino all&rsquo;80% delt traffico in arrivo dagli USA. Era lui che, oltre a visitare i mercati internazionali uno ad uno instaurava i raporti con le imprese pi&ugrave; significative e si batteva per promuovere il prodotto che aveva costruito con tanta fatica e tanto acume. Henry Pransky &egrave; uno dei pochi veri mentori che ho conosciuto ed ora, ritrovarlo qui tra le mura di questa casa mi gratifica&hellip;ci conosciamo da cos&Igrave; tanti anni. Parlare con lui della Sicilia ma soprattutto di questa provincia Iblea e delle sue bellezze &egrave; qualche cosa di inaspettato. &Egrave; Henry che, con questo suo accento bostoniano mi racconta che la Sicilia a Settembre si mostra nel suo completo splendore. Finalmente, mi dice, anche i turisti hanno capito che le meravigliose spiagge di Marina di Ragusa bisogna godersele in settembre. Viaggiare in Sicilia non &egrave; pi&ugrave; come poteva esserlo quando io mi innamorai di questa destinazione. Oggi &egrave; molto pi&ugrave; facile e con l&rsquo;aeroporto di Catania a non pi&ugrave; di 90 minuti da qui bh&egrave;, diciamo due ore, se calcoliamo il tempo di noleggiare una macchina. Oggi il turismo &egrave; cambiato, per il loro &ldquo;Viaggio in Sicilia&rdquo; i tuoi potenziali clienti, mi dice Henry Pransky, si affidano sempre di pi&ugrave; ad internet per organizzare il loro viaggio. Prova a digitare su Google search &ldquo;Hotel Sicily&rdquo; e vedrai apparire una marea di proposte; l&rsquo;imbarazzo &egrave; nello scegliere. Il mese di Settembre in Sicilia &egrave; bellissimo (sole, mare, cultura). Grazie Henry Pransky hai ragione tu, ecco alcuni eventi da riscoprire e La Moresca, questa maison de charme di Marina di Ragusa, &egrave; un&rsquo;ottima base per scoprire questi eventi e molti altri:<\/p>\n<ul style=\"margin-top: 0cm;\" type=\"disc\">\n<\/p>\n<li class=\"MsoNormal\" style=\"text-align: left; margin: 0cm 0cm 0pt; mso-list: l0 level1 lfo1;\">Sagra dell&#8217;Uva di Pedalino (Comiso). Sagra e sfilata di carretti siciliani dal 26 al 28 Settembre<\/li>\n<p><\/p>\n<li class=\"MsoNormal\" style=\"text-align: left; margin: 0cm 0cm 0pt; mso-list: l0 level1 lfo1;\">Sagra dell&#8217;uva di Mazzarrone (Ct). Dal 10 al 12 di Settembre. <\/li>\n<p><\/p>\n<li class=\"MsoNormal\" style=\"text-align: left; margin: 0cm 0cm 0pt; mso-list: l0 level1 lfo1;\">Festa di San Giuseppe di Mazzarrone &ndash; la 3&deg; domenica di settembre. <\/li>\n<p><\/p>\n<li class=\"MsoNormal\" style=\"text-align: left; margin: 0cm 0cm 0pt; mso-list: l0 level1 lfo1;\">Ragusa &#8211; Fiera dell&#8217;agricoltura e della zootecnia con Mostra-Mercato di rodotti dell&#8217;artigianato locale. Dal 24 al 26 di settembre<\/li>\n<p><\/p>\n<li class=\"MsoNormal\" style=\"text-align: left; margin: 0cm 0cm 0pt; mso-list: l0 level1 lfo1;\">Comiso &ndash; il settembre Kasmeneo dal 2 al 12 di settembre &ndash; dieci serate dedicate alla culturio ed allo spettacolo di vario genere<\/li>\n<p><\/p>\n<li class=\"MsoNormal\" style=\"text-align: left; margin: 0cm 0cm 0pt; mso-list: l0 level1 lfo1;\">Festa di San Giovanni a Monterosso Almo (RG) molto vicino a Chiaramonte Gulfi (UNESCO) &ndash; il 5 settembre<\/li>\n<p>\n<\/ul>\n","protected":false},"excerpt":{"rendered":"<p>Sta arrivando settembre anche qui in Sicilia. Si percepisce l\u2019aria diversa, il mare che \u00e8 pi\u00f9 caldo e le giornate diventano pi\u00f9 brevi; i tramonti pi\u00f9 intensi e caldi con i loro colori incredibili. Siamo a Marina di Ragusa alla maison de charme La Moresca e colloquiamo con Henry Pransky. <\/p>\n","protected":false},"author":10,"featured_media":0,"comment_status":"open","ping_status":"open","sticky":false,"template":"","format":"standard","meta":{"cybocfi_hide_featured_image":"","footnotes":""},"categories":[280],"tags":[17059,255,3368,11030,799,17058,1740,598],"class_list":["post-6783","post","type-post","status-publish","format-standard","hentry","category-viaggi-e-vacanze","tag-charme","tag-hotel","tag-lusso","tag-luxury","tag-mare","tag-ragusa","tag-sicilia","tag-vacanza"],"yoast_head":"<!-- This site is optimized with the Yoast SEO plugin v27.0 - https:\/\/yoast.com\/product\/yoast-seo-wordpress\/ -->\n<title>Sta arrivando settembre anche qui in Sicilia. - Article Marketing<\/title>\n<meta name=\"robots\" content=\"index, follow, max-snippet:-1, max-image-preview:large, max-video-preview:-1\" \/>\n<link rel=\"canonical\" href=\"https:\/\/www.article-marketing.eu\/comunicati\/viaggi-e-vacanze\/sta-arrivando-settembre-anche-qui-in-sicilia-si-percepisce-la??aria-diversa-il-mare-che-\u00e8-pi\u00f9-caldo-e-le-giornate-diventano-pi\u00f9-brevi;-i-tramonti-pi\u00f9-intensi-e-caldi-con-i-l\/\" \/>\n<meta property=\"og:locale\" content=\"it_IT\" \/>\n<meta property=\"og:type\" content=\"article\" \/>\n<meta property=\"og:title\" content=\"Sta arrivando settembre anche qui in Sicilia. - Article Marketing\" \/>\n<meta property=\"og:description\" content=\"Sta arrivando settembre anche qui in Sicilia. Si percepisce l\u2019aria diversa, il mare che \u00e8 pi\u00f9 caldo e le giornate diventano pi\u00f9 brevi; i tramonti pi\u00f9 intensi e caldi con i loro colori incredibili. Siamo a Marina di Ragusa alla maison de charme La Moresca e colloquiamo con Henry Pransky.\" \/>\n<meta property=\"og:url\" content=\"\" \/>\n<meta property=\"og:site_name\" content=\"Article Marketing\" \/>\n<meta property=\"article:published_time\" content=\"2010-08-27T16:00:58+00:00\" \/>\n<meta name=\"author\" content=\"Redazione Comunicati Stampa\" \/>\n<meta name=\"twitter:card\" content=\"summary_large_image\" \/>\n<meta name=\"twitter:label1\" content=\"Scritto da\" \/>\n\t<meta name=\"twitter:data1\" content=\"Redazione Comunicati Stampa\" \/>\n\t<meta name=\"twitter:label2\" content=\"Tempo di lettura stimato\" \/>\n\t<meta name=\"twitter:data2\" content=\"3 minuti\" \/>\n<script type=\"application\/ld+json\" class=\"yoast-schema-graph\">{\"@context\":\"https:\/\/schema.org\",\"@graph\":[{\"@type\":\"Article\",\"@id\":\"https:\/\/www.article-marketing.eu\/comunicati\/viaggi-e-vacanze\/sta-arrivando-settembre-anche-qui-in-sicilia-si-percepisce-la%80%99aria-diversa-il-mare-che-%c3%a8-pi%c3%b9-caldo-e-le-giornate-diventano-pi%c3%b9-brevi%3b-i-tramonti-pi%c3%b9-intensi-e-caldi-con-i-l\/#article\",\"isPartOf\":{\"@id\":\"https:\/\/www.article-marketing.eu\/comunicati\/viaggi-e-vacanze\/sta-arrivando-settembre-anche-qui-in-sicilia-si-percepisce-la%80%99aria-diversa-il-mare-che-%c3%a8-pi%c3%b9-caldo-e-le-giornate-diventano-pi%c3%b9-brevi%3b-i-tramonti-pi%c3%b9-intensi-e-caldi-con-i-l\/\"},\"author\":{\"name\":\"Redazione Comunicati Stampa\",\"@id\":\"https:\/\/www.article-marketing.eu\/comunicati\/#\/schema\/person\/44372e4d4d0fa797b18e03ed1ace9017\"},\"headline\":\"Sta arrivando settembre anche qui in Sicilia.\",\"datePublished\":\"2010-08-27T16:00:58+00:00\",\"mainEntityOfPage\":{\"@id\":\"https:\/\/www.article-marketing.eu\/comunicati\/viaggi-e-vacanze\/sta-arrivando-settembre-anche-qui-in-sicilia-si-percepisce-la%80%99aria-diversa-il-mare-che-%c3%a8-pi%c3%b9-caldo-e-le-giornate-diventano-pi%c3%b9-brevi%3b-i-tramonti-pi%c3%b9-intensi-e-caldi-con-i-l\/\"},\"wordCount\":584,\"commentCount\":0,\"keywords\":[\"charme\",\"hotel\",\"lusso\",\"luxury\",\"mare\",\"ragusa\",\"sicilia\",\"vacanza\"],\"articleSection\":[\"Viaggi e vacanze\"],\"inLanguage\":\"it-IT\",\"potentialAction\":[{\"@type\":\"CommentAction\",\"name\":\"Comment\",\"target\":[\"https:\/\/www.article-marketing.eu\/comunicati\/viaggi-e-vacanze\/sta-arrivando-settembre-anche-qui-in-sicilia-si-percepisce-la%80%99aria-diversa-il-mare-che-%c3%a8-pi%c3%b9-caldo-e-le-giornate-diventano-pi%c3%b9-brevi%3b-i-tramonti-pi%c3%b9-intensi-e-caldi-con-i-l\/#respond\"]}]},{\"@type\":\"WebPage\",\"@id\":\"https:\/\/www.article-marketing.eu\/comunicati\/viaggi-e-vacanze\/sta-arrivando-settembre-anche-qui-in-sicilia-si-percepisce-la%80%99aria-diversa-il-mare-che-%c3%a8-pi%c3%b9-caldo-e-le-giornate-diventano-pi%c3%b9-brevi%3b-i-tramonti-pi%c3%b9-intensi-e-caldi-con-i-l\/\",\"url\":\"https:\/\/www.article-marketing.eu\/comunicati\/viaggi-e-vacanze\/sta-arrivando-settembre-anche-qui-in-sicilia-si-percepisce-la%80%99aria-diversa-il-mare-che-%c3%a8-pi%c3%b9-caldo-e-le-giornate-diventano-pi%c3%b9-brevi%3b-i-tramonti-pi%c3%b9-intensi-e-caldi-con-i-l\/\",\"name\":\"Sta arrivando settembre anche qui in Sicilia. - Article Marketing\",\"isPartOf\":{\"@id\":\"https:\/\/www.article-marketing.eu\/comunicati\/#website\"},\"datePublished\":\"2010-08-27T16:00:58+00:00\",\"author\":{\"@id\":\"https:\/\/www.article-marketing.eu\/comunicati\/#\/schema\/person\/44372e4d4d0fa797b18e03ed1ace9017\"},\"breadcrumb\":{\"@id\":\"https:\/\/www.article-marketing.eu\/comunicati\/viaggi-e-vacanze\/sta-arrivando-settembre-anche-qui-in-sicilia-si-percepisce-la%80%99aria-diversa-il-mare-che-%c3%a8-pi%c3%b9-caldo-e-le-giornate-diventano-pi%c3%b9-brevi%3b-i-tramonti-pi%c3%b9-intensi-e-caldi-con-i-l\/#breadcrumb\"},\"inLanguage\":\"it-IT\",\"potentialAction\":[{\"@type\":\"ReadAction\",\"target\":[\"https:\/\/www.article-marketing.eu\/comunicati\/viaggi-e-vacanze\/sta-arrivando-settembre-anche-qui-in-sicilia-si-percepisce-la%80%99aria-diversa-il-mare-che-%c3%a8-pi%c3%b9-caldo-e-le-giornate-diventano-pi%c3%b9-brevi%3b-i-tramonti-pi%c3%b9-intensi-e-caldi-con-i-l\/\"]}]},{\"@type\":\"BreadcrumbList\",\"@id\":\"https:\/\/www.article-marketing.eu\/comunicati\/viaggi-e-vacanze\/sta-arrivando-settembre-anche-qui-in-sicilia-si-percepisce-la%80%99aria-diversa-il-mare-che-%c3%a8-pi%c3%b9-caldo-e-le-giornate-diventano-pi%c3%b9-brevi%3b-i-tramonti-pi%c3%b9-intensi-e-caldi-con-i-l\/#breadcrumb\",\"itemListElement\":[{\"@type\":\"ListItem\",\"position\":1,\"name\":\"Home\",\"item\":\"https:\/\/www.article-marketing.eu\/comunicati\/\"},{\"@type\":\"ListItem\",\"position\":2,\"name\":\"Sta arrivando settembre anche qui in Sicilia.\"}]},{\"@type\":\"WebSite\",\"@id\":\"https:\/\/www.article-marketing.eu\/comunicati\/#website\",\"url\":\"https:\/\/www.article-marketing.eu\/comunicati\/\",\"name\":\"Article Marketing\",\"description\":\"article marketing &amp; press release\",\"potentialAction\":[{\"@type\":\"SearchAction\",\"target\":{\"@type\":\"EntryPoint\",\"urlTemplate\":\"https:\/\/www.article-marketing.eu\/comunicati\/?s={search_term_string}\"},\"query-input\":{\"@type\":\"PropertyValueSpecification\",\"valueRequired\":true,\"valueName\":\"search_term_string\"}}],\"inLanguage\":\"it-IT\"},{\"@type\":\"Person\",\"@id\":\"https:\/\/www.article-marketing.eu\/comunicati\/#\/schema\/person\/44372e4d4d0fa797b18e03ed1ace9017\",\"name\":\"Redazione Comunicati Stampa\",\"image\":{\"@type\":\"ImageObject\",\"inLanguage\":\"it-IT\",\"@id\":\"https:\/\/www.article-marketing.eu\/comunicati\/#\/schema\/person\/image\/\",\"url\":\"https:\/\/secure.gravatar.com\/avatar\/50e5c6421d3072f42e7ace803501602c60d75233d34e29fd05feb91c8760b792?s=96&d=mm&r=g\",\"contentUrl\":\"https:\/\/secure.gravatar.com\/avatar\/50e5c6421d3072f42e7ace803501602c60d75233d34e29fd05feb91c8760b792?s=96&d=mm&r=g\",\"caption\":\"Redazione Comunicati Stampa\"},\"url\":\"https:\/\/www.article-marketing.eu\/comunicati\/author\/redazione-comunicati-stampa\/\"}]}<\/script>\n<!-- \/ Yoast SEO plugin. -->","yoast_head_json":{"title":"Sta arrivando settembre anche qui in Sicilia. - Article Marketing","robots":{"index":"index","follow":"follow","max-snippet":"max-snippet:-1","max-image-preview":"max-image-preview:large","max-video-preview":"max-video-preview:-1"},"canonical":"https:\/\/www.article-marketing.eu\/comunicati\/viaggi-e-vacanze\/sta-arrivando-settembre-anche-qui-in-sicilia-si-percepisce-la??aria-diversa-il-mare-che-\u00e8-pi\u00f9-caldo-e-le-giornate-diventano-pi\u00f9-brevi;-i-tramonti-pi\u00f9-intensi-e-caldi-con-i-l\/","og_locale":"it_IT","og_type":"article","og_title":"Sta arrivando settembre anche qui in Sicilia. - Article Marketing","og_description":"Sta arrivando settembre anche qui in Sicilia. Si percepisce l\u2019aria diversa, il mare che \u00e8 pi\u00f9 caldo e le giornate diventano pi\u00f9 brevi; i tramonti pi\u00f9 intensi e caldi con i loro colori incredibili. Siamo a Marina di Ragusa alla maison de charme La Moresca e colloquiamo con Henry Pransky.","og_url":"https:\/\/www.article-marketing.eu\/comunicati\/viaggi-e-vacanze\/sta-arrivando-settembre-anche-qui-in-sicilia-si-percepisce-la??aria-diversa-il-mare-che-\u00e8-pi\u00f9-caldo-e-le-giornate-diventano-pi\u00f9-brevi;-i-tramonti-pi\u00f9-intensi-e-caldi-con-i-l\/","og_site_name":"Article Marketing","article_published_time":"2010-08-27T16:00:58+00:00","author":"Redazione Comunicati Stampa","twitter_card":"summary_large_image","twitter_misc":{"Scritto da":"Redazione Comunicati Stampa","Tempo di lettura stimato":"3 minuti"},"schema":{"@context":"https:\/\/schema.org","@graph":[{"@type":"Article","@id":"https:\/\/www.article-marketing.eu\/comunicati\/viaggi-e-vacanze\/sta-arrivando-settembre-anche-qui-in-sicilia-si-percepisce-la%80%99aria-diversa-il-mare-che-%c3%a8-pi%c3%b9-caldo-e-le-giornate-diventano-pi%c3%b9-brevi%3b-i-tramonti-pi%c3%b9-intensi-e-caldi-con-i-l\/#article","isPartOf":{"@id":"https:\/\/www.article-marketing.eu\/comunicati\/viaggi-e-vacanze\/sta-arrivando-settembre-anche-qui-in-sicilia-si-percepisce-la%80%99aria-diversa-il-mare-che-%c3%a8-pi%c3%b9-caldo-e-le-giornate-diventano-pi%c3%b9-brevi%3b-i-tramonti-pi%c3%b9-intensi-e-caldi-con-i-l\/"},"author":{"name":"Redazione Comunicati Stampa","@id":"https:\/\/www.article-marketing.eu\/comunicati\/#\/schema\/person\/44372e4d4d0fa797b18e03ed1ace9017"},"headline":"Sta arrivando settembre anche qui in Sicilia.","datePublished":"2010-08-27T16:00:58+00:00","mainEntityOfPage":{"@id":"https:\/\/www.article-marketing.eu\/comunicati\/viaggi-e-vacanze\/sta-arrivando-settembre-anche-qui-in-sicilia-si-percepisce-la%80%99aria-diversa-il-mare-che-%c3%a8-pi%c3%b9-caldo-e-le-giornate-diventano-pi%c3%b9-brevi%3b-i-tramonti-pi%c3%b9-intensi-e-caldi-con-i-l\/"},"wordCount":584,"commentCount":0,"keywords":["charme","hotel","lusso","luxury","mare","ragusa","sicilia","vacanza"],"articleSection":["Viaggi e vacanze"],"inLanguage":"it-IT","potentialAction":[{"@type":"CommentAction","name":"Comment","target":["https:\/\/www.article-marketing.eu\/comunicati\/viaggi-e-vacanze\/sta-arrivando-settembre-anche-qui-in-sicilia-si-percepisce-la%80%99aria-diversa-il-mare-che-%c3%a8-pi%c3%b9-caldo-e-le-giornate-diventano-pi%c3%b9-brevi%3b-i-tramonti-pi%c3%b9-intensi-e-caldi-con-i-l\/#respond"]}]},{"@type":"WebPage","@id":"https:\/\/www.article-marketing.eu\/comunicati\/viaggi-e-vacanze\/sta-arrivando-settembre-anche-qui-in-sicilia-si-percepisce-la%80%99aria-diversa-il-mare-che-%c3%a8-pi%c3%b9-caldo-e-le-giornate-diventano-pi%c3%b9-brevi%3b-i-tramonti-pi%c3%b9-intensi-e-caldi-con-i-l\/","url":"https:\/\/www.article-marketing.eu\/comunicati\/viaggi-e-vacanze\/sta-arrivando-settembre-anche-qui-in-sicilia-si-percepisce-la%80%99aria-diversa-il-mare-che-%c3%a8-pi%c3%b9-caldo-e-le-giornate-diventano-pi%c3%b9-brevi%3b-i-tramonti-pi%c3%b9-intensi-e-caldi-con-i-l\/","name":"Sta arrivando settembre anche qui in Sicilia. - Article Marketing","isPartOf":{"@id":"https:\/\/www.article-marketing.eu\/comunicati\/#website"},"datePublished":"2010-08-27T16:00:58+00:00","author":{"@id":"https:\/\/www.article-marketing.eu\/comunicati\/#\/schema\/person\/44372e4d4d0fa797b18e03ed1ace9017"},"breadcrumb":{"@id":"https:\/\/www.article-marketing.eu\/comunicati\/viaggi-e-vacanze\/sta-arrivando-settembre-anche-qui-in-sicilia-si-percepisce-la%80%99aria-diversa-il-mare-che-%c3%a8-pi%c3%b9-caldo-e-le-giornate-diventano-pi%c3%b9-brevi%3b-i-tramonti-pi%c3%b9-intensi-e-caldi-con-i-l\/#breadcrumb"},"inLanguage":"it-IT","potentialAction":[{"@type":"ReadAction","target":["https:\/\/www.article-marketing.eu\/comunicati\/viaggi-e-vacanze\/sta-arrivando-settembre-anche-qui-in-sicilia-si-percepisce-la%80%99aria-diversa-il-mare-che-%c3%a8-pi%c3%b9-caldo-e-le-giornate-diventano-pi%c3%b9-brevi%3b-i-tramonti-pi%c3%b9-intensi-e-caldi-con-i-l\/"]}]},{"@type":"BreadcrumbList","@id":"https:\/\/www.article-marketing.eu\/comunicati\/viaggi-e-vacanze\/sta-arrivando-settembre-anche-qui-in-sicilia-si-percepisce-la%80%99aria-diversa-il-mare-che-%c3%a8-pi%c3%b9-caldo-e-le-giornate-diventano-pi%c3%b9-brevi%3b-i-tramonti-pi%c3%b9-intensi-e-caldi-con-i-l\/#breadcrumb","itemListElement":[{"@type":"ListItem","position":1,"name":"Home","item":"https:\/\/www.article-marketing.eu\/comunicati\/"},{"@type":"ListItem","position":2,"name":"Sta arrivando settembre anche qui in Sicilia."}]},{"@type":"WebSite","@id":"https:\/\/www.article-marketing.eu\/comunicati\/#website","url":"https:\/\/www.article-marketing.eu\/comunicati\/","name":"Article Marketing","description":"article marketing &amp; press release","potentialAction":[{"@type":"SearchAction","target":{"@type":"EntryPoint","urlTemplate":"https:\/\/www.article-marketing.eu\/comunicati\/?s={search_term_string}"},"query-input":{"@type":"PropertyValueSpecification","valueRequired":true,"valueName":"search_term_string"}}],"inLanguage":"it-IT"},{"@type":"Person","@id":"https:\/\/www.article-marketing.eu\/comunicati\/#\/schema\/person\/44372e4d4d0fa797b18e03ed1ace9017","name":"Redazione Comunicati Stampa","image":{"@type":"ImageObject","inLanguage":"it-IT","@id":"https:\/\/www.article-marketing.eu\/comunicati\/#\/schema\/person\/image\/","url":"https:\/\/secure.gravatar.com\/avatar\/50e5c6421d3072f42e7ace803501602c60d75233d34e29fd05feb91c8760b792?s=96&d=mm&r=g","contentUrl":"https:\/\/secure.gravatar.com\/avatar\/50e5c6421d3072f42e7ace803501602c60d75233d34e29fd05feb91c8760b792?s=96&d=mm&r=g","caption":"Redazione Comunicati Stampa"},"url":"https:\/\/www.article-marketing.eu\/comunicati\/author\/redazione-comunicati-stampa\/"}]}},"_links":{"self":[{"href":"https:\/\/www.article-marketing.eu\/comunicati\/wp-json\/wp\/v2\/posts\/6783","targetHints":{"allow":["GET"]}}],"collection":[{"href":"https:\/\/www.article-marketing.eu\/comunicati\/wp-json\/wp\/v2\/posts"}],"about":[{"href":"https:\/\/www.article-marketing.eu\/comunicati\/wp-json\/wp\/v2\/types\/post"}],"author":[{"embeddable":true,"href":"https:\/\/www.article-marketing.eu\/comunicati\/wp-json\/wp\/v2\/users\/10"}],"replies":[{"embeddable":true,"href":"https:\/\/www.article-marketing.eu\/comunicati\/wp-json\/wp\/v2\/comments?post=6783"}],"version-history":[{"count":0,"href":"https:\/\/www.article-marketing.eu\/comunicati\/wp-json\/wp\/v2\/posts\/6783\/revisions"}],"wp:attachment":[{"href":"https:\/\/www.article-marketing.eu\/comunicati\/wp-json\/wp\/v2\/media?parent=6783"}],"wp:term":[{"taxonomy":"category","embeddable":true,"href":"https:\/\/www.article-marketing.eu\/comunicati\/wp-json\/wp\/v2\/categories?post=6783"},{"taxonomy":"post_tag","embeddable":true,"href":"https:\/\/www.article-marketing.eu\/comunicati\/wp-json\/wp\/v2\/tags?post=6783"}],"curies":[{"name":"wp","href":"https:\/\/api.w.org\/{rel}","templated":true}]}}