{"id":684,"date":"2008-09-29T17:12:02","date_gmt":"2008-09-29T15:12:02","guid":{"rendered":"http:\/\/www.article-marketing.eu\/comunicati\/senza-categoria\/salon-du-chocolat-parigi-29-ottobre-2-novembre-2008\/"},"modified":"2008-09-29T17:12:02","modified_gmt":"2008-09-29T15:12:02","slug":"salon-du-chocolat-parigi-29-ottobre-2-novembre-2008","status":"publish","type":"post","link":"https:\/\/www.article-marketing.eu\/comunicati\/comunicati-stampa\/eventi\/salon-du-chocolat-parigi-29-ottobre-2-novembre-2008\/","title":{"rendered":"SALON DU CHOCOLAT, Parigi 29 Ottobre-2 Novembre 2008"},"content":{"rendered":"<p>Una vera e propria festa del cioccolato, che viene celebrato in tutte le sue forme, dalla classica barretta agli abiti di haute couture, per la gioia di grandi e bambini, un\u2019ottima scusa per trascorre un fantastico <a href=\"http:\/\/it.flashbooking.com\/navigation\/europe_francia_parigi_all_all.html\">Week end a Parigi<\/a>.<\/p>\n<p>L\u2019evento, che parte da Parigi per spostarsi poi in tutto il mondo (ci saranno saloni del cioccolato anche a Mosca, Tokio e New York, tanto per fare degli esempi), \u00e8 ormai giunto alla sua 14^ edizione, ed \u00e8 diventato una vetrina importante per i suoi oltre 400 partecipanti, tutti uniti dalla comune missione di far apprezzare sempre di pi\u00f9 (semmai ce ne fosse bisogno!) il cioccolato. E questa edizione, in particolare, sembra essere ancora pi\u00f9 significativa, dato che 14 \u00e8 un numero particolarmente legato sia a Parigi che al cioccolato: San Valentino, la festa degli innamorati, che si scambiano spesso e volentieri doni a base di cioccolato, \u00e8 il 14 febbraio, ma il 14 (luglio) \u00e8 anche il giorno della festa nazionale dei francesi, e ancora il numero 14 ritorna in Luigi XIV, sovrano francese conosciuto anche per la sua golosit\u00e0. E allora ecco che il salone del cioccolato si svolger\u00e0 su uno spazio di 14.000 metri quadrati, e ospiter\u00e0 140 maestri cioccolatieri provenienti da tutto il mondo.<\/p>\n<p>La festa si preannuncia dunque grande, e in effetti il calendario degli eventi in programma \u00e8 pi\u00f9 ricco e variegato che mai: accanto agli spazi dove verranno esposte le ultime novit\u00e0 nel settore, molti saranno gli eventi che, pur rimanendo legati in qualche modo alla tematica cioccolatosa, daranno vita ad una festa diversificata e interessante davvero per tutti.<\/p>\n<p>L\u2019esposizione aiuter\u00e0 i visitatori a ricostruire la storia del cioccolato, le sue origini e il suo sviluppo, e a capire meglio la sua lavorazione, ossia come da un seme si passi ad un magico cibo. Ma questo \u00e8 solo l\u2019inizio: il cioccolato non viene visto solo come qualcosa da ingerire, ma anche come uno strumento di bellezza, un capo di vestiario, un mezzo per esprimere la propria creativit\u00e0. Durante il salone del cioccolato verranno infatti presentati alcuni dei benefici apportati dal burro di cacao su bellezza e salute, ma il cioccolato verr\u00e0 preso in considerazione anche in quanto efficace antistress, e alimento dall\u2019alto valore nutritivo. E bellezza ed estetica la faranno da padrone anche durante l\u2019incredibile sfilata che vedr\u00e0 protagonisti abiti ed accessori di cioccolato creati dai pi\u00f9 importanti maestri cioccolatieri, a testimoniare come gusto e creativit\u00e0 possano incontrarsi dando vita a strepitosi risultati.<\/p>\n<p>Coerentemente con questa idea si svolge la mostra di dipinti, che tutti i turisti che alloggiano in ostelli economici Parigi apprezzeranno potendo sfogliare le poesie ed ammirare le sculture presenti alla manifestazione che si svolge in contemporanea col salone e che vuole cercare di trasmettere a chi la visita le sensazioni che si provano quando si gusta questa delizia. E se tutto questo non vi sembra abbastanza e volete ammirare qualcosa di ancora pi\u00f9 bizzarro, visitate la parete decorata con bombolette spray di cioccolato, o assistete allo spettacolo di danza dei popoli produttori di cacao.<\/p>\n<p>Per chi invece, pi\u00f9 tradizionalmente, intende il cioccolato come la base perfetta per dolci e cibi vari, \u00e8 stata pensata la \u201cdimostrazione delle ricette\u201d, durante la quale cuochi provetti prepareranno davanti ad un pubblico in visibilio dei piatti golosissimi.<br \/>\nIn conclusione, se desiderate aggiungere un po\u2019 di dolcezza alla vostra vita, il salone del cioccolato \u00e8 ci\u00f2 che fa per voi!<\/p>\n<p>Con il freddo alle porte, una visita al salone del cioccolato \u00e8 l\u2019ideale per riscaldare un po\u2019 gli animi! Se pensate di  programmare un viaggio a Parigi in questi giorni, senza per\u00f2 spendere troppo, potete prenotare un ostello o un BandB a Parigi.<\/p>\n<p>Biglietti: interi 12 euro, ridotti per bambini dai 3 a 12 anni, gratuito per bambini sotto i 3 anni.<br \/>\nDate: 29 Ottobre-2 Novembre 2008<br \/>\nDove: Expo di Parigi, Porte de Versailles<\/p>\n","protected":false},"excerpt":{"rendered":"<p>La mostra pi\u00f9 appetibile dell\u2019anno, \u00e8 il caso di dirlo, avr\u00e0 luogo a Parigi tra il 29 ottobre e il 2 novembre: il salone del cioccolato di Parigi, il paradiso per i golosi di tutte le et\u00e0!<\/p>\n","protected":false},"author":10,"featured_media":0,"comment_status":"open","ping_status":"open","sticky":false,"template":"","format":"standard","meta":{"cybocfi_hide_featured_image":"","footnotes":""},"categories":[388],"tags":[2401,2400,456,2399,599],"class_list":["post-684","post","type-post","status-publish","format-standard","hentry","category-eventi","tag-bambini","tag-cioccolata","tag-eventi","tag-parigi","tag-san-valentino"],"yoast_head":"<!-- This site is optimized with the Yoast SEO plugin v27.0 - https:\/\/yoast.com\/product\/yoast-seo-wordpress\/ -->\n<title>SALON DU CHOCOLAT, Parigi 29 Ottobre-2 Novembre 2008 - Article Marketing<\/title>\n<meta name=\"robots\" content=\"index, follow, max-snippet:-1, max-image-preview:large, max-video-preview:-1\" \/>\n<link rel=\"canonical\" href=\"https:\/\/www.article-marketing.eu\/comunicati\/comunicati-stampa\/eventi\/salon-du-chocolat-parigi-29-ottobre-2-novembre-2008\/\" \/>\n<meta property=\"og:locale\" content=\"it_IT\" \/>\n<meta property=\"og:type\" content=\"article\" \/>\n<meta property=\"og:title\" content=\"SALON DU CHOCOLAT, Parigi 29 Ottobre-2 Novembre 2008 - Article Marketing\" \/>\n<meta property=\"og:description\" content=\"La mostra pi\u00f9 appetibile dell\u2019anno, \u00e8 il caso di dirlo, avr\u00e0 luogo a Parigi tra il 29 ottobre e il 2 novembre: il salone del cioccolato di Parigi, il paradiso per i golosi di tutte le et\u00e0!\" \/>\n<meta property=\"og:url\" content=\"https:\/\/www.article-marketing.eu\/comunicati\/comunicati-stampa\/eventi\/salon-du-chocolat-parigi-29-ottobre-2-novembre-2008\/\" \/>\n<meta property=\"og:site_name\" content=\"Article Marketing\" \/>\n<meta property=\"article:published_time\" content=\"2008-09-29T15:12:02+00:00\" \/>\n<meta name=\"author\" content=\"Redazione Comunicati Stampa\" \/>\n<meta name=\"twitter:card\" content=\"summary_large_image\" \/>\n<meta name=\"twitter:label1\" content=\"Scritto da\" \/>\n\t<meta name=\"twitter:data1\" content=\"Redazione Comunicati Stampa\" \/>\n\t<meta name=\"twitter:label2\" content=\"Tempo di lettura stimato\" \/>\n\t<meta name=\"twitter:data2\" content=\"3 minuti\" \/>\n<script type=\"application\/ld+json\" class=\"yoast-schema-graph\">{\"@context\":\"https:\/\/schema.org\",\"@graph\":[{\"@type\":\"Article\",\"@id\":\"https:\/\/www.article-marketing.eu\/comunicati\/comunicati-stampa\/eventi\/salon-du-chocolat-parigi-29-ottobre-2-novembre-2008\/#article\",\"isPartOf\":{\"@id\":\"https:\/\/www.article-marketing.eu\/comunicati\/comunicati-stampa\/eventi\/salon-du-chocolat-parigi-29-ottobre-2-novembre-2008\/\"},\"author\":{\"name\":\"Redazione Comunicati Stampa\",\"@id\":\"https:\/\/www.article-marketing.eu\/comunicati\/#\/schema\/person\/44372e4d4d0fa797b18e03ed1ace9017\"},\"headline\":\"SALON DU CHOCOLAT, Parigi 29 Ottobre-2 Novembre 2008\",\"datePublished\":\"2008-09-29T15:12:02+00:00\",\"mainEntityOfPage\":{\"@id\":\"https:\/\/www.article-marketing.eu\/comunicati\/comunicati-stampa\/eventi\/salon-du-chocolat-parigi-29-ottobre-2-novembre-2008\/\"},\"wordCount\":629,\"commentCount\":0,\"keywords\":[\"bambini\",\"cioccolata\",\"eventi\",\"parigi\",\"San Valentino\"],\"articleSection\":[\"Eventi\"],\"inLanguage\":\"it-IT\",\"potentialAction\":[{\"@type\":\"CommentAction\",\"name\":\"Comment\",\"target\":[\"https:\/\/www.article-marketing.eu\/comunicati\/comunicati-stampa\/eventi\/salon-du-chocolat-parigi-29-ottobre-2-novembre-2008\/#respond\"]}]},{\"@type\":\"WebPage\",\"@id\":\"https:\/\/www.article-marketing.eu\/comunicati\/comunicati-stampa\/eventi\/salon-du-chocolat-parigi-29-ottobre-2-novembre-2008\/\",\"url\":\"https:\/\/www.article-marketing.eu\/comunicati\/comunicati-stampa\/eventi\/salon-du-chocolat-parigi-29-ottobre-2-novembre-2008\/\",\"name\":\"SALON DU CHOCOLAT, Parigi 29 Ottobre-2 Novembre 2008 - Article Marketing\",\"isPartOf\":{\"@id\":\"https:\/\/www.article-marketing.eu\/comunicati\/#website\"},\"datePublished\":\"2008-09-29T15:12:02+00:00\",\"author\":{\"@id\":\"https:\/\/www.article-marketing.eu\/comunicati\/#\/schema\/person\/44372e4d4d0fa797b18e03ed1ace9017\"},\"breadcrumb\":{\"@id\":\"https:\/\/www.article-marketing.eu\/comunicati\/comunicati-stampa\/eventi\/salon-du-chocolat-parigi-29-ottobre-2-novembre-2008\/#breadcrumb\"},\"inLanguage\":\"it-IT\",\"potentialAction\":[{\"@type\":\"ReadAction\",\"target\":[\"https:\/\/www.article-marketing.eu\/comunicati\/comunicati-stampa\/eventi\/salon-du-chocolat-parigi-29-ottobre-2-novembre-2008\/\"]}]},{\"@type\":\"BreadcrumbList\",\"@id\":\"https:\/\/www.article-marketing.eu\/comunicati\/comunicati-stampa\/eventi\/salon-du-chocolat-parigi-29-ottobre-2-novembre-2008\/#breadcrumb\",\"itemListElement\":[{\"@type\":\"ListItem\",\"position\":1,\"name\":\"Home\",\"item\":\"https:\/\/www.article-marketing.eu\/comunicati\/\"},{\"@type\":\"ListItem\",\"position\":2,\"name\":\"SALON DU CHOCOLAT, Parigi 29 Ottobre-2 Novembre 2008\"}]},{\"@type\":\"WebSite\",\"@id\":\"https:\/\/www.article-marketing.eu\/comunicati\/#website\",\"url\":\"https:\/\/www.article-marketing.eu\/comunicati\/\",\"name\":\"Article Marketing\",\"description\":\"article marketing &amp; press release\",\"potentialAction\":[{\"@type\":\"SearchAction\",\"target\":{\"@type\":\"EntryPoint\",\"urlTemplate\":\"https:\/\/www.article-marketing.eu\/comunicati\/?s={search_term_string}\"},\"query-input\":{\"@type\":\"PropertyValueSpecification\",\"valueRequired\":true,\"valueName\":\"search_term_string\"}}],\"inLanguage\":\"it-IT\"},{\"@type\":\"Person\",\"@id\":\"https:\/\/www.article-marketing.eu\/comunicati\/#\/schema\/person\/44372e4d4d0fa797b18e03ed1ace9017\",\"name\":\"Redazione Comunicati Stampa\",\"image\":{\"@type\":\"ImageObject\",\"inLanguage\":\"it-IT\",\"@id\":\"https:\/\/www.article-marketing.eu\/comunicati\/#\/schema\/person\/image\/\",\"url\":\"https:\/\/secure.gravatar.com\/avatar\/50e5c6421d3072f42e7ace803501602c60d75233d34e29fd05feb91c8760b792?s=96&d=mm&r=g\",\"contentUrl\":\"https:\/\/secure.gravatar.com\/avatar\/50e5c6421d3072f42e7ace803501602c60d75233d34e29fd05feb91c8760b792?s=96&d=mm&r=g\",\"caption\":\"Redazione Comunicati Stampa\"},\"url\":\"https:\/\/www.article-marketing.eu\/comunicati\/author\/redazione-comunicati-stampa\/\"}]}<\/script>\n<!-- \/ Yoast SEO plugin. -->","yoast_head_json":{"title":"SALON DU CHOCOLAT, Parigi 29 Ottobre-2 Novembre 2008 - Article Marketing","robots":{"index":"index","follow":"follow","max-snippet":"max-snippet:-1","max-image-preview":"max-image-preview:large","max-video-preview":"max-video-preview:-1"},"canonical":"https:\/\/www.article-marketing.eu\/comunicati\/comunicati-stampa\/eventi\/salon-du-chocolat-parigi-29-ottobre-2-novembre-2008\/","og_locale":"it_IT","og_type":"article","og_title":"SALON DU CHOCOLAT, Parigi 29 Ottobre-2 Novembre 2008 - Article Marketing","og_description":"La mostra pi\u00f9 appetibile dell\u2019anno, \u00e8 il caso di dirlo, avr\u00e0 luogo a Parigi tra il 29 ottobre e il 2 novembre: il salone del cioccolato di Parigi, il paradiso per i golosi di tutte le et\u00e0!","og_url":"https:\/\/www.article-marketing.eu\/comunicati\/comunicati-stampa\/eventi\/salon-du-chocolat-parigi-29-ottobre-2-novembre-2008\/","og_site_name":"Article Marketing","article_published_time":"2008-09-29T15:12:02+00:00","author":"Redazione Comunicati Stampa","twitter_card":"summary_large_image","twitter_misc":{"Scritto da":"Redazione Comunicati Stampa","Tempo di lettura stimato":"3 minuti"},"schema":{"@context":"https:\/\/schema.org","@graph":[{"@type":"Article","@id":"https:\/\/www.article-marketing.eu\/comunicati\/comunicati-stampa\/eventi\/salon-du-chocolat-parigi-29-ottobre-2-novembre-2008\/#article","isPartOf":{"@id":"https:\/\/www.article-marketing.eu\/comunicati\/comunicati-stampa\/eventi\/salon-du-chocolat-parigi-29-ottobre-2-novembre-2008\/"},"author":{"name":"Redazione Comunicati Stampa","@id":"https:\/\/www.article-marketing.eu\/comunicati\/#\/schema\/person\/44372e4d4d0fa797b18e03ed1ace9017"},"headline":"SALON DU CHOCOLAT, Parigi 29 Ottobre-2 Novembre 2008","datePublished":"2008-09-29T15:12:02+00:00","mainEntityOfPage":{"@id":"https:\/\/www.article-marketing.eu\/comunicati\/comunicati-stampa\/eventi\/salon-du-chocolat-parigi-29-ottobre-2-novembre-2008\/"},"wordCount":629,"commentCount":0,"keywords":["bambini","cioccolata","eventi","parigi","San Valentino"],"articleSection":["Eventi"],"inLanguage":"it-IT","potentialAction":[{"@type":"CommentAction","name":"Comment","target":["https:\/\/www.article-marketing.eu\/comunicati\/comunicati-stampa\/eventi\/salon-du-chocolat-parigi-29-ottobre-2-novembre-2008\/#respond"]}]},{"@type":"WebPage","@id":"https:\/\/www.article-marketing.eu\/comunicati\/comunicati-stampa\/eventi\/salon-du-chocolat-parigi-29-ottobre-2-novembre-2008\/","url":"https:\/\/www.article-marketing.eu\/comunicati\/comunicati-stampa\/eventi\/salon-du-chocolat-parigi-29-ottobre-2-novembre-2008\/","name":"SALON DU CHOCOLAT, Parigi 29 Ottobre-2 Novembre 2008 - Article Marketing","isPartOf":{"@id":"https:\/\/www.article-marketing.eu\/comunicati\/#website"},"datePublished":"2008-09-29T15:12:02+00:00","author":{"@id":"https:\/\/www.article-marketing.eu\/comunicati\/#\/schema\/person\/44372e4d4d0fa797b18e03ed1ace9017"},"breadcrumb":{"@id":"https:\/\/www.article-marketing.eu\/comunicati\/comunicati-stampa\/eventi\/salon-du-chocolat-parigi-29-ottobre-2-novembre-2008\/#breadcrumb"},"inLanguage":"it-IT","potentialAction":[{"@type":"ReadAction","target":["https:\/\/www.article-marketing.eu\/comunicati\/comunicati-stampa\/eventi\/salon-du-chocolat-parigi-29-ottobre-2-novembre-2008\/"]}]},{"@type":"BreadcrumbList","@id":"https:\/\/www.article-marketing.eu\/comunicati\/comunicati-stampa\/eventi\/salon-du-chocolat-parigi-29-ottobre-2-novembre-2008\/#breadcrumb","itemListElement":[{"@type":"ListItem","position":1,"name":"Home","item":"https:\/\/www.article-marketing.eu\/comunicati\/"},{"@type":"ListItem","position":2,"name":"SALON DU CHOCOLAT, Parigi 29 Ottobre-2 Novembre 2008"}]},{"@type":"WebSite","@id":"https:\/\/www.article-marketing.eu\/comunicati\/#website","url":"https:\/\/www.article-marketing.eu\/comunicati\/","name":"Article Marketing","description":"article marketing &amp; press release","potentialAction":[{"@type":"SearchAction","target":{"@type":"EntryPoint","urlTemplate":"https:\/\/www.article-marketing.eu\/comunicati\/?s={search_term_string}"},"query-input":{"@type":"PropertyValueSpecification","valueRequired":true,"valueName":"search_term_string"}}],"inLanguage":"it-IT"},{"@type":"Person","@id":"https:\/\/www.article-marketing.eu\/comunicati\/#\/schema\/person\/44372e4d4d0fa797b18e03ed1ace9017","name":"Redazione Comunicati Stampa","image":{"@type":"ImageObject","inLanguage":"it-IT","@id":"https:\/\/www.article-marketing.eu\/comunicati\/#\/schema\/person\/image\/","url":"https:\/\/secure.gravatar.com\/avatar\/50e5c6421d3072f42e7ace803501602c60d75233d34e29fd05feb91c8760b792?s=96&d=mm&r=g","contentUrl":"https:\/\/secure.gravatar.com\/avatar\/50e5c6421d3072f42e7ace803501602c60d75233d34e29fd05feb91c8760b792?s=96&d=mm&r=g","caption":"Redazione Comunicati Stampa"},"url":"https:\/\/www.article-marketing.eu\/comunicati\/author\/redazione-comunicati-stampa\/"}]}},"_links":{"self":[{"href":"https:\/\/www.article-marketing.eu\/comunicati\/wp-json\/wp\/v2\/posts\/684","targetHints":{"allow":["GET"]}}],"collection":[{"href":"https:\/\/www.article-marketing.eu\/comunicati\/wp-json\/wp\/v2\/posts"}],"about":[{"href":"https:\/\/www.article-marketing.eu\/comunicati\/wp-json\/wp\/v2\/types\/post"}],"author":[{"embeddable":true,"href":"https:\/\/www.article-marketing.eu\/comunicati\/wp-json\/wp\/v2\/users\/10"}],"replies":[{"embeddable":true,"href":"https:\/\/www.article-marketing.eu\/comunicati\/wp-json\/wp\/v2\/comments?post=684"}],"version-history":[{"count":0,"href":"https:\/\/www.article-marketing.eu\/comunicati\/wp-json\/wp\/v2\/posts\/684\/revisions"}],"wp:attachment":[{"href":"https:\/\/www.article-marketing.eu\/comunicati\/wp-json\/wp\/v2\/media?parent=684"}],"wp:term":[{"taxonomy":"category","embeddable":true,"href":"https:\/\/www.article-marketing.eu\/comunicati\/wp-json\/wp\/v2\/categories?post=684"},{"taxonomy":"post_tag","embeddable":true,"href":"https:\/\/www.article-marketing.eu\/comunicati\/wp-json\/wp\/v2\/tags?post=684"}],"curies":[{"name":"wp","href":"https:\/\/api.w.org\/{rel}","templated":true}]}}