{"id":6895,"date":"2010-09-01T12:47:06","date_gmt":"2010-09-01T10:47:06","guid":{"rendered":"http:\/\/www.article-marketing.eu\/comunicati\/senza-categoria\/mercedes-cls-edizione-2011\/"},"modified":"2010-09-01T12:47:06","modified_gmt":"2010-09-01T10:47:06","slug":"mercedes-cls-edizione-2011","status":"publish","type":"post","link":"https:\/\/www.article-marketing.eu\/comunicati\/motori\/auto\/mercedes-cls-edizione-2011\/","title":{"rendered":"Mercedes CLS edizione 2011: sar\u00e0 presentata al Salone di Parigi 2010"},"content":{"rendered":"<p>La nuova Mercedes Benz CLS edizione 2011, sostituisce il modello con lo stesso nome che &egrave; disponibile dal 2004. Lo stile di quest&#8217;<a href=\"http:\/\/www.auto7.it\/\" target=\"_self\">auto<\/a> berlina-coup&egrave; con quattro posti &egrave; rimasto intatto e le modifiche al design non hanno apportato particolari stravolgimenti.<br \/>\n<br \/>Le modifiche estetiche evidenti, riguardano la griglia anteriore che ora rispecchia lo stile della nuova AMG SLS, gli specchietti retrovisori, che ora sono posti direttamente sul montante dello sportello, molto staccati dalla giunzione tra il montante del parabrezza e quello della portiera, i nuovi fari che sono a Led per tutte le funzioni.<br \/>\nAmpie le possibilit&agrave; di personalizzazione degli interni con particolare riferimento ai rivestimenti in pelle.<br \/>Questi fari sono composti da tre strisce orizzontali, per un totale di 71 Led. La CLS del 2005 era basata sulla Classe E, per quella del 2011 Mercedes non lo ha apertamente dichiarato ma a giudicare dal cruscotto molto &egrave; stato ispirato dalla Classe E attuale. Una differenza importante &egrave; che la leva del selettore del cambio automatico &egrave; collocata nella colonna dello sterzo, come nella classe S e non nella console.<\/p>\n","protected":false},"excerpt":{"rendered":"<p>Sar\u00e0 presentata al prossimo Salone di Parigi l&#8217;edizione 2011 della Mercedes Benz CLS. Novit\u00e0 soprattutto estetiche per questa berlina-coup\u00e8 di lusso<\/p>\n","protected":false},"author":10,"featured_media":0,"comment_status":"open","ping_status":"open","sticky":false,"template":"","format":"standard","meta":{"cybocfi_hide_featured_image":"","footnotes":""},"categories":[352],"tags":[],"class_list":["post-6895","post","type-post","status-publish","format-standard","hentry","category-auto"],"yoast_head":"<!-- This site is optimized with the Yoast SEO plugin v27.0 - https:\/\/yoast.com\/product\/yoast-seo-wordpress\/ -->\n<title>Mercedes CLS edizione 2011: sar\u00e0 presentata al Salone di Parigi 2010 - Article Marketing<\/title>\n<meta name=\"robots\" content=\"index, follow, max-snippet:-1, max-image-preview:large, max-video-preview:-1\" \/>\n<link rel=\"canonical\" href=\"https:\/\/www.article-marketing.eu\/comunicati\/motori\/auto\/mercedes-cls-edizione-2011\/\" \/>\n<meta property=\"og:locale\" content=\"it_IT\" \/>\n<meta property=\"og:type\" content=\"article\" \/>\n<meta property=\"og:title\" content=\"Mercedes CLS edizione 2011: sar\u00e0 presentata al Salone di Parigi 2010 - Article Marketing\" \/>\n<meta property=\"og:description\" content=\"Sar\u00e0 presentata al prossimo Salone di Parigi l&#039;edizione 2011 della Mercedes Benz CLS. Novit\u00e0 soprattutto estetiche per questa berlina-coup\u00e8 di lusso\" \/>\n<meta property=\"og:url\" content=\"https:\/\/www.article-marketing.eu\/comunicati\/motori\/auto\/mercedes-cls-edizione-2011\/\" \/>\n<meta property=\"og:site_name\" content=\"Article Marketing\" \/>\n<meta property=\"article:published_time\" content=\"2010-09-01T10:47:06+00:00\" \/>\n<meta name=\"author\" content=\"Redazione Comunicati Stampa\" \/>\n<meta name=\"twitter:card\" content=\"summary_large_image\" \/>\n<meta name=\"twitter:label1\" content=\"Scritto da\" \/>\n\t<meta name=\"twitter:data1\" content=\"Redazione Comunicati Stampa\" \/>\n\t<meta name=\"twitter:label2\" content=\"Tempo di lettura stimato\" \/>\n\t<meta name=\"twitter:data2\" content=\"1 minuto\" \/>\n<script type=\"application\/ld+json\" class=\"yoast-schema-graph\">{\"@context\":\"https:\/\/schema.org\",\"@graph\":[{\"@type\":\"Article\",\"@id\":\"https:\/\/www.article-marketing.eu\/comunicati\/motori\/auto\/mercedes-cls-edizione-2011\/#article\",\"isPartOf\":{\"@id\":\"https:\/\/www.article-marketing.eu\/comunicati\/motori\/auto\/mercedes-cls-edizione-2011\/\"},\"author\":{\"name\":\"Redazione Comunicati Stampa\",\"@id\":\"https:\/\/www.article-marketing.eu\/comunicati\/#\/schema\/person\/44372e4d4d0fa797b18e03ed1ace9017\"},\"headline\":\"Mercedes CLS edizione 2011: sar\u00e0 presentata al Salone di Parigi 2010\",\"datePublished\":\"2010-09-01T10:47:06+00:00\",\"mainEntityOfPage\":{\"@id\":\"https:\/\/www.article-marketing.eu\/comunicati\/motori\/auto\/mercedes-cls-edizione-2011\/\"},\"wordCount\":185,\"commentCount\":0,\"articleSection\":[\"Auto\"],\"inLanguage\":\"it-IT\",\"potentialAction\":[{\"@type\":\"CommentAction\",\"name\":\"Comment\",\"target\":[\"https:\/\/www.article-marketing.eu\/comunicati\/motori\/auto\/mercedes-cls-edizione-2011\/#respond\"]}]},{\"@type\":\"WebPage\",\"@id\":\"https:\/\/www.article-marketing.eu\/comunicati\/motori\/auto\/mercedes-cls-edizione-2011\/\",\"url\":\"https:\/\/www.article-marketing.eu\/comunicati\/motori\/auto\/mercedes-cls-edizione-2011\/\",\"name\":\"Mercedes CLS edizione 2011: sar\u00e0 presentata al Salone di Parigi 2010 - Article Marketing\",\"isPartOf\":{\"@id\":\"https:\/\/www.article-marketing.eu\/comunicati\/#website\"},\"datePublished\":\"2010-09-01T10:47:06+00:00\",\"author\":{\"@id\":\"https:\/\/www.article-marketing.eu\/comunicati\/#\/schema\/person\/44372e4d4d0fa797b18e03ed1ace9017\"},\"breadcrumb\":{\"@id\":\"https:\/\/www.article-marketing.eu\/comunicati\/motori\/auto\/mercedes-cls-edizione-2011\/#breadcrumb\"},\"inLanguage\":\"it-IT\",\"potentialAction\":[{\"@type\":\"ReadAction\",\"target\":[\"https:\/\/www.article-marketing.eu\/comunicati\/motori\/auto\/mercedes-cls-edizione-2011\/\"]}]},{\"@type\":\"BreadcrumbList\",\"@id\":\"https:\/\/www.article-marketing.eu\/comunicati\/motori\/auto\/mercedes-cls-edizione-2011\/#breadcrumb\",\"itemListElement\":[{\"@type\":\"ListItem\",\"position\":1,\"name\":\"Home\",\"item\":\"https:\/\/www.article-marketing.eu\/comunicati\/\"},{\"@type\":\"ListItem\",\"position\":2,\"name\":\"Mercedes CLS edizione 2011: sar\u00e0 presentata al Salone di Parigi 2010\"}]},{\"@type\":\"WebSite\",\"@id\":\"https:\/\/www.article-marketing.eu\/comunicati\/#website\",\"url\":\"https:\/\/www.article-marketing.eu\/comunicati\/\",\"name\":\"Article Marketing\",\"description\":\"article marketing &amp; press release\",\"potentialAction\":[{\"@type\":\"SearchAction\",\"target\":{\"@type\":\"EntryPoint\",\"urlTemplate\":\"https:\/\/www.article-marketing.eu\/comunicati\/?s={search_term_string}\"},\"query-input\":{\"@type\":\"PropertyValueSpecification\",\"valueRequired\":true,\"valueName\":\"search_term_string\"}}],\"inLanguage\":\"it-IT\"},{\"@type\":\"Person\",\"@id\":\"https:\/\/www.article-marketing.eu\/comunicati\/#\/schema\/person\/44372e4d4d0fa797b18e03ed1ace9017\",\"name\":\"Redazione Comunicati Stampa\",\"image\":{\"@type\":\"ImageObject\",\"inLanguage\":\"it-IT\",\"@id\":\"https:\/\/www.article-marketing.eu\/comunicati\/#\/schema\/person\/image\/\",\"url\":\"https:\/\/secure.gravatar.com\/avatar\/50e5c6421d3072f42e7ace803501602c60d75233d34e29fd05feb91c8760b792?s=96&d=mm&r=g\",\"contentUrl\":\"https:\/\/secure.gravatar.com\/avatar\/50e5c6421d3072f42e7ace803501602c60d75233d34e29fd05feb91c8760b792?s=96&d=mm&r=g\",\"caption\":\"Redazione Comunicati Stampa\"},\"url\":\"https:\/\/www.article-marketing.eu\/comunicati\/author\/redazione-comunicati-stampa\/\"}]}<\/script>\n<!-- \/ Yoast SEO plugin. -->","yoast_head_json":{"title":"Mercedes CLS edizione 2011: sar\u00e0 presentata al Salone di Parigi 2010 - Article Marketing","robots":{"index":"index","follow":"follow","max-snippet":"max-snippet:-1","max-image-preview":"max-image-preview:large","max-video-preview":"max-video-preview:-1"},"canonical":"https:\/\/www.article-marketing.eu\/comunicati\/motori\/auto\/mercedes-cls-edizione-2011\/","og_locale":"it_IT","og_type":"article","og_title":"Mercedes CLS edizione 2011: sar\u00e0 presentata al Salone di Parigi 2010 - Article Marketing","og_description":"Sar\u00e0 presentata al prossimo Salone di Parigi l'edizione 2011 della Mercedes Benz CLS. Novit\u00e0 soprattutto estetiche per questa berlina-coup\u00e8 di lusso","og_url":"https:\/\/www.article-marketing.eu\/comunicati\/motori\/auto\/mercedes-cls-edizione-2011\/","og_site_name":"Article Marketing","article_published_time":"2010-09-01T10:47:06+00:00","author":"Redazione Comunicati Stampa","twitter_card":"summary_large_image","twitter_misc":{"Scritto da":"Redazione Comunicati Stampa","Tempo di lettura stimato":"1 minuto"},"schema":{"@context":"https:\/\/schema.org","@graph":[{"@type":"Article","@id":"https:\/\/www.article-marketing.eu\/comunicati\/motori\/auto\/mercedes-cls-edizione-2011\/#article","isPartOf":{"@id":"https:\/\/www.article-marketing.eu\/comunicati\/motori\/auto\/mercedes-cls-edizione-2011\/"},"author":{"name":"Redazione Comunicati Stampa","@id":"https:\/\/www.article-marketing.eu\/comunicati\/#\/schema\/person\/44372e4d4d0fa797b18e03ed1ace9017"},"headline":"Mercedes CLS edizione 2011: sar\u00e0 presentata al Salone di Parigi 2010","datePublished":"2010-09-01T10:47:06+00:00","mainEntityOfPage":{"@id":"https:\/\/www.article-marketing.eu\/comunicati\/motori\/auto\/mercedes-cls-edizione-2011\/"},"wordCount":185,"commentCount":0,"articleSection":["Auto"],"inLanguage":"it-IT","potentialAction":[{"@type":"CommentAction","name":"Comment","target":["https:\/\/www.article-marketing.eu\/comunicati\/motori\/auto\/mercedes-cls-edizione-2011\/#respond"]}]},{"@type":"WebPage","@id":"https:\/\/www.article-marketing.eu\/comunicati\/motori\/auto\/mercedes-cls-edizione-2011\/","url":"https:\/\/www.article-marketing.eu\/comunicati\/motori\/auto\/mercedes-cls-edizione-2011\/","name":"Mercedes CLS edizione 2011: sar\u00e0 presentata al Salone di Parigi 2010 - Article Marketing","isPartOf":{"@id":"https:\/\/www.article-marketing.eu\/comunicati\/#website"},"datePublished":"2010-09-01T10:47:06+00:00","author":{"@id":"https:\/\/www.article-marketing.eu\/comunicati\/#\/schema\/person\/44372e4d4d0fa797b18e03ed1ace9017"},"breadcrumb":{"@id":"https:\/\/www.article-marketing.eu\/comunicati\/motori\/auto\/mercedes-cls-edizione-2011\/#breadcrumb"},"inLanguage":"it-IT","potentialAction":[{"@type":"ReadAction","target":["https:\/\/www.article-marketing.eu\/comunicati\/motori\/auto\/mercedes-cls-edizione-2011\/"]}]},{"@type":"BreadcrumbList","@id":"https:\/\/www.article-marketing.eu\/comunicati\/motori\/auto\/mercedes-cls-edizione-2011\/#breadcrumb","itemListElement":[{"@type":"ListItem","position":1,"name":"Home","item":"https:\/\/www.article-marketing.eu\/comunicati\/"},{"@type":"ListItem","position":2,"name":"Mercedes CLS edizione 2011: sar\u00e0 presentata al Salone di Parigi 2010"}]},{"@type":"WebSite","@id":"https:\/\/www.article-marketing.eu\/comunicati\/#website","url":"https:\/\/www.article-marketing.eu\/comunicati\/","name":"Article Marketing","description":"article marketing &amp; press release","potentialAction":[{"@type":"SearchAction","target":{"@type":"EntryPoint","urlTemplate":"https:\/\/www.article-marketing.eu\/comunicati\/?s={search_term_string}"},"query-input":{"@type":"PropertyValueSpecification","valueRequired":true,"valueName":"search_term_string"}}],"inLanguage":"it-IT"},{"@type":"Person","@id":"https:\/\/www.article-marketing.eu\/comunicati\/#\/schema\/person\/44372e4d4d0fa797b18e03ed1ace9017","name":"Redazione Comunicati Stampa","image":{"@type":"ImageObject","inLanguage":"it-IT","@id":"https:\/\/www.article-marketing.eu\/comunicati\/#\/schema\/person\/image\/","url":"https:\/\/secure.gravatar.com\/avatar\/50e5c6421d3072f42e7ace803501602c60d75233d34e29fd05feb91c8760b792?s=96&d=mm&r=g","contentUrl":"https:\/\/secure.gravatar.com\/avatar\/50e5c6421d3072f42e7ace803501602c60d75233d34e29fd05feb91c8760b792?s=96&d=mm&r=g","caption":"Redazione Comunicati Stampa"},"url":"https:\/\/www.article-marketing.eu\/comunicati\/author\/redazione-comunicati-stampa\/"}]}},"_links":{"self":[{"href":"https:\/\/www.article-marketing.eu\/comunicati\/wp-json\/wp\/v2\/posts\/6895","targetHints":{"allow":["GET"]}}],"collection":[{"href":"https:\/\/www.article-marketing.eu\/comunicati\/wp-json\/wp\/v2\/posts"}],"about":[{"href":"https:\/\/www.article-marketing.eu\/comunicati\/wp-json\/wp\/v2\/types\/post"}],"author":[{"embeddable":true,"href":"https:\/\/www.article-marketing.eu\/comunicati\/wp-json\/wp\/v2\/users\/10"}],"replies":[{"embeddable":true,"href":"https:\/\/www.article-marketing.eu\/comunicati\/wp-json\/wp\/v2\/comments?post=6895"}],"version-history":[{"count":0,"href":"https:\/\/www.article-marketing.eu\/comunicati\/wp-json\/wp\/v2\/posts\/6895\/revisions"}],"wp:attachment":[{"href":"https:\/\/www.article-marketing.eu\/comunicati\/wp-json\/wp\/v2\/media?parent=6895"}],"wp:term":[{"taxonomy":"category","embeddable":true,"href":"https:\/\/www.article-marketing.eu\/comunicati\/wp-json\/wp\/v2\/categories?post=6895"},{"taxonomy":"post_tag","embeddable":true,"href":"https:\/\/www.article-marketing.eu\/comunicati\/wp-json\/wp\/v2\/tags?post=6895"}],"curies":[{"name":"wp","href":"https:\/\/api.w.org\/{rel}","templated":true}]}}