{"id":696,"date":"2008-10-01T15:25:04","date_gmt":"2008-10-01T13:25:04","guid":{"rendered":"http:\/\/www.article-marketing.eu\/comunicati\/senza-categoria\/o-verdone-poesie-soliloqui-disquisizioni-e-brevi-racconti-lalli-editore\/"},"modified":"2008-10-01T15:25:04","modified_gmt":"2008-10-01T13:25:04","slug":"o-verdone-poesie-soliloqui-disquisizioni-e-brevi-racconti-lalli-editore","status":"publish","type":"post","link":"https:\/\/www.article-marketing.eu\/comunicati\/arte-e-cultura\/libri\/o-verdone-poesie-soliloqui-disquisizioni-e-brevi-racconti-lalli-editore\/","title":{"rendered":"O VERDONE! (POESIE, SOLILOQUI, DISQUISIZIONI E BREVI RACCONTI) LALLI EDITORE"},"content":{"rendered":"<p>Questa raccolta di poesie, (con qualche breve racconto e qualche disquisizione), nasce dal bisogno sincero e genuino, ma anche molto sofferto, di scrivere; nasce da una vita colma di sensazioni, sentimenti forgiati da una ferrea solitudine giovanile in cui la musica, soprattutto quella classica, ha avuto magistrale impero. Quella solitudine \u2013 perch\u00e9 no? \u2013 dove il talento giovanile soffre e per questo istintivamente viene condotto alla creazione. E\u2019 una raccolta di pensieri intimi, ove vengono plasmati temi classici come quello dell\u2019 intimo-patetico rapporto che ognuno di noi viene ad avere con l\u2019altro sesso, o il tema vetusto come quello dell\u2019ilarit\u00e0 suscitata nella plebe da un individuo che parla sinceramente con se stesso, o il tema delle tentazioni che distolgono il poeta dal suo intenso lavorio interiore. E\u2019 una raccolta atipica, se vogliamo, ove ritroviamo una rimembranza della poesia passata e sepolta in un cimitero, seppure l\u2019autore di tale quando scrisse i suoi  era ancora un ragazzo prolisso verso la maturit\u00e0, ma ancora radicato nel terreno dell\u2019adolescenza, e non aveva, si pu\u00f2 dire, esperienza per quanto riguarda la poesia vetusta e verace come la ritroviamo in Dante, in Petrarca, in Angiolieri e in tutti quei poeti ormai deceduti ed innalzati nel loro meritato podio. Ma c\u2019\u00e8 sempre una prima volta per amare l\u2019arte. <\/p>\n<p>Dalla prefazione di Giuseppe Romano, noto scrittore che ha pubblicato con Lalli Editore il suo secondo libro dal titolo: &#8220;Marsalone Rocco&#8221;:<\/p>\n<p>Questa prima raccolta di poesie del giovane Alessio Romano nasce dal bisogno di introspezione del pensiero umano, sviscerandone i contenuti pi\u00f9 intimi ed intrisi di significati, a volte ambigui, a volte di esplicita denuncia dell\u2019effimera esistenza umana. Cos\u00ec come i crepuscolari dei primi anni del XX secolo, Egli guarda alla vita come un cantore e ne disegna con fervida penna le debolezze e la caducit\u00e0 dell\u2019uomo, sempre alla ricerca di un perch\u00e9, del come, del quando!<br \/>\n Alessio Romano riesce ad analizzare a fondo il momento in cui il ragazzo si sfoglia della sua pelle per donarsi alla vita dell\u2019uomo maturo, rendendosi conto che la realt\u00e0 non \u00e8 quella che \u00e8, ma \u00e8 il frutto di mille e di mille verit\u00e0 fino ad allora a lui nascoste.<br \/>\nCos\u00ec, nel poeta traspare un\u2019evidente dualismo, combattuto tra il vecchio ed il nuovo, tra il bene ed il male, tra le cose giuste e quelle sbagliate; ed \u00e8 qui che nascono le pi\u00f9 profonde riflessioni poetiche: \u201cCosa sar\u00e0 mai la vita se non affanni e dolori?\u2026Il viaggio par lungo, ma \u00e8 celere e sfuggente, e quando sull\u2019isola ferma tu arrivi, ti volti un istante, e il tempo par niente\u2026\u201d<br \/>\nIl tema del tempo, sempre sfuggente e sfuggevole, dei toni pacati e remissivi, che sembrano porre il poeta ad un\u2019attesa lunga e tediosa, tutto ci\u00f2 appare come l\u2019immagine dell\u2019uomo pronto ad accettare supinamente il proprio destino. Questa \u00e8 un\u2019immagine crepuscolare, in cui affiora tra le rime quasi un senso di abbandono e di morte imminente; mentre a volte assume toni decadenti, per quel sentimento di disillusione e di crisi esistenziale.<br \/>\nSpesso, nella sua poetica si scorge una penna inceppata dalle influenze romantiche leopardiane, ma che riesce a districarsi nella ricercatezza lessicale per approdare a nuovi ed interessanti lidi espressivi, non ancora pienamente esplorati.<br \/>\nIn alcune poesie, come in \u201cImpareggiabile Madonna\u201d, l\u2019immagine della donna \u00e8 traslata alla vita, alla caducit\u00e0 dell\u2019effimera esistenza. Ambiguo \u00e8 il significato, ambigua l\u2019interpretazione che si ha della donna, ma anche della vita e dell\u2019amore, in un quadro a tinte fosche che culmina in un messaggio di speranza!<br \/>\nNe \u201cLe due fattucchiere\u201d anche qui c\u2019\u00e8 l\u2019ambiguo, il doppio significato riferito alla vita e alle sue pi\u00f9 peccaminose tentazioni, un invito dell\u2019accidia e dell\u2019apparenza a scrollarsi di dosso l\u2019impegno quotidiano che appare, cos\u00ec, superfluo. Ma in realt\u00e0 non lo \u00e8!<br \/>\nIn alcune liriche il poeta si erge a cantore delle meschinit\u00e0 dell\u2019uomo moderno, senza fronzoli, n\u00e9 ipocrisia; si veste di colui che con umilt\u00e0 raccoglie i cocci frantumati del mondo per mano dell\u2019uomo egoista e sordo, che non vuole ascoltare i richiami accorati del poeta cantore.<br \/>\nAlessio Romano riesce anche ad essere intimista, a raccogliersi e scrutare la sua vita, la sua condizione di figlio lontano dal padre e vicino allo stesso tempo. Cos\u00ec, anche stavolta egli si sdoppia in due personalit\u00e0, conflittuali tra loro.<br \/>\nLe poesie di Alessio Romano appaiono come il grido accorato del ragazzo divenuto uomo, dell\u2019essere che si sveglia dal lungo letargo e scopre la vita in tutte le sue sfaccettature, in tutta la sua crudele bellezza! Appare, allora il guerriero senza tempo, che con la sola forza della ragione vuole combattere le asperit\u00e0 della vita, ma presto si accorge che troppo esiguo \u00e8 il suo corpo per tenere testa al mostro ribelle della sconsideratezza e, quindi, non rimane che\u2026attendere! L\u2019attesa \u00e8 l\u2019unica speranza che traspare dalle fervide parole di Romano, come un Don Chisciotte che combatte con la sola forza dei sentimenti, pi\u00f9 nobili e pi\u00f9 puri.<br \/>\nIn questo Alessio Romano appare un Argonauta senza tempo e senza fine, l\u2019uomo che combatte gli altri, ma anche se stesso, il giovane che non s\u2019arrende al tempo inesorabile che attraversa tutti noi come lame invisibili. Egli \u00e8 un Eroe, un eroe d\u2019altri tempi, forse incantato ed illuso, ma pur sempre un poeta che canta la vita attraverso il proprio dolore come \u201c\u2026Ed ora mi ritrovo a scriver tal poesia, purtroppo ancora vinto e a desirare d\u2019essere un d\u00ec, succinto, sconfitto dalla perdizione, mi volto, rassegnato, e vado via\u201d.<br \/>\nSi esprime un plauso per il giovane autore Alessio Romano, per il coraggio e la perseveranza nell\u2019intraprendere un sentiero tortuoso e periglioso, mostrandosi ricco di talento e di ispirazione, che solo il tempo potr\u00e0 pienamente plasmare le ancora acerbe ricerche dell\u2019essere inesplorato che alberga nell\u2019animo umano!<\/p>\n","protected":false},"excerpt":{"rendered":"<p>E&#8217; uscito il libro di Alessio Romano &#8220;O Verdone!&#8221; edito da Lalli Editore. E&#8217; una raccolta di poesie e non solo di pagine 144, prezzo di copertina euro 10. Acquistabile qui: http:\/\/www.lallieditore.it\/index.html o qui: http:\/\/www.sienalibri.it\/libri.php?CAT=1&#038;ID=424<\/p>\n","protected":false},"author":10,"featured_media":0,"comment_status":"open","ping_status":"open","sticky":false,"template":"","format":"standard","meta":{"cybocfi_hide_featured_image":"","footnotes":""},"categories":[88],"tags":[2441,2440,608,2439,1305,2442],"class_list":["post-696","post","type-post","status-publish","format-standard","hentry","category-libri","tag-alessio","tag-lalli","tag-libro","tag-o-verdone","tag-poesia","tag-romano"],"yoast_head":"<!-- This site is optimized with the Yoast SEO plugin v27.0 - https:\/\/yoast.com\/product\/yoast-seo-wordpress\/ -->\n<title>O VERDONE! (POESIE, SOLILOQUI, DISQUISIZIONI E BREVI RACCONTI) LALLI EDITORE - Article Marketing<\/title>\n<meta name=\"robots\" content=\"index, follow, max-snippet:-1, max-image-preview:large, max-video-preview:-1\" \/>\n<link rel=\"canonical\" href=\"https:\/\/www.article-marketing.eu\/comunicati\/arte-e-cultura\/libri\/o-verdone-poesie-soliloqui-disquisizioni-e-brevi-racconti-lalli-editore\/\" \/>\n<meta property=\"og:locale\" content=\"it_IT\" \/>\n<meta property=\"og:type\" content=\"article\" \/>\n<meta property=\"og:title\" content=\"O VERDONE! (POESIE, SOLILOQUI, DISQUISIZIONI E BREVI RACCONTI) LALLI EDITORE - Article Marketing\" \/>\n<meta property=\"og:description\" content=\"E&#039; uscito il libro di Alessio Romano &quot;O Verdone!&quot; edito da Lalli Editore. E&#039; una raccolta di poesie e non solo di pagine 144, prezzo di copertina euro 10. Acquistabile qui: http:\/\/www.lallieditore.it\/index.html o qui: http:\/\/www.sienalibri.it\/libri.php?CAT=1&amp;ID=424\" \/>\n<meta property=\"og:url\" content=\"https:\/\/www.article-marketing.eu\/comunicati\/arte-e-cultura\/libri\/o-verdone-poesie-soliloqui-disquisizioni-e-brevi-racconti-lalli-editore\/\" \/>\n<meta property=\"og:site_name\" content=\"Article Marketing\" \/>\n<meta property=\"article:published_time\" content=\"2008-10-01T13:25:04+00:00\" \/>\n<meta name=\"author\" content=\"Redazione Comunicati Stampa\" \/>\n<meta name=\"twitter:card\" content=\"summary_large_image\" \/>\n<meta name=\"twitter:label1\" content=\"Scritto da\" \/>\n\t<meta name=\"twitter:data1\" content=\"Redazione Comunicati Stampa\" \/>\n\t<meta name=\"twitter:label2\" content=\"Tempo di lettura stimato\" \/>\n\t<meta name=\"twitter:data2\" content=\"5 minuti\" \/>\n<script type=\"application\/ld+json\" class=\"yoast-schema-graph\">{\"@context\":\"https:\/\/schema.org\",\"@graph\":[{\"@type\":\"Article\",\"@id\":\"https:\/\/www.article-marketing.eu\/comunicati\/arte-e-cultura\/libri\/o-verdone-poesie-soliloqui-disquisizioni-e-brevi-racconti-lalli-editore\/#article\",\"isPartOf\":{\"@id\":\"https:\/\/www.article-marketing.eu\/comunicati\/arte-e-cultura\/libri\/o-verdone-poesie-soliloqui-disquisizioni-e-brevi-racconti-lalli-editore\/\"},\"author\":{\"name\":\"Redazione Comunicati Stampa\",\"@id\":\"https:\/\/www.article-marketing.eu\/comunicati\/#\/schema\/person\/44372e4d4d0fa797b18e03ed1ace9017\"},\"headline\":\"O VERDONE! (POESIE, SOLILOQUI, DISQUISIZIONI E BREVI RACCONTI) LALLI EDITORE\",\"datePublished\":\"2008-10-01T13:25:04+00:00\",\"mainEntityOfPage\":{\"@id\":\"https:\/\/www.article-marketing.eu\/comunicati\/arte-e-cultura\/libri\/o-verdone-poesie-soliloqui-disquisizioni-e-brevi-racconti-lalli-editore\/\"},\"wordCount\":979,\"commentCount\":0,\"keywords\":[\"alessio\",\"lalli\",\"libro\",\"o verdone\",\"poesia\",\"romano\"],\"articleSection\":[\"Libri\"],\"inLanguage\":\"it-IT\",\"potentialAction\":[{\"@type\":\"CommentAction\",\"name\":\"Comment\",\"target\":[\"https:\/\/www.article-marketing.eu\/comunicati\/arte-e-cultura\/libri\/o-verdone-poesie-soliloqui-disquisizioni-e-brevi-racconti-lalli-editore\/#respond\"]}]},{\"@type\":\"WebPage\",\"@id\":\"https:\/\/www.article-marketing.eu\/comunicati\/arte-e-cultura\/libri\/o-verdone-poesie-soliloqui-disquisizioni-e-brevi-racconti-lalli-editore\/\",\"url\":\"https:\/\/www.article-marketing.eu\/comunicati\/arte-e-cultura\/libri\/o-verdone-poesie-soliloqui-disquisizioni-e-brevi-racconti-lalli-editore\/\",\"name\":\"O VERDONE! (POESIE, SOLILOQUI, DISQUISIZIONI E BREVI RACCONTI) LALLI EDITORE - Article Marketing\",\"isPartOf\":{\"@id\":\"https:\/\/www.article-marketing.eu\/comunicati\/#website\"},\"datePublished\":\"2008-10-01T13:25:04+00:00\",\"author\":{\"@id\":\"https:\/\/www.article-marketing.eu\/comunicati\/#\/schema\/person\/44372e4d4d0fa797b18e03ed1ace9017\"},\"breadcrumb\":{\"@id\":\"https:\/\/www.article-marketing.eu\/comunicati\/arte-e-cultura\/libri\/o-verdone-poesie-soliloqui-disquisizioni-e-brevi-racconti-lalli-editore\/#breadcrumb\"},\"inLanguage\":\"it-IT\",\"potentialAction\":[{\"@type\":\"ReadAction\",\"target\":[\"https:\/\/www.article-marketing.eu\/comunicati\/arte-e-cultura\/libri\/o-verdone-poesie-soliloqui-disquisizioni-e-brevi-racconti-lalli-editore\/\"]}]},{\"@type\":\"BreadcrumbList\",\"@id\":\"https:\/\/www.article-marketing.eu\/comunicati\/arte-e-cultura\/libri\/o-verdone-poesie-soliloqui-disquisizioni-e-brevi-racconti-lalli-editore\/#breadcrumb\",\"itemListElement\":[{\"@type\":\"ListItem\",\"position\":1,\"name\":\"Home\",\"item\":\"https:\/\/www.article-marketing.eu\/comunicati\/\"},{\"@type\":\"ListItem\",\"position\":2,\"name\":\"O VERDONE! (POESIE, SOLILOQUI, DISQUISIZIONI E BREVI RACCONTI) LALLI EDITORE\"}]},{\"@type\":\"WebSite\",\"@id\":\"https:\/\/www.article-marketing.eu\/comunicati\/#website\",\"url\":\"https:\/\/www.article-marketing.eu\/comunicati\/\",\"name\":\"Article Marketing\",\"description\":\"article marketing &amp; press release\",\"potentialAction\":[{\"@type\":\"SearchAction\",\"target\":{\"@type\":\"EntryPoint\",\"urlTemplate\":\"https:\/\/www.article-marketing.eu\/comunicati\/?s={search_term_string}\"},\"query-input\":{\"@type\":\"PropertyValueSpecification\",\"valueRequired\":true,\"valueName\":\"search_term_string\"}}],\"inLanguage\":\"it-IT\"},{\"@type\":\"Person\",\"@id\":\"https:\/\/www.article-marketing.eu\/comunicati\/#\/schema\/person\/44372e4d4d0fa797b18e03ed1ace9017\",\"name\":\"Redazione Comunicati Stampa\",\"image\":{\"@type\":\"ImageObject\",\"inLanguage\":\"it-IT\",\"@id\":\"https:\/\/www.article-marketing.eu\/comunicati\/#\/schema\/person\/image\/\",\"url\":\"https:\/\/secure.gravatar.com\/avatar\/50e5c6421d3072f42e7ace803501602c60d75233d34e29fd05feb91c8760b792?s=96&d=mm&r=g\",\"contentUrl\":\"https:\/\/secure.gravatar.com\/avatar\/50e5c6421d3072f42e7ace803501602c60d75233d34e29fd05feb91c8760b792?s=96&d=mm&r=g\",\"caption\":\"Redazione Comunicati Stampa\"},\"url\":\"https:\/\/www.article-marketing.eu\/comunicati\/author\/redazione-comunicati-stampa\/\"}]}<\/script>\n<!-- \/ Yoast SEO plugin. -->","yoast_head_json":{"title":"O VERDONE! (POESIE, SOLILOQUI, DISQUISIZIONI E BREVI RACCONTI) LALLI EDITORE - Article Marketing","robots":{"index":"index","follow":"follow","max-snippet":"max-snippet:-1","max-image-preview":"max-image-preview:large","max-video-preview":"max-video-preview:-1"},"canonical":"https:\/\/www.article-marketing.eu\/comunicati\/arte-e-cultura\/libri\/o-verdone-poesie-soliloqui-disquisizioni-e-brevi-racconti-lalli-editore\/","og_locale":"it_IT","og_type":"article","og_title":"O VERDONE! (POESIE, SOLILOQUI, DISQUISIZIONI E BREVI RACCONTI) LALLI EDITORE - Article Marketing","og_description":"E' uscito il libro di Alessio Romano \"O Verdone!\" edito da Lalli Editore. E' una raccolta di poesie e non solo di pagine 144, prezzo di copertina euro 10. Acquistabile qui: http:\/\/www.lallieditore.it\/index.html o qui: http:\/\/www.sienalibri.it\/libri.php?CAT=1&ID=424","og_url":"https:\/\/www.article-marketing.eu\/comunicati\/arte-e-cultura\/libri\/o-verdone-poesie-soliloqui-disquisizioni-e-brevi-racconti-lalli-editore\/","og_site_name":"Article Marketing","article_published_time":"2008-10-01T13:25:04+00:00","author":"Redazione Comunicati Stampa","twitter_card":"summary_large_image","twitter_misc":{"Scritto da":"Redazione Comunicati Stampa","Tempo di lettura stimato":"5 minuti"},"schema":{"@context":"https:\/\/schema.org","@graph":[{"@type":"Article","@id":"https:\/\/www.article-marketing.eu\/comunicati\/arte-e-cultura\/libri\/o-verdone-poesie-soliloqui-disquisizioni-e-brevi-racconti-lalli-editore\/#article","isPartOf":{"@id":"https:\/\/www.article-marketing.eu\/comunicati\/arte-e-cultura\/libri\/o-verdone-poesie-soliloqui-disquisizioni-e-brevi-racconti-lalli-editore\/"},"author":{"name":"Redazione Comunicati Stampa","@id":"https:\/\/www.article-marketing.eu\/comunicati\/#\/schema\/person\/44372e4d4d0fa797b18e03ed1ace9017"},"headline":"O VERDONE! (POESIE, SOLILOQUI, DISQUISIZIONI E BREVI RACCONTI) LALLI EDITORE","datePublished":"2008-10-01T13:25:04+00:00","mainEntityOfPage":{"@id":"https:\/\/www.article-marketing.eu\/comunicati\/arte-e-cultura\/libri\/o-verdone-poesie-soliloqui-disquisizioni-e-brevi-racconti-lalli-editore\/"},"wordCount":979,"commentCount":0,"keywords":["alessio","lalli","libro","o verdone","poesia","romano"],"articleSection":["Libri"],"inLanguage":"it-IT","potentialAction":[{"@type":"CommentAction","name":"Comment","target":["https:\/\/www.article-marketing.eu\/comunicati\/arte-e-cultura\/libri\/o-verdone-poesie-soliloqui-disquisizioni-e-brevi-racconti-lalli-editore\/#respond"]}]},{"@type":"WebPage","@id":"https:\/\/www.article-marketing.eu\/comunicati\/arte-e-cultura\/libri\/o-verdone-poesie-soliloqui-disquisizioni-e-brevi-racconti-lalli-editore\/","url":"https:\/\/www.article-marketing.eu\/comunicati\/arte-e-cultura\/libri\/o-verdone-poesie-soliloqui-disquisizioni-e-brevi-racconti-lalli-editore\/","name":"O VERDONE! (POESIE, SOLILOQUI, DISQUISIZIONI E BREVI RACCONTI) LALLI EDITORE - Article Marketing","isPartOf":{"@id":"https:\/\/www.article-marketing.eu\/comunicati\/#website"},"datePublished":"2008-10-01T13:25:04+00:00","author":{"@id":"https:\/\/www.article-marketing.eu\/comunicati\/#\/schema\/person\/44372e4d4d0fa797b18e03ed1ace9017"},"breadcrumb":{"@id":"https:\/\/www.article-marketing.eu\/comunicati\/arte-e-cultura\/libri\/o-verdone-poesie-soliloqui-disquisizioni-e-brevi-racconti-lalli-editore\/#breadcrumb"},"inLanguage":"it-IT","potentialAction":[{"@type":"ReadAction","target":["https:\/\/www.article-marketing.eu\/comunicati\/arte-e-cultura\/libri\/o-verdone-poesie-soliloqui-disquisizioni-e-brevi-racconti-lalli-editore\/"]}]},{"@type":"BreadcrumbList","@id":"https:\/\/www.article-marketing.eu\/comunicati\/arte-e-cultura\/libri\/o-verdone-poesie-soliloqui-disquisizioni-e-brevi-racconti-lalli-editore\/#breadcrumb","itemListElement":[{"@type":"ListItem","position":1,"name":"Home","item":"https:\/\/www.article-marketing.eu\/comunicati\/"},{"@type":"ListItem","position":2,"name":"O VERDONE! (POESIE, SOLILOQUI, DISQUISIZIONI E BREVI RACCONTI) LALLI EDITORE"}]},{"@type":"WebSite","@id":"https:\/\/www.article-marketing.eu\/comunicati\/#website","url":"https:\/\/www.article-marketing.eu\/comunicati\/","name":"Article Marketing","description":"article marketing &amp; press release","potentialAction":[{"@type":"SearchAction","target":{"@type":"EntryPoint","urlTemplate":"https:\/\/www.article-marketing.eu\/comunicati\/?s={search_term_string}"},"query-input":{"@type":"PropertyValueSpecification","valueRequired":true,"valueName":"search_term_string"}}],"inLanguage":"it-IT"},{"@type":"Person","@id":"https:\/\/www.article-marketing.eu\/comunicati\/#\/schema\/person\/44372e4d4d0fa797b18e03ed1ace9017","name":"Redazione Comunicati Stampa","image":{"@type":"ImageObject","inLanguage":"it-IT","@id":"https:\/\/www.article-marketing.eu\/comunicati\/#\/schema\/person\/image\/","url":"https:\/\/secure.gravatar.com\/avatar\/50e5c6421d3072f42e7ace803501602c60d75233d34e29fd05feb91c8760b792?s=96&d=mm&r=g","contentUrl":"https:\/\/secure.gravatar.com\/avatar\/50e5c6421d3072f42e7ace803501602c60d75233d34e29fd05feb91c8760b792?s=96&d=mm&r=g","caption":"Redazione Comunicati Stampa"},"url":"https:\/\/www.article-marketing.eu\/comunicati\/author\/redazione-comunicati-stampa\/"}]}},"_links":{"self":[{"href":"https:\/\/www.article-marketing.eu\/comunicati\/wp-json\/wp\/v2\/posts\/696","targetHints":{"allow":["GET"]}}],"collection":[{"href":"https:\/\/www.article-marketing.eu\/comunicati\/wp-json\/wp\/v2\/posts"}],"about":[{"href":"https:\/\/www.article-marketing.eu\/comunicati\/wp-json\/wp\/v2\/types\/post"}],"author":[{"embeddable":true,"href":"https:\/\/www.article-marketing.eu\/comunicati\/wp-json\/wp\/v2\/users\/10"}],"replies":[{"embeddable":true,"href":"https:\/\/www.article-marketing.eu\/comunicati\/wp-json\/wp\/v2\/comments?post=696"}],"version-history":[{"count":0,"href":"https:\/\/www.article-marketing.eu\/comunicati\/wp-json\/wp\/v2\/posts\/696\/revisions"}],"wp:attachment":[{"href":"https:\/\/www.article-marketing.eu\/comunicati\/wp-json\/wp\/v2\/media?parent=696"}],"wp:term":[{"taxonomy":"category","embeddable":true,"href":"https:\/\/www.article-marketing.eu\/comunicati\/wp-json\/wp\/v2\/categories?post=696"},{"taxonomy":"post_tag","embeddable":true,"href":"https:\/\/www.article-marketing.eu\/comunicati\/wp-json\/wp\/v2\/tags?post=696"}],"curies":[{"name":"wp","href":"https:\/\/api.w.org\/{rel}","templated":true}]}}