{"id":6960,"date":"2010-09-03T14:59:46","date_gmt":"2010-09-03T12:59:46","guid":{"rendered":"http:\/\/www.article-marketing.eu\/comunicati\/senza-categoria\/supersonic-racing-team-a-nurburgring-voglia-di-velocit%c3%a0-e-di-punti\/"},"modified":"2010-09-03T14:59:46","modified_gmt":"2010-09-03T12:59:46","slug":"supersonic-racing-team-a-nurburgring-voglia-di-velocit%c3%a0-e-di-punti","status":"publish","type":"post","link":"https:\/\/www.article-marketing.eu\/comunicati\/motori\/moto\/supersonic-racing-team-a-nurburgring-voglia-di-velocit%c3%a0-e-di-punti\/","title":{"rendered":"Supersonic Racing Team a Nurburgring: voglia di velocit\u00e0 e di punti"},"content":{"rendered":"<p>La squadra guidata da Danilo Soncini domenica 5 settembre &egrave; pronta a tornare in pista con un Luca Scassa che &egrave; riuscito a recuperare la forma fisica dopo gli infortuni a Brno e a Silverstone<\/p>\n<p>Il mondiale Superbike si avvia al gran finale: tre gare, poco pi&ugrave; di un mese e punti pesanti da conquistare prima della conclusione della stagione agonistica. Sul circuito di Nurburgring, il Supersonic Racing Team e Luca Scassa scendono in pista per voltare pagina e chiudere definitivamente con il periodo nero di infortuni e sfortuna che ha preceduto la pausa estiva. <\/p>\n<p>Dopo la caduta e l&#8217;infortunio a Brno e il volo nelle prove libere a Silverstone, il circuito tedesco, rappresenta quindi qualcosa in pi&ugrave; di un semplice rientro sia per Scassa, che &egrave; riuscito a recuperare la giusta forma fisica, sia per la squadra, che nel mese di agosto ha lavorato intensamente per ricostruire la Ducati 1198 andata completamente distrutta. <br \/>Gi&agrave; lo scorso anno su questo stesso tracciato lungo 5137 metri e con 17 curve di varia difficolt&agrave;, il pilota aretino aveva fatto una buona gara e la voglia di tornare a correre &egrave; tanta, come ci racconta lui stesso:<br \/>Non vedo l&#8217;ora di tornare in pista, queste ultime settimane sono state davvero dure perch&eacute; tra cadute ed infortuni ho passato pi&ugrave; tempo a curare le ferite che ad allenarmi ma sono ormai fuori dal tunnel. Il volo di Silverstone purtroppo ha aggravato una situazione limite, &egrave; stato davvero brutto per me e letale per la moto che &egrave; andata completamente distrutta. Grazie ad un serio programma di riabilitazione ho recuperato al 99% la mia migliore forma fisica tanto che in quest&#8217;ultima settimana ho potuto girare con la mia moto da cross, senza forza chiaramente, per un paio di ore al giorno. Sono grato alla squadra perch&eacute; so che hanno fatto un lavoro incredibile in vista della trasferta in Germania ed io mi auguro di poterli ripagare con un risultato altrettanto positivo, sarebbe un doppio regalo, per loro, ed anche per me visto che ho festeggiato il mio compleanno pochi giorni fa (27\/08\/1983 ndr.). A tutti i miei tifosi dico grazie per il calore dimostrato in queste difficili ultime settimane, al team mi sento di promettere un week end a livello dei miei migliori, alla mia famiglia un grandissimo grazie perch&eacute; senza di loro non avrei mai potuto praticare questo splendido sport.&#8221;<\/p>\n<p>Il team manager Danilo Soncini oltre all&#8217;entusiasmo per il ritorno in pista e la gratitudine per l&#8217;impegno di tecnici e meccanici nel preparare il mezzo per la trasferta, commenta anche le ultime notizie sul ritiro della Ducati in forma ufficiale dal mondiale SBK 2011: &ldquo;Le ultime news riguardanti la Ducati non ci hanno trovato impreparati e siamo grati all&#8217;azienda bolognese per tutta l&#8217;attenzione che ci sta elargendo in questo momento e per le ottime chance che garantiscono per il futuro. Sar&agrave; per noi motivo d&#8217;orgoglio continuare a tenere alto il vessillo del bicilindrico pi&ugrave; famoso nel mondo.&#8221;<\/p>\n<p>Per maggiori informazioni sulla prossima gara del team di moto racing e la performance di Luca Scassa in sella alla Ducati 1198 in Superbike, vi aspettiamo al sito <a href=\"http:\/\/www.supersonicracingteam.com\">http:\/\/www.supersonicracingteam.com<\/a> e sul gruppo di Facebook.<\/p>\n<p>Contatti:<br \/>Layoutweb, Layout Advertising Group<br \/>Public Relation Department<br \/>Simona Bonati<br \/>E-mail: bonati@layoutweb.it<br \/>http:\/\/www.layoutweb.it<\/p>\n","protected":false},"excerpt":{"rendered":"<p>La squadra guidata da Danilo Soncini domenica 5 settembre \u00e8 pronta a tornare in pista con un Luca Scassa che \u00e8 riuscito a recuperare la forma fisica dopo gli infortuni a Brno e a Silverstone<\/p>\n","protected":false},"author":10,"featured_media":0,"comment_status":"open","ping_status":"open","sticky":false,"template":"","format":"standard","meta":{"cybocfi_hide_featured_image":"","footnotes":""},"categories":[1005],"tags":[13964,13965,13969,13966,13968,13967],"class_list":["post-6960","post","type-post","status-publish","format-standard","hentry","category-moto","tag-corse-moto","tag-ducati-corse","tag-luca-scassa","tag-superbike-ducati","tag-team-moto","tag-team-superbike"],"yoast_head":"<!-- This site is optimized with the Yoast SEO plugin v27.0 - https:\/\/yoast.com\/product\/yoast-seo-wordpress\/ -->\n<title>Supersonic Racing Team a Nurburgring: voglia di velocit\u00e0 e di punti - Article Marketing<\/title>\n<meta name=\"robots\" content=\"index, follow, max-snippet:-1, max-image-preview:large, max-video-preview:-1\" \/>\n<link rel=\"canonical\" href=\"https:\/\/www.article-marketing.eu\/comunicati\/motori\/moto\/supersonic-racing-team-a-nurburgring-voglia-di-velocit\u00e0-e-di-punti\/\" \/>\n<meta property=\"og:locale\" content=\"it_IT\" \/>\n<meta property=\"og:type\" content=\"article\" \/>\n<meta property=\"og:title\" content=\"Supersonic Racing Team a Nurburgring: voglia di velocit\u00e0 e di punti - Article Marketing\" \/>\n<meta property=\"og:description\" content=\"La squadra guidata da Danilo Soncini domenica 5 settembre \u00e8 pronta a tornare in pista con un Luca Scassa che \u00e8 riuscito a recuperare la forma fisica dopo gli infortuni a Brno e a Silverstone\" \/>\n<meta property=\"og:url\" content=\"https:\/\/www.article-marketing.eu\/comunicati\/motori\/moto\/supersonic-racing-team-a-nurburgring-voglia-di-velocit\u00e0-e-di-punti\/\" \/>\n<meta property=\"og:site_name\" content=\"Article Marketing\" \/>\n<meta property=\"article:published_time\" content=\"2010-09-03T12:59:46+00:00\" \/>\n<meta name=\"author\" content=\"Redazione Comunicati Stampa\" \/>\n<meta name=\"twitter:card\" content=\"summary_large_image\" \/>\n<meta name=\"twitter:label1\" content=\"Scritto da\" \/>\n\t<meta name=\"twitter:data1\" content=\"Redazione Comunicati Stampa\" \/>\n\t<meta name=\"twitter:label2\" content=\"Tempo di lettura stimato\" \/>\n\t<meta name=\"twitter:data2\" content=\"3 minuti\" \/>\n<script type=\"application\/ld+json\" class=\"yoast-schema-graph\">{\"@context\":\"https:\/\/schema.org\",\"@graph\":[{\"@type\":\"Article\",\"@id\":\"https:\/\/www.article-marketing.eu\/comunicati\/motori\/moto\/supersonic-racing-team-a-nurburgring-voglia-di-velocit%c3%a0-e-di-punti\/#article\",\"isPartOf\":{\"@id\":\"https:\/\/www.article-marketing.eu\/comunicati\/motori\/moto\/supersonic-racing-team-a-nurburgring-voglia-di-velocit%c3%a0-e-di-punti\/\"},\"author\":{\"name\":\"Redazione Comunicati Stampa\",\"@id\":\"https:\/\/www.article-marketing.eu\/comunicati\/#\/schema\/person\/44372e4d4d0fa797b18e03ed1ace9017\"},\"headline\":\"Supersonic Racing Team a Nurburgring: voglia di velocit\u00e0 e di punti\",\"datePublished\":\"2010-09-03T12:59:46+00:00\",\"mainEntityOfPage\":{\"@id\":\"https:\/\/www.article-marketing.eu\/comunicati\/motori\/moto\/supersonic-racing-team-a-nurburgring-voglia-di-velocit%c3%a0-e-di-punti\/\"},\"wordCount\":558,\"commentCount\":0,\"keywords\":[\"corse moto\",\"ducati corse\",\"luca scassa\",\"superbike ducati\",\"team moto\",\"team superbike\"],\"articleSection\":[\"Moto\"],\"inLanguage\":\"it-IT\",\"potentialAction\":[{\"@type\":\"CommentAction\",\"name\":\"Comment\",\"target\":[\"https:\/\/www.article-marketing.eu\/comunicati\/motori\/moto\/supersonic-racing-team-a-nurburgring-voglia-di-velocit%c3%a0-e-di-punti\/#respond\"]}]},{\"@type\":\"WebPage\",\"@id\":\"https:\/\/www.article-marketing.eu\/comunicati\/motori\/moto\/supersonic-racing-team-a-nurburgring-voglia-di-velocit%c3%a0-e-di-punti\/\",\"url\":\"https:\/\/www.article-marketing.eu\/comunicati\/motori\/moto\/supersonic-racing-team-a-nurburgring-voglia-di-velocit%c3%a0-e-di-punti\/\",\"name\":\"Supersonic Racing Team a Nurburgring: voglia di velocit\u00e0 e di punti - Article Marketing\",\"isPartOf\":{\"@id\":\"https:\/\/www.article-marketing.eu\/comunicati\/#website\"},\"datePublished\":\"2010-09-03T12:59:46+00:00\",\"author\":{\"@id\":\"https:\/\/www.article-marketing.eu\/comunicati\/#\/schema\/person\/44372e4d4d0fa797b18e03ed1ace9017\"},\"breadcrumb\":{\"@id\":\"https:\/\/www.article-marketing.eu\/comunicati\/motori\/moto\/supersonic-racing-team-a-nurburgring-voglia-di-velocit%c3%a0-e-di-punti\/#breadcrumb\"},\"inLanguage\":\"it-IT\",\"potentialAction\":[{\"@type\":\"ReadAction\",\"target\":[\"https:\/\/www.article-marketing.eu\/comunicati\/motori\/moto\/supersonic-racing-team-a-nurburgring-voglia-di-velocit%c3%a0-e-di-punti\/\"]}]},{\"@type\":\"BreadcrumbList\",\"@id\":\"https:\/\/www.article-marketing.eu\/comunicati\/motori\/moto\/supersonic-racing-team-a-nurburgring-voglia-di-velocit%c3%a0-e-di-punti\/#breadcrumb\",\"itemListElement\":[{\"@type\":\"ListItem\",\"position\":1,\"name\":\"Home\",\"item\":\"https:\/\/www.article-marketing.eu\/comunicati\/\"},{\"@type\":\"ListItem\",\"position\":2,\"name\":\"Supersonic Racing Team a Nurburgring: voglia di velocit\u00e0 e di punti\"}]},{\"@type\":\"WebSite\",\"@id\":\"https:\/\/www.article-marketing.eu\/comunicati\/#website\",\"url\":\"https:\/\/www.article-marketing.eu\/comunicati\/\",\"name\":\"Article Marketing\",\"description\":\"article marketing &amp; press release\",\"potentialAction\":[{\"@type\":\"SearchAction\",\"target\":{\"@type\":\"EntryPoint\",\"urlTemplate\":\"https:\/\/www.article-marketing.eu\/comunicati\/?s={search_term_string}\"},\"query-input\":{\"@type\":\"PropertyValueSpecification\",\"valueRequired\":true,\"valueName\":\"search_term_string\"}}],\"inLanguage\":\"it-IT\"},{\"@type\":\"Person\",\"@id\":\"https:\/\/www.article-marketing.eu\/comunicati\/#\/schema\/person\/44372e4d4d0fa797b18e03ed1ace9017\",\"name\":\"Redazione Comunicati Stampa\",\"image\":{\"@type\":\"ImageObject\",\"inLanguage\":\"it-IT\",\"@id\":\"https:\/\/www.article-marketing.eu\/comunicati\/#\/schema\/person\/image\/\",\"url\":\"https:\/\/secure.gravatar.com\/avatar\/50e5c6421d3072f42e7ace803501602c60d75233d34e29fd05feb91c8760b792?s=96&d=mm&r=g\",\"contentUrl\":\"https:\/\/secure.gravatar.com\/avatar\/50e5c6421d3072f42e7ace803501602c60d75233d34e29fd05feb91c8760b792?s=96&d=mm&r=g\",\"caption\":\"Redazione Comunicati Stampa\"},\"url\":\"https:\/\/www.article-marketing.eu\/comunicati\/author\/redazione-comunicati-stampa\/\"}]}<\/script>\n<!-- \/ Yoast SEO plugin. -->","yoast_head_json":{"title":"Supersonic Racing Team a Nurburgring: voglia di velocit\u00e0 e di punti - Article Marketing","robots":{"index":"index","follow":"follow","max-snippet":"max-snippet:-1","max-image-preview":"max-image-preview:large","max-video-preview":"max-video-preview:-1"},"canonical":"https:\/\/www.article-marketing.eu\/comunicati\/motori\/moto\/supersonic-racing-team-a-nurburgring-voglia-di-velocit\u00e0-e-di-punti\/","og_locale":"it_IT","og_type":"article","og_title":"Supersonic Racing Team a Nurburgring: voglia di velocit\u00e0 e di punti - Article Marketing","og_description":"La squadra guidata da Danilo Soncini domenica 5 settembre \u00e8 pronta a tornare in pista con un Luca Scassa che \u00e8 riuscito a recuperare la forma fisica dopo gli infortuni a Brno e a Silverstone","og_url":"https:\/\/www.article-marketing.eu\/comunicati\/motori\/moto\/supersonic-racing-team-a-nurburgring-voglia-di-velocit\u00e0-e-di-punti\/","og_site_name":"Article Marketing","article_published_time":"2010-09-03T12:59:46+00:00","author":"Redazione Comunicati Stampa","twitter_card":"summary_large_image","twitter_misc":{"Scritto da":"Redazione Comunicati Stampa","Tempo di lettura stimato":"3 minuti"},"schema":{"@context":"https:\/\/schema.org","@graph":[{"@type":"Article","@id":"https:\/\/www.article-marketing.eu\/comunicati\/motori\/moto\/supersonic-racing-team-a-nurburgring-voglia-di-velocit%c3%a0-e-di-punti\/#article","isPartOf":{"@id":"https:\/\/www.article-marketing.eu\/comunicati\/motori\/moto\/supersonic-racing-team-a-nurburgring-voglia-di-velocit%c3%a0-e-di-punti\/"},"author":{"name":"Redazione Comunicati Stampa","@id":"https:\/\/www.article-marketing.eu\/comunicati\/#\/schema\/person\/44372e4d4d0fa797b18e03ed1ace9017"},"headline":"Supersonic Racing Team a Nurburgring: voglia di velocit\u00e0 e di punti","datePublished":"2010-09-03T12:59:46+00:00","mainEntityOfPage":{"@id":"https:\/\/www.article-marketing.eu\/comunicati\/motori\/moto\/supersonic-racing-team-a-nurburgring-voglia-di-velocit%c3%a0-e-di-punti\/"},"wordCount":558,"commentCount":0,"keywords":["corse moto","ducati corse","luca scassa","superbike ducati","team moto","team superbike"],"articleSection":["Moto"],"inLanguage":"it-IT","potentialAction":[{"@type":"CommentAction","name":"Comment","target":["https:\/\/www.article-marketing.eu\/comunicati\/motori\/moto\/supersonic-racing-team-a-nurburgring-voglia-di-velocit%c3%a0-e-di-punti\/#respond"]}]},{"@type":"WebPage","@id":"https:\/\/www.article-marketing.eu\/comunicati\/motori\/moto\/supersonic-racing-team-a-nurburgring-voglia-di-velocit%c3%a0-e-di-punti\/","url":"https:\/\/www.article-marketing.eu\/comunicati\/motori\/moto\/supersonic-racing-team-a-nurburgring-voglia-di-velocit%c3%a0-e-di-punti\/","name":"Supersonic Racing Team a Nurburgring: voglia di velocit\u00e0 e di punti - Article Marketing","isPartOf":{"@id":"https:\/\/www.article-marketing.eu\/comunicati\/#website"},"datePublished":"2010-09-03T12:59:46+00:00","author":{"@id":"https:\/\/www.article-marketing.eu\/comunicati\/#\/schema\/person\/44372e4d4d0fa797b18e03ed1ace9017"},"breadcrumb":{"@id":"https:\/\/www.article-marketing.eu\/comunicati\/motori\/moto\/supersonic-racing-team-a-nurburgring-voglia-di-velocit%c3%a0-e-di-punti\/#breadcrumb"},"inLanguage":"it-IT","potentialAction":[{"@type":"ReadAction","target":["https:\/\/www.article-marketing.eu\/comunicati\/motori\/moto\/supersonic-racing-team-a-nurburgring-voglia-di-velocit%c3%a0-e-di-punti\/"]}]},{"@type":"BreadcrumbList","@id":"https:\/\/www.article-marketing.eu\/comunicati\/motori\/moto\/supersonic-racing-team-a-nurburgring-voglia-di-velocit%c3%a0-e-di-punti\/#breadcrumb","itemListElement":[{"@type":"ListItem","position":1,"name":"Home","item":"https:\/\/www.article-marketing.eu\/comunicati\/"},{"@type":"ListItem","position":2,"name":"Supersonic Racing Team a Nurburgring: voglia di velocit\u00e0 e di punti"}]},{"@type":"WebSite","@id":"https:\/\/www.article-marketing.eu\/comunicati\/#website","url":"https:\/\/www.article-marketing.eu\/comunicati\/","name":"Article Marketing","description":"article marketing &amp; press release","potentialAction":[{"@type":"SearchAction","target":{"@type":"EntryPoint","urlTemplate":"https:\/\/www.article-marketing.eu\/comunicati\/?s={search_term_string}"},"query-input":{"@type":"PropertyValueSpecification","valueRequired":true,"valueName":"search_term_string"}}],"inLanguage":"it-IT"},{"@type":"Person","@id":"https:\/\/www.article-marketing.eu\/comunicati\/#\/schema\/person\/44372e4d4d0fa797b18e03ed1ace9017","name":"Redazione Comunicati Stampa","image":{"@type":"ImageObject","inLanguage":"it-IT","@id":"https:\/\/www.article-marketing.eu\/comunicati\/#\/schema\/person\/image\/","url":"https:\/\/secure.gravatar.com\/avatar\/50e5c6421d3072f42e7ace803501602c60d75233d34e29fd05feb91c8760b792?s=96&d=mm&r=g","contentUrl":"https:\/\/secure.gravatar.com\/avatar\/50e5c6421d3072f42e7ace803501602c60d75233d34e29fd05feb91c8760b792?s=96&d=mm&r=g","caption":"Redazione Comunicati Stampa"},"url":"https:\/\/www.article-marketing.eu\/comunicati\/author\/redazione-comunicati-stampa\/"}]}},"_links":{"self":[{"href":"https:\/\/www.article-marketing.eu\/comunicati\/wp-json\/wp\/v2\/posts\/6960","targetHints":{"allow":["GET"]}}],"collection":[{"href":"https:\/\/www.article-marketing.eu\/comunicati\/wp-json\/wp\/v2\/posts"}],"about":[{"href":"https:\/\/www.article-marketing.eu\/comunicati\/wp-json\/wp\/v2\/types\/post"}],"author":[{"embeddable":true,"href":"https:\/\/www.article-marketing.eu\/comunicati\/wp-json\/wp\/v2\/users\/10"}],"replies":[{"embeddable":true,"href":"https:\/\/www.article-marketing.eu\/comunicati\/wp-json\/wp\/v2\/comments?post=6960"}],"version-history":[{"count":0,"href":"https:\/\/www.article-marketing.eu\/comunicati\/wp-json\/wp\/v2\/posts\/6960\/revisions"}],"wp:attachment":[{"href":"https:\/\/www.article-marketing.eu\/comunicati\/wp-json\/wp\/v2\/media?parent=6960"}],"wp:term":[{"taxonomy":"category","embeddable":true,"href":"https:\/\/www.article-marketing.eu\/comunicati\/wp-json\/wp\/v2\/categories?post=6960"},{"taxonomy":"post_tag","embeddable":true,"href":"https:\/\/www.article-marketing.eu\/comunicati\/wp-json\/wp\/v2\/tags?post=6960"}],"curies":[{"name":"wp","href":"https:\/\/api.w.org\/{rel}","templated":true}]}}