{"id":697,"date":"2008-10-01T17:59:30","date_gmt":"2008-10-01T15:59:30","guid":{"rendered":"http:\/\/www.article-marketing.eu\/comunicati\/senza-categoria\/processione-di-sinterklaas-ad-asterdam\/"},"modified":"2008-10-01T17:59:30","modified_gmt":"2008-10-01T15:59:30","slug":"processione-di-sinterklaas-ad-asterdam","status":"publish","type":"post","link":"https:\/\/www.article-marketing.eu\/comunicati\/comunicati-stampa\/eventi\/processione-di-sinterklaas-ad-asterdam\/","title":{"rendered":"Processione di Sinterklaas ad Asterdam"},"content":{"rendered":"<p>Se non riuscite ad aspettare fino al 25 dicembre per godervi l\u2019atmosfera natalizia, potete anticipare l\u2019evento recandovi ad Amsterdam il 16 novembre, tanto lo potrete fare tranquillamente in uno dei tantissimi hotel economici della citt\u00e0! Come ogni anno, secondo un\u2019antica tradizione diffusa in molti paesi, a novembre arriva infatti Sinterklaas a distribuire dolci e regali ai bambini.<\/p>\n<p>Sinterklaas (da cui deriva il pi\u00f9 famoso Santa Claus) \u00e8 l\u2019equivalente olandese di San Nicola, vescovo di origine greca proclamato poi santo, nonch\u00e9 patrono dei bambini (si racconta che resuscit\u00f2 alcuni bambini e ne salv\u00f2 altri dalla prostituzione) di cui si celebra la festa il 6 dicembre. La ricorrenza viene festeggiata in diversi modi nei diversi paesi: in Olanda la vigilia del 6 dicembre \u00e8 il giorno in cui ci si scambia i doni, e viene chiamata \u201csinterklaasavond\u201d o &#8220;pakjesavond&#8221; (sera dei regali), ma Sinterklaas arriva ad Amsterdam qualche giorno prima: il suo arrivo viene di solito celebrato un sabato del mese di novembre (quest\u2019anno il 16), ed \u00e8 sentito tanto quanto, se non di pi\u00f9, il giorno dello scambio dei regali. L\u2019evento assume i contorni di una grande festa, e l\u2019arrivo di Sinterklaas \u00e8 salutato con gioia da tutti i bambini. Il santo arriva indossando il suo costume tipico, che lo rende simile a Babbo Natale: un vestito da vescovo rosso, una lunga barba bianca, la mitra e il bastone pastorale. Tutto questo \u00e8 contornato dalla fantastica ospitalit\u00e0 olandese che si pu\u00f2 riscontrare i quasi tutti i <a href=\"http:\/\/it.flashbooking.com\/navigation\/europe_paesi-bassi_amsterdam_bed-and-breakfast_all.html\">bed and breakfast di Amsterdam<\/a>.<\/p>\n<p>Come Babbo Natale, inoltre, sa chi \u00e8 stato buono e chi no, grazie ad un grosso libro che si porta con s\u00e9 e in cui appunta i nomi dei bambini e il loro comportamento. Ci\u00f2 che lo differenzia da Babbo Natale sono le modalit\u00e0 con cui si presenta al pubblico: Sinterklaas infatti arriva in pompa magna in barca dalla Spagna (la sua casa \u00e8 infatti a Madrid, e i bambini che non sono stati buoni temono di venir portati via con lui in Spagna): il suo battello colorato percorre l\u2019Amstel attraversando Berlagebrug, il Nieuwe Herengracht e il Schippersgracht, per concludersi al Scheepvaartmuseum verso mezzogiorno. Qui riceve il benvenuto da parte di grandi e bambini, e dopo mezz\u2019ora circa comincia la vera e propria processione, in cui sfilano con lui bande musicali, aiutanti e simpatizzanti. La parata percorre la citt\u00e0 e si conclude, verso le 14.00, a Leidseplein. Da qui Sinterklaas si reca sul balcone del Stadsschouwburg e si rivolge ai bambini, che lo accolgono con canti a tema.<\/p>\n<p>Si tratta di una allegra parata in cui sfilano figure natalizie, come per esempio gli \u201cZwarte Pieten\u201d (Pete neri, i tradizionali aiutanti di Sinterklass), degli elfi dalla faccia nera vestiti con degli abiti ispirati al vestiario spagnolo seicentesco, che svolgono un importante ruolo, quello di distribuire dolci ai bambini. Tra i dolci tipici di questa festa, non possono mancare le lettere A di cioccolata e dei biscottini rotondi allo zenzero, i kruidnoten.  Alla fine della processione, seguita ogni anno, sia dal vivo che in televisione, da moltissimi spettatori, arriva una barca che riporta Sinterklaas e i suoi aiutanti in Spagna.<\/p>\n<p>Amsterdam, che si \u00e8 guadagnata la reputazione di citt\u00e0 trasgressiva, non offre solo divertimenti sfrenati, ma molto di pi\u00f9, sia in termini di arte e cultura, che in termini di tradizioni popolari. Per questo vale la pena visitarla, soprattutto con l\u2019arrivo di Sinterklaas, per poter godere di tutti gli aspetti di questa citt\u00e0. Prenotate un ostello in Asterdam centro in anticipo, difatti la citt\u00e0 \u00e8 sempre invasa da turisti.<\/p>\n<p>Biglietti: evento gratuito<br \/>\nData: 16 Novembre 2008<br \/>\nLuogo: Amsterdam, Paesi Bassi<\/p>\n","protected":false},"excerpt":{"rendered":"<p>Il Natale \u00e8 la festa pi\u00f9 amata, non solo dai bambini, che aspettano ogni anno l\u2019arrivo di Babbo Natale, temendo di non essere stati abbastanza buoni per ricevere i tanto attesi doni, ma anche dai pi\u00f9 grandicelli, che vedono in questa festivit\u00e0 un\u2019occasione per ammirare le citt\u00e0 illuminate, per scambiarsi qualche regalo con le persone care e per concedersi pranzi pantagruelici.<\/p>\n","protected":false},"author":10,"featured_media":0,"comment_status":"open","ping_status":"open","sticky":false,"template":"","format":"standard","meta":{"cybocfi_hide_featured_image":"","footnotes":""},"categories":[388],"tags":[2443],"class_list":["post-697","post","type-post","status-publish","format-standard","hentry","category-eventi","tag-amsterdam"],"yoast_head":"<!-- This site is optimized with the Yoast SEO plugin v27.0 - https:\/\/yoast.com\/product\/yoast-seo-wordpress\/ -->\n<title>Processione di Sinterklaas ad Asterdam - Article Marketing<\/title>\n<meta name=\"robots\" content=\"index, follow, max-snippet:-1, max-image-preview:large, max-video-preview:-1\" \/>\n<link rel=\"canonical\" href=\"https:\/\/www.article-marketing.eu\/comunicati\/comunicati-stampa\/eventi\/processione-di-sinterklaas-ad-asterdam\/\" \/>\n<meta property=\"og:locale\" content=\"it_IT\" \/>\n<meta property=\"og:type\" content=\"article\" \/>\n<meta property=\"og:title\" content=\"Processione di Sinterklaas ad Asterdam - Article Marketing\" \/>\n<meta property=\"og:description\" content=\"Il Natale \u00e8 la festa pi\u00f9 amata, non solo dai bambini, che aspettano ogni anno l\u2019arrivo di Babbo Natale, temendo di non essere stati abbastanza buoni per ricevere i tanto attesi doni, ma anche dai pi\u00f9 grandicelli, che vedono in questa festivit\u00e0 un\u2019occasione per ammirare le citt\u00e0 illuminate, per scambiarsi qualche regalo con le persone care e per concedersi pranzi pantagruelici.\" \/>\n<meta property=\"og:url\" content=\"https:\/\/www.article-marketing.eu\/comunicati\/comunicati-stampa\/eventi\/processione-di-sinterklaas-ad-asterdam\/\" \/>\n<meta property=\"og:site_name\" content=\"Article Marketing\" \/>\n<meta property=\"article:published_time\" content=\"2008-10-01T15:59:30+00:00\" \/>\n<meta name=\"author\" content=\"Redazione Comunicati Stampa\" \/>\n<meta name=\"twitter:card\" content=\"summary_large_image\" \/>\n<meta name=\"twitter:label1\" content=\"Scritto da\" \/>\n\t<meta name=\"twitter:data1\" content=\"Redazione Comunicati Stampa\" \/>\n\t<meta name=\"twitter:label2\" content=\"Tempo di lettura stimato\" \/>\n\t<meta name=\"twitter:data2\" content=\"3 minuti\" \/>\n<script type=\"application\/ld+json\" class=\"yoast-schema-graph\">{\"@context\":\"https:\/\/schema.org\",\"@graph\":[{\"@type\":\"Article\",\"@id\":\"https:\/\/www.article-marketing.eu\/comunicati\/comunicati-stampa\/eventi\/processione-di-sinterklaas-ad-asterdam\/#article\",\"isPartOf\":{\"@id\":\"https:\/\/www.article-marketing.eu\/comunicati\/comunicati-stampa\/eventi\/processione-di-sinterklaas-ad-asterdam\/\"},\"author\":{\"name\":\"Redazione Comunicati Stampa\",\"@id\":\"https:\/\/www.article-marketing.eu\/comunicati\/#\/schema\/person\/44372e4d4d0fa797b18e03ed1ace9017\"},\"headline\":\"Processione di Sinterklaas ad Asterdam\",\"datePublished\":\"2008-10-01T15:59:30+00:00\",\"mainEntityOfPage\":{\"@id\":\"https:\/\/www.article-marketing.eu\/comunicati\/comunicati-stampa\/eventi\/processione-di-sinterklaas-ad-asterdam\/\"},\"wordCount\":596,\"commentCount\":0,\"keywords\":[\"amsterdam\"],\"articleSection\":[\"Eventi\"],\"inLanguage\":\"it-IT\",\"potentialAction\":[{\"@type\":\"CommentAction\",\"name\":\"Comment\",\"target\":[\"https:\/\/www.article-marketing.eu\/comunicati\/comunicati-stampa\/eventi\/processione-di-sinterklaas-ad-asterdam\/#respond\"]}]},{\"@type\":\"WebPage\",\"@id\":\"https:\/\/www.article-marketing.eu\/comunicati\/comunicati-stampa\/eventi\/processione-di-sinterklaas-ad-asterdam\/\",\"url\":\"https:\/\/www.article-marketing.eu\/comunicati\/comunicati-stampa\/eventi\/processione-di-sinterklaas-ad-asterdam\/\",\"name\":\"Processione di Sinterklaas ad Asterdam - Article Marketing\",\"isPartOf\":{\"@id\":\"https:\/\/www.article-marketing.eu\/comunicati\/#website\"},\"datePublished\":\"2008-10-01T15:59:30+00:00\",\"author\":{\"@id\":\"https:\/\/www.article-marketing.eu\/comunicati\/#\/schema\/person\/44372e4d4d0fa797b18e03ed1ace9017\"},\"breadcrumb\":{\"@id\":\"https:\/\/www.article-marketing.eu\/comunicati\/comunicati-stampa\/eventi\/processione-di-sinterklaas-ad-asterdam\/#breadcrumb\"},\"inLanguage\":\"it-IT\",\"potentialAction\":[{\"@type\":\"ReadAction\",\"target\":[\"https:\/\/www.article-marketing.eu\/comunicati\/comunicati-stampa\/eventi\/processione-di-sinterklaas-ad-asterdam\/\"]}]},{\"@type\":\"BreadcrumbList\",\"@id\":\"https:\/\/www.article-marketing.eu\/comunicati\/comunicati-stampa\/eventi\/processione-di-sinterklaas-ad-asterdam\/#breadcrumb\",\"itemListElement\":[{\"@type\":\"ListItem\",\"position\":1,\"name\":\"Home\",\"item\":\"https:\/\/www.article-marketing.eu\/comunicati\/\"},{\"@type\":\"ListItem\",\"position\":2,\"name\":\"Processione di Sinterklaas ad Asterdam\"}]},{\"@type\":\"WebSite\",\"@id\":\"https:\/\/www.article-marketing.eu\/comunicati\/#website\",\"url\":\"https:\/\/www.article-marketing.eu\/comunicati\/\",\"name\":\"Article Marketing\",\"description\":\"article marketing &amp; press release\",\"potentialAction\":[{\"@type\":\"SearchAction\",\"target\":{\"@type\":\"EntryPoint\",\"urlTemplate\":\"https:\/\/www.article-marketing.eu\/comunicati\/?s={search_term_string}\"},\"query-input\":{\"@type\":\"PropertyValueSpecification\",\"valueRequired\":true,\"valueName\":\"search_term_string\"}}],\"inLanguage\":\"it-IT\"},{\"@type\":\"Person\",\"@id\":\"https:\/\/www.article-marketing.eu\/comunicati\/#\/schema\/person\/44372e4d4d0fa797b18e03ed1ace9017\",\"name\":\"Redazione Comunicati Stampa\",\"image\":{\"@type\":\"ImageObject\",\"inLanguage\":\"it-IT\",\"@id\":\"https:\/\/www.article-marketing.eu\/comunicati\/#\/schema\/person\/image\/\",\"url\":\"https:\/\/secure.gravatar.com\/avatar\/50e5c6421d3072f42e7ace803501602c60d75233d34e29fd05feb91c8760b792?s=96&d=mm&r=g\",\"contentUrl\":\"https:\/\/secure.gravatar.com\/avatar\/50e5c6421d3072f42e7ace803501602c60d75233d34e29fd05feb91c8760b792?s=96&d=mm&r=g\",\"caption\":\"Redazione Comunicati Stampa\"},\"url\":\"https:\/\/www.article-marketing.eu\/comunicati\/author\/redazione-comunicati-stampa\/\"}]}<\/script>\n<!-- \/ Yoast SEO plugin. -->","yoast_head_json":{"title":"Processione di Sinterklaas ad Asterdam - Article Marketing","robots":{"index":"index","follow":"follow","max-snippet":"max-snippet:-1","max-image-preview":"max-image-preview:large","max-video-preview":"max-video-preview:-1"},"canonical":"https:\/\/www.article-marketing.eu\/comunicati\/comunicati-stampa\/eventi\/processione-di-sinterklaas-ad-asterdam\/","og_locale":"it_IT","og_type":"article","og_title":"Processione di Sinterklaas ad Asterdam - Article Marketing","og_description":"Il Natale \u00e8 la festa pi\u00f9 amata, non solo dai bambini, che aspettano ogni anno l\u2019arrivo di Babbo Natale, temendo di non essere stati abbastanza buoni per ricevere i tanto attesi doni, ma anche dai pi\u00f9 grandicelli, che vedono in questa festivit\u00e0 un\u2019occasione per ammirare le citt\u00e0 illuminate, per scambiarsi qualche regalo con le persone care e per concedersi pranzi pantagruelici.","og_url":"https:\/\/www.article-marketing.eu\/comunicati\/comunicati-stampa\/eventi\/processione-di-sinterklaas-ad-asterdam\/","og_site_name":"Article Marketing","article_published_time":"2008-10-01T15:59:30+00:00","author":"Redazione Comunicati Stampa","twitter_card":"summary_large_image","twitter_misc":{"Scritto da":"Redazione Comunicati Stampa","Tempo di lettura stimato":"3 minuti"},"schema":{"@context":"https:\/\/schema.org","@graph":[{"@type":"Article","@id":"https:\/\/www.article-marketing.eu\/comunicati\/comunicati-stampa\/eventi\/processione-di-sinterklaas-ad-asterdam\/#article","isPartOf":{"@id":"https:\/\/www.article-marketing.eu\/comunicati\/comunicati-stampa\/eventi\/processione-di-sinterklaas-ad-asterdam\/"},"author":{"name":"Redazione Comunicati Stampa","@id":"https:\/\/www.article-marketing.eu\/comunicati\/#\/schema\/person\/44372e4d4d0fa797b18e03ed1ace9017"},"headline":"Processione di Sinterklaas ad Asterdam","datePublished":"2008-10-01T15:59:30+00:00","mainEntityOfPage":{"@id":"https:\/\/www.article-marketing.eu\/comunicati\/comunicati-stampa\/eventi\/processione-di-sinterklaas-ad-asterdam\/"},"wordCount":596,"commentCount":0,"keywords":["amsterdam"],"articleSection":["Eventi"],"inLanguage":"it-IT","potentialAction":[{"@type":"CommentAction","name":"Comment","target":["https:\/\/www.article-marketing.eu\/comunicati\/comunicati-stampa\/eventi\/processione-di-sinterklaas-ad-asterdam\/#respond"]}]},{"@type":"WebPage","@id":"https:\/\/www.article-marketing.eu\/comunicati\/comunicati-stampa\/eventi\/processione-di-sinterklaas-ad-asterdam\/","url":"https:\/\/www.article-marketing.eu\/comunicati\/comunicati-stampa\/eventi\/processione-di-sinterklaas-ad-asterdam\/","name":"Processione di Sinterklaas ad Asterdam - Article Marketing","isPartOf":{"@id":"https:\/\/www.article-marketing.eu\/comunicati\/#website"},"datePublished":"2008-10-01T15:59:30+00:00","author":{"@id":"https:\/\/www.article-marketing.eu\/comunicati\/#\/schema\/person\/44372e4d4d0fa797b18e03ed1ace9017"},"breadcrumb":{"@id":"https:\/\/www.article-marketing.eu\/comunicati\/comunicati-stampa\/eventi\/processione-di-sinterklaas-ad-asterdam\/#breadcrumb"},"inLanguage":"it-IT","potentialAction":[{"@type":"ReadAction","target":["https:\/\/www.article-marketing.eu\/comunicati\/comunicati-stampa\/eventi\/processione-di-sinterklaas-ad-asterdam\/"]}]},{"@type":"BreadcrumbList","@id":"https:\/\/www.article-marketing.eu\/comunicati\/comunicati-stampa\/eventi\/processione-di-sinterklaas-ad-asterdam\/#breadcrumb","itemListElement":[{"@type":"ListItem","position":1,"name":"Home","item":"https:\/\/www.article-marketing.eu\/comunicati\/"},{"@type":"ListItem","position":2,"name":"Processione di Sinterklaas ad Asterdam"}]},{"@type":"WebSite","@id":"https:\/\/www.article-marketing.eu\/comunicati\/#website","url":"https:\/\/www.article-marketing.eu\/comunicati\/","name":"Article Marketing","description":"article marketing &amp; press release","potentialAction":[{"@type":"SearchAction","target":{"@type":"EntryPoint","urlTemplate":"https:\/\/www.article-marketing.eu\/comunicati\/?s={search_term_string}"},"query-input":{"@type":"PropertyValueSpecification","valueRequired":true,"valueName":"search_term_string"}}],"inLanguage":"it-IT"},{"@type":"Person","@id":"https:\/\/www.article-marketing.eu\/comunicati\/#\/schema\/person\/44372e4d4d0fa797b18e03ed1ace9017","name":"Redazione Comunicati Stampa","image":{"@type":"ImageObject","inLanguage":"it-IT","@id":"https:\/\/www.article-marketing.eu\/comunicati\/#\/schema\/person\/image\/","url":"https:\/\/secure.gravatar.com\/avatar\/50e5c6421d3072f42e7ace803501602c60d75233d34e29fd05feb91c8760b792?s=96&d=mm&r=g","contentUrl":"https:\/\/secure.gravatar.com\/avatar\/50e5c6421d3072f42e7ace803501602c60d75233d34e29fd05feb91c8760b792?s=96&d=mm&r=g","caption":"Redazione Comunicati Stampa"},"url":"https:\/\/www.article-marketing.eu\/comunicati\/author\/redazione-comunicati-stampa\/"}]}},"_links":{"self":[{"href":"https:\/\/www.article-marketing.eu\/comunicati\/wp-json\/wp\/v2\/posts\/697","targetHints":{"allow":["GET"]}}],"collection":[{"href":"https:\/\/www.article-marketing.eu\/comunicati\/wp-json\/wp\/v2\/posts"}],"about":[{"href":"https:\/\/www.article-marketing.eu\/comunicati\/wp-json\/wp\/v2\/types\/post"}],"author":[{"embeddable":true,"href":"https:\/\/www.article-marketing.eu\/comunicati\/wp-json\/wp\/v2\/users\/10"}],"replies":[{"embeddable":true,"href":"https:\/\/www.article-marketing.eu\/comunicati\/wp-json\/wp\/v2\/comments?post=697"}],"version-history":[{"count":0,"href":"https:\/\/www.article-marketing.eu\/comunicati\/wp-json\/wp\/v2\/posts\/697\/revisions"}],"wp:attachment":[{"href":"https:\/\/www.article-marketing.eu\/comunicati\/wp-json\/wp\/v2\/media?parent=697"}],"wp:term":[{"taxonomy":"category","embeddable":true,"href":"https:\/\/www.article-marketing.eu\/comunicati\/wp-json\/wp\/v2\/categories?post=697"},{"taxonomy":"post_tag","embeddable":true,"href":"https:\/\/www.article-marketing.eu\/comunicati\/wp-json\/wp\/v2\/tags?post=697"}],"curies":[{"name":"wp","href":"https:\/\/api.w.org\/{rel}","templated":true}]}}