{"id":6971,"date":"2010-09-05T13:59:55","date_gmt":"2010-09-05T11:59:55","guid":{"rendered":"http:\/\/www.article-marketing.eu\/comunicati\/senza-categoria\/sardegna-sole-e-mare-2\/"},"modified":"2018-07-10T03:46:00","modified_gmt":"2018-07-10T01:46:00","slug":"sardegna-sole-e-mare-2","status":"publish","type":"post","link":"https:\/\/www.article-marketing.eu\/comunicati\/viaggi-e-vacanze\/viaggi-e-turismo\/sardegna-sole-e-mare-2\/","title":{"rendered":"Sardegna, sole mare e natura incontaminata"},"content":{"rendered":"<p>Situata nel bezzo del Mar Mediterraneo la Sardegna &egrave; una delle regioni italiane pi&ugrave; amate dai turisti non solo nazionali ma di tutto il mondo. Dalla costa del nord, ricca di attrattive e meta di punto per una vacanza dedicata totalmente al divertimento e al mare meraviglioso all&rsquo;entroterra misterioso e affascinante ricco di cultura e storia fino alla zona meridionale pi&ugrave; selvaggia e immersa nella natura. La Sardegna vanta una zona di altissimo interesse turistico che si realizz&ograve; a partire dai primi anni sessanta quando fu fondata dal principe ismailita Aga Khan la Costa Smeralda con il luogo di elezione Porto Cervo, nel comune di Arzachena. Sin dagli inizi il turismo in quest&#8217;area si caratterizz&ograve; principalmente come di &eacute;lite, basato sulla qualit&agrave; delle strutture ricettive e delle infrastrutture come alberghi e hotel di lusso oltre che sulle bellezze naturali soprattutto per la vicinanza dell&#8217;arcipelago della Maddalena con l&#8217;offerta di numerose rotte per gli amanti delle imbarcazioni per svago o per competizioni sportive e le cui maggiori localit&agrave; divennero da subito luoghi di elezione del Jet set internazionale e tra le mete pi&ugrave; ambite nel Mediterraneo. Ma in questi ultimi anni l&#8217;offerta turistica si &egrave; in parte modificata, orientandosi ed offrendo anche una sorta di diversificazione investendo anche nelle zone interne dell&#8217;Isola. Trascorrere una vacanza in Sardegna vuol dire anche immersione nella cultura, l&#8217;arte e l&#8217;archeologia e sport con il turismo equestre, l&#8217;escursionismo, il birdwatching, la vela, il free climbing. Inoltre sono sempre pi&ugrave; diffuse le strutture turistiche come agriturismi e bed &amp; breakfast in Sardegna, che offrono soggiorni a prezzi accessibili e pacchetti turistici variegati su misura per ogni tipo di esigenza. Ad esempio optando per un&rsquo;alternativa alla classica vacanza al mare &egrave; possibile optare per la zona centrale, dell&rsquo;entroterra sardo, conosciuta come Mandrolisay e le quattro Barbagie, di Ollolai, di Belv&igrave;, di Seulo e di Nuoro, regioni che rappresentano il cuore della Sardegna ed anche le pi&ugrave; selvaggie che ruotano intorno al massiccio del Gennargentu e all&#8217;altopiano del Supramonte, maestosa catena montuosa di granito, di scisto e di calcare, dove effettuare escursioni straordinarie nella natura, visitando stagni e laghi, parchi e montagne, ma anche dove praticare diversi sport, farsi affascinare dall&rsquo;artigianato particolarissimo o ancora dedicarsi al proprio benessere e rilassarsi fuori dal caos cittadino. Di alto interesse turistico anche le citt&agrave; principali di quest&rsquo;isola come Sassari, il cui nucleo originario, un tempo delimitato dalle mura e porte risalenti al XII e XIV secolo, si sviluppa intorno al corso Vittorio Emanuele II, realizzato sul tracciato della medioevale Plata de Codinas; Cagliari, dove si trova il museo archeologico nazionale, il pi&ugrave; importante al mondo per la civilt&agrave; nuragica e ricco anche di collezioni fenicio-puniche, l&#8217;Anfiteatro romano, del II secolo e la Basilica di San Saturnino, la pi&ugrave; antica chiesa della Sardegna o Nuoro, che sorge su un altopiano dominato dal Monte Ortobene e circondato da vallate e catene montuose, la cui origine risale al periodo romano, quando le popolazioni sparse intorno ai nuraghi si rifugiarono in luoghi meno accessibili, incoraggiando quel mito di inviolabilit&agrave; e isolamento tipico dell&#8217;area barbaricina.<\/p>\n","protected":false},"excerpt":{"rendered":"<p>Una vacanza in Sardegna rimane nel cuore, la Sardegna a Settembre \u00e8 ancora pi\u00f9 bella senza affollamenti e problemi dei mesi pi\u00f9 caldi.<\/p>\n","protected":false},"author":10,"featured_media":0,"comment_status":"open","ping_status":"open","sticky":false,"template":"","format":"standard","meta":{"cybocfi_hide_featured_image":"","footnotes":""},"categories":[2],"tags":[17211,1086,17212],"class_list":["post-6971","post","type-post","status-publish","format-standard","hentry","category-viaggi-e-turismo","tag-mare-sardegna-bb-sardegna","tag-sardegna","tag-settembre-sardegna"],"yoast_head":"<!-- This site is optimized with the Yoast SEO plugin v27.0 - https:\/\/yoast.com\/product\/yoast-seo-wordpress\/ -->\n<title>Sardegna, sole mare e natura incontaminata - Article Marketing<\/title>\n<meta name=\"robots\" content=\"index, follow, max-snippet:-1, max-image-preview:large, max-video-preview:-1\" \/>\n<link rel=\"canonical\" href=\"https:\/\/www.article-marketing.eu\/comunicati\/viaggi-e-vacanze\/viaggi-e-turismo\/sardegna-sole-e-mare-2\/\" \/>\n<meta property=\"og:locale\" content=\"it_IT\" \/>\n<meta property=\"og:type\" content=\"article\" \/>\n<meta property=\"og:title\" content=\"Sardegna, sole mare e natura incontaminata - Article Marketing\" \/>\n<meta property=\"og:description\" content=\"Una vacanza in Sardegna rimane nel cuore, la Sardegna a Settembre \u00e8 ancora pi\u00f9 bella senza affollamenti e problemi dei mesi pi\u00f9 caldi.\" \/>\n<meta property=\"og:url\" content=\"https:\/\/www.article-marketing.eu\/comunicati\/viaggi-e-vacanze\/viaggi-e-turismo\/sardegna-sole-e-mare-2\/\" \/>\n<meta property=\"og:site_name\" content=\"Article Marketing\" \/>\n<meta property=\"article:published_time\" content=\"2010-09-05T11:59:55+00:00\" \/>\n<meta property=\"article:modified_time\" content=\"2018-07-10T01:46:00+00:00\" \/>\n<meta name=\"author\" content=\"Redazione Comunicati Stampa\" \/>\n<meta name=\"twitter:card\" content=\"summary_large_image\" \/>\n<meta name=\"twitter:label1\" content=\"Scritto da\" \/>\n\t<meta name=\"twitter:data1\" content=\"Redazione Comunicati Stampa\" \/>\n\t<meta name=\"twitter:label2\" content=\"Tempo di lettura stimato\" \/>\n\t<meta name=\"twitter:data2\" content=\"3 minuti\" \/>\n<script type=\"application\/ld+json\" class=\"yoast-schema-graph\">{\"@context\":\"https:\/\/schema.org\",\"@graph\":[{\"@type\":\"Article\",\"@id\":\"https:\/\/www.article-marketing.eu\/comunicati\/viaggi-e-vacanze\/viaggi-e-turismo\/sardegna-sole-e-mare-2\/#article\",\"isPartOf\":{\"@id\":\"https:\/\/www.article-marketing.eu\/comunicati\/viaggi-e-vacanze\/viaggi-e-turismo\/sardegna-sole-e-mare-2\/\"},\"author\":{\"name\":\"Redazione Comunicati Stampa\",\"@id\":\"https:\/\/www.article-marketing.eu\/comunicati\/#\/schema\/person\/44372e4d4d0fa797b18e03ed1ace9017\"},\"headline\":\"Sardegna, sole mare e natura incontaminata\",\"datePublished\":\"2010-09-05T11:59:55+00:00\",\"dateModified\":\"2018-07-10T01:46:00+00:00\",\"mainEntityOfPage\":{\"@id\":\"https:\/\/www.article-marketing.eu\/comunicati\/viaggi-e-vacanze\/viaggi-e-turismo\/sardegna-sole-e-mare-2\/\"},\"wordCount\":540,\"commentCount\":0,\"keywords\":[\"mare sardegna B&amp;B sardegna\",\"sardegna\",\"settembre sardegna\"],\"articleSection\":[\"Viaggi e Turismo\"],\"inLanguage\":\"it-IT\",\"potentialAction\":[{\"@type\":\"CommentAction\",\"name\":\"Comment\",\"target\":[\"https:\/\/www.article-marketing.eu\/comunicati\/viaggi-e-vacanze\/viaggi-e-turismo\/sardegna-sole-e-mare-2\/#respond\"]}]},{\"@type\":\"WebPage\",\"@id\":\"https:\/\/www.article-marketing.eu\/comunicati\/viaggi-e-vacanze\/viaggi-e-turismo\/sardegna-sole-e-mare-2\/\",\"url\":\"https:\/\/www.article-marketing.eu\/comunicati\/viaggi-e-vacanze\/viaggi-e-turismo\/sardegna-sole-e-mare-2\/\",\"name\":\"Sardegna, sole mare e natura incontaminata - Article Marketing\",\"isPartOf\":{\"@id\":\"https:\/\/www.article-marketing.eu\/comunicati\/#website\"},\"datePublished\":\"2010-09-05T11:59:55+00:00\",\"dateModified\":\"2018-07-10T01:46:00+00:00\",\"author\":{\"@id\":\"https:\/\/www.article-marketing.eu\/comunicati\/#\/schema\/person\/44372e4d4d0fa797b18e03ed1ace9017\"},\"breadcrumb\":{\"@id\":\"https:\/\/www.article-marketing.eu\/comunicati\/viaggi-e-vacanze\/viaggi-e-turismo\/sardegna-sole-e-mare-2\/#breadcrumb\"},\"inLanguage\":\"it-IT\",\"potentialAction\":[{\"@type\":\"ReadAction\",\"target\":[\"https:\/\/www.article-marketing.eu\/comunicati\/viaggi-e-vacanze\/viaggi-e-turismo\/sardegna-sole-e-mare-2\/\"]}]},{\"@type\":\"BreadcrumbList\",\"@id\":\"https:\/\/www.article-marketing.eu\/comunicati\/viaggi-e-vacanze\/viaggi-e-turismo\/sardegna-sole-e-mare-2\/#breadcrumb\",\"itemListElement\":[{\"@type\":\"ListItem\",\"position\":1,\"name\":\"Home\",\"item\":\"https:\/\/www.article-marketing.eu\/comunicati\/\"},{\"@type\":\"ListItem\",\"position\":2,\"name\":\"Sardegna, sole mare e natura incontaminata\"}]},{\"@type\":\"WebSite\",\"@id\":\"https:\/\/www.article-marketing.eu\/comunicati\/#website\",\"url\":\"https:\/\/www.article-marketing.eu\/comunicati\/\",\"name\":\"Article Marketing\",\"description\":\"article marketing &amp; press release\",\"potentialAction\":[{\"@type\":\"SearchAction\",\"target\":{\"@type\":\"EntryPoint\",\"urlTemplate\":\"https:\/\/www.article-marketing.eu\/comunicati\/?s={search_term_string}\"},\"query-input\":{\"@type\":\"PropertyValueSpecification\",\"valueRequired\":true,\"valueName\":\"search_term_string\"}}],\"inLanguage\":\"it-IT\"},{\"@type\":\"Person\",\"@id\":\"https:\/\/www.article-marketing.eu\/comunicati\/#\/schema\/person\/44372e4d4d0fa797b18e03ed1ace9017\",\"name\":\"Redazione Comunicati Stampa\",\"image\":{\"@type\":\"ImageObject\",\"inLanguage\":\"it-IT\",\"@id\":\"https:\/\/www.article-marketing.eu\/comunicati\/#\/schema\/person\/image\/\",\"url\":\"https:\/\/secure.gravatar.com\/avatar\/50e5c6421d3072f42e7ace803501602c60d75233d34e29fd05feb91c8760b792?s=96&d=mm&r=g\",\"contentUrl\":\"https:\/\/secure.gravatar.com\/avatar\/50e5c6421d3072f42e7ace803501602c60d75233d34e29fd05feb91c8760b792?s=96&d=mm&r=g\",\"caption\":\"Redazione Comunicati Stampa\"},\"url\":\"https:\/\/www.article-marketing.eu\/comunicati\/author\/redazione-comunicati-stampa\/\"}]}<\/script>\n<!-- \/ Yoast SEO plugin. -->","yoast_head_json":{"title":"Sardegna, sole mare e natura incontaminata - Article Marketing","robots":{"index":"index","follow":"follow","max-snippet":"max-snippet:-1","max-image-preview":"max-image-preview:large","max-video-preview":"max-video-preview:-1"},"canonical":"https:\/\/www.article-marketing.eu\/comunicati\/viaggi-e-vacanze\/viaggi-e-turismo\/sardegna-sole-e-mare-2\/","og_locale":"it_IT","og_type":"article","og_title":"Sardegna, sole mare e natura incontaminata - Article Marketing","og_description":"Una vacanza in Sardegna rimane nel cuore, la Sardegna a Settembre \u00e8 ancora pi\u00f9 bella senza affollamenti e problemi dei mesi pi\u00f9 caldi.","og_url":"https:\/\/www.article-marketing.eu\/comunicati\/viaggi-e-vacanze\/viaggi-e-turismo\/sardegna-sole-e-mare-2\/","og_site_name":"Article Marketing","article_published_time":"2010-09-05T11:59:55+00:00","article_modified_time":"2018-07-10T01:46:00+00:00","author":"Redazione Comunicati Stampa","twitter_card":"summary_large_image","twitter_misc":{"Scritto da":"Redazione Comunicati Stampa","Tempo di lettura stimato":"3 minuti"},"schema":{"@context":"https:\/\/schema.org","@graph":[{"@type":"Article","@id":"https:\/\/www.article-marketing.eu\/comunicati\/viaggi-e-vacanze\/viaggi-e-turismo\/sardegna-sole-e-mare-2\/#article","isPartOf":{"@id":"https:\/\/www.article-marketing.eu\/comunicati\/viaggi-e-vacanze\/viaggi-e-turismo\/sardegna-sole-e-mare-2\/"},"author":{"name":"Redazione Comunicati Stampa","@id":"https:\/\/www.article-marketing.eu\/comunicati\/#\/schema\/person\/44372e4d4d0fa797b18e03ed1ace9017"},"headline":"Sardegna, sole mare e natura incontaminata","datePublished":"2010-09-05T11:59:55+00:00","dateModified":"2018-07-10T01:46:00+00:00","mainEntityOfPage":{"@id":"https:\/\/www.article-marketing.eu\/comunicati\/viaggi-e-vacanze\/viaggi-e-turismo\/sardegna-sole-e-mare-2\/"},"wordCount":540,"commentCount":0,"keywords":["mare sardegna B&amp;B sardegna","sardegna","settembre sardegna"],"articleSection":["Viaggi e Turismo"],"inLanguage":"it-IT","potentialAction":[{"@type":"CommentAction","name":"Comment","target":["https:\/\/www.article-marketing.eu\/comunicati\/viaggi-e-vacanze\/viaggi-e-turismo\/sardegna-sole-e-mare-2\/#respond"]}]},{"@type":"WebPage","@id":"https:\/\/www.article-marketing.eu\/comunicati\/viaggi-e-vacanze\/viaggi-e-turismo\/sardegna-sole-e-mare-2\/","url":"https:\/\/www.article-marketing.eu\/comunicati\/viaggi-e-vacanze\/viaggi-e-turismo\/sardegna-sole-e-mare-2\/","name":"Sardegna, sole mare e natura incontaminata - Article Marketing","isPartOf":{"@id":"https:\/\/www.article-marketing.eu\/comunicati\/#website"},"datePublished":"2010-09-05T11:59:55+00:00","dateModified":"2018-07-10T01:46:00+00:00","author":{"@id":"https:\/\/www.article-marketing.eu\/comunicati\/#\/schema\/person\/44372e4d4d0fa797b18e03ed1ace9017"},"breadcrumb":{"@id":"https:\/\/www.article-marketing.eu\/comunicati\/viaggi-e-vacanze\/viaggi-e-turismo\/sardegna-sole-e-mare-2\/#breadcrumb"},"inLanguage":"it-IT","potentialAction":[{"@type":"ReadAction","target":["https:\/\/www.article-marketing.eu\/comunicati\/viaggi-e-vacanze\/viaggi-e-turismo\/sardegna-sole-e-mare-2\/"]}]},{"@type":"BreadcrumbList","@id":"https:\/\/www.article-marketing.eu\/comunicati\/viaggi-e-vacanze\/viaggi-e-turismo\/sardegna-sole-e-mare-2\/#breadcrumb","itemListElement":[{"@type":"ListItem","position":1,"name":"Home","item":"https:\/\/www.article-marketing.eu\/comunicati\/"},{"@type":"ListItem","position":2,"name":"Sardegna, sole mare e natura incontaminata"}]},{"@type":"WebSite","@id":"https:\/\/www.article-marketing.eu\/comunicati\/#website","url":"https:\/\/www.article-marketing.eu\/comunicati\/","name":"Article Marketing","description":"article marketing &amp; press release","potentialAction":[{"@type":"SearchAction","target":{"@type":"EntryPoint","urlTemplate":"https:\/\/www.article-marketing.eu\/comunicati\/?s={search_term_string}"},"query-input":{"@type":"PropertyValueSpecification","valueRequired":true,"valueName":"search_term_string"}}],"inLanguage":"it-IT"},{"@type":"Person","@id":"https:\/\/www.article-marketing.eu\/comunicati\/#\/schema\/person\/44372e4d4d0fa797b18e03ed1ace9017","name":"Redazione Comunicati Stampa","image":{"@type":"ImageObject","inLanguage":"it-IT","@id":"https:\/\/www.article-marketing.eu\/comunicati\/#\/schema\/person\/image\/","url":"https:\/\/secure.gravatar.com\/avatar\/50e5c6421d3072f42e7ace803501602c60d75233d34e29fd05feb91c8760b792?s=96&d=mm&r=g","contentUrl":"https:\/\/secure.gravatar.com\/avatar\/50e5c6421d3072f42e7ace803501602c60d75233d34e29fd05feb91c8760b792?s=96&d=mm&r=g","caption":"Redazione Comunicati Stampa"},"url":"https:\/\/www.article-marketing.eu\/comunicati\/author\/redazione-comunicati-stampa\/"}]}},"_links":{"self":[{"href":"https:\/\/www.article-marketing.eu\/comunicati\/wp-json\/wp\/v2\/posts\/6971","targetHints":{"allow":["GET"]}}],"collection":[{"href":"https:\/\/www.article-marketing.eu\/comunicati\/wp-json\/wp\/v2\/posts"}],"about":[{"href":"https:\/\/www.article-marketing.eu\/comunicati\/wp-json\/wp\/v2\/types\/post"}],"author":[{"embeddable":true,"href":"https:\/\/www.article-marketing.eu\/comunicati\/wp-json\/wp\/v2\/users\/10"}],"replies":[{"embeddable":true,"href":"https:\/\/www.article-marketing.eu\/comunicati\/wp-json\/wp\/v2\/comments?post=6971"}],"version-history":[{"count":1,"href":"https:\/\/www.article-marketing.eu\/comunicati\/wp-json\/wp\/v2\/posts\/6971\/revisions"}],"predecessor-version":[{"id":57107,"href":"https:\/\/www.article-marketing.eu\/comunicati\/wp-json\/wp\/v2\/posts\/6971\/revisions\/57107"}],"wp:attachment":[{"href":"https:\/\/www.article-marketing.eu\/comunicati\/wp-json\/wp\/v2\/media?parent=6971"}],"wp:term":[{"taxonomy":"category","embeddable":true,"href":"https:\/\/www.article-marketing.eu\/comunicati\/wp-json\/wp\/v2\/categories?post=6971"},{"taxonomy":"post_tag","embeddable":true,"href":"https:\/\/www.article-marketing.eu\/comunicati\/wp-json\/wp\/v2\/tags?post=6971"}],"curies":[{"name":"wp","href":"https:\/\/api.w.org\/{rel}","templated":true}]}}