{"id":722,"date":"2008-10-08T15:45:50","date_gmt":"2008-10-08T13:45:50","guid":{"rendered":"http:\/\/www.article-marketing.eu\/comunicati\/senza-categoria\/la-community-dellopen-your-mountains-day-continua-a-crescere\/"},"modified":"2018-06-04T20:09:07","modified_gmt":"2018-06-04T18:09:07","slug":"la-community-dellopen-your-mountains-day-continua-a-crescere","status":"publish","type":"post","link":"https:\/\/www.article-marketing.eu\/comunicati\/internet\/la-community-dellopen-your-mountains-day-continua-a-crescere\/","title":{"rendered":"La community dell\u2019Open Your Mountains Day continua a crescere."},"content":{"rendered":"<p>Milano, 8.10.2008. Concluso con successo l\u2019Open Your Mountains Day del 20 settembre 2008, la community continua a vivere grazie alla piattaforma di Social Network Ning, in cui \u00e8 stato fatto l\u2019upload di quasi 1000 foto, post e commenti. Inoltre, vista la forte partecipazione, il concorso di fotografia sul portale Pix-Yu \u00e8 stato prorogato fino a <strong>luned\u00ec 27 ottobre. <\/strong>Nel dopo evento sono state raccolte queste citazioni: <strong>Alessandro Ottenga<\/strong>, organizzatore del Mountain Photo Festival afferma: \u2018Credo che la conoscenza in generale sia una logica conseguenza di una mentalit\u00e0 aperta, che sta alla base della filosofia del Festival. Tradizionalmente si individuano le montagne come dei territori chiusi, mentre noi stiamo dimostrando il contrario\u2019. L\u2019editore <strong>Cesare Verlucca<\/strong> sostiene: \u2018L\u2019Open Your Mountains Day \u00e8 un successo tanto pi\u00f9 gradito quanto inaspettato! Che persone della pi\u00f9 diversa estrazione, e tra di loro sconosciute, siano riuscite in poche ore ad amalgamarsi per produrre un risultato positivo, depone a favore di una corretta impostazione del problema e dell\u2019organizzazione\u2019.<br \/><strong>Massimo Soriani Bellavista<\/strong>, AD di Creattivit\u00e0 Srl e trainer nel workshop \u2018Una montagna di idee\u2019, conferma: \u2018L&#8217;energia e lo stimolo d\u2019incontrare innovatori con formazioni diverse, fa sicuramente nascere la certezza di non essere soli a ricercare ed innovare nonch\u00e9 implementa una fertilizzazione foriera di interessanti sviluppi\u2019. Infine, <strong>Antonio Di Blasi<\/strong>, Responsabile della P\u00e9pini\u00e8res D\u2019Entreprises dichiara: \u2018Oggi sono entrato in contatto, curiosando tra i vari workshop e camp, con dei temi fortemente innovativi, che cercher\u00f2 di approfondire proprio per comunicare anche alle nostre aziende nuovi concetti, da implementare nel futuro\u2019.<\/p>\n<p><strong>Il concetto di creativit\u00e0 coniugato con l\u2019innovazione.<\/strong><\/p>\n<p>Lo spirito che ha animato l\u2019Open Your Mountains Day&nbsp;del 20 settembre si sta irradiando in luoghi diversi. Le montagne, come dice il claim, si sono \u2018aperte\u2019 e il flusso di idee sta circolando nel web: <strong>Enrico Miglino<\/strong>, fotografo e scrittore, ha fatto un intervento sul portale agoravox.it e il giovane artista milanese <strong>Nicola Gobbetto<\/strong> sta esponendo alla Biennale di Bucarest (3 &#8211; 31 ottobre) un\u2019opera, che \u00e8 stata anche scelta per il poster ufficiale. Inoltre, il 10 ottobre presso il Palazzo dei Giuriconsulti dalle ore10, altri partecipanti della community&nbsp;dell\u2019Open Your Mountains Day, in occasione delle giornate dell\u2019innovazione tecnologica milanese Innovation Circus, interverranno nella sessione \u2018<strong>Connettere al Futuro<\/strong>\u2019: <strong>Fabrizio Bellavista<\/strong>, partner di Psycho Research, <strong>Alberto D&#8217;Ottavi<\/strong> di Infoservi.it, <strong>Marco Camisani Calzolari<\/strong>, CEO di Speakage, <strong>Massimo Giordani<\/strong>, Presidente di InterMedia e CEO di Time&amp;Mind, <strong>Massimo Soriani Bellavista<\/strong>, invece seguir\u00e0 una sessione sulla creativit\u00e0 domenica 12 alle ore 10,30 sempre presso il Palazzo dei Giuriconsulti a Milano.<\/p>\n<p>Tutti i video interventi dell\u2019Open Your Mountains Day sono presenti su: http:\/\/mountain-photo-festival.blogspot.com\/<\/p>\n<p>Le informazioni riguardo \u2018Connettere al Futuro\u2019 sono presenti su: http:\/\/www.innovationcircus.it <\/p>\n","protected":false},"excerpt":{"rendered":"<p>Concluso con successo l\u2019Open Your Mountains Day del 20 settembre 2008, la community continua a vivere grazie alla piattaforma di Social Network Ning.<\/p>\n","protected":false},"author":10,"featured_media":0,"comment_status":"open","ping_status":"open","sticky":false,"template":"","format":"standard","meta":{"cybocfi_hide_featured_image":"","footnotes":""},"categories":[466],"tags":[2601,96,2021,31,2594,2593,2597,1341,596,2599,2024,1379,2022,318,2089,2090,2595,2023,1826,2598,2093,334,2094,2590,2019,2591,2592,2600,2596,253,2092,2091,2095,2602],"class_list":["post-722","post","type-post","status-publish","format-standard","hentry","category-internet","tag-al-contrario","tag-ambiente","tag-aosta","tag-archeologia","tag-barcamp","tag-camp","tag-condivisione","tag-creativita","tag-cultura","tag-desertificazione","tag-digital-world","tag-festival","tag-fotografi","tag-fotografia","tag-fotografie","tag-fotografo","tag-idee","tag-immagine","tag-innovazione","tag-lunch-km-0","tag-macchina-fotografica","tag-montagna","tag-montagne","tag-mountain","tag-open-your-mountains-day","tag-photo","tag-photocamp","tag-scalata-allincontrario","tag-sharing-pixel","tag-turismo","tag-vacanze-in-montagna","tag-vacanze-montagna","tag-valle-daosta","tag-www-mountainphotofestival-com"],"yoast_head":"<!-- This site is optimized with the Yoast SEO plugin v27.0 - https:\/\/yoast.com\/product\/yoast-seo-wordpress\/ -->\n<title>La community dell\u2019Open Your Mountains Day continua a crescere. - Article Marketing<\/title>\n<meta name=\"robots\" content=\"index, follow, max-snippet:-1, max-image-preview:large, max-video-preview:-1\" \/>\n<link rel=\"canonical\" href=\"https:\/\/www.article-marketing.eu\/comunicati\/internet\/la-community-dellopen-your-mountains-day-continua-a-crescere\/\" \/>\n<meta property=\"og:locale\" content=\"it_IT\" \/>\n<meta property=\"og:type\" content=\"article\" \/>\n<meta property=\"og:title\" content=\"La community dell\u2019Open Your Mountains Day continua a crescere. - Article Marketing\" \/>\n<meta property=\"og:description\" content=\"Concluso con successo l\u2019Open Your Mountains Day del 20 settembre 2008, la community continua a vivere grazie alla piattaforma di Social Network Ning.\" \/>\n<meta property=\"og:url\" content=\"https:\/\/www.article-marketing.eu\/comunicati\/internet\/la-community-dellopen-your-mountains-day-continua-a-crescere\/\" \/>\n<meta property=\"og:site_name\" content=\"Article Marketing\" \/>\n<meta property=\"article:published_time\" content=\"2008-10-08T13:45:50+00:00\" \/>\n<meta property=\"article:modified_time\" content=\"2018-06-04T18:09:07+00:00\" \/>\n<meta name=\"author\" content=\"Redazione Comunicati Stampa\" \/>\n<meta name=\"twitter:card\" content=\"summary_large_image\" \/>\n<meta name=\"twitter:label1\" content=\"Scritto da\" \/>\n\t<meta name=\"twitter:data1\" content=\"Redazione Comunicati Stampa\" \/>\n\t<meta name=\"twitter:label2\" content=\"Tempo di lettura stimato\" \/>\n\t<meta name=\"twitter:data2\" content=\"2 minuti\" \/>\n<script type=\"application\/ld+json\" class=\"yoast-schema-graph\">{\"@context\":\"https:\/\/schema.org\",\"@graph\":[{\"@type\":\"Article\",\"@id\":\"https:\/\/www.article-marketing.eu\/comunicati\/internet\/la-community-dellopen-your-mountains-day-continua-a-crescere\/#article\",\"isPartOf\":{\"@id\":\"https:\/\/www.article-marketing.eu\/comunicati\/internet\/la-community-dellopen-your-mountains-day-continua-a-crescere\/\"},\"author\":{\"name\":\"Redazione Comunicati Stampa\",\"@id\":\"https:\/\/www.article-marketing.eu\/comunicati\/#\/schema\/person\/44372e4d4d0fa797b18e03ed1ace9017\"},\"headline\":\"La community dell\u2019Open Your Mountains Day continua a crescere.\",\"datePublished\":\"2008-10-08T13:45:50+00:00\",\"dateModified\":\"2018-06-04T18:09:07+00:00\",\"mainEntityOfPage\":{\"@id\":\"https:\/\/www.article-marketing.eu\/comunicati\/internet\/la-community-dellopen-your-mountains-day-continua-a-crescere\/\"},\"wordCount\":457,\"commentCount\":0,\"keywords\":[\"al contrario\",\"ambiente\",\"aosta\",\"archeologia\",\"barcamp\",\"camp\",\"condivisione\",\"creativit\u00e0\",\"cultura\",\"desertificazione\",\"digital world\",\"festival\",\"fotografi\",\"fotografia\",\"fotografie\",\"fotografo\",\"idee\",\"immagine\",\"innovazione\",\"lunch km 0\",\"macchina fotografica\",\"montagna\",\"montagne\",\"mountain\",\"open your mountains day\",\"photo\",\"photocamp\",\"scalata all'incontrario\",\"sharing pixel\",\"turismo\",\"vacanze in montagna\",\"vacanze montagna\",\"valle d'aosta\",\"www.mountainphotofestival.com\"],\"articleSection\":[\"Internet\"],\"inLanguage\":\"it-IT\",\"potentialAction\":[{\"@type\":\"CommentAction\",\"name\":\"Comment\",\"target\":[\"https:\/\/www.article-marketing.eu\/comunicati\/internet\/la-community-dellopen-your-mountains-day-continua-a-crescere\/#respond\"]}]},{\"@type\":\"WebPage\",\"@id\":\"https:\/\/www.article-marketing.eu\/comunicati\/internet\/la-community-dellopen-your-mountains-day-continua-a-crescere\/\",\"url\":\"https:\/\/www.article-marketing.eu\/comunicati\/internet\/la-community-dellopen-your-mountains-day-continua-a-crescere\/\",\"name\":\"La community dell\u2019Open Your Mountains Day continua a crescere. - Article Marketing\",\"isPartOf\":{\"@id\":\"https:\/\/www.article-marketing.eu\/comunicati\/#website\"},\"datePublished\":\"2008-10-08T13:45:50+00:00\",\"dateModified\":\"2018-06-04T18:09:07+00:00\",\"author\":{\"@id\":\"https:\/\/www.article-marketing.eu\/comunicati\/#\/schema\/person\/44372e4d4d0fa797b18e03ed1ace9017\"},\"breadcrumb\":{\"@id\":\"https:\/\/www.article-marketing.eu\/comunicati\/internet\/la-community-dellopen-your-mountains-day-continua-a-crescere\/#breadcrumb\"},\"inLanguage\":\"it-IT\",\"potentialAction\":[{\"@type\":\"ReadAction\",\"target\":[\"https:\/\/www.article-marketing.eu\/comunicati\/internet\/la-community-dellopen-your-mountains-day-continua-a-crescere\/\"]}]},{\"@type\":\"BreadcrumbList\",\"@id\":\"https:\/\/www.article-marketing.eu\/comunicati\/internet\/la-community-dellopen-your-mountains-day-continua-a-crescere\/#breadcrumb\",\"itemListElement\":[{\"@type\":\"ListItem\",\"position\":1,\"name\":\"Home\",\"item\":\"https:\/\/www.article-marketing.eu\/comunicati\/\"},{\"@type\":\"ListItem\",\"position\":2,\"name\":\"La community dell\u2019Open Your Mountains Day continua a crescere.\"}]},{\"@type\":\"WebSite\",\"@id\":\"https:\/\/www.article-marketing.eu\/comunicati\/#website\",\"url\":\"https:\/\/www.article-marketing.eu\/comunicati\/\",\"name\":\"Article Marketing\",\"description\":\"article marketing &amp; press release\",\"potentialAction\":[{\"@type\":\"SearchAction\",\"target\":{\"@type\":\"EntryPoint\",\"urlTemplate\":\"https:\/\/www.article-marketing.eu\/comunicati\/?s={search_term_string}\"},\"query-input\":{\"@type\":\"PropertyValueSpecification\",\"valueRequired\":true,\"valueName\":\"search_term_string\"}}],\"inLanguage\":\"it-IT\"},{\"@type\":\"Person\",\"@id\":\"https:\/\/www.article-marketing.eu\/comunicati\/#\/schema\/person\/44372e4d4d0fa797b18e03ed1ace9017\",\"name\":\"Redazione Comunicati Stampa\",\"image\":{\"@type\":\"ImageObject\",\"inLanguage\":\"it-IT\",\"@id\":\"https:\/\/www.article-marketing.eu\/comunicati\/#\/schema\/person\/image\/\",\"url\":\"https:\/\/secure.gravatar.com\/avatar\/50e5c6421d3072f42e7ace803501602c60d75233d34e29fd05feb91c8760b792?s=96&d=mm&r=g\",\"contentUrl\":\"https:\/\/secure.gravatar.com\/avatar\/50e5c6421d3072f42e7ace803501602c60d75233d34e29fd05feb91c8760b792?s=96&d=mm&r=g\",\"caption\":\"Redazione Comunicati Stampa\"},\"url\":\"https:\/\/www.article-marketing.eu\/comunicati\/author\/redazione-comunicati-stampa\/\"}]}<\/script>\n<!-- \/ Yoast SEO plugin. -->","yoast_head_json":{"title":"La community dell\u2019Open Your Mountains Day continua a crescere. - Article Marketing","robots":{"index":"index","follow":"follow","max-snippet":"max-snippet:-1","max-image-preview":"max-image-preview:large","max-video-preview":"max-video-preview:-1"},"canonical":"https:\/\/www.article-marketing.eu\/comunicati\/internet\/la-community-dellopen-your-mountains-day-continua-a-crescere\/","og_locale":"it_IT","og_type":"article","og_title":"La community dell\u2019Open Your Mountains Day continua a crescere. - Article Marketing","og_description":"Concluso con successo l\u2019Open Your Mountains Day del 20 settembre 2008, la community continua a vivere grazie alla piattaforma di Social Network Ning.","og_url":"https:\/\/www.article-marketing.eu\/comunicati\/internet\/la-community-dellopen-your-mountains-day-continua-a-crescere\/","og_site_name":"Article Marketing","article_published_time":"2008-10-08T13:45:50+00:00","article_modified_time":"2018-06-04T18:09:07+00:00","author":"Redazione Comunicati Stampa","twitter_card":"summary_large_image","twitter_misc":{"Scritto da":"Redazione Comunicati Stampa","Tempo di lettura stimato":"2 minuti"},"schema":{"@context":"https:\/\/schema.org","@graph":[{"@type":"Article","@id":"https:\/\/www.article-marketing.eu\/comunicati\/internet\/la-community-dellopen-your-mountains-day-continua-a-crescere\/#article","isPartOf":{"@id":"https:\/\/www.article-marketing.eu\/comunicati\/internet\/la-community-dellopen-your-mountains-day-continua-a-crescere\/"},"author":{"name":"Redazione Comunicati Stampa","@id":"https:\/\/www.article-marketing.eu\/comunicati\/#\/schema\/person\/44372e4d4d0fa797b18e03ed1ace9017"},"headline":"La community dell\u2019Open Your Mountains Day continua a crescere.","datePublished":"2008-10-08T13:45:50+00:00","dateModified":"2018-06-04T18:09:07+00:00","mainEntityOfPage":{"@id":"https:\/\/www.article-marketing.eu\/comunicati\/internet\/la-community-dellopen-your-mountains-day-continua-a-crescere\/"},"wordCount":457,"commentCount":0,"keywords":["al contrario","ambiente","aosta","archeologia","barcamp","camp","condivisione","creativit\u00e0","cultura","desertificazione","digital world","festival","fotografi","fotografia","fotografie","fotografo","idee","immagine","innovazione","lunch km 0","macchina fotografica","montagna","montagne","mountain","open your mountains day","photo","photocamp","scalata all'incontrario","sharing pixel","turismo","vacanze in montagna","vacanze montagna","valle d'aosta","www.mountainphotofestival.com"],"articleSection":["Internet"],"inLanguage":"it-IT","potentialAction":[{"@type":"CommentAction","name":"Comment","target":["https:\/\/www.article-marketing.eu\/comunicati\/internet\/la-community-dellopen-your-mountains-day-continua-a-crescere\/#respond"]}]},{"@type":"WebPage","@id":"https:\/\/www.article-marketing.eu\/comunicati\/internet\/la-community-dellopen-your-mountains-day-continua-a-crescere\/","url":"https:\/\/www.article-marketing.eu\/comunicati\/internet\/la-community-dellopen-your-mountains-day-continua-a-crescere\/","name":"La community dell\u2019Open Your Mountains Day continua a crescere. - Article Marketing","isPartOf":{"@id":"https:\/\/www.article-marketing.eu\/comunicati\/#website"},"datePublished":"2008-10-08T13:45:50+00:00","dateModified":"2018-06-04T18:09:07+00:00","author":{"@id":"https:\/\/www.article-marketing.eu\/comunicati\/#\/schema\/person\/44372e4d4d0fa797b18e03ed1ace9017"},"breadcrumb":{"@id":"https:\/\/www.article-marketing.eu\/comunicati\/internet\/la-community-dellopen-your-mountains-day-continua-a-crescere\/#breadcrumb"},"inLanguage":"it-IT","potentialAction":[{"@type":"ReadAction","target":["https:\/\/www.article-marketing.eu\/comunicati\/internet\/la-community-dellopen-your-mountains-day-continua-a-crescere\/"]}]},{"@type":"BreadcrumbList","@id":"https:\/\/www.article-marketing.eu\/comunicati\/internet\/la-community-dellopen-your-mountains-day-continua-a-crescere\/#breadcrumb","itemListElement":[{"@type":"ListItem","position":1,"name":"Home","item":"https:\/\/www.article-marketing.eu\/comunicati\/"},{"@type":"ListItem","position":2,"name":"La community dell\u2019Open Your Mountains Day continua a crescere."}]},{"@type":"WebSite","@id":"https:\/\/www.article-marketing.eu\/comunicati\/#website","url":"https:\/\/www.article-marketing.eu\/comunicati\/","name":"Article Marketing","description":"article marketing &amp; press release","potentialAction":[{"@type":"SearchAction","target":{"@type":"EntryPoint","urlTemplate":"https:\/\/www.article-marketing.eu\/comunicati\/?s={search_term_string}"},"query-input":{"@type":"PropertyValueSpecification","valueRequired":true,"valueName":"search_term_string"}}],"inLanguage":"it-IT"},{"@type":"Person","@id":"https:\/\/www.article-marketing.eu\/comunicati\/#\/schema\/person\/44372e4d4d0fa797b18e03ed1ace9017","name":"Redazione Comunicati Stampa","image":{"@type":"ImageObject","inLanguage":"it-IT","@id":"https:\/\/www.article-marketing.eu\/comunicati\/#\/schema\/person\/image\/","url":"https:\/\/secure.gravatar.com\/avatar\/50e5c6421d3072f42e7ace803501602c60d75233d34e29fd05feb91c8760b792?s=96&d=mm&r=g","contentUrl":"https:\/\/secure.gravatar.com\/avatar\/50e5c6421d3072f42e7ace803501602c60d75233d34e29fd05feb91c8760b792?s=96&d=mm&r=g","caption":"Redazione Comunicati Stampa"},"url":"https:\/\/www.article-marketing.eu\/comunicati\/author\/redazione-comunicati-stampa\/"}]}},"_links":{"self":[{"href":"https:\/\/www.article-marketing.eu\/comunicati\/wp-json\/wp\/v2\/posts\/722","targetHints":{"allow":["GET"]}}],"collection":[{"href":"https:\/\/www.article-marketing.eu\/comunicati\/wp-json\/wp\/v2\/posts"}],"about":[{"href":"https:\/\/www.article-marketing.eu\/comunicati\/wp-json\/wp\/v2\/types\/post"}],"author":[{"embeddable":true,"href":"https:\/\/www.article-marketing.eu\/comunicati\/wp-json\/wp\/v2\/users\/10"}],"replies":[{"embeddable":true,"href":"https:\/\/www.article-marketing.eu\/comunicati\/wp-json\/wp\/v2\/comments?post=722"}],"version-history":[{"count":1,"href":"https:\/\/www.article-marketing.eu\/comunicati\/wp-json\/wp\/v2\/posts\/722\/revisions"}],"predecessor-version":[{"id":55152,"href":"https:\/\/www.article-marketing.eu\/comunicati\/wp-json\/wp\/v2\/posts\/722\/revisions\/55152"}],"wp:attachment":[{"href":"https:\/\/www.article-marketing.eu\/comunicati\/wp-json\/wp\/v2\/media?parent=722"}],"wp:term":[{"taxonomy":"category","embeddable":true,"href":"https:\/\/www.article-marketing.eu\/comunicati\/wp-json\/wp\/v2\/categories?post=722"},{"taxonomy":"post_tag","embeddable":true,"href":"https:\/\/www.article-marketing.eu\/comunicati\/wp-json\/wp\/v2\/tags?post=722"}],"curies":[{"name":"wp","href":"https:\/\/api.w.org\/{rel}","templated":true}]}}