{"id":7233,"date":"2010-09-11T21:37:49","date_gmt":"2010-09-11T19:37:49","guid":{"rendered":"http:\/\/www.article-marketing.eu\/comunicati\/senza-categoria\/roberto-cicchin%c3%a8-pi%c3%b9menoinfinito-a-cura-di-simonetta-angelini\/"},"modified":"2010-09-11T21:37:49","modified_gmt":"2010-09-11T19:37:49","slug":"roberto-cicchin%c3%a8-pi%c3%b9menoinfinito-a-cura-di-simonetta-angelini","status":"publish","type":"post","link":"https:\/\/www.article-marketing.eu\/comunicati\/arte-e-cultura\/roberto-cicchin%c3%a8-pi%c3%b9menoinfinito-a-cura-di-simonetta-angelini\/","title":{"rendered":"Roberto Cicchin\u00e8 &#8211; pi\u00f9menoinfinito a cura di Simonetta Angelini"},"content":{"rendered":"<p>La Galleria Marconi di Cupra Marittima riprende la propria attivit&agrave; espositiva, domenica 19 settembre alle 18.00, infatti si inaugura pi&ugrave;menoinfinito, personale di Roberto Cicchin&egrave; che apre la rassegna Troppo (la Galleria Marconi esagera). La mostra, a cura ci Simonetta Angelini, autrice anche del testo critico, &egrave; anche l&rsquo;occasione per presentare e inaugurare gli spazi rinnovati della Galleria.<\/p>\n<p>&ldquo;La microstoria, ci&ograve; che resta sospeso nella memoria, diviene segno minimale. Si d&agrave; per sottrazioni, per tracce, per mancanze, per minuti oggetti significanti circonfusi, dai contorni evanescenti come i ricordi<br \/>Il percorso di senso &egrave; pendolare, tra appartenenza e distanza, tra sospensione e trascorrere, tra intimit&agrave; e condivisione.<br \/>Il linguaggio fotografico diviene quasi iconico, sintetico, &egrave; &ldquo;indeterminato come solo l&rsquo;esattezza sa essere&rdquo;, procede con nettezza quasi matematica.<\/p>\n<p>Il lavoro artistico sa declinarsi come opera aperta, partecipata, segno di un processo di condivisione tra l&rsquo;artista, il suo mezzo espressivo, il curatore, il pubblico. Diviene un ipertesto, una mappa di navigazione, approdo e partenza per l&rsquo;attivazione del pensiero, con un moto da navigatori della rete.<br \/>L&rsquo;arte contemporanea e la rete sembrano somigliarsi: diffuse, plurali, interattive, ibride, polimorfe e polisemantiche, connettive. Il lavoro dell&rsquo;artista sar&agrave; presentato come un&rsquo; interfaccia.<br \/>Le nuove tecnologie e la visibilit&agrave; moltiplicata divengono instrumentum di condivisione relazione, di slittamento sensoriale, di una riconversione del senso, di dislocamento e trasversalit&agrave;, di accessibilit&agrave; del lavoro artistico ovunque e in ogni momento, di dilatazione dei significati, di contatto.<br \/>La partecipazione al processo creativo, i feedback reciproci tra l&rsquo;artista e pubblico diventano possibili attraverso una critica partecipata, in cui il curatore condivide una relazione e si fa ermeneuta, &ldquo;colui che porta fuori&rdquo;.<br \/>Il pensiero critico appartiene a tutti, &egrave; al plurale, non viene imposto; diviene un punto di vista possibile, da verificare, da discutere. Attraverso le parole e le cose, il pubblico ha la possibilit&agrave; di attivare il pensiero e lasciare tracce &ldquo;estetiche&rdquo;.<br \/>Il testo critico si avvarr&agrave; dell&rsquo;inserimento nel corpo dell&rsquo;intervento stesso di link a immagini, video, musiche, brani di film e fonti eterogenee, nel suggerire rimandi e suggestioni, approcci quasi sinestetici all&rsquo;esperienza artistica, nell&rsquo;apertura di nuovi percorsi partecipati, diffusi, plurali, circolari.<br \/>Il processo estetico &egrave; multimediale, multiplo; un viaggio da icononauti, da spettattori, attivatore di relazioni e pensiero, ibrido, di prelievo, di produzione collettiva di senso. Contro ogni unilateralit&agrave;&rdquo;.<br \/>(Simonetta Angelini)<br \/><img loading=\"lazy\" decoding=\"async\" src=\"http:\/\/3.bp.blogspot.com\/_oXqltlncso8\/TIqzoPxWdgI\/AAAAAAAAAPk\/gUXhwkLyGnA\/s1600\/roberto+cicchin%C3%A8.jpg\" border=\"0\" width=\"640\" height=\"427\" \/><br \/>Una nuova rassegna per il sedicesimo anno di attivit&agrave;, in una Galleria Marconi rinnovata nella forma ma fortemente radicata nella sostanza del proprio percorso di ricerca, gi&agrave; questo sembrerebbe Troppo. Ma non ci pu&ograve; bastare. La speranza &egrave; lavorare ancora con la coerenza, la testardaggine e la voglia di crescere, restando sempre al passo con i tempi, cogliendo idee e mutamenti della nostra epoca, e anche questo sembrerebbe Troppo. Non c&rsquo;&egrave; arroganza, n&eacute; immodestia, ma la rassegna 2010\/2011 si intitola proprio Troppo (la Galleria Marconi esagera), perch&eacute; in un mondo dove la crisi &egrave; presente e tocca purtroppo la vita di milioni di persone, dove tutti noi siamo sottoposti a tagli e a restrizioni dei diritti fondamentali, abbiamo avvertito il desiderio di debordare, non solo fisicamente.<\/p>\n<p>scheda tecnica\/technical card<\/p>\n<p>curatore\/curator by Simonetta Angelini<br \/>testo critico\/art critic by Simonetta Angelini<\/p>\n<p>ufficio stampa\/ press agent Dario Ciferri<br \/>traduzione di\/translation by Patrizia Isidori<\/p>\n<p>relazioni esterne e promozione delle attivit&agrave;\/ external relationship and promotion of activities Stefania Palanca<br \/>fotografia\/photography Marco Biancucci&copy;<br \/>riprese video\/video shooting Stefano Abbadini<br \/>allestimenti\/preparation Marco Croci<br \/>progetto grafico\/graphic project maicol e mirco<br \/>webmaster www.siscom.it<\/p>\n<p>dal 19 settembre al 17 ottobre<br \/>from 19th september to 17th October<br \/>orario: luned&igrave;-sabato dalle 16 alle 20<br \/>opening time: Mon-Sat 4 to 8 p.m.<\/p>\n<p>Galleria Marconi di Franco Marconi<br \/>C.so Vittorio Emanuele, 70<br \/>63012 Cupra Marittima (AP)<br \/>tel 0735778703<br \/>e-mail galleriamarconi@vodafone.it<br \/>web http:\/\/www.siscom.it\/marconi<\/p>\n","protected":false},"excerpt":{"rendered":"<p>a Galleria Marconi di Cupra Marittima riprende la propria attivit\u00e0 espositiva, domenica 19 settembre alle 18.00, infatti si inaugura pi\u00f9menoinfinito, personale di Roberto Cicchin\u00e8 che apre la rassegna Troppo (la Galleria Marconi esagera). L<\/p>\n","protected":false},"author":10,"featured_media":0,"comment_status":"open","ping_status":"open","sticky":false,"template":"","format":"standard","meta":{"cybocfi_hide_featured_image":"","footnotes":""},"categories":[27],"tags":[171,1237,1028,1000],"class_list":["post-7233","post","type-post","status-publish","format-standard","hentry","category-arte-e-cultura","tag-arte","tag-cupra-marittima","tag-galleria-marconi","tag-mostra"],"yoast_head":"<!-- This site is optimized with the Yoast SEO plugin v27.0 - https:\/\/yoast.com\/product\/yoast-seo-wordpress\/ -->\n<title>Roberto Cicchin\u00e8 - pi\u00f9menoinfinito a cura di Simonetta Angelini - Article Marketing<\/title>\n<meta name=\"robots\" content=\"index, follow, max-snippet:-1, max-image-preview:large, max-video-preview:-1\" \/>\n<link rel=\"canonical\" href=\"https:\/\/www.article-marketing.eu\/comunicati\/arte-e-cultura\/roberto-cicchin\u00e8-pi\u00f9menoinfinito-a-cura-di-simonetta-angelini\/\" \/>\n<meta property=\"og:locale\" content=\"it_IT\" \/>\n<meta property=\"og:type\" content=\"article\" \/>\n<meta property=\"og:title\" content=\"Roberto Cicchin\u00e8 - pi\u00f9menoinfinito a cura di Simonetta Angelini - Article Marketing\" \/>\n<meta property=\"og:description\" content=\"a Galleria Marconi di Cupra Marittima riprende la propria attivit\u00e0 espositiva, domenica 19 settembre alle 18.00, infatti si inaugura pi\u00f9menoinfinito, personale di Roberto Cicchin\u00e8 che apre la rassegna Troppo (la Galleria Marconi esagera). L\" \/>\n<meta property=\"og:url\" content=\"https:\/\/www.article-marketing.eu\/comunicati\/arte-e-cultura\/roberto-cicchin\u00e8-pi\u00f9menoinfinito-a-cura-di-simonetta-angelini\/\" \/>\n<meta property=\"og:site_name\" content=\"Article Marketing\" \/>\n<meta property=\"article:published_time\" content=\"2010-09-11T19:37:49+00:00\" \/>\n<meta property=\"og:image\" content=\"http:\/\/3.bp.blogspot.com\/_oXqltlncso8\/TIqzoPxWdgI\/AAAAAAAAAPk\/gUXhwkLyGnA\/s1600\/roberto+cicchin%C3%A8.jpg\" \/>\n<meta name=\"author\" content=\"Redazione Comunicati Stampa\" \/>\n<meta name=\"twitter:card\" content=\"summary_large_image\" \/>\n<meta name=\"twitter:label1\" content=\"Scritto da\" \/>\n\t<meta name=\"twitter:data1\" content=\"Redazione Comunicati Stampa\" \/>\n\t<meta name=\"twitter:label2\" content=\"Tempo di lettura stimato\" \/>\n\t<meta name=\"twitter:data2\" content=\"3 minuti\" \/>\n<script type=\"application\/ld+json\" class=\"yoast-schema-graph\">{\"@context\":\"https:\/\/schema.org\",\"@graph\":[{\"@type\":\"Article\",\"@id\":\"https:\/\/www.article-marketing.eu\/comunicati\/arte-e-cultura\/roberto-cicchin%c3%a8-pi%c3%b9menoinfinito-a-cura-di-simonetta-angelini\/#article\",\"isPartOf\":{\"@id\":\"https:\/\/www.article-marketing.eu\/comunicati\/arte-e-cultura\/roberto-cicchin%c3%a8-pi%c3%b9menoinfinito-a-cura-di-simonetta-angelini\/\"},\"author\":{\"name\":\"Redazione Comunicati Stampa\",\"@id\":\"https:\/\/www.article-marketing.eu\/comunicati\/#\/schema\/person\/44372e4d4d0fa797b18e03ed1ace9017\"},\"headline\":\"Roberto Cicchin\u00e8 &#8211; pi\u00f9menoinfinito a cura di Simonetta Angelini\",\"datePublished\":\"2010-09-11T19:37:49+00:00\",\"mainEntityOfPage\":{\"@id\":\"https:\/\/www.article-marketing.eu\/comunicati\/arte-e-cultura\/roberto-cicchin%c3%a8-pi%c3%b9menoinfinito-a-cura-di-simonetta-angelini\/\"},\"wordCount\":665,\"commentCount\":0,\"image\":{\"@id\":\"https:\/\/www.article-marketing.eu\/comunicati\/arte-e-cultura\/roberto-cicchin%c3%a8-pi%c3%b9menoinfinito-a-cura-di-simonetta-angelini\/#primaryimage\"},\"thumbnailUrl\":\"http:\/\/3.bp.blogspot.com\/_oXqltlncso8\/TIqzoPxWdgI\/AAAAAAAAAPk\/gUXhwkLyGnA\/s1600\/roberto+cicchin%C3%A8.jpg\",\"keywords\":[\"arte\",\"cupra marittima\",\"galleria marconi\",\"Mostra\"],\"articleSection\":[\"Arte e cultura\"],\"inLanguage\":\"it-IT\",\"potentialAction\":[{\"@type\":\"CommentAction\",\"name\":\"Comment\",\"target\":[\"https:\/\/www.article-marketing.eu\/comunicati\/arte-e-cultura\/roberto-cicchin%c3%a8-pi%c3%b9menoinfinito-a-cura-di-simonetta-angelini\/#respond\"]}]},{\"@type\":\"WebPage\",\"@id\":\"https:\/\/www.article-marketing.eu\/comunicati\/arte-e-cultura\/roberto-cicchin%c3%a8-pi%c3%b9menoinfinito-a-cura-di-simonetta-angelini\/\",\"url\":\"https:\/\/www.article-marketing.eu\/comunicati\/arte-e-cultura\/roberto-cicchin%c3%a8-pi%c3%b9menoinfinito-a-cura-di-simonetta-angelini\/\",\"name\":\"Roberto Cicchin\u00e8 - pi\u00f9menoinfinito a cura di Simonetta Angelini - Article Marketing\",\"isPartOf\":{\"@id\":\"https:\/\/www.article-marketing.eu\/comunicati\/#website\"},\"primaryImageOfPage\":{\"@id\":\"https:\/\/www.article-marketing.eu\/comunicati\/arte-e-cultura\/roberto-cicchin%c3%a8-pi%c3%b9menoinfinito-a-cura-di-simonetta-angelini\/#primaryimage\"},\"image\":{\"@id\":\"https:\/\/www.article-marketing.eu\/comunicati\/arte-e-cultura\/roberto-cicchin%c3%a8-pi%c3%b9menoinfinito-a-cura-di-simonetta-angelini\/#primaryimage\"},\"thumbnailUrl\":\"http:\/\/3.bp.blogspot.com\/_oXqltlncso8\/TIqzoPxWdgI\/AAAAAAAAAPk\/gUXhwkLyGnA\/s1600\/roberto+cicchin%C3%A8.jpg\",\"datePublished\":\"2010-09-11T19:37:49+00:00\",\"author\":{\"@id\":\"https:\/\/www.article-marketing.eu\/comunicati\/#\/schema\/person\/44372e4d4d0fa797b18e03ed1ace9017\"},\"breadcrumb\":{\"@id\":\"https:\/\/www.article-marketing.eu\/comunicati\/arte-e-cultura\/roberto-cicchin%c3%a8-pi%c3%b9menoinfinito-a-cura-di-simonetta-angelini\/#breadcrumb\"},\"inLanguage\":\"it-IT\",\"potentialAction\":[{\"@type\":\"ReadAction\",\"target\":[\"https:\/\/www.article-marketing.eu\/comunicati\/arte-e-cultura\/roberto-cicchin%c3%a8-pi%c3%b9menoinfinito-a-cura-di-simonetta-angelini\/\"]}]},{\"@type\":\"ImageObject\",\"inLanguage\":\"it-IT\",\"@id\":\"https:\/\/www.article-marketing.eu\/comunicati\/arte-e-cultura\/roberto-cicchin%c3%a8-pi%c3%b9menoinfinito-a-cura-di-simonetta-angelini\/#primaryimage\",\"url\":\"http:\/\/3.bp.blogspot.com\/_oXqltlncso8\/TIqzoPxWdgI\/AAAAAAAAAPk\/gUXhwkLyGnA\/s1600\/roberto+cicchin%C3%A8.jpg\",\"contentUrl\":\"http:\/\/3.bp.blogspot.com\/_oXqltlncso8\/TIqzoPxWdgI\/AAAAAAAAAPk\/gUXhwkLyGnA\/s1600\/roberto+cicchin%C3%A8.jpg\"},{\"@type\":\"BreadcrumbList\",\"@id\":\"https:\/\/www.article-marketing.eu\/comunicati\/arte-e-cultura\/roberto-cicchin%c3%a8-pi%c3%b9menoinfinito-a-cura-di-simonetta-angelini\/#breadcrumb\",\"itemListElement\":[{\"@type\":\"ListItem\",\"position\":1,\"name\":\"Home\",\"item\":\"https:\/\/www.article-marketing.eu\/comunicati\/\"},{\"@type\":\"ListItem\",\"position\":2,\"name\":\"Roberto Cicchin\u00e8 &#8211; pi\u00f9menoinfinito a cura di Simonetta Angelini\"}]},{\"@type\":\"WebSite\",\"@id\":\"https:\/\/www.article-marketing.eu\/comunicati\/#website\",\"url\":\"https:\/\/www.article-marketing.eu\/comunicati\/\",\"name\":\"Article Marketing\",\"description\":\"article marketing &amp; press release\",\"potentialAction\":[{\"@type\":\"SearchAction\",\"target\":{\"@type\":\"EntryPoint\",\"urlTemplate\":\"https:\/\/www.article-marketing.eu\/comunicati\/?s={search_term_string}\"},\"query-input\":{\"@type\":\"PropertyValueSpecification\",\"valueRequired\":true,\"valueName\":\"search_term_string\"}}],\"inLanguage\":\"it-IT\"},{\"@type\":\"Person\",\"@id\":\"https:\/\/www.article-marketing.eu\/comunicati\/#\/schema\/person\/44372e4d4d0fa797b18e03ed1ace9017\",\"name\":\"Redazione Comunicati Stampa\",\"image\":{\"@type\":\"ImageObject\",\"inLanguage\":\"it-IT\",\"@id\":\"https:\/\/www.article-marketing.eu\/comunicati\/#\/schema\/person\/image\/\",\"url\":\"https:\/\/secure.gravatar.com\/avatar\/50e5c6421d3072f42e7ace803501602c60d75233d34e29fd05feb91c8760b792?s=96&d=mm&r=g\",\"contentUrl\":\"https:\/\/secure.gravatar.com\/avatar\/50e5c6421d3072f42e7ace803501602c60d75233d34e29fd05feb91c8760b792?s=96&d=mm&r=g\",\"caption\":\"Redazione Comunicati Stampa\"},\"url\":\"https:\/\/www.article-marketing.eu\/comunicati\/author\/redazione-comunicati-stampa\/\"}]}<\/script>\n<!-- \/ Yoast SEO plugin. -->","yoast_head_json":{"title":"Roberto Cicchin\u00e8 - pi\u00f9menoinfinito a cura di Simonetta Angelini - Article Marketing","robots":{"index":"index","follow":"follow","max-snippet":"max-snippet:-1","max-image-preview":"max-image-preview:large","max-video-preview":"max-video-preview:-1"},"canonical":"https:\/\/www.article-marketing.eu\/comunicati\/arte-e-cultura\/roberto-cicchin\u00e8-pi\u00f9menoinfinito-a-cura-di-simonetta-angelini\/","og_locale":"it_IT","og_type":"article","og_title":"Roberto Cicchin\u00e8 - pi\u00f9menoinfinito a cura di Simonetta Angelini - Article Marketing","og_description":"a Galleria Marconi di Cupra Marittima riprende la propria attivit\u00e0 espositiva, domenica 19 settembre alle 18.00, infatti si inaugura pi\u00f9menoinfinito, personale di Roberto Cicchin\u00e8 che apre la rassegna Troppo (la Galleria Marconi esagera). L","og_url":"https:\/\/www.article-marketing.eu\/comunicati\/arte-e-cultura\/roberto-cicchin\u00e8-pi\u00f9menoinfinito-a-cura-di-simonetta-angelini\/","og_site_name":"Article Marketing","article_published_time":"2010-09-11T19:37:49+00:00","og_image":[{"url":"http:\/\/3.bp.blogspot.com\/_oXqltlncso8\/TIqzoPxWdgI\/AAAAAAAAAPk\/gUXhwkLyGnA\/s1600\/roberto+cicchin%C3%A8.jpg","type":"","width":"","height":""}],"author":"Redazione Comunicati Stampa","twitter_card":"summary_large_image","twitter_misc":{"Scritto da":"Redazione Comunicati Stampa","Tempo di lettura stimato":"3 minuti"},"schema":{"@context":"https:\/\/schema.org","@graph":[{"@type":"Article","@id":"https:\/\/www.article-marketing.eu\/comunicati\/arte-e-cultura\/roberto-cicchin%c3%a8-pi%c3%b9menoinfinito-a-cura-di-simonetta-angelini\/#article","isPartOf":{"@id":"https:\/\/www.article-marketing.eu\/comunicati\/arte-e-cultura\/roberto-cicchin%c3%a8-pi%c3%b9menoinfinito-a-cura-di-simonetta-angelini\/"},"author":{"name":"Redazione Comunicati Stampa","@id":"https:\/\/www.article-marketing.eu\/comunicati\/#\/schema\/person\/44372e4d4d0fa797b18e03ed1ace9017"},"headline":"Roberto Cicchin\u00e8 &#8211; pi\u00f9menoinfinito a cura di Simonetta Angelini","datePublished":"2010-09-11T19:37:49+00:00","mainEntityOfPage":{"@id":"https:\/\/www.article-marketing.eu\/comunicati\/arte-e-cultura\/roberto-cicchin%c3%a8-pi%c3%b9menoinfinito-a-cura-di-simonetta-angelini\/"},"wordCount":665,"commentCount":0,"image":{"@id":"https:\/\/www.article-marketing.eu\/comunicati\/arte-e-cultura\/roberto-cicchin%c3%a8-pi%c3%b9menoinfinito-a-cura-di-simonetta-angelini\/#primaryimage"},"thumbnailUrl":"http:\/\/3.bp.blogspot.com\/_oXqltlncso8\/TIqzoPxWdgI\/AAAAAAAAAPk\/gUXhwkLyGnA\/s1600\/roberto+cicchin%C3%A8.jpg","keywords":["arte","cupra marittima","galleria marconi","Mostra"],"articleSection":["Arte e cultura"],"inLanguage":"it-IT","potentialAction":[{"@type":"CommentAction","name":"Comment","target":["https:\/\/www.article-marketing.eu\/comunicati\/arte-e-cultura\/roberto-cicchin%c3%a8-pi%c3%b9menoinfinito-a-cura-di-simonetta-angelini\/#respond"]}]},{"@type":"WebPage","@id":"https:\/\/www.article-marketing.eu\/comunicati\/arte-e-cultura\/roberto-cicchin%c3%a8-pi%c3%b9menoinfinito-a-cura-di-simonetta-angelini\/","url":"https:\/\/www.article-marketing.eu\/comunicati\/arte-e-cultura\/roberto-cicchin%c3%a8-pi%c3%b9menoinfinito-a-cura-di-simonetta-angelini\/","name":"Roberto Cicchin\u00e8 - pi\u00f9menoinfinito a cura di Simonetta Angelini - Article Marketing","isPartOf":{"@id":"https:\/\/www.article-marketing.eu\/comunicati\/#website"},"primaryImageOfPage":{"@id":"https:\/\/www.article-marketing.eu\/comunicati\/arte-e-cultura\/roberto-cicchin%c3%a8-pi%c3%b9menoinfinito-a-cura-di-simonetta-angelini\/#primaryimage"},"image":{"@id":"https:\/\/www.article-marketing.eu\/comunicati\/arte-e-cultura\/roberto-cicchin%c3%a8-pi%c3%b9menoinfinito-a-cura-di-simonetta-angelini\/#primaryimage"},"thumbnailUrl":"http:\/\/3.bp.blogspot.com\/_oXqltlncso8\/TIqzoPxWdgI\/AAAAAAAAAPk\/gUXhwkLyGnA\/s1600\/roberto+cicchin%C3%A8.jpg","datePublished":"2010-09-11T19:37:49+00:00","author":{"@id":"https:\/\/www.article-marketing.eu\/comunicati\/#\/schema\/person\/44372e4d4d0fa797b18e03ed1ace9017"},"breadcrumb":{"@id":"https:\/\/www.article-marketing.eu\/comunicati\/arte-e-cultura\/roberto-cicchin%c3%a8-pi%c3%b9menoinfinito-a-cura-di-simonetta-angelini\/#breadcrumb"},"inLanguage":"it-IT","potentialAction":[{"@type":"ReadAction","target":["https:\/\/www.article-marketing.eu\/comunicati\/arte-e-cultura\/roberto-cicchin%c3%a8-pi%c3%b9menoinfinito-a-cura-di-simonetta-angelini\/"]}]},{"@type":"ImageObject","inLanguage":"it-IT","@id":"https:\/\/www.article-marketing.eu\/comunicati\/arte-e-cultura\/roberto-cicchin%c3%a8-pi%c3%b9menoinfinito-a-cura-di-simonetta-angelini\/#primaryimage","url":"http:\/\/3.bp.blogspot.com\/_oXqltlncso8\/TIqzoPxWdgI\/AAAAAAAAAPk\/gUXhwkLyGnA\/s1600\/roberto+cicchin%C3%A8.jpg","contentUrl":"http:\/\/3.bp.blogspot.com\/_oXqltlncso8\/TIqzoPxWdgI\/AAAAAAAAAPk\/gUXhwkLyGnA\/s1600\/roberto+cicchin%C3%A8.jpg"},{"@type":"BreadcrumbList","@id":"https:\/\/www.article-marketing.eu\/comunicati\/arte-e-cultura\/roberto-cicchin%c3%a8-pi%c3%b9menoinfinito-a-cura-di-simonetta-angelini\/#breadcrumb","itemListElement":[{"@type":"ListItem","position":1,"name":"Home","item":"https:\/\/www.article-marketing.eu\/comunicati\/"},{"@type":"ListItem","position":2,"name":"Roberto Cicchin\u00e8 &#8211; pi\u00f9menoinfinito a cura di Simonetta Angelini"}]},{"@type":"WebSite","@id":"https:\/\/www.article-marketing.eu\/comunicati\/#website","url":"https:\/\/www.article-marketing.eu\/comunicati\/","name":"Article Marketing","description":"article marketing &amp; press release","potentialAction":[{"@type":"SearchAction","target":{"@type":"EntryPoint","urlTemplate":"https:\/\/www.article-marketing.eu\/comunicati\/?s={search_term_string}"},"query-input":{"@type":"PropertyValueSpecification","valueRequired":true,"valueName":"search_term_string"}}],"inLanguage":"it-IT"},{"@type":"Person","@id":"https:\/\/www.article-marketing.eu\/comunicati\/#\/schema\/person\/44372e4d4d0fa797b18e03ed1ace9017","name":"Redazione Comunicati Stampa","image":{"@type":"ImageObject","inLanguage":"it-IT","@id":"https:\/\/www.article-marketing.eu\/comunicati\/#\/schema\/person\/image\/","url":"https:\/\/secure.gravatar.com\/avatar\/50e5c6421d3072f42e7ace803501602c60d75233d34e29fd05feb91c8760b792?s=96&d=mm&r=g","contentUrl":"https:\/\/secure.gravatar.com\/avatar\/50e5c6421d3072f42e7ace803501602c60d75233d34e29fd05feb91c8760b792?s=96&d=mm&r=g","caption":"Redazione Comunicati Stampa"},"url":"https:\/\/www.article-marketing.eu\/comunicati\/author\/redazione-comunicati-stampa\/"}]}},"_links":{"self":[{"href":"https:\/\/www.article-marketing.eu\/comunicati\/wp-json\/wp\/v2\/posts\/7233","targetHints":{"allow":["GET"]}}],"collection":[{"href":"https:\/\/www.article-marketing.eu\/comunicati\/wp-json\/wp\/v2\/posts"}],"about":[{"href":"https:\/\/www.article-marketing.eu\/comunicati\/wp-json\/wp\/v2\/types\/post"}],"author":[{"embeddable":true,"href":"https:\/\/www.article-marketing.eu\/comunicati\/wp-json\/wp\/v2\/users\/10"}],"replies":[{"embeddable":true,"href":"https:\/\/www.article-marketing.eu\/comunicati\/wp-json\/wp\/v2\/comments?post=7233"}],"version-history":[{"count":0,"href":"https:\/\/www.article-marketing.eu\/comunicati\/wp-json\/wp\/v2\/posts\/7233\/revisions"}],"wp:attachment":[{"href":"https:\/\/www.article-marketing.eu\/comunicati\/wp-json\/wp\/v2\/media?parent=7233"}],"wp:term":[{"taxonomy":"category","embeddable":true,"href":"https:\/\/www.article-marketing.eu\/comunicati\/wp-json\/wp\/v2\/categories?post=7233"},{"taxonomy":"post_tag","embeddable":true,"href":"https:\/\/www.article-marketing.eu\/comunicati\/wp-json\/wp\/v2\/tags?post=7233"}],"curies":[{"name":"wp","href":"https:\/\/api.w.org\/{rel}","templated":true}]}}